{"id":1716,"date":"2014-08-28T16:43:55","date_gmt":"2014-08-28T16:43:55","guid":{"rendered":"http:\/\/www.biancoscuro.it\/site\/?p=1716"},"modified":"2014-08-28T17:08:29","modified_gmt":"2014-08-28T17:08:29","slug":"19a-art-innsbruck-piccola-esclusiva-differente","status":"publish","type":"post","link":"https:\/\/www.biancoscuro.it\/site\/19a-art-innsbruck-piccola-esclusiva-differente\/","title":{"rendered":"19\u00aa ART Innsbruck &#8211; piccola, esclusiva, differente"},"content":{"rendered":"<span class=\"span-reading-time rt-reading-time\" style=\"display: block;\"><span class=\"rt-label rt-prefix\">\u23f0 lettura <\/span> <span class=\"rt-time\"> 4<\/span> <span class=\"rt-label rt-postfix\">min. <br><br><\/span><\/span><h3>In quasi 20 anni di vita, <b>ART Innsbruck<\/b> \u00e8 diventata un nome ambito e rinomato nel calendario fieristico d\u2019arte internazionale.<\/h3>\n<p>Dal 20 al 23 febbraio 2015, nel cuore delle Alpi, si terr\u00e0 la 19\u00aa edizione della fiera d\u2019arte internazionale.<\/p>\n<figure id=\"attachment_1718\" aria-describedby=\"caption-attachment-1718\" style=\"width: 537px\" class=\"wp-caption alignnone\"><img loading=\"lazy\" decoding=\"async\" class=\" wp-image-1718\" src=\"http:\/\/www.biancoscuro.it\/site\/wp-content\/uploads\/2014\/08\/inns.jpg\" alt=\"External view of ART Innsbruck, contemporary Art Fair\" width=\"537\" height=\"261\" srcset=\"https:\/\/www.biancoscuro.it\/site\/wp-content\/uploads\/2014\/08\/inns.jpg 1026w, https:\/\/www.biancoscuro.it\/site\/wp-content\/uploads\/2014\/08\/inns-300x145.jpg 300w, https:\/\/www.biancoscuro.it\/site\/wp-content\/uploads\/2014\/08\/inns-1024x497.jpg 1024w, https:\/\/www.biancoscuro.it\/site\/wp-content\/uploads\/2014\/08\/inns-600x291.jpg 600w\" sizes=\"auto, (max-width: 537px) 100vw, 537px\" \/><figcaption id=\"caption-attachment-1718\" class=\"wp-caption-text\">External view of ART Innsbruck, contemporary Art Fair<\/figcaption><\/figure>\n<p>Certamente <b>ART Innsbruck<\/b> trae vantaggio dal fatto che<!--more--> la citt\u00e0 sia una destinazione turistica apprezzata a livello internazionale, sostiene Johanna Penz, fondatrice e direttrice di <b>ART Innsbruck<\/b>. Per lei, nonostante il profondo impegno quasi ventennale alla guida di questo progetto fieristico, il tempo \u00e8 trascorso senza lasciare traccia. Tuttavia, l\u2019ambiziosa organizzatrice della fiera \u00e8 conosciuta presso gli espositori e i partner d\u2019affari per il fatto di essere dedita ad <b>ART Innsbruck<\/b> praticamente a tempo pieno. In caso contrario, non sarebbe possibile guidare un progetto di tali dimensioni in modo redditizio dal punto di vista economico. Da sempre l\u2019elemento redditivit\u00e0 ricopre una fondamentale importanza per Johanna Penz, che non solo per la sua formazione ha una grande affinit\u00e0 con numeri e cifre.<\/p>\n<p>\u201c<i>Abbiamo lavorato sin dall\u2019inizio senza sponsorizzazioni o sovvenzioni, ci\u00f2 ha contribuito a tenere i piedi per terra<\/i>\u201d, afferma Johanna Penz. \u00c8 convinta del fatto che grazie a un tale atteggiamento pragmatico sia stato possibile traghettare <b>ART Innsbruck<\/b> oltre gli anni della crisi. \u201cAltrimenti quasi certamente <b>ART Innsbruck<\/b> non esisterebbe pi\u00f9, e sarebbe un vero peccato perch\u00e9 proprio <b>ART Innsbruck <\/b>ha consentito a molti artisti eccellenti l\u2019accesso al mercato d\u2019arte internazionale. Allo stesso tempo, <b>ART Innsbruck<\/b>, nei suoi quasi venti anni di vita, ha entusiasmato e attirato l\u2019interesse di diverse nuove categorie di pubblico per l\u2019arte. Le leggendarie soir\u00e9e di <b>ART Innsbruck<\/b> ne sono un esempio lampante. Nessun altro evento all\u2019insegna dell\u2019arte della citt\u00e0 nel cuore della Alpi ha gi\u00e0 da anni un afflusso<\/p>\n<p><img loading=\"lazy\" decoding=\"async\" class=\"alignnone size-full wp-image-1717\" src=\"http:\/\/www.biancoscuro.it\/site\/wp-content\/uploads\/2014\/08\/bs.jpg\" alt=\"art magazine  biancoscuro rivista d'arte\" width=\"603\" height=\"408\" srcset=\"https:\/\/www.biancoscuro.it\/site\/wp-content\/uploads\/2014\/08\/bs.jpg 603w, https:\/\/www.biancoscuro.it\/site\/wp-content\/uploads\/2014\/08\/bs-300x202.jpg 300w, https:\/\/www.biancoscuro.it\/site\/wp-content\/uploads\/2014\/08\/bs-600x405.jpg 600w\" sizes=\"auto, (max-width: 603px) 100vw, 603px\" \/><\/p>\n<p>di visitatori di simili proporzioni. \u201c<i>Come ART Innsbruck abbiamo cominciato con l\u2019obiettivo di abbattere le barriere nei confronti dell\u2019arte e proporre un\u2019offerta per l\u2019arte moderna e contemporanea accessibile<\/i>\u201d, dichiara la Penz.<\/p>\n<p>Un obiettivo che la pioniera della fiera d\u2019arte ha centrato in pieno. \u201c<i>Prima di ART Innsbruck, la scena dei galleristi locali tendeva a isolarsi. Grazie al nostro approccio non convenzionale e grazie anche all\u2019aver portato a Innsbruck gallerie internazionali, siamo riusciti a scardinare un sistema. Chi espone a una fiera, persegue una strategia volta ad ottenere pi\u00f9 pubblico e naturalmente conquistare nuove categorie di acquirenti interessati<\/i>.\u201d<\/p>\n<p>La maggior parte degli espositori \u00e8 fedeli a Johanna Penz e ad <b>ART Innsbruck<\/b> ormai da molti anni. \u201c<i>Proprio perch\u00e9 il pacchetto completo convince: a partire dal nostro servizio personalizzato fino alla commercializzazione offensiva e appassionata. \u00c8 un fattore importante. Le persone vengono cos\u00ec volentieri a Innsbruck perch\u00e9 percepiscono la nostra passione per questo progetto. E la bellezza di Innsbruck \u00e8 ovviamente un altro plus. Molti dei miei espositori dicono: \u00abDa voi \u00e8 quasi come essere in vacanza\u00bb, nonostante siano in piedi da ore<\/i>.\u201d E allora visitatori ed espositori possono prenotare la propria \u201cvacanza\u201d per queste date: dal 20 al 23 febbraio 2015.\u00a0<b>Sar\u00e0 una pausa all\u2019insegna dell\u2019arte di alto livello!\u00a0<\/b><\/p>\n<figure id=\"attachment_1720\" aria-describedby=\"caption-attachment-1720\" style=\"width: 341px\" class=\"wp-caption alignnone\"><a title=\"Contatti\" href=\"http:\/\/www.biancoscuro.it\/site\/?page_id=15\" target=\"_blank\"><img loading=\"lazy\" decoding=\"async\" class=\"size-full wp-image-1720\" src=\"http:\/\/www.biancoscuro.it\/site\/wp-content\/uploads\/2014\/08\/vladimir.jpg\" alt=\"Valentsov Vladimir, Irises, 2013, oil on canvas, 65x76 cm. special exhibition M.Video - ART Innsbruck 2014\" width=\"341\" height=\"416\" srcset=\"https:\/\/www.biancoscuro.it\/site\/wp-content\/uploads\/2014\/08\/vladimir.jpg 341w, https:\/\/www.biancoscuro.it\/site\/wp-content\/uploads\/2014\/08\/vladimir-245x300.jpg 245w\" sizes=\"auto, (max-width: 341px) 100vw, 341px\" \/><\/a><figcaption id=\"caption-attachment-1720\" class=\"wp-caption-text\">Valentsov Vladimir, Irises, 2013,<br \/>oil on canvas, 65&#215;76 cm.<br \/>special exhibition M.Video &#8211; ART Innsbruck 2014<\/figcaption><\/figure>\n<p>Sei un Gallerista e sei interessato a partecipare? scrivi a \u00a0<strong><a style=\"color: #000000;\" href=\"mailto:info@biancoscuro.it?&amp;bcc=biancoscuro@liberementi.it&amp;subject=INFO_Artista_esposizione_fiera\" target=\"_blank\">info@biancoscuro.it<\/a><\/strong>, saremo lieti di collaborare con te o presentarti alla direzione.<\/p>\n<p>Sei un artista interessato, sia come visitatore che come espositore, contattaci subito allo 0382.1902778 oppure scrivi\u00a0<strong><a style=\"color: #000000;\" href=\"mailto:info@biancoscuro.it?&amp;bcc=biancoscuro@liberementi.it&amp;subject=INFO_Artista_esposizione_fiera\" target=\"_blank\">info@biancoscuro.it<\/a><\/strong><b>\u00a0<\/b>saremo a tua disposizione per darti la possibilit\u00e0 di essere presente. \u00a0Si raccomanda di scrivere nell\u2019oggetto: \u201c<b>ART Innsbruck 2015<\/b>\u201d<\/p>\n<p>&nbsp;<\/p>\n<p>&nbsp;<\/p>\n<p>&nbsp;<\/p>\n<h1><b>19<\/b><sup>th<\/sup><b> ART Innsbruck &#8211; <\/b><b><i>small, exclusive, diverse<\/i><\/b><\/h1>\n<p><b><i>\u00a0<\/i><\/b><\/p>\n<p><b>ART Innsbruck<\/b> has developed over the course of its 20 year history to become one of the most sought-after and renowned brands in the national art fair calendar.<\/p>\n<p><b>The 19th edition of this international art fair at the heart of the Alps will take place from 20 to 23 February 2015<\/b>.<\/p>\n<p>\u2018Her\u2019 <b>ART Innsbruck<\/b> benefits from the fact that Innsbruck is a popular international holiday and tourism destination according to Johanna Penz, the founder and Director of <b>ART Innsbruck<\/b> who does not show\u00a0 the 20 years she has run the trade fair business for even a fraction of a second. Nevertheless, the ambitious trade fair organiser is renowned among her exhibitors and business partners for being focused on <b>ART Innsbruck<\/b> almost around the clock. It would be impossible to make a project of this scale financially viable any other way. And profitability has always been an important issue to the skilled number-cruncher. \u201c<i>We have been operating without any subsidies or funding from the outset. This automatically keeps you grounded<\/i>\u201d says Penz.<\/p>\n<p>Penz is convinced that this pragmatic attitude helped her to navigate <b>ART Innsbruck<\/b> safely through the crisis years. \u201c<i>Otherwise there would be no more <\/i><b><i>ART Innsbruck<\/i><\/b>\u201d. And this would be more than just a shame because <b>ART Innsbruck<\/b> has provided numerous exceptional artists in the region with a stepping stone to the international art market. At the same time, <b>ART Innsbruck<\/b> has motivated and won over lots of new audiences to its artwork over its 20 year history. The now legendary <b>ART Innsbruck<\/b> soir\u00e9es are a shining example of this. And the largest art event in the Alpine city has experienced a real flood of visitors over the last few years. \u201c<i>At <\/i><b><i>ART Innsbruck<\/i><\/b><i>, we have stepped up our efforts to break down the barriers in art and provide art lovers in the region with easy access to modern and contemporary art<\/i>\u201d says Penz. And the art fair pioneer has undoubtedly succeeded in this. \u201c<i>Before <\/i><b><i>ART Innsbruck<\/i><\/b><i>, the local gallery scene had a tendency to isolate itself. We have certainly broken these barriers down somewhat with our rather unconventional approach and by bringing international galleries to Innsbruck. Anyone exhibiting at a fair wants to tap into a new audience and attract new and interested groups of buyers<\/i>\u201d. Most exhibitors have remained loyal to Penz and <b>ART Innsbruck<\/b> for many years. \u201c<i>Because the full package is there: from our personal service to our active and passionate marketing. This is important. People come back to Innsbruck because they sense that we really care. And of course it helps that Innsbruck is beautiful. Many of my exhibitors say: it\u2019s like being on holiday here. And that\u2019s despite standing in the fair hall for 10 hours a day!<\/i>\u201d From 20 to 23 February 2015, visitors and exhibitors can register for another holiday: a holiday of high calibre art \u2013 at the 19th <b>ART Innsbruck<\/b> international fair for contemporary art!<\/p>\n<p><img loading=\"lazy\" decoding=\"async\" class=\"alignnone size-full wp-image-1719\" src=\"http:\/\/www.biancoscuro.it\/site\/wp-content\/uploads\/2014\/08\/vis.jpg\" alt=\"art innsbruck art fair art magazine  biancoscuro rivista d'arte\" width=\"602\" height=\"342\" srcset=\"https:\/\/www.biancoscuro.it\/site\/wp-content\/uploads\/2014\/08\/vis.jpg 602w, https:\/\/www.biancoscuro.it\/site\/wp-content\/uploads\/2014\/08\/vis-300x170.jpg 300w, https:\/\/www.biancoscuro.it\/site\/wp-content\/uploads\/2014\/08\/vis-600x340.jpg 600w\" sizes=\"auto, (max-width: 602px) 100vw, 602px\" \/><\/p>\n<p><span style=\"text-decoration: underline;\"><b>ART Innsbruck<br \/>\n<\/b><\/span><b>70 Exhibitors: gallery, art dealers and publisher from 10 nations.\u00a0<\/b><b>Works of over 700 artists.\u00a0<\/b><\/p>\n<p><b>INFORMATION<\/b><\/p>\n<p><b>ART Kunstmesse GmbH.<br \/>\n<\/b><b>Gutenbergstra\u00dfe 3<br \/>\n<\/b><b>6020 Innsbruck<\/b><\/p>\n<p><b>Tel. +43(0)512 567101<br \/>\n<\/b><b>info@art-innsbruck.at<br \/>\n<\/b><a href=\"www.art-innsbruck.at\" target=\"_blank\"><b>www.art-innsbruck.at<\/b><\/a><\/p>\n","protected":false},"excerpt":{"rendered":"<p><span class=\"span-reading-time rt-reading-time\" style=\"display: block;\"><span class=\"rt-label rt-prefix\">\u23f0 lettura <\/span> <span class=\"rt-time\"> 4<\/span> <span class=\"rt-label rt-postfix\">min. <\/p>\n<p><\/span><\/span>In quasi 20 anni di vita, ART Innsbruck \u00e8 diventata un nome ambito e rinomato nel calendario fieristico d\u2019arte internazionale. Dal 20 al 23 febbraio 2015, nel cuore delle Alpi, si terr\u00e0 la 19\u00aa edizione della fiera d\u2019arte internazionale. Certamente ART Innsbruck trae vantaggio dal fatto che<\/p>\n","protected":false},"author":1,"featured_media":1718,"comment_status":"closed","ping_status":"closed","sticky":false,"template":"","format":"standard","meta":{"neve_meta_sidebar":"","neve_meta_container":"","neve_meta_enable_content_width":"","neve_meta_content_width":0,"neve_meta_title_alignment":"","neve_meta_author_avatar":"","neve_post_elements_order":"","neve_meta_disable_header":"","neve_meta_disable_footer":"","neve_meta_disable_title":"","advanced_seo_description":"","jetpack_seo_html_title":"","jetpack_seo_noindex":false,"footnotes":""},"categories":[5,26,25,27,6,15],"tags":[],"class_list":["post-1716","post","type-post","status-publish","format-standard","has-post-thumbnail","hentry","category-arte","category-eventi","category-fiere","category-manifestazione","category-pittura","category-rivista-darte"],"jetpack_featured_media_url":"https:\/\/www.biancoscuro.it\/site\/wp-content\/uploads\/2014\/08\/inns.jpg","jetpack_sharing_enabled":true,"jetpack-related-posts":[{"id":1344,"url":"https:\/\/www.biancoscuro.it\/site\/la-19a-art-innsbruck-scalda-i-motori\/","url_meta":{"origin":1716,"position":0},"title":"La 19\u00aa ART Innsbruck scalda i motori!","author":"Redazione BIANCOSCURO","date":"5 Maggio 2014","format":false,"excerpt":"Dal\u00a020 al 23 febbraio 2015 si terr\u00e0\u00a0la fiera internazionale\u00a0ART Innsbruck che ci vede\u00a0media partner e che vede impegnate le 70 gallerie a\u00a0valorizzare al massimo le opere d'arte di notevole valore che presenteranno. Johanna Penz, fondatrice e direttrice di ART Innsbruck, ci ha appena comunicato le date per la prossima ART\u2026","rel":"","context":"In &quot;arte&quot;","block_context":{"text":"arte","link":"https:\/\/www.biancoscuro.it\/site\/category\/arte\/"},"img":{"alt_text":"rivista d'arte biancoscuro art magazine","src":"https:\/\/scontent-b-lhr.xx.fbcdn.net\/hphotos-frc3\/t1.0-9\/q71\/s720x720\/1970549_662745630450944_2070041269_n.jpg","width":350,"height":200,"srcset":"https:\/\/scontent-b-lhr.xx.fbcdn.net\/hphotos-frc3\/t1.0-9\/q71\/s720x720\/1970549_662745630450944_2070041269_n.jpg 1x, https:\/\/scontent-b-lhr.xx.fbcdn.net\/hphotos-frc3\/t1.0-9\/q71\/s720x720\/1970549_662745630450944_2070041269_n.jpg 1.5x, https:\/\/scontent-b-lhr.xx.fbcdn.net\/hphotos-frc3\/t1.0-9\/q71\/s720x720\/1970549_662745630450944_2070041269_n.jpg 2x"},"classes":[]},{"id":5805,"url":"https:\/\/www.biancoscuro.it\/site\/art-innsbruck-2018-dal-25-al-28-gennaio-la-22a-edizione\/","url_meta":{"origin":1716,"position":1},"title":"ART Innsbruck 2018, dal 25 al 28 gennaio la \u00a022\u00aa edizione","author":"Redazione BIANCOSCURO","date":"22 Agosto 2017","format":false,"excerpt":"ART Innsbruck a gennaio 2018 offrir\u00e0 ancora una volta un mix d\u2019arte contemporanea internazionale ed una selezione pregiata del classico moderno.\u00a0 Quest'anno, la pausa estiva sar\u00e0 davvero breve per l\u2019organizzatrice Johanna Penz e il suo team: dopo la prima della ART\u00a0Salzburg Contemporary & Antiques International\u00a0dal 22 al 25 giugno presso\u2026","rel":"","context":"In &quot;arte&quot;","block_context":{"text":"arte","link":"https:\/\/www.biancoscuro.it\/site\/category\/arte\/"},"img":{"alt_text":"","src":"https:\/\/i0.wp.com\/www.biancoscuro.it\/site\/wp-content\/uploads\/2017\/08\/inn_PROMO_444.jpg?resize=350%2C200&ssl=1","width":350,"height":200},"classes":[]},{"id":781,"url":"https:\/\/www.biancoscuro.it\/site\/la-18-art-innsbruck-si-e-conclusa-con-ottimi-risultati-di-vendite\/","url_meta":{"origin":1716,"position":2},"title":"La 18\u00b0 ART Innsbruck si \u00e8 conclusa con ottimi risultati di vendite","author":"Redazione BIANCOSCURO","date":"4 Marzo 2014","format":false,"excerpt":"ART Innsbruck, si \u00e8 conclusa domenica 23 febbraio e quest'anno ha raggiunto la cifra record di quasi 18.000 visitatori. Un numero decisamente superiore al risultato dello scorso anno. I circa 70 espositori della 18\u00b0 ART Innsbruck hanno riscontrato grande interesse e ottime vendite. La maggior parte dei galleristi conta inoltre\u2026","rel":"","context":"In &quot;arte&quot;","block_context":{"text":"arte","link":"https:\/\/www.biancoscuro.it\/site\/category\/arte\/"},"img":{"alt_text":"da sinistra: Modella, Patrizia Zoller Frischauf, \u00a0Johanna Penz, Markus Spatzier, Uschi Schwarzl, Modella - biancoscuro rivista d'arte","src":"https:\/\/i0.wp.com\/www.biancoscuro.it\/site\/wp-content\/uploads\/2014\/03\/image003.jpg?resize=350%2C200","width":350,"height":200},"classes":[]},{"id":1941,"url":"https:\/\/www.biancoscuro.it\/site\/novita-ad-art-innsbruck\/","url_meta":{"origin":1716,"position":3},"title":"Novit\u00e0 ad ART Innsbruck&#8230;","author":"Redazione BIANCOSCURO","date":"24 Novembre 2014","format":false,"excerpt":"19\u00b0 ART Innsbruck fiera internazionale di arte contemporanea & antiquaria Dal 20 al 23 febbraio 2015, fiera Innsbruck ART\u00a0Innsbruck amplia il proprio programma.\u00a0 Nell\u2019ambito della 19\u00b0 edizione, che si terr\u00e0 dal 20 al 23 febbraio 2015, sar\u00e0 possibile ammirare per la prima volta anche arte e antiquariato\u00a0del XIX secolo. \u00c8\u2026","rel":"","context":"In &quot;arte&quot;","block_context":{"text":"arte","link":"https:\/\/www.biancoscuro.it\/site\/category\/arte\/"},"img":{"alt_text":"Valentsov Vladimir, Irises, 2013, oil on canvas, 65x76 cm. special exhibition M.Video - ART Innsbruck 2014","src":"https:\/\/i0.wp.com\/www.biancoscuro.it\/site\/wp-content\/uploads\/2014\/08\/vladimir.jpg?resize=350%2C200","width":350,"height":200},"classes":[]},{"id":2404,"url":"https:\/\/www.biancoscuro.it\/site\/aria-di-festa-per-art-innsbruck-nel-2016-il-20o-anno-di-vita\/","url_meta":{"origin":1716,"position":4},"title":"Aria di festa per ART Innsbruck nel 2016 il 20\u00ba anno di vita","author":"Redazione BIANCOSCURO","date":"26 Marzo 2015","format":false,"excerpt":"ART Innsbruck festeggia nel 2016 il 20\u00b0 anno di vita. L\u2019appuntamento \u00e8 gi\u00e0 fissato: 28-31 gennaio 2016. con la 19\u00b0 edizione, da poco conclusa con enorme successo, la fondatrice di ART, Johanna Penz, si prepara a festeggiare 20 anni di successi. Dopo il trasferimento nell'ampio padiglione A e l\u2019ampliamento del\u2026","rel":"","context":"In &quot;arte&quot;","block_context":{"text":"arte","link":"https:\/\/www.biancoscuro.it\/site\/category\/arte\/"},"img":{"alt_text":"","src":"https:\/\/i0.wp.com\/www.biancoscuro.it\/site\/wp-content\/uploads\/2014\/12\/20140717_artinnsbruck_szene__30_20140717_1731709340.jpg?resize=350%2C200&ssl=1","width":350,"height":200},"classes":[]},{"id":12286,"url":"https:\/\/www.biancoscuro.it\/site\/25-art-innsbruck-anniversario-speciale-con-le-opere-di-friedensreich-hundertwasser\/","url_meta":{"origin":1716,"position":5},"title":"25\u00b0 ART Innsbruck &#8211; Anniversario speciale con le opere di Friedensreich Hundertwasser","author":"Redazione BIANCOSCURO","date":"16 Settembre 2021","format":false,"excerpt":"Al passo con i tempi con l\u2019attivista ecologista Friedensreich Hundertwasser La 25\u00b0 ART Innsbruck, dal 28 al 31 ottobre 2021, \u00e8 in dirittura d'arrivo con una magnifica presentazione di Friedensreich Hundertwasser, uno dei pi\u00f9 importanti artisti d'avanguardia degli anni 50 a Parigi e un attivista nella questione ecologica della prima\u2026","rel":"","context":"In &quot;arte&quot;","block_context":{"text":"arte","link":"https:\/\/www.biancoscuro.it\/site\/category\/arte\/"},"img":{"alt_text":"","src":"https:\/\/i0.wp.com\/www.biancoscuro.it\/site\/wp-content\/uploads\/2021\/09\/Szenebild-1-ART-Innsbruck-%40Die-Fotografen333.jpg?resize=350%2C200&ssl=1","width":350,"height":200,"srcset":"https:\/\/i0.wp.com\/www.biancoscuro.it\/site\/wp-content\/uploads\/2021\/09\/Szenebild-1-ART-Innsbruck-%40Die-Fotografen333.jpg?resize=350%2C200&ssl=1 1x, https:\/\/i0.wp.com\/www.biancoscuro.it\/site\/wp-content\/uploads\/2021\/09\/Szenebild-1-ART-Innsbruck-%40Die-Fotografen333.jpg?resize=525%2C300&ssl=1 1.5x, https:\/\/i0.wp.com\/www.biancoscuro.it\/site\/wp-content\/uploads\/2021\/09\/Szenebild-1-ART-Innsbruck-%40Die-Fotografen333.jpg?resize=700%2C400&ssl=1 2x"},"classes":[]}],"_links":{"self":[{"href":"https:\/\/www.biancoscuro.it\/site\/wp-json\/wp\/v2\/posts\/1716","targetHints":{"allow":["GET"]}}],"collection":[{"href":"https:\/\/www.biancoscuro.it\/site\/wp-json\/wp\/v2\/posts"}],"about":[{"href":"https:\/\/www.biancoscuro.it\/site\/wp-json\/wp\/v2\/types\/post"}],"author":[{"embeddable":true,"href":"https:\/\/www.biancoscuro.it\/site\/wp-json\/wp\/v2\/users\/1"}],"replies":[{"embeddable":true,"href":"https:\/\/www.biancoscuro.it\/site\/wp-json\/wp\/v2\/comments?post=1716"}],"version-history":[{"count":0,"href":"https:\/\/www.biancoscuro.it\/site\/wp-json\/wp\/v2\/posts\/1716\/revisions"}],"wp:featuredmedia":[{"embeddable":true,"href":"https:\/\/www.biancoscuro.it\/site\/wp-json\/wp\/v2\/media\/1718"}],"wp:attachment":[{"href":"https:\/\/www.biancoscuro.it\/site\/wp-json\/wp\/v2\/media?parent=1716"}],"wp:term":[{"taxonomy":"category","embeddable":true,"href":"https:\/\/www.biancoscuro.it\/site\/wp-json\/wp\/v2\/categories?post=1716"},{"taxonomy":"post_tag","embeddable":true,"href":"https:\/\/www.biancoscuro.it\/site\/wp-json\/wp\/v2\/tags?post=1716"}],"curies":[{"name":"wp","href":"https:\/\/api.w.org\/{rel}","templated":true}]}}