{"id":17326,"date":"2024-05-27T12:07:19","date_gmt":"2024-05-27T10:07:19","guid":{"rendered":"https:\/\/www.biancoscuro.it\/site\/?p=17326"},"modified":"2024-05-30T11:23:19","modified_gmt":"2024-05-30T09:23:19","slug":"punto-di-svolta-di-gery-bouw","status":"publish","type":"post","link":"https:\/\/www.biancoscuro.it\/site\/punto-di-svolta-di-gery-bouw\/","title":{"rendered":"Punto di Svolta | Gery Bouw"},"content":{"rendered":"<span class=\"span-reading-time rt-reading-time\" style=\"display: block;\"><span class=\"rt-label rt-prefix\">\u23f0 lettura <\/span> <span class=\"rt-time\"> &lt; 1<\/span> <span class=\"rt-label rt-postfix\">min. <br><br><\/span><\/span>\n<figure class=\"wp-block-image size-large\"><img loading=\"lazy\" decoding=\"async\" width=\"1024\" height=\"768\" src=\"https:\/\/www.biancoscuro.it\/site\/wp-content\/uploads\/2024\/05\/GeryBouw_ChiassoPerduto_-1024x768.jpeg\" alt=\"\" class=\"wp-image-17327\" srcset=\"https:\/\/www.biancoscuro.it\/site\/wp-content\/uploads\/2024\/05\/GeryBouw_ChiassoPerduto_-1024x768.jpeg 1024w, https:\/\/www.biancoscuro.it\/site\/wp-content\/uploads\/2024\/05\/GeryBouw_ChiassoPerduto_-300x225.jpeg 300w, https:\/\/www.biancoscuro.it\/site\/wp-content\/uploads\/2024\/05\/GeryBouw_ChiassoPerduto_-768x576.jpeg 768w, https:\/\/www.biancoscuro.it\/site\/wp-content\/uploads\/2024\/05\/GeryBouw_ChiassoPerduto_-1536x1152.jpeg 1536w, https:\/\/www.biancoscuro.it\/site\/wp-content\/uploads\/2024\/05\/GeryBouw_ChiassoPerduto_-1320x990.jpeg 1320w, https:\/\/www.biancoscuro.it\/site\/wp-content\/uploads\/2024\/05\/GeryBouw_ChiassoPerduto_.jpeg 1764w\" sizes=\"auto, (max-width: 1024px) 100vw, 1024px\" \/><\/figure>\n\n\n\n<p>Attraverso lo studio di alcuni pittori del passato come Mantegna, Allori, Botticelli e Pontormo, Gery nota come spesso lo sguardo dei personaggi \u00e8 rivolto altrove e soprattutto&nbsp;non c&#8217;\u00e8 comunicazione fra di loro e in qualche modo questo diviene un riflesso dei nostri tempi, cos\u00ec connessi in tempo reale dalla tecnologia e proprio per questo&nbsp;cos\u00ec distanti.&nbsp;<br \/>Gery decide di riscrivere le azioni posizionando i nuovi personaggi in modo che finalmente possano incrociare lo sguardo dell&#8217;altro oppure segnalare un punto dove si materializza il pensiero, che diventa un indizio verso la narrativa di un enigma, ci viene suggerito ci\u00f2 che sta accadendo nella scena. I personaggi di Gery sono disegni traslucidi, leggeri, quasi eterei proposti come sculture che abitano lo spazio temporaneamente e ci invitano a stabilire un nuovo legame con la narrativa proposta, con l&#8217;idea di comunicazione vera per seguire il filone di una storia&nbsp;che scriviamo noi.&nbsp;<br \/>Gery Bouw \u00e8 un artista olandese da sempre interessata nell&#8217;idea di rimarginare il vincolo fra natura e uomo e fra le persone, restituendo intimit\u00e0 a questo legame.<\/p>\n\n\n\n<p>A cura di Sandra Miranda Pattin &amp; Francesca Morozzi<\/p>\n\n\n\n<figure class=\"wp-block-image size-large\"><img loading=\"lazy\" decoding=\"async\" width=\"1024\" height=\"818\" src=\"https:\/\/www.biancoscuro.it\/site\/wp-content\/uploads\/2024\/05\/GERY_2-1024x818.jpeg\" alt=\"\" class=\"wp-image-17328\" srcset=\"https:\/\/www.biancoscuro.it\/site\/wp-content\/uploads\/2024\/05\/GERY_2-1024x818.jpeg 1024w, https:\/\/www.biancoscuro.it\/site\/wp-content\/uploads\/2024\/05\/GERY_2-300x240.jpeg 300w, https:\/\/www.biancoscuro.it\/site\/wp-content\/uploads\/2024\/05\/GERY_2-768x613.jpeg 768w, https:\/\/www.biancoscuro.it\/site\/wp-content\/uploads\/2024\/05\/GERY_2-1536x1227.jpeg 1536w, https:\/\/www.biancoscuro.it\/site\/wp-content\/uploads\/2024\/05\/GERY_2-1320x1054.jpeg 1320w, https:\/\/www.biancoscuro.it\/site\/wp-content\/uploads\/2024\/05\/GERY_2.jpeg 1757w\" sizes=\"auto, (max-width: 1024px) 100vw, 1024px\" \/><\/figure>\n\n\n\n<pre class=\"wp-block-preformatted\"><strong>Punto di Svolta \nGery Bouw\n<\/strong>Chiasso Perduto\nVia de' Coverelli 4R\n50125 Firenze\n\nAperta dal 5 al 8 Giugno\n<strong>Inaugurazione Mercoled\u00ec 5 Giugno alle 18:00\u00a0\u00a0<\/strong>(ingresso libero)\nDa Gioved\u00ec a Sabato\u00a0dalle 15 alle 19\n\nhttps:\/\/www.chiassoperduto.com\nhttps:\/\/www.instagram.com\/chiassoperduto<\/pre>\n","protected":false},"excerpt":{"rendered":"<p><span class=\"span-reading-time rt-reading-time\" style=\"display: block;\"><span class=\"rt-label rt-prefix\">\u23f0 lettura <\/span> <span class=\"rt-time\"> &lt; 1<\/span> <span class=\"rt-label rt-postfix\">min. <\/p>\n<p><\/span><\/span>Attraverso lo studio di alcuni pittori del passato come Mantegna, Allori, Botticelli e Pontormo, Gery nota come spesso lo sguardo dei personaggi \u00e8 rivolto altrove e soprattutto&nbsp;non c&#8217;\u00e8 comunicazione fra di loro e in qualche modo questo diviene un riflesso dei nostri tempi, cos\u00ec connessi in tempo reale dalla tecnologia e proprio per questo&nbsp;cos\u00ec distanti.&nbsp;Gery&hellip;&nbsp;<a href=\"https:\/\/www.biancoscuro.it\/site\/punto-di-svolta-di-gery-bouw\/\" rel=\"bookmark\">Leggi tutto &raquo;<span class=\"screen-reader-text\">Punto di Svolta | Gery Bouw<\/span><\/a><\/p>\n","protected":false},"author":1067,"featured_media":17327,"comment_status":"open","ping_status":"closed","sticky":false,"template":"","format":"standard","meta":{"neve_meta_sidebar":"","neve_meta_container":"","neve_meta_enable_content_width":"","neve_meta_content_width":0,"neve_meta_title_alignment":"","neve_meta_author_avatar":"","neve_post_elements_order":"","neve_meta_disable_header":"","neve_meta_disable_footer":"","neve_meta_disable_title":"","advanced_seo_description":"","jetpack_seo_html_title":"","jetpack_seo_noindex":false,"footnotes":""},"categories":[5,26,334,24,6,7],"tags":[449,461,2530,185,2171,597,2529,284,2191,2528,445,2174,2190],"class_list":["post-17326","post","type-post","status-publish","format-standard","has-post-thumbnail","hentry","category-arte","category-eventi","category-installazioni","category-mostre","category-pittura","category-scultura","tag-arte","tag-arte-contemporanea","tag-artista-olandese","tag-biancoscuro-art-magazine","tag-chiasso-perduto","tag-disegno","tag-esperimentale","tag-firenze","tag-francesca-morozzi","tag-gery-bouw","tag-installazione","tag-residenza-artistica","tag-sandra-miranda-pattin"],"jetpack_featured_media_url":"https:\/\/www.biancoscuro.it\/site\/wp-content\/uploads\/2024\/05\/GeryBouw_ChiassoPerduto_.jpeg","jetpack_sharing_enabled":true,"jetpack-related-posts":[{"id":18926,"url":"https:\/\/www.biancoscuro.it\/site\/la-sponda-di-fernanda-rege\/","url_meta":{"origin":17326,"position":0},"title":"La sponda di Fernanda Rege","author":"Sandra Miranda Pattin","date":"8 Ottobre 2025","format":false,"excerpt":"Aperta dal 16 al 19 Ottobre\u00a02025 Inaugurazione: Gioved\u00ec 16 Ottobre alle 18:00\u00a0 Da Venerd\u00ec a Domenica dalle 15 alle 19 Chiasso Perduto - Residenze Artistiche Via de\u2019 Coverelli 4R - 50125 Firenze\u00a0 Installazione site-specific di Fernanda Rege che nasce dall\u2019osservazione del fiume Arno, dalla sponda fluttuante che l\u2019artista ripropone come\u2026","rel":"","context":"In &quot;arte&quot;","block_context":{"text":"arte","link":"https:\/\/www.biancoscuro.it\/site\/category\/arte\/"},"img":{"alt_text":"La Sponda al Chiasso Perduto","src":"https:\/\/i0.wp.com\/www.biancoscuro.it\/site\/wp-content\/uploads\/2025\/10\/SpondaFerRege_1.jpeg?resize=350%2C200&ssl=1","width":350,"height":200,"srcset":"https:\/\/i0.wp.com\/www.biancoscuro.it\/site\/wp-content\/uploads\/2025\/10\/SpondaFerRege_1.jpeg?resize=350%2C200&ssl=1 1x, https:\/\/i0.wp.com\/www.biancoscuro.it\/site\/wp-content\/uploads\/2025\/10\/SpondaFerRege_1.jpeg?resize=525%2C300&ssl=1 1.5x, https:\/\/i0.wp.com\/www.biancoscuro.it\/site\/wp-content\/uploads\/2025\/10\/SpondaFerRege_1.jpeg?resize=700%2C400&ssl=1 2x, https:\/\/i0.wp.com\/www.biancoscuro.it\/site\/wp-content\/uploads\/2025\/10\/SpondaFerRege_1.jpeg?resize=1050%2C600&ssl=1 3x, https:\/\/i0.wp.com\/www.biancoscuro.it\/site\/wp-content\/uploads\/2025\/10\/SpondaFerRege_1.jpeg?resize=1400%2C800&ssl=1 4x"},"classes":[]},{"id":3196,"url":"https:\/\/www.biancoscuro.it\/site\/i-mille-volti-dellafrica-al-castello-visconteo\/","url_meta":{"origin":17326,"position":1},"title":"I mille volti dell&#8217;Africa al Castello Visconteo","author":"Redazione BIANCOSCURO","date":"29 Novembre 2015","format":false,"excerpt":"PROROGATA FINO AL 13 DICEMBRE LA MOSTRA CONTINENTE AFRICA Arte africana contemporanea CONTINENTE AFRICA. Arte africana contemporanea I mille volti dell'Africa\u00a0in mostra a Pavia A Pavia, dal 24 ottobre al 29 novembre 2015, nelle sale Castello Visconteo di Pavia, si potr\u00e0 vedere l'esposizione legata al Continente Africa con\u00a0uno sguardo approfondito\u2026","rel":"","context":"In &quot;arte&quot;","block_context":{"text":"arte","link":"https:\/\/www.biancoscuro.it\/site\/category\/arte\/"},"img":{"alt_text":"","src":"https:\/\/i0.wp.com\/www.biancoscuro.it\/site\/wp-content\/uploads\/2015\/09\/Guy-Tillim_Senza-titolo-cibachrome-29x43-anni90.jpg?resize=350%2C200&ssl=1","width":350,"height":200,"srcset":"https:\/\/i0.wp.com\/www.biancoscuro.it\/site\/wp-content\/uploads\/2015\/09\/Guy-Tillim_Senza-titolo-cibachrome-29x43-anni90.jpg?resize=350%2C200&ssl=1 1x, https:\/\/i0.wp.com\/www.biancoscuro.it\/site\/wp-content\/uploads\/2015\/09\/Guy-Tillim_Senza-titolo-cibachrome-29x43-anni90.jpg?resize=525%2C300&ssl=1 1.5x, https:\/\/i0.wp.com\/www.biancoscuro.it\/site\/wp-content\/uploads\/2015\/09\/Guy-Tillim_Senza-titolo-cibachrome-29x43-anni90.jpg?resize=700%2C400&ssl=1 2x"},"classes":[]},{"id":17898,"url":"https:\/\/www.biancoscuro.it\/site\/annalaura-di-luggo-oculus-spei\/","url_meta":{"origin":17326,"position":2},"title":"Annalaura di Luggo &#8211; Oculus-Spei","author":"Roberta Melasecca","date":"30 Novembre 2024","format":false,"excerpt":"Sar\u00e0 presentata al pubblico, al Pantheon di Roma, marted\u00ec 3 dicembre 2024 alle ore 18.30 Oculus-Spei, un\u2019installazione multimediale interattiva dell\u2019artista Annalaura di Luggo con il patrocinio morale del Giubileo e del Ministero degli Affari Esteri e della Cooperazione Internazionale.\u00a0 L\u2019appuntamento coincide con la Giornata internazionale dei diritti delle persone con\u2026","rel":"","context":"In &quot;arte&quot;","block_context":{"text":"arte","link":"https:\/\/www.biancoscuro.it\/site\/category\/arte\/"},"img":{"alt_text":"","src":"https:\/\/i0.wp.com\/www.biancoscuro.it\/site\/wp-content\/uploads\/2024\/12\/01_Backstage_Oculus_Spei.jpg?resize=350%2C200&ssl=1","width":350,"height":200,"srcset":"https:\/\/i0.wp.com\/www.biancoscuro.it\/site\/wp-content\/uploads\/2024\/12\/01_Backstage_Oculus_Spei.jpg?resize=350%2C200&ssl=1 1x, https:\/\/i0.wp.com\/www.biancoscuro.it\/site\/wp-content\/uploads\/2024\/12\/01_Backstage_Oculus_Spei.jpg?resize=525%2C300&ssl=1 1.5x, https:\/\/i0.wp.com\/www.biancoscuro.it\/site\/wp-content\/uploads\/2024\/12\/01_Backstage_Oculus_Spei.jpg?resize=700%2C400&ssl=1 2x, https:\/\/i0.wp.com\/www.biancoscuro.it\/site\/wp-content\/uploads\/2024\/12\/01_Backstage_Oculus_Spei.jpg?resize=1050%2C600&ssl=1 3x"},"classes":[]},{"id":11362,"url":"https:\/\/www.biancoscuro.it\/site\/verba\/","url_meta":{"origin":17326,"position":3},"title":"Verba","author":"Claudia Migliore","date":"3 Dicembre 2020","format":false,"excerpt":"Le parole, partendo da questa \u201cparola latina\u201d espone a Torino l\u2019artista Silvia Beccaria, nella collettiva che si titola appunto Verba, dal 3 Dicembre 2020 al 23 Gennaio 2021 presso la Galleria Riccardo Costantini Contemporary. Silvia \u00e8 in buona compagnia, affiancata dai maestri dell\u2019arte concettuale del \u2018900 come Agnetti, Acconci, Paolini\u2026","rel":"","context":"In &quot;arte&quot;","block_context":{"text":"arte","link":"https:\/\/www.biancoscuro.it\/site\/category\/arte\/"},"img":{"alt_text":"","src":"https:\/\/i0.wp.com\/www.biancoscuro.it\/site\/wp-content\/uploads\/2020\/12\/M3D1301-particolare.jpg?resize=350%2C200&ssl=1","width":350,"height":200,"srcset":"https:\/\/i0.wp.com\/www.biancoscuro.it\/site\/wp-content\/uploads\/2020\/12\/M3D1301-particolare.jpg?resize=350%2C200&ssl=1 1x, https:\/\/i0.wp.com\/www.biancoscuro.it\/site\/wp-content\/uploads\/2020\/12\/M3D1301-particolare.jpg?resize=525%2C300&ssl=1 1.5x, https:\/\/i0.wp.com\/www.biancoscuro.it\/site\/wp-content\/uploads\/2020\/12\/M3D1301-particolare.jpg?resize=700%2C400&ssl=1 2x, https:\/\/i0.wp.com\/www.biancoscuro.it\/site\/wp-content\/uploads\/2020\/12\/M3D1301-particolare.jpg?resize=1050%2C600&ssl=1 3x"},"classes":[]},{"id":13454,"url":"https:\/\/www.biancoscuro.it\/site\/terra-arte-2022\/","url_meta":{"origin":17326,"position":4},"title":"Terra-Arte 2022","author":"Roberta Melasecca","date":"13 Maggio 2022","format":false,"excerpt":"Il giorno 28 maggio 2022, alle ore 17.00, prende il via l\u2019Edizione 2022 di Terra-Arte con la presentazione delle nuove installazioni di Publia Cruciani, Alfonso Maria Isonzo, Carmine Leta, Wolfgang Richter e JudithWagner, seguita dalla performance musicale di Soul Moscato.\u00a0 Terra-Arte 2022 \u00e8 promossa dall\u2019Associazione Terra-Arte e si avvale del\u2026","rel":"","context":"In &quot;arte&quot;","block_context":{"text":"arte","link":"https:\/\/www.biancoscuro.it\/site\/category\/arte\/"},"img":{"alt_text":"","src":"https:\/\/i0.wp.com\/www.biancoscuro.it\/site\/wp-content\/uploads\/2022\/05\/Invito-terra-arte-copia.jpg?resize=350%2C200&ssl=1","width":350,"height":200,"srcset":"https:\/\/i0.wp.com\/www.biancoscuro.it\/site\/wp-content\/uploads\/2022\/05\/Invito-terra-arte-copia.jpg?resize=350%2C200&ssl=1 1x, https:\/\/i0.wp.com\/www.biancoscuro.it\/site\/wp-content\/uploads\/2022\/05\/Invito-terra-arte-copia.jpg?resize=525%2C300&ssl=1 1.5x, https:\/\/i0.wp.com\/www.biancoscuro.it\/site\/wp-content\/uploads\/2022\/05\/Invito-terra-arte-copia.jpg?resize=700%2C400&ssl=1 2x, https:\/\/i0.wp.com\/www.biancoscuro.it\/site\/wp-content\/uploads\/2022\/05\/Invito-terra-arte-copia.jpg?resize=1050%2C600&ssl=1 3x"},"classes":[]},{"id":11917,"url":"https:\/\/www.biancoscuro.it\/site\/un-viaggio-nellarte-con-le-lezioni-dautore-di-giovanni-agosti\/","url_meta":{"origin":17326,"position":5},"title":"Un viaggio nell\u2019arte con le lezioni d\u2019autore di Giovanni Agosti","author":"Redazione BIANCOSCURO","date":"26 Maggio 2021","format":false,"excerpt":"Tutti, almeno una volta nella vita, ci siamo trovati ad affrontare una conversazione sul fatto che l\u2019Italia sia il Paese pi\u00f9 bello al mondo. E ovviamente, campanilismo a parte, c\u2019\u00e8 chi ne sottolinea le contraddizioni, la grande pecca dell\u2019attuale societ\u00e0 nello sfruttare in modo non adeguato il patrimonio che ci\u2026","rel":"","context":"In &quot;arte&quot;","block_context":{"text":"arte","link":"https:\/\/www.biancoscuro.it\/site\/category\/arte\/"},"img":{"alt_text":"","src":"https:\/\/i0.wp.com\/www.biancoscuro.it\/site\/wp-content\/uploads\/2021\/05\/Schermata-2021-05-26-alle-11.23.16.png?resize=350%2C200&ssl=1","width":350,"height":200},"classes":[]}],"_links":{"self":[{"href":"https:\/\/www.biancoscuro.it\/site\/wp-json\/wp\/v2\/posts\/17326","targetHints":{"allow":["GET"]}}],"collection":[{"href":"https:\/\/www.biancoscuro.it\/site\/wp-json\/wp\/v2\/posts"}],"about":[{"href":"https:\/\/www.biancoscuro.it\/site\/wp-json\/wp\/v2\/types\/post"}],"author":[{"embeddable":true,"href":"https:\/\/www.biancoscuro.it\/site\/wp-json\/wp\/v2\/users\/1067"}],"replies":[{"embeddable":true,"href":"https:\/\/www.biancoscuro.it\/site\/wp-json\/wp\/v2\/comments?post=17326"}],"version-history":[{"count":2,"href":"https:\/\/www.biancoscuro.it\/site\/wp-json\/wp\/v2\/posts\/17326\/revisions"}],"predecessor-version":[{"id":17337,"href":"https:\/\/www.biancoscuro.it\/site\/wp-json\/wp\/v2\/posts\/17326\/revisions\/17337"}],"wp:featuredmedia":[{"embeddable":true,"href":"https:\/\/www.biancoscuro.it\/site\/wp-json\/wp\/v2\/media\/17327"}],"wp:attachment":[{"href":"https:\/\/www.biancoscuro.it\/site\/wp-json\/wp\/v2\/media?parent=17326"}],"wp:term":[{"taxonomy":"category","embeddable":true,"href":"https:\/\/www.biancoscuro.it\/site\/wp-json\/wp\/v2\/categories?post=17326"},{"taxonomy":"post_tag","embeddable":true,"href":"https:\/\/www.biancoscuro.it\/site\/wp-json\/wp\/v2\/tags?post=17326"}],"curies":[{"name":"wp","href":"https:\/\/api.w.org\/{rel}","templated":true}]}}