{"id":17382,"date":"2024-06-01T15:21:37","date_gmt":"2024-06-01T13:21:37","guid":{"rendered":"https:\/\/www.biancoscuro.it\/site\/?p=17382"},"modified":"2024-06-04T15:26:41","modified_gmt":"2024-06-04T13:26:41","slug":"tracce-sparse-a-carbognano","status":"publish","type":"post","link":"https:\/\/www.biancoscuro.it\/site\/tracce-sparse-a-carbognano\/","title":{"rendered":"Tracce sparse a Carbognano"},"content":{"rendered":"<span class=\"span-reading-time rt-reading-time\" style=\"display: block;\"><span class=\"rt-label rt-prefix\">\u23f0 lettura <\/span> <span class=\"rt-time\"> 2<\/span> <span class=\"rt-label rt-postfix\">min. <br><br><\/span><\/span>\n<p>Il 15 e 16 giugno 2024 apre a Carbognano, borgo in provincia di Viterbo, la prima edizione di <strong>Tracce sparse a Carbognano<\/strong>, da un\u2019idea di <strong>Daniela Perego<\/strong>, a cura di <strong>Paolo Angelosanto, MicroMuseo di Arte Contemporanea della Tuscia, Daniela Perego <\/strong>e <strong>Sculture in Campo &#8211; Parco di Scultura Contemporanea<\/strong>, con il patrocinio del Comune di Carbognano e della Pro Loco di Carbognano.&nbsp;<\/p>\n\n\n\n<p>Il progetto verr\u00e0 presentato il <strong>15 giugno 2024 alle ore 12.00<\/strong> presso la Chiesa di Santa Maria, alla presenza delle istituzioni, dei curatori &#8211; <em>Paolo Angelosanto, Antonio Arevalo, Lucilla Catania e Daniela Perego &#8211; <\/em>e degli artisti coinvolti.&nbsp;<\/p>\n\n\n<div class=\"wp-block-image\">\n<figure class=\"aligncenter size-full\"><img loading=\"lazy\" decoding=\"async\" width=\"850\" height=\"613\" src=\"https:\/\/www.biancoscuro.it\/site\/wp-content\/uploads\/2024\/06\/Invito-tracce-sparse-copia.jpeg\" alt=\"\" class=\"wp-image-17384\" srcset=\"https:\/\/www.biancoscuro.it\/site\/wp-content\/uploads\/2024\/06\/Invito-tracce-sparse-copia.jpeg 850w, https:\/\/www.biancoscuro.it\/site\/wp-content\/uploads\/2024\/06\/Invito-tracce-sparse-copia-300x216.jpeg 300w, https:\/\/www.biancoscuro.it\/site\/wp-content\/uploads\/2024\/06\/Invito-tracce-sparse-copia-768x554.jpeg 768w\" sizes=\"auto, (max-width: 850px) 100vw, 850px\" \/><\/figure>\n<\/div>\n\n\n<p><strong><em>Tracce sparse a Carbognano<\/em> <\/strong>\u00e8 una mostra itinerantenel centro storico che si snoda in un percorso di opere d\u2019arte realizzate da giovani artisti emergenti operanti nella zona del viterbese, in modo da coinvolgere la comunit\u00e0 locale nell\u2019accoglienza e nel dialogo con l\u2019arte e gli artisti. Nei giorni di inaugurazione sar\u00e0 possibile percorrere le strade di Carbognano ed incontrare gli interventi di <strong>Diletta Amori, Brigdorius, Amedeo Desideri, Eirene, Gabriele Massei, Vanessa Serrano.<\/strong><\/p>\n\n\n\n<p>Inoltre per questa prima edizione, il giorno di inaugurazione del 15 giugno verr\u00e0 presentato un grande murales ad opera di <strong>Stefania Fabrizi, <\/strong>che approfondir\u00e0 il tema della violenza di genere.&nbsp;<\/p>\n\n\n\n<p>Il borgo di Carbognano si conferma, cos\u00ec, centro di produzione del contemporaneo, ripercorrendo e continuando una storia pluridecennale, incentrata sulla promozione e la diffusione delle nuove ricerche artistiche, che ha avuto inizio nel 2002 con il progetto <em>Centro per l&#8217;Arte Contemporanea di Carbognano<\/em>, nato da un\u2019idea dell\u2019artista&nbsp;Anna Aj\u00f2&nbsp;e che ha coinvolto numerosi artisti di nazionalit\u00e0 e specificit\u00e0 espressive differenti. Con <em>Tracce sparse<\/em>, come con i progetti che lo hanno preceduto, l\u2019arte contemporanea dialoga, dunque, con la storia e l\u2019architettura: dal Castello Farnese, dimora di Giulia Farnese, personalit\u00e0 di spicco del rinascimento di cui quest\u2019anno ricorre il cinquecentenario della morte, alle numerose chiese cinque e seicentesche, ai vicoli del borgo di origine etrusche.&nbsp;<\/p>\n\n\n\n<p>Le opere rimarranno visibili a Carbognano per un anno intero, fino alla presentazione dell\u2019edizione successiva.&nbsp;<\/p>\n\n\n\n<pre class=\"wp-block-preformatted\"><strong>INFO<\/strong>\n\n<strong>Tracce sparse a Carbognano 2024\nI edizione\nA cura di <\/strong>Paolo Angelosanto, MicroMuseo di Arte Contemporanea della Tuscia, Daniela Perego e Sculture in Campo - Parco di Scultura Contemporanea\n<strong>Con il patrocinio e il contributo<\/strong> del Comune di Carbognano e della Pro Loco di Carbognano\n<strong>Artisti<\/strong>: Diletta Amori, Brigdorius, Amedeo Desideri, Eirene, Gabriele Massei, Vanessa Serrano\n<strong>Con la partecipazione di Stefania Fabrizi<\/strong>\n\n<strong>15 - 16 giugno 2024 dalle 12.00 alle 21.00\nSedi varie - Carbognano (VT)<\/strong>\n\n<strong>Contatti: Daniela Perego<\/strong> www.danielaperego.com<\/pre>\n","protected":false},"excerpt":{"rendered":"<p><span class=\"span-reading-time rt-reading-time\" style=\"display: block;\"><span class=\"rt-label rt-prefix\">\u23f0 lettura <\/span> <span class=\"rt-time\"> 2<\/span> <span class=\"rt-label rt-postfix\">min. <\/p>\n<p><\/span><\/span>Il 15 e 16 giugno 2024 apre a Carbognano, borgo in provincia di Viterbo, la prima edizione di Tracce sparse a Carbognano, da un\u2019idea di Daniela Perego, a cura di Paolo Angelosanto, MicroMuseo di Arte Contemporanea della Tuscia, Daniela Perego e Sculture in Campo &#8211; Parco di Scultura Contemporanea, con il patrocinio del Comune di&hellip;&nbsp;<a href=\"https:\/\/www.biancoscuro.it\/site\/tracce-sparse-a-carbognano\/\" rel=\"bookmark\">Leggi tutto &raquo;<span class=\"screen-reader-text\">Tracce sparse a Carbognano<\/span><\/a><\/p>\n","protected":false},"author":980,"featured_media":17383,"comment_status":"closed","ping_status":"closed","sticky":false,"template":"","format":"standard","meta":{"neve_meta_sidebar":"","neve_meta_container":"","neve_meta_enable_content_width":"","neve_meta_content_width":0,"neve_meta_title_alignment":"","neve_meta_author_avatar":"","neve_post_elements_order":"","neve_meta_disable_header":"","neve_meta_disable_footer":"","neve_meta_disable_title":"","advanced_seo_description":"","jetpack_seo_html_title":"","jetpack_seo_noindex":false,"footnotes":""},"categories":[5,27,24,659],"tags":[],"class_list":["post-17382","post","type-post","status-publish","format-standard","has-post-thumbnail","hentry","category-arte","category-manifestazione","category-mostre","category-street-art"],"jetpack_featured_media_url":"https:\/\/www.biancoscuro.it\/site\/wp-content\/uploads\/2024\/06\/Immagine-copertina-Tracce-sparse-a-Carbognano.jpeg","jetpack_sharing_enabled":true,"jetpack-related-posts":[{"id":18806,"url":"https:\/\/www.biancoscuro.it\/site\/tracce-sparse-a-carbognano-2025\/","url_meta":{"origin":17382,"position":0},"title":"Tracce sparse a Carbognano","author":"Roberta Melasecca","date":"9 Settembre 2025","format":false,"excerpt":"L\u2019Associazione Tracce Sparse, con il patrocinio del Comune di Carbognano e della Pro loco \u201cGiulia Farnese\u201d di Carbognano, in collaborazione con SIC Sculture in Campo di Bassano in Teverina e Micromuseo di Spicciano, presenta, il 27 settembre 2025 alle ore 17.00, presso la Chiesa di Santa Maria della Concezione, la\u2026","rel":"","context":"In &quot;arte&quot;","block_context":{"text":"arte","link":"https:\/\/www.biancoscuro.it\/site\/category\/arte\/"},"img":{"alt_text":"","src":"https:\/\/i0.wp.com\/www.biancoscuro.it\/site\/wp-content\/uploads\/2025\/09\/Tracce-sparse-a-Carbognano.jpg?resize=350%2C200&ssl=1","width":350,"height":200,"srcset":"https:\/\/i0.wp.com\/www.biancoscuro.it\/site\/wp-content\/uploads\/2025\/09\/Tracce-sparse-a-Carbognano.jpg?resize=350%2C200&ssl=1 1x, https:\/\/i0.wp.com\/www.biancoscuro.it\/site\/wp-content\/uploads\/2025\/09\/Tracce-sparse-a-Carbognano.jpg?resize=525%2C300&ssl=1 1.5x"},"classes":[]},{"id":7443,"url":"https:\/\/www.biancoscuro.it\/site\/mostra-e-cerimonia-di-premiazione-artisti-selezionati-al-canova-prize-2018\/","url_meta":{"origin":17382,"position":1},"title":"Mostra e cerimonia di premiazione Artisti selezionati al Canova Prize 2018","author":"Roberta Melasecca","date":"17 Giugno 2018","format":false,"excerpt":"Mostra e cerimonia di premiazione Artisti selezionati al Canova Prize 2018 20 giugno 2018 ore 18.30 | Pop Up Space | 393 Broadway - New York\u00a0 La giuria del Canova Prize, composta da Angelo Crespi, Lucrezia De Domizio Durini, Marisa del Re, Alessandra Frosini, Emanuele Lamaro, Helidon Xhixha, Sun Yue,\u2026","rel":"","context":"In &quot;arte&quot;","block_context":{"text":"arte","link":"https:\/\/www.biancoscuro.it\/site\/category\/arte\/"},"img":{"alt_text":"","src":"https:\/\/i0.wp.com\/www.biancoscuro.it\/site\/wp-content\/uploads\/2018\/06\/OPENING.jpg?resize=350%2C200&ssl=1","width":350,"height":200,"srcset":"https:\/\/i0.wp.com\/www.biancoscuro.it\/site\/wp-content\/uploads\/2018\/06\/OPENING.jpg?resize=350%2C200&ssl=1 1x, https:\/\/i0.wp.com\/www.biancoscuro.it\/site\/wp-content\/uploads\/2018\/06\/OPENING.jpg?resize=525%2C300&ssl=1 1.5x, https:\/\/i0.wp.com\/www.biancoscuro.it\/site\/wp-content\/uploads\/2018\/06\/OPENING.jpg?resize=700%2C400&ssl=1 2x, https:\/\/i0.wp.com\/www.biancoscuro.it\/site\/wp-content\/uploads\/2018\/06\/OPENING.jpg?resize=1050%2C600&ssl=1 3x, https:\/\/i0.wp.com\/www.biancoscuro.it\/site\/wp-content\/uploads\/2018\/06\/OPENING.jpg?resize=1400%2C800&ssl=1 4x"},"classes":[]},{"id":16974,"url":"https:\/\/www.biancoscuro.it\/site\/arte-genova-2024\/","url_meta":{"origin":17382,"position":2},"title":"Arte Genova 2024","author":"Redazione BIANCOSCURO","date":"8 Febbraio 2024","format":false,"excerpt":"Finalmente nel Waterfront di Levante, un progetto firmato Renzo Piano. Arte Genova, una delle pi\u00f9 grandi e longeve manifestazioni artistiche in Italia, si appresta a inaugurare la sua 18\u00aa edizione presso il rinnovato ed elegante quartiere Waterfront di Levante, un progetto firmato Renzo Piano. Dopo un anno di stop per\u2026","rel":"","context":"In &quot;arte&quot;","block_context":{"text":"arte","link":"https:\/\/www.biancoscuro.it\/site\/category\/arte\/"},"img":{"alt_text":"","src":"https:\/\/i0.wp.com\/www.biancoscuro.it\/site\/wp-content\/uploads\/2024\/02\/20231217_073334LOW.jpg?resize=350%2C200&ssl=1","width":350,"height":200,"srcset":"https:\/\/i0.wp.com\/www.biancoscuro.it\/site\/wp-content\/uploads\/2024\/02\/20231217_073334LOW.jpg?resize=350%2C200&ssl=1 1x, https:\/\/i0.wp.com\/www.biancoscuro.it\/site\/wp-content\/uploads\/2024\/02\/20231217_073334LOW.jpg?resize=525%2C300&ssl=1 1.5x, https:\/\/i0.wp.com\/www.biancoscuro.it\/site\/wp-content\/uploads\/2024\/02\/20231217_073334LOW.jpg?resize=700%2C400&ssl=1 2x"},"classes":[]},{"id":17426,"url":"https:\/\/www.biancoscuro.it\/site\/34-sezione-aurea-luogo-paolo-de-stefani\/","url_meta":{"origin":17382,"position":3},"title":"SEZIONE AUREA | Paolo De Stefani","author":"Redazione BIANCOSCURO","date":"17 Giugno 2024","format":false,"excerpt":"Alla Manifiesto Blanco di Milano, fino al 22 giugno, \u00e8 possibile ammirare le opere di Paolo De Stefani, artista chiavennasco. La mostra \u201cSEZIONE AUREA. Luogo ancestrale. Forma architettonica. Spazio vuoto\u201d, a cura di Elisabetta Sem, presenta un nucleo recente di opere che indagano ed esplorano concetto e interpretazione della sezione\u2026","rel":"","context":"In &quot;arte&quot;","block_context":{"text":"arte","link":"https:\/\/www.biancoscuro.it\/site\/category\/arte\/"},"img":{"alt_text":"FRAMMENTI 15, 2022 china e acrilico su carta, cm 22x22 (ciascun elemento)","src":"https:\/\/i0.wp.com\/www.biancoscuro.it\/site\/wp-content\/uploads\/2024\/06\/01-FRAMMENTI-15-2022.jpg?resize=350%2C200&ssl=1","width":350,"height":200,"srcset":"https:\/\/i0.wp.com\/www.biancoscuro.it\/site\/wp-content\/uploads\/2024\/06\/01-FRAMMENTI-15-2022.jpg?resize=350%2C200&ssl=1 1x, https:\/\/i0.wp.com\/www.biancoscuro.it\/site\/wp-content\/uploads\/2024\/06\/01-FRAMMENTI-15-2022.jpg?resize=525%2C300&ssl=1 1.5x, https:\/\/i0.wp.com\/www.biancoscuro.it\/site\/wp-content\/uploads\/2024\/06\/01-FRAMMENTI-15-2022.jpg?resize=700%2C400&ssl=1 2x"},"classes":[]},{"id":19340,"url":"https:\/\/www.biancoscuro.it\/site\/unsettled-tracce-di-appartenenza\/","url_meta":{"origin":17382,"position":4},"title":"Unsettled &#8211; Tracce di appartenenza","author":"Sandra Miranda Pattin","date":"4 Marzo 2026","format":false,"excerpt":"Shirin Neshat & Daniel Romano Opere di: Shirin Neshat, Chiahru Shiota, Xiao Lu, Ai Weiwei, Daniel Romano, Roberta di Laudo, Joshua Cosimo, Francesca Morozzi, Sandra Miranda Pattin Inaugurazione: 12 Marzo alle 18:00 Aperta dal 12 al 22 Marzo - Da mercoled\u00ec a domenica dalle 15 alle 19 Chiasso Perduto -\u2026","rel":"","context":"In &quot;arte&quot;","block_context":{"text":"arte","link":"https:\/\/www.biancoscuro.it\/site\/category\/arte\/"},"img":{"alt_text":"Unsettled - Chiasso Perduto","src":"https:\/\/i0.wp.com\/www.biancoscuro.it\/site\/wp-content\/uploads\/2026\/03\/Unsettled_2-scaled.jpg?resize=350%2C200&ssl=1","width":350,"height":200,"srcset":"https:\/\/i0.wp.com\/www.biancoscuro.it\/site\/wp-content\/uploads\/2026\/03\/Unsettled_2-scaled.jpg?resize=350%2C200&ssl=1 1x, https:\/\/i0.wp.com\/www.biancoscuro.it\/site\/wp-content\/uploads\/2026\/03\/Unsettled_2-scaled.jpg?resize=525%2C300&ssl=1 1.5x, https:\/\/i0.wp.com\/www.biancoscuro.it\/site\/wp-content\/uploads\/2026\/03\/Unsettled_2-scaled.jpg?resize=700%2C400&ssl=1 2x, https:\/\/i0.wp.com\/www.biancoscuro.it\/site\/wp-content\/uploads\/2026\/03\/Unsettled_2-scaled.jpg?resize=1050%2C600&ssl=1 3x, https:\/\/i0.wp.com\/www.biancoscuro.it\/site\/wp-content\/uploads\/2026\/03\/Unsettled_2-scaled.jpg?resize=1400%2C800&ssl=1 4x"},"classes":[]},{"id":16312,"url":"https:\/\/www.biancoscuro.it\/site\/tredici-vite-larte-contemporanea-abita-la-terra\/","url_meta":{"origin":17382,"position":5},"title":"tredici vite &#8211; l\u2019arte contemporanea abita la terra","author":"Roberta Melasecca","date":"14 Giugno 2023","format":false,"excerpt":"Domenica 18 giugno 2023 inaugurer\u00e0, a partire dalle 18.30, la mostra collettiva tredici vite - l\u2019arte contemporanea abita la terra, presso il Giardino L\u2019Olivella - Azienda Agricola L\u2019Olivella in via Colle Pisano 5 a Frascati. Il progetto, ideato da Francesco Petrone e curato da Chiara Guidoni, organizzato in collaborazione con\u2026","rel":"","context":"In &quot;arte&quot;","block_context":{"text":"arte","link":"https:\/\/www.biancoscuro.it\/site\/category\/arte\/"},"img":{"alt_text":"","src":"https:\/\/i0.wp.com\/www.biancoscuro.it\/site\/wp-content\/uploads\/2023\/06\/tredicivite.jpg?resize=350%2C200&ssl=1","width":350,"height":200},"classes":[]}],"_links":{"self":[{"href":"https:\/\/www.biancoscuro.it\/site\/wp-json\/wp\/v2\/posts\/17382","targetHints":{"allow":["GET"]}}],"collection":[{"href":"https:\/\/www.biancoscuro.it\/site\/wp-json\/wp\/v2\/posts"}],"about":[{"href":"https:\/\/www.biancoscuro.it\/site\/wp-json\/wp\/v2\/types\/post"}],"author":[{"embeddable":true,"href":"https:\/\/www.biancoscuro.it\/site\/wp-json\/wp\/v2\/users\/980"}],"replies":[{"embeddable":true,"href":"https:\/\/www.biancoscuro.it\/site\/wp-json\/wp\/v2\/comments?post=17382"}],"version-history":[{"count":2,"href":"https:\/\/www.biancoscuro.it\/site\/wp-json\/wp\/v2\/posts\/17382\/revisions"}],"predecessor-version":[{"id":17388,"href":"https:\/\/www.biancoscuro.it\/site\/wp-json\/wp\/v2\/posts\/17382\/revisions\/17388"}],"wp:featuredmedia":[{"embeddable":true,"href":"https:\/\/www.biancoscuro.it\/site\/wp-json\/wp\/v2\/media\/17383"}],"wp:attachment":[{"href":"https:\/\/www.biancoscuro.it\/site\/wp-json\/wp\/v2\/media?parent=17382"}],"wp:term":[{"taxonomy":"category","embeddable":true,"href":"https:\/\/www.biancoscuro.it\/site\/wp-json\/wp\/v2\/categories?post=17382"},{"taxonomy":"post_tag","embeddable":true,"href":"https:\/\/www.biancoscuro.it\/site\/wp-json\/wp\/v2\/tags?post=17382"}],"curies":[{"name":"wp","href":"https:\/\/api.w.org\/{rel}","templated":true}]}}