{"id":17416,"date":"2024-06-18T11:12:00","date_gmt":"2024-06-18T09:12:00","guid":{"rendered":"https:\/\/www.biancoscuro.it\/site\/?p=17416"},"modified":"2024-06-19T20:13:23","modified_gmt":"2024-06-19T18:13:23","slug":"shaping-grace-and-disquiet-group-show-milan","status":"publish","type":"post","link":"https:\/\/www.biancoscuro.it\/site\/shaping-grace-and-disquiet-group-show-milan\/","title":{"rendered":"Shaping Grace and Disquiet | Group show | Milano"},"content":{"rendered":"<span class=\"span-reading-time rt-reading-time\" style=\"display: block;\"><span class=\"rt-label rt-prefix\">\u23f0 lettura <\/span> <span class=\"rt-time\"> 2<\/span> <span class=\"rt-label rt-postfix\">min. <br><br><\/span><\/span>\n<p><strong>ERA Gallery<\/strong> annuncia \u201cShaping Grace and Disquiet\u201d, una mostra collettiva curata da Domenico de Chirico\u00a0con opere di Chidinma Nnoli, Michael Igwe, Caterina Sammartino, Luca Di Terlizzi\u00a0e Gianmarco Porru\u00a0, che inaugurer\u00e0 gioved\u00ec 20 giugno, dalle 18:00 alle 21:00 nella sede di Milano, Via Gioacchino Rossini 3, rimanendo aperta fino al 27 luglio 2024.<\/p>\n\n\n\n<figure class=\"wp-block-image size-large\"><img loading=\"lazy\" decoding=\"async\" width=\"881\" height=\"1024\" src=\"https:\/\/www.biancoscuro.it\/site\/wp-content\/uploads\/2024\/06\/Chidinma-Nnoli-Have-a-little-faith-in-me-II-2024-ERA-Gallery-881x1024.jpg\" alt=\"Chidinma Nnoli, \u201cHave a little faith in me II\u201d, 2024, ERA Gallery\" class=\"wp-image-17423\" srcset=\"https:\/\/www.biancoscuro.it\/site\/wp-content\/uploads\/2024\/06\/Chidinma-Nnoli-Have-a-little-faith-in-me-II-2024-ERA-Gallery-881x1024.jpg 881w, https:\/\/www.biancoscuro.it\/site\/wp-content\/uploads\/2024\/06\/Chidinma-Nnoli-Have-a-little-faith-in-me-II-2024-ERA-Gallery-258x300.jpg 258w, https:\/\/www.biancoscuro.it\/site\/wp-content\/uploads\/2024\/06\/Chidinma-Nnoli-Have-a-little-faith-in-me-II-2024-ERA-Gallery-768x893.jpg 768w, https:\/\/www.biancoscuro.it\/site\/wp-content\/uploads\/2024\/06\/Chidinma-Nnoli-Have-a-little-faith-in-me-II-2024-ERA-Gallery.jpg 999w\" sizes=\"auto, (max-width: 881px) 100vw, 881px\" \/><figcaption class=\"wp-element-caption\">Chidinma Nnoli, \u201cHave a little faith in me II\u201d, 2024 &#8211; Courtesy ERA Gallery<\/figcaption><\/figure>\n\n\n\n<p>&#8220;La mostra collettiva <strong>Shaping Grace and Disquiet<\/strong> mira a scrutare, attraverso innumerevoli domande, l&#8217;oscuro universo del subconscio che misteriosamente tira i nostri fili per determinare le modalit\u00e0 uniche che ognuno di noi adotta quando ha a che fare con la realt\u00e0 sensuale &#8211; quella oscura e spazio impalpabile definito dal filosofo romano Calcidio come un \u00ectorrente sempre in movimento&#8217;.<br \/>Tra paesaggi astratti o accennati e umori impenetrabili ma tuttavia corroborati da una preponderanza enigmatico-corporale, i cinque artisti qui invitati &#8211; Chidinma Nnoli, Michael Igwe, Caterina Sammartino, Luca Di Terlizzi e Gianmarco Porru &#8211; suggeriscono di abbandonarsi alle suggestioni dei sensi, ma solo laddove hanno il potere di fondersi con l&#8217;ignoto, aspettando che questa mescolanza generi momenti di rivelazione e slanci sconvolgentemente vitali.&#8221;<br \/>Courtesy of Domenico de Chirico<\/p>\n\n\n\n<figure class=\"wp-block-image size-large\"><img loading=\"lazy\" decoding=\"async\" width=\"819\" height=\"1024\" src=\"https:\/\/www.biancoscuro.it\/site\/wp-content\/uploads\/2024\/06\/Michael-Igwe-The-moon-somewhere-else-2024-ERA-Gallery-819x1024.jpg\" alt=\"Michael-Igwe,-The-moon-somewhere-else,-2024,-ERA-Gallery\" class=\"wp-image-17421\" srcset=\"https:\/\/www.biancoscuro.it\/site\/wp-content\/uploads\/2024\/06\/Michael-Igwe-The-moon-somewhere-else-2024-ERA-Gallery-819x1024.jpg 819w, https:\/\/www.biancoscuro.it\/site\/wp-content\/uploads\/2024\/06\/Michael-Igwe-The-moon-somewhere-else-2024-ERA-Gallery-240x300.jpg 240w, https:\/\/www.biancoscuro.it\/site\/wp-content\/uploads\/2024\/06\/Michael-Igwe-The-moon-somewhere-else-2024-ERA-Gallery-768x960.jpg 768w, https:\/\/www.biancoscuro.it\/site\/wp-content\/uploads\/2024\/06\/Michael-Igwe-The-moon-somewhere-else-2024-ERA-Gallery.jpg 999w\" sizes=\"auto, (max-width: 819px) 100vw, 819px\" \/><figcaption class=\"wp-element-caption\">Michael Igwe, &#8220;The moon somewhere else&#8221;, 2024 &#8211; Courtesy ERA Gallery<\/figcaption><\/figure>\n\n\n\n<p><strong>ERA Gallery<\/strong> is thrilled to announce &#8220;Shaping Grace and Disquiet&#8221;, a group show curated by Domenico de Chirico\u00a0featuring works by Chidinma Nnoli, Michael Igwe, Caterina Sammartino, Luca Di Terlizzi\u00a0and Gianmarco Porru\u00a0, opening in Milan, Via Gioacchino Rossini 3, on Thursday June 20th, from 6pm &#8211; 9pm. On show until July 27th 2024.<br \/>&#8220;The group exhibition <strong>Shaping Grace and Disquiet<\/strong>, aims to scrutinise, through countless questions, the dark universe of the subconscious that mysteriously pulls upon our strings to determine the unique modes that each of us adopts when dealing with sensual reality &#8211; that dark and impalpable space defined by the Roman philosopher Calcidio as a &#8216;torrent always in motion&#8217;.<br \/>Among abstract or hinted landscapes and moods that are impenetrable but nevertheless corroborated by an enigmatic-corporal preponderance, the five artists invited here &#8211; Chidinma Nnoli, Michael Igwe, Caterina Sammartino, Luca Di Terlizzi and Gianmarco Porru &#8211; suggest that we abandon ourselves to the suggestions of the senses, but only where they have the power to merge with the unknown, waiting for this mixture to generate moments of revelation and shockingly vital outbursts.&#8221;<br \/>Courtesy of Domenico de Chirico<\/p>\n\n\n\n<figure class=\"wp-block-image size-large\"><img loading=\"lazy\" decoding=\"async\" width=\"881\" height=\"1024\" src=\"https:\/\/www.biancoscuro.it\/site\/wp-content\/uploads\/2024\/06\/Chidinma-Nnoli-Have-a-little-faith-in-me-II-2024-ERA-Gallery-881x1024.jpg\" alt=\"Chidinma Nnoli, \u201cHave a little faith in me II\u201d, 2024, ERA Gallery\" class=\"wp-image-17423\" srcset=\"https:\/\/www.biancoscuro.it\/site\/wp-content\/uploads\/2024\/06\/Chidinma-Nnoli-Have-a-little-faith-in-me-II-2024-ERA-Gallery-881x1024.jpg 881w, https:\/\/www.biancoscuro.it\/site\/wp-content\/uploads\/2024\/06\/Chidinma-Nnoli-Have-a-little-faith-in-me-II-2024-ERA-Gallery-258x300.jpg 258w, https:\/\/www.biancoscuro.it\/site\/wp-content\/uploads\/2024\/06\/Chidinma-Nnoli-Have-a-little-faith-in-me-II-2024-ERA-Gallery-768x893.jpg 768w, https:\/\/www.biancoscuro.it\/site\/wp-content\/uploads\/2024\/06\/Chidinma-Nnoli-Have-a-little-faith-in-me-II-2024-ERA-Gallery.jpg 999w\" sizes=\"auto, (max-width: 881px) 100vw, 881px\" \/><figcaption class=\"wp-element-caption\">Chidinma Nnoli, \u201cHave a little faith in me II\u201d, 2024 &#8211; Courtesy ERA Gallery<\/figcaption><\/figure>\n\n\n\n<pre class=\"wp-block-preformatted\"><strong>INFO<br \/>Shaping Grace and Disquiet<\/strong><br \/>Group show <br \/><br \/>ERA GAllery<br \/>Via Gioacchino Rossini 3, Milan<br \/><br \/>Mar - Ven: 10.30 - 19.00 <br \/>Sab: 14.00 - 19.00<br \/>Tel. +39 02336522686 <br \/>Email: info@eragallery.it <br \/>www.eragallery.it<br \/>Social: @_eragallery<\/pre>\n","protected":false},"excerpt":{"rendered":"<p><span class=\"span-reading-time rt-reading-time\" style=\"display: block;\"><span class=\"rt-label rt-prefix\">\u23f0 lettura <\/span> <span class=\"rt-time\"> 2<\/span> <span class=\"rt-label rt-postfix\">min. <\/p>\n<p><\/span><\/span>ERA Gallery annuncia \u201cShaping Grace and Disquiet\u201d, una mostra collettiva curata da Domenico de Chirico\u00a0con opere di Chidinma Nnoli, Michael Igwe, Caterina Sammartino, Luca Di Terlizzi\u00a0e Gianmarco Porru\u00a0, che inaugurer\u00e0 gioved\u00ec 20 giugno, dalle 18:00 alle 21:00 nella sede di Milano, Via Gioacchino Rossini 3, rimanendo aperta fino al 27 luglio 2024. &#8220;La mostra collettiva&hellip;&nbsp;<a href=\"https:\/\/www.biancoscuro.it\/site\/shaping-grace-and-disquiet-group-show-milan\/\" rel=\"bookmark\">Leggi tutto &raquo;<span class=\"screen-reader-text\">Shaping Grace and Disquiet | Group show | Milano<\/span><\/a><\/p>\n","protected":false},"author":1140,"featured_media":17421,"comment_status":"closed","ping_status":"closed","sticky":false,"template":"","format":"standard","meta":{"neve_meta_sidebar":"","neve_meta_container":"","neve_meta_enable_content_width":"","neve_meta_content_width":0,"neve_meta_title_alignment":"","neve_meta_author_avatar":"","neve_post_elements_order":"","neve_meta_disable_header":"","neve_meta_disable_footer":"","neve_meta_disable_title":"","advanced_seo_description":"","jetpack_seo_html_title":"","jetpack_seo_noindex":false,"footnotes":""},"categories":[5,24],"tags":[449,461,809,2144,39,185,773,464],"class_list":["post-17416","post","type-post","status-publish","format-standard","has-post-thumbnail","hentry","category-arte","category-mostre","tag-arte","tag-arte-contemporanea","tag-artexhibition","tag-artgallery","tag-biancoscuro","tag-biancoscuro-art-magazine","tag-contemporaryart","tag-milano"],"jetpack_featured_media_url":"https:\/\/www.biancoscuro.it\/site\/wp-content\/uploads\/2024\/06\/Michael-Igwe-The-moon-somewhere-else-2024-ERA-Gallery.jpg","jetpack_sharing_enabled":true,"jetpack-related-posts":[{"id":4176,"url":"https:\/\/www.biancoscuro.it\/site\/isabella-rigamonti-luoghi-non-luoghi-showcases-gallery-varese\/","url_meta":{"origin":17416,"position":0},"title":"Isabella Rigamonti | luoghi non luoghi @ SHOWCASES GALLERY Varese","author":"Redazione BIANCOSCURO","date":"7 Luglio 2016","format":false,"excerpt":"In pieno centro\u00a0pedonale a\u00a0Varese, la\u00a0SHOWCASES GALLERY ospiter\u00e0 la mostra personale di\u00a0 Isabella Rigamonti dal titolo \"luoghi non luoghi\" La mostra \"Luoghi non luoghi\" \u00e8 realizzata in collaborazione con \u201cGEA-contro la violenza sulle donne\u201d, presentata e\u00a0curata dal critico Clara Castaldo.\u00a0ISABELLA RIGAMONTI\u00a0\u00e8 l'artista che ha fatto della fotografia una vera e propria\u2026","rel":"","context":"In &quot;arte&quot;","block_context":{"text":"arte","link":"https:\/\/www.biancoscuro.it\/site\/category\/arte\/"},"img":{"alt_text":"","src":"https:\/\/i0.wp.com\/www.biancoscuro.it\/site\/wp-content\/uploads\/2016\/07\/isabella-rigamonti-luoghi-non-luoghi.jpg?resize=350%2C200&ssl=1","width":350,"height":200,"srcset":"https:\/\/i0.wp.com\/www.biancoscuro.it\/site\/wp-content\/uploads\/2016\/07\/isabella-rigamonti-luoghi-non-luoghi.jpg?resize=350%2C200&ssl=1 1x, https:\/\/i0.wp.com\/www.biancoscuro.it\/site\/wp-content\/uploads\/2016\/07\/isabella-rigamonti-luoghi-non-luoghi.jpg?resize=525%2C300&ssl=1 1.5x, https:\/\/i0.wp.com\/www.biancoscuro.it\/site\/wp-content\/uploads\/2016\/07\/isabella-rigamonti-luoghi-non-luoghi.jpg?resize=700%2C400&ssl=1 2x"},"classes":[]},{"id":17123,"url":"https:\/\/www.biancoscuro.it\/site\/biancoscuro-leditoriale-di-vincenzo-chetta-63-aprile-maggio-2024\/","url_meta":{"origin":17416,"position":1},"title":"BIANCOSCURO, l\u2019editoriale di Vincenzo Chetta &#8211; #63 APRILE\/MAGGIO 2024","author":"Vincenzo Chetta","date":"3 Aprile 2024","format":false,"excerpt":"Chiudiamo questo numero in un periodo saturo di eventi artistici di ogni genere, tantissime inaugurazioni di mostre collettive e personali molto interessanti in luoghi altrettanto coinvolgenti, e fiere d\u2019arte quasi che si accavallano l\u2019una sull\u2019altra. Proprio mentre scrivo, stiamo coordinando la nostra presenza, ormai fissa, ad Art Basel Hong Kong,\u2026","rel":"","context":"In &quot;art magazine&quot;","block_context":{"text":"art magazine","link":"https:\/\/www.biancoscuro.it\/site\/category\/art-magazine\/"},"img":{"alt_text":"","src":"https:\/\/i0.wp.com\/www.biancoscuro.it\/site\/wp-content\/uploads\/2024\/04\/333_Giardini-2019_Photo-Andrea-Avezzu-Courtesy-of-La-Biennale-di-Venezia.jpg?resize=350%2C200&ssl=1","width":350,"height":200},"classes":[]},{"id":17192,"url":"https:\/\/www.biancoscuro.it\/site\/game-over\/","url_meta":{"origin":17416,"position":2},"title":"Game Over","author":"Felix Dario Ruggeri","date":"19 Aprile 2024","format":false,"excerpt":"\u201cCon la pubblicazione online del video GAME OVER si conclude l'esperienza di_arte da non guardare_\u201d GAME OVER Per due anni _ADNG_ \u00e8 stato un osservatorio critico concentrato a segnalare le pseudo-comodit\u00e0 imposte dall\u2019Avvento AI. Esperienze enfatizzate e promosse con metodologie invasive, la cui finalit\u00e0 \u00e8 deteriorare, corrompere, manipolare e sos-tituire\u2026","rel":"","context":"In &quot;arte&quot;","block_context":{"text":"arte","link":"https:\/\/www.biancoscuro.it\/site\/category\/arte\/"},"img":{"alt_text":"","src":"https:\/\/i0.wp.com\/www.biancoscuro.it\/site\/wp-content\/uploads\/2024\/04\/GAME-OVER-333.jpg?resize=350%2C200&ssl=1","width":350,"height":200},"classes":[]},{"id":15233,"url":"https:\/\/www.biancoscuro.it\/site\/faust-in-marienbad-kaoru-arima\/","url_meta":{"origin":17416,"position":3},"title":"FAUST IN MARIENBAD | Kaoru Arima","author":"Aurora Maglia","date":"3 Dicembre 2022","format":false,"excerpt":"Kaoru Arima, The Persone I Don\u2019t Know, 2021. Courtesy the artist, Kei Okano and MISAKO & ROSEN, Tokyo \"FAUST IN MARIENBAD by the Room 0:00:00 in Milano\" di Kaoru Arima CFAlive ospita a Milano la galleria MISAKO & ROSEN di Tokyo, che presenta la personale FAUST IN MARIENBAD by the\u2026","rel":"","context":"In &quot;arte&quot;","block_context":{"text":"arte","link":"https:\/\/www.biancoscuro.it\/site\/category\/arte\/"},"img":{"alt_text":"","src":"https:\/\/i0.wp.com\/www.biancoscuro.it\/site\/wp-content\/uploads\/2022\/12\/Kaoru-Arima_1.jpg?resize=350%2C200&ssl=1","width":350,"height":200},"classes":[]},{"id":18247,"url":"https:\/\/www.biancoscuro.it\/site\/miart-presenta-talks-among-friends\/","url_meta":{"origin":17416,"position":4},"title":"miart Presenta &#8220;Talks Among Friends&#8221;","author":"Redazione BIANCOSCURO","date":"12 Marzo 2025","format":false,"excerpt":"Milano - miart, la fiera internazionale d'arte moderna e contemporanea organizzata da Fiera Milano, lancia \"Talks Among Friends\", un ciclo di conversazioni che esplorano il profondo legame tra arte, amicizia e le dinamiche collaborative che spesso plasmano il processo creativo. miart 2024 \u00a9 Ph. Nicola Gnesi Studio Realizzato in collaborazione\u2026","rel":"","context":"In &quot;arte&quot;","block_context":{"text":"arte","link":"https:\/\/www.biancoscuro.it\/site\/category\/arte\/"},"img":{"alt_text":"","src":"https:\/\/i0.wp.com\/www.biancoscuro.it\/site\/wp-content\/uploads\/2025\/03\/1003_miart-2024_ph.-Nicola-Gnesi-Studio.jpg?resize=350%2C200&ssl=1","width":350,"height":200,"srcset":"https:\/\/i0.wp.com\/www.biancoscuro.it\/site\/wp-content\/uploads\/2025\/03\/1003_miart-2024_ph.-Nicola-Gnesi-Studio.jpg?resize=350%2C200&ssl=1 1x, https:\/\/i0.wp.com\/www.biancoscuro.it\/site\/wp-content\/uploads\/2025\/03\/1003_miart-2024_ph.-Nicola-Gnesi-Studio.jpg?resize=525%2C300&ssl=1 1.5x, https:\/\/i0.wp.com\/www.biancoscuro.it\/site\/wp-content\/uploads\/2025\/03\/1003_miart-2024_ph.-Nicola-Gnesi-Studio.jpg?resize=700%2C400&ssl=1 2x"},"classes":[]},{"id":1147,"url":"https:\/\/www.biancoscuro.it\/site\/trofeo-la-vela-doro-per-larte-2014-cesenatico-fc\/","url_meta":{"origin":17416,"position":5},"title":"Trofeo La Vela d\u2019Oro per l\u2019Arte 2014 \u2013 Cesenatico (FC)","author":"Redazione BIANCOSCURO","date":"15 Aprile 2014","format":false,"excerpt":"Si terr\u00e0 il 28 giugno 2014 presso la Sala Congressi Hotel Miramare il Trofeo La Vela d\u2019oro per l\u2019Arte 2014, conferimento per meriti artistici con\u00a0Premiazione ed esposizione delle opere selezionate\u00a0 nei mesi di luglio e agosto,\u00a0a Cesenatico\u00a0citt\u00e0\u00a0che\u00a0ospita fra l\u2019altro, il suggestivo\u00a0Museo galleggiante della Marineria, con le storiche\u00a0Battane\u00a0e le loro\u00a0particolarissime Vele\u2026","rel":"","context":"In &quot;arte&quot;","block_context":{"text":"arte","link":"https:\/\/www.biancoscuro.it\/site\/category\/arte\/"},"img":{"alt_text":"xx 072","src":"https:\/\/i0.wp.com\/www.artexpo-gallery.it\/site\/wp-content\/uploads\/2014\/04\/xx-072-300x225.jpg?resize=350%2C200","width":350,"height":200},"classes":[]}],"_links":{"self":[{"href":"https:\/\/www.biancoscuro.it\/site\/wp-json\/wp\/v2\/posts\/17416","targetHints":{"allow":["GET"]}}],"collection":[{"href":"https:\/\/www.biancoscuro.it\/site\/wp-json\/wp\/v2\/posts"}],"about":[{"href":"https:\/\/www.biancoscuro.it\/site\/wp-json\/wp\/v2\/types\/post"}],"author":[{"embeddable":true,"href":"https:\/\/www.biancoscuro.it\/site\/wp-json\/wp\/v2\/users\/1140"}],"replies":[{"embeddable":true,"href":"https:\/\/www.biancoscuro.it\/site\/wp-json\/wp\/v2\/comments?post=17416"}],"version-history":[{"count":3,"href":"https:\/\/www.biancoscuro.it\/site\/wp-json\/wp\/v2\/posts\/17416\/revisions"}],"predecessor-version":[{"id":17425,"href":"https:\/\/www.biancoscuro.it\/site\/wp-json\/wp\/v2\/posts\/17416\/revisions\/17425"}],"wp:featuredmedia":[{"embeddable":true,"href":"https:\/\/www.biancoscuro.it\/site\/wp-json\/wp\/v2\/media\/17421"}],"wp:attachment":[{"href":"https:\/\/www.biancoscuro.it\/site\/wp-json\/wp\/v2\/media?parent=17416"}],"wp:term":[{"taxonomy":"category","embeddable":true,"href":"https:\/\/www.biancoscuro.it\/site\/wp-json\/wp\/v2\/categories?post=17416"},{"taxonomy":"post_tag","embeddable":true,"href":"https:\/\/www.biancoscuro.it\/site\/wp-json\/wp\/v2\/tags?post=17416"}],"curies":[{"name":"wp","href":"https:\/\/api.w.org\/{rel}","templated":true}]}}