{"id":17478,"date":"2024-07-15T15:26:31","date_gmt":"2024-07-15T13:26:31","guid":{"rendered":"https:\/\/www.biancoscuro.it\/site\/?p=17478"},"modified":"2024-07-17T12:42:21","modified_gmt":"2024-07-17T10:42:21","slug":"alessia-babrow-love-my-mother","status":"publish","type":"post","link":"https:\/\/www.biancoscuro.it\/site\/alessia-babrow-love-my-mother\/","title":{"rendered":"Alessia Babrow &#8211; Love my Mother"},"content":{"rendered":"<span class=\"span-reading-time rt-reading-time\" style=\"display: block;\"><span class=\"rt-label rt-prefix\">\u23f0 lettura <\/span> <span class=\"rt-time\"> 3<\/span> <span class=\"rt-label rt-postfix\">min. <br><br><\/span><\/span><div class=\"wp-block-image\">\n<figure class=\"aligncenter size-full\"><img loading=\"lazy\" decoding=\"async\" width=\"850\" height=\"850\" src=\"https:\/\/www.biancoscuro.it\/site\/wp-content\/uploads\/2024\/07\/Alessia-Babrow-Love-is-Stronger-Than-Hate-copia.jpeg\" alt=\"\" class=\"wp-image-17479\" srcset=\"https:\/\/www.biancoscuro.it\/site\/wp-content\/uploads\/2024\/07\/Alessia-Babrow-Love-is-Stronger-Than-Hate-copia.jpeg 850w, https:\/\/www.biancoscuro.it\/site\/wp-content\/uploads\/2024\/07\/Alessia-Babrow-Love-is-Stronger-Than-Hate-copia-300x300.jpeg 300w, https:\/\/www.biancoscuro.it\/site\/wp-content\/uploads\/2024\/07\/Alessia-Babrow-Love-is-Stronger-Than-Hate-copia-150x150.jpeg 150w, https:\/\/www.biancoscuro.it\/site\/wp-content\/uploads\/2024\/07\/Alessia-Babrow-Love-is-Stronger-Than-Hate-copia-768x768.jpeg 768w\" sizes=\"auto, (max-width: 850px) 100vw, 850px\" \/><\/figure>\n<\/div>\n\n\n<p class=\"has-text-align-center\"><strong><em>PROGETTO #EX_TRA<\/em><\/strong><\/p>\n\n\n\n<p class=\"has-text-align-center\"><strong>Alessia Babrow&nbsp;presenta due nuove opere <\/strong><br \/><strong>della serie <em>LOVE MY MOTHER<\/em><\/strong><\/p>\n\n\n\n<p class=\"has-text-align-center\"><strong>Inaugurazione 18 luglio 2024<\/strong><br \/><strong>Via del Governo Vecchio 115 \/ Via Sora 24&nbsp;<\/strong><br \/><strong>Roma<\/strong><\/p>\n\n\n\n<p class=\"has-text-align-left\">Dopo l\u2019esposizione nel mese di giugno dell\u2019immagine simbolo della nuova serie <em>Love My Mother<\/em> in via Del Governo Vecchio 69 a Roma, il giorno 18 luglio 2024 <strong>Alessia Babrow<\/strong> presenta due ulteriori opere in altrettanti cantieri del Gruppo Pouchain per il <em>Progetto #EX_TRA<\/em>:<strong> Universal Heartbeat <\/strong>e <strong>Love is Stronger Than Hate<\/strong>, in Via del Governo Vecchio 115 e in Via Sora 24.&nbsp;<\/p>\n\n\n\n<p><strong>Universal Heartbeat <\/strong>e <strong>Love is Stronger Than Hate <\/strong>nascono come due interventi urbani eseguiti rispettivamente nel 2023 e 2021 e rivisitati per la serie<em> Love My Mother<\/em>: dove non arriva il cuore delle persone, dovrebbe subentrare la buona educazione, il senso civico e il rispetto. Infatti, chi siamo, ci\u00f2 che diciamo e cosa facciamo ha un impatto su tutto ci\u00f2 che ci circonda, e da questo assunto dovrebbe nascere un senso di responsabilit\u00e0 individuale che ancora facciamo fatica ad integrare come collettivit\u00e0. La tecnologia di oggi rappresenta la massima espressione di questa interconnessione: esistiamo in relazione a chi e cosa c\u2019\u00e8 oltre noi e la comunicazione \u00e8 fondamento delle nostre interazioni. Anche se abitiamo in paesi diversi, citt\u00e0, stati o nazioni, siamo tutti conviventi in questa grande casa chiamata Terra: ogni anno ci sono almeno 100 conflitti armati in corso, con conseguenze devastanti sotto ogni punto di vista e, nonostante la nostra storia ci rammenti continuamente gli orrori della guerra, continuiamo ad ignorare le cause che portano a questo tipo di risoluzioni. Ricordare quanto ogni persona e ogni pi\u00f9 piccola azione contribuiscano attivamente nel creare una nuova e permanente cultura di pace \u00e8 essenziale finch\u00e9 continueremo ad assistere a scenari che non dovrebbero pi\u00f9 far parte del nostro presente.&nbsp;<\/p>\n\n\n\n<p>La serie<strong> <em>Love My Mother<\/em><\/strong> \u00e8 costituita da <strong>12 opere<\/strong> dove i bambini sono i protagonisti, i portavoce di valori spesso dimenticati. \u00abI bambini sono delle tele vergini gi\u00e0 perfette in s\u00e9, su cui noi imprimiamo la nostra storia, sia da un punto di vista sociale, individuale e collettivo. I bambini ci ricordano la magia, la bellezza e la sacralit\u00e0 della vita\u00bb, continua l\u2019artista, \u00abil mio \u00e8 un atto di speranza rivolto al nostro presente e al loro futuro, immaginando che le prossime generazioni vivranno nel rispetto di questa terra e dei suoi abitanti\u00bb.<br \/><br \/>Con il progetto <em>#EX_TRA <\/em>e con l\u2019hashtag a cui \u00e8 legato, <em>Exempla Trahunt, gli esempi trascinano<\/em>, il <strong><em>Gruppo Pouchain<\/em><\/strong>, leader nel settore del restauro monumentale, mette a disposizione i propri ponteggi con l\u2019obiettivo di portare all\u2019aperto, nella citt\u00e0, nelle strade, un\u2019opera d\u2019arte, nell\u2019ottica di aprire la strada a nuovi percorsi socio-artistici e culturali e dimostrando che il senso di cooperazione genera e dona valore.&nbsp;<\/p>\n\n\n\n<p><strong>Alessia Babrow<\/strong>, artista italo-sudafricana, ha indirizzato la sua opera verso un&#8217;indagine del concetto di arte come funzione sociale, interrogandosi su tematiche che spaziano dall\u2019ambiente alla societ\u00e0, al patrimonio e dignit\u00e0 degli esseri umani. Fin dai suoi esordi artistici, Alessia Babrow si \u00e8 dedicata ad un confronto con tematiche quali l\u2019ambiente, la globalizzazione, temi sociali e di denuncia spingendosi fino alla religione, intesa come cultura di una data popolazione. Definita un\u2019artista poliedrica, esplora le varie forme d\u2019arte contemporanea impiegando diversi linguaggi espressivi, che spaziano dalla fotografia alla performance, video art, installazioni, assemblaggi e interventi urbani. Sviluppa una propria estetica che caratterizza tutto il suo operato, contraddistinguendosi per la ricerca indirizzata alla scoperta dell\u2019io in relazione al mondo circostante. Le sue opere trovano un complemento con il fruitore che viene indirizzato attraverso titoli eloquenti, a volte provocatori, ma sempre evocativi. Uno slittamento continuo operato attraverso la ricerca artistica strettamente connessa a quella personale e al messaggio sociale di cui l\u2019espressione della Babrow diventa veicolo primario e la stessa tecnica impiegata ne sono il mezzo e il linguaggio espressivo. Negli anni \u00e8 stata esposta in Cina, Russia, Stati Uniti, Grecia, Austria e Italia.<\/p>\n\n\n\n<figure class=\"wp-block-gallery has-nested-images columns-default is-cropped wp-block-gallery-1 is-layout-flex wp-block-gallery-is-layout-flex\">\n<figure class=\"wp-block-image size-large\"><img loading=\"lazy\" decoding=\"async\" width=\"800\" height=\"800\" data-id=\"17481\" src=\"https:\/\/www.biancoscuro.it\/site\/wp-content\/uploads\/2024\/07\/Alessia-Babrow-Universal-Heartbeat-copia.jpeg\" alt=\"\" class=\"wp-image-17481\" srcset=\"https:\/\/www.biancoscuro.it\/site\/wp-content\/uploads\/2024\/07\/Alessia-Babrow-Universal-Heartbeat-copia.jpeg 800w, https:\/\/www.biancoscuro.it\/site\/wp-content\/uploads\/2024\/07\/Alessia-Babrow-Universal-Heartbeat-copia-300x300.jpeg 300w, https:\/\/www.biancoscuro.it\/site\/wp-content\/uploads\/2024\/07\/Alessia-Babrow-Universal-Heartbeat-copia-150x150.jpeg 150w, https:\/\/www.biancoscuro.it\/site\/wp-content\/uploads\/2024\/07\/Alessia-Babrow-Universal-Heartbeat-copia-768x768.jpeg 768w\" sizes=\"auto, (max-width: 800px) 100vw, 800px\" \/><\/figure>\n\n\n\n<figure class=\"wp-block-image size-large\"><img loading=\"lazy\" decoding=\"async\" width=\"850\" height=\"850\" data-id=\"17482\" src=\"https:\/\/www.biancoscuro.it\/site\/wp-content\/uploads\/2024\/07\/Alessia-Babrow-Love-is-Stronger-Than-Hate-copia-1.jpeg\" alt=\"\" class=\"wp-image-17482\" srcset=\"https:\/\/www.biancoscuro.it\/site\/wp-content\/uploads\/2024\/07\/Alessia-Babrow-Love-is-Stronger-Than-Hate-copia-1.jpeg 850w, https:\/\/www.biancoscuro.it\/site\/wp-content\/uploads\/2024\/07\/Alessia-Babrow-Love-is-Stronger-Than-Hate-copia-1-300x300.jpeg 300w, https:\/\/www.biancoscuro.it\/site\/wp-content\/uploads\/2024\/07\/Alessia-Babrow-Love-is-Stronger-Than-Hate-copia-1-150x150.jpeg 150w, https:\/\/www.biancoscuro.it\/site\/wp-content\/uploads\/2024\/07\/Alessia-Babrow-Love-is-Stronger-Than-Hate-copia-1-768x768.jpeg 768w\" sizes=\"auto, (max-width: 850px) 100vw, 850px\" \/><\/figure>\n<\/figure>\n\n\n\n<pre class=\"wp-block-preformatted\"><strong>INFO<\/strong><br \/><strong><em>PROGETTO #EX_TRA<\/em><\/strong><br \/><strong>Alessia Babrow<br \/>Love my Mother<\/strong><br \/><strong><br \/><\/strong>Promosso da Gruppo Pouchain<br \/><strong>Inaugurazione 18 luglio 2024<\/strong><br \/><strong>Via del Governo Vecchio 115 \/ Via Sora 24 \u2013 Roma<\/strong><br \/><br \/><strong>Gruppo Pouchain<\/strong><br \/>Via della Giustiniana, 1012 - Roma<br \/>https:\/\/gruppo-pouchain.com<br \/><br \/><strong>Alessia Babrow<br \/><\/strong>babrow.pressoffice@gmail.com<\/pre>\n\n\n\n<p><\/p>\n\n\n\n<p><\/p>\n\n\n\n<p><\/p>\n\n\n\n<p><\/p>\n","protected":false},"excerpt":{"rendered":"<p><span class=\"span-reading-time rt-reading-time\" style=\"display: block;\"><span class=\"rt-label rt-prefix\">\u23f0 lettura <\/span> <span class=\"rt-time\"> 3<\/span> <span class=\"rt-label rt-postfix\">min. <\/p>\n<p><\/span><\/span>PROGETTO #EX_TRA Alessia Babrow&nbsp;presenta due nuove opere della serie LOVE MY MOTHER Inaugurazione 18 luglio 2024Via del Governo Vecchio 115 \/ Via Sora 24&nbsp;Roma Dopo l\u2019esposizione nel mese di giugno dell\u2019immagine simbolo della nuova serie Love My Mother in via Del Governo Vecchio 69 a Roma, il giorno 18 luglio 2024 Alessia Babrow presenta due&hellip;&nbsp;<a href=\"https:\/\/www.biancoscuro.it\/site\/alessia-babrow-love-my-mother\/\" rel=\"bookmark\">Leggi tutto &raquo;<span class=\"screen-reader-text\">Alessia Babrow &#8211; Love my Mother<\/span><\/a><\/p>\n","protected":false},"author":980,"featured_media":17479,"comment_status":"closed","ping_status":"closed","sticky":false,"template":"","format":"standard","meta":{"neve_meta_sidebar":"","neve_meta_container":"","neve_meta_enable_content_width":"","neve_meta_content_width":0,"neve_meta_title_alignment":"","neve_meta_author_avatar":"","neve_post_elements_order":"","neve_meta_disable_header":"","neve_meta_disable_footer":"","neve_meta_disable_title":"","advanced_seo_description":"","jetpack_seo_html_title":"","jetpack_seo_noindex":false,"footnotes":""},"categories":[5,26,334],"tags":[],"class_list":["post-17478","post","type-post","status-publish","format-standard","has-post-thumbnail","hentry","category-arte","category-eventi","category-installazioni"],"jetpack_featured_media_url":"https:\/\/www.biancoscuro.it\/site\/wp-content\/uploads\/2024\/07\/Alessia-Babrow-Love-is-Stronger-Than-Hate-copia.jpeg","jetpack_sharing_enabled":true,"jetpack-related-posts":[{"id":13294,"url":"https:\/\/www.biancoscuro.it\/site\/burning-land-barchitta-steiger\/","url_meta":{"origin":17478,"position":0},"title":"Burning Land |  Barchitta \/ Steiger","author":"Redazione BIANCOSCURO","date":"2 Maggio 2022","format":false,"excerpt":"Alessio Barchitta LABS Contemporary Art \u00e8 lieta di presentare \u201cBurning Land\u201d, mostra bi-personale di Alessio Barchitta e Marius Steiger a cura di Domenico de Chirico. \u201cBurning Land\u201d \u00e8 una mostra che ha come intento quello di indagare la materia, in termini sia realistici sia metaforici, in tutto il suo potenziale\u2026","rel":"","context":"In &quot;arte&quot;","block_context":{"text":"arte","link":"https:\/\/www.biancoscuro.it\/site\/category\/arte\/"},"img":{"alt_text":"","src":"https:\/\/i0.wp.com\/www.biancoscuro.it\/site\/wp-content\/uploads\/2022\/04\/Alessio-Barchitta-Chiodo-fisso-2021-argilla-rossa-smalti-52-x-35-x-25-cm_.jpg?resize=350%2C200&ssl=1","width":350,"height":200,"srcset":"https:\/\/i0.wp.com\/www.biancoscuro.it\/site\/wp-content\/uploads\/2022\/04\/Alessio-Barchitta-Chiodo-fisso-2021-argilla-rossa-smalti-52-x-35-x-25-cm_.jpg?resize=350%2C200&ssl=1 1x, https:\/\/i0.wp.com\/www.biancoscuro.it\/site\/wp-content\/uploads\/2022\/04\/Alessio-Barchitta-Chiodo-fisso-2021-argilla-rossa-smalti-52-x-35-x-25-cm_.jpg?resize=525%2C300&ssl=1 1.5x, https:\/\/i0.wp.com\/www.biancoscuro.it\/site\/wp-content\/uploads\/2022\/04\/Alessio-Barchitta-Chiodo-fisso-2021-argilla-rossa-smalti-52-x-35-x-25-cm_.jpg?resize=700%2C400&ssl=1 2x"},"classes":[]},{"id":11978,"url":"https:\/\/www.biancoscuro.it\/site\/alessio-deli-anthropocene\/","url_meta":{"origin":17478,"position":1},"title":"Alessio Deli  &#8211; Anthropocene","author":"Roberta Melasecca","date":"11 Giugno 2021","format":false,"excerpt":"Alessio DeliAnthropoceneA cura di Adriano Pricoco e Daniele Raneri Inaugurazione 12 giugno 2021 ore 20.00 MacS - Museo d\u2019Arte Contemporanea SiciliaVia S. Francesco D'Assisi, 30 CataniaFino al 16 luglio 2021 Dopo l\u2019anteprima virtualedello scorso dicembre 2020, il MacS Museo di Arte Contemporanea Sicilia di Catania, sotto la direzione di Giuseppina\u2026","rel":"","context":"In &quot;arte&quot;","block_context":{"text":"arte","link":"https:\/\/www.biancoscuro.it\/site\/category\/arte\/"},"img":{"alt_text":"","src":"https:\/\/i0.wp.com\/www.biancoscuro.it\/site\/wp-content\/uploads\/2021\/06\/1-copia.jpg?resize=350%2C200&ssl=1","width":350,"height":200,"srcset":"https:\/\/i0.wp.com\/www.biancoscuro.it\/site\/wp-content\/uploads\/2021\/06\/1-copia.jpg?resize=350%2C200&ssl=1 1x, https:\/\/i0.wp.com\/www.biancoscuro.it\/site\/wp-content\/uploads\/2021\/06\/1-copia.jpg?resize=525%2C300&ssl=1 1.5x, https:\/\/i0.wp.com\/www.biancoscuro.it\/site\/wp-content\/uploads\/2021\/06\/1-copia.jpg?resize=700%2C400&ssl=1 2x"},"classes":[]},{"id":12543,"url":"https:\/\/www.biancoscuro.it\/site\/lucianella-cafagna-e-claire-piredda-nothings-gonna-change-my-world\/","url_meta":{"origin":17478,"position":2},"title":"Lucianella Cafagna e Claire Piredda &#8211; nothing\u2019s gonna change my world","author":"Roberta Melasecca","date":"10 Novembre 2021","format":false,"excerpt":"Domenica 21 novembre 2021 Von Buren Contemporary presenta la mostra nothing\u2019s gonna change my world con le opere dell\u2019artista romana LucianellaCafagna e della scultrice italo-canadese Claire Piredda, a cura diMichele von B\u00fcren e con i testi di Antonio Monda e Valentina Orengo.\u00a0 nothing\u2019s gonna change my world \u00e8 stata appositamente\u2026","rel":"","context":"In &quot;arte&quot;","block_context":{"text":"arte","link":"https:\/\/www.biancoscuro.it\/site\/category\/arte\/"},"img":{"alt_text":"","src":"https:\/\/i0.wp.com\/www.biancoscuro.it\/site\/wp-content\/uploads\/2021\/11\/invito-Cafagna-Piredda-Novembre-21-copia-e1637319045738.jpg?resize=350%2C200&ssl=1","width":350,"height":200,"srcset":"https:\/\/i0.wp.com\/www.biancoscuro.it\/site\/wp-content\/uploads\/2021\/11\/invito-Cafagna-Piredda-Novembre-21-copia-e1637319045738.jpg?resize=350%2C200&ssl=1 1x, https:\/\/i0.wp.com\/www.biancoscuro.it\/site\/wp-content\/uploads\/2021\/11\/invito-Cafagna-Piredda-Novembre-21-copia-e1637319045738.jpg?resize=525%2C300&ssl=1 1.5x"},"classes":[]},{"id":5601,"url":"https:\/\/www.biancoscuro.it\/site\/dario-carratta-sniff-my-leather-jacket\/","url_meta":{"origin":17478,"position":3},"title":"Dario Carratta | Sniff my leather jacket","author":"Chiara C.G.","date":"6 Giugno 2017","format":false,"excerpt":"Marted\u00ec 20 giugno apre Sniff my leather jacket, personale di Dario Carratta e ultima mostra della stagione espositiva della Richter Fine Art che, durante il suo primo anno di vita, ha organizzato quattro mostre tutte dedicate alla pittura, fil rouge della programmazione della galleria. Torna, stavolta come unico autore, uno\u2026","rel":"","context":"In &quot;art magazine&quot;","block_context":{"text":"art magazine","link":"https:\/\/www.biancoscuro.it\/site\/category\/art-magazine\/"},"img":{"alt_text":"","src":"https:\/\/i0.wp.com\/www.biancoscuro.it\/site\/wp-content\/uploads\/2017\/06\/rev1692991-ori.jpg?resize=350%2C200&ssl=1","width":350,"height":200,"srcset":"https:\/\/i0.wp.com\/www.biancoscuro.it\/site\/wp-content\/uploads\/2017\/06\/rev1692991-ori.jpg?resize=350%2C200&ssl=1 1x, https:\/\/i0.wp.com\/www.biancoscuro.it\/site\/wp-content\/uploads\/2017\/06\/rev1692991-ori.jpg?resize=525%2C300&ssl=1 1.5x, https:\/\/i0.wp.com\/www.biancoscuro.it\/site\/wp-content\/uploads\/2017\/06\/rev1692991-ori.jpg?resize=700%2C400&ssl=1 2x"},"classes":[]},{"id":14602,"url":"https:\/\/www.biancoscuro.it\/site\/impollinemesi-tre-artisti-per-la-salvaguardia-delle-api\/","url_meta":{"origin":17478,"position":4},"title":"Impollin\u00e8mesi, tre artisti per la salvaguardia delle api","author":"Elena Seno","date":"28 Ottobre 2022","format":false,"excerpt":"Api di Silvia Scaringella. Ph. Yourban2030 Cupido \u00e8 un\u2019ape impollinatrice, i fiori sono languide figure che si abbracciano e aspettano di essere bersagliate dalla sua freccia.A Carrara, sulla Scalinata Monterosso, nasce il primo eco-murales multimediale d\u2019Italia intitolato Impollin\u00e8mesi e realizzato da tre artisti dal background completamento diverso, uniti da una\u2026","rel":"","context":"In &quot;arte&quot;","block_context":{"text":"arte","link":"https:\/\/www.biancoscuro.it\/site\/category\/arte\/"},"img":{"alt_text":"","src":"https:\/\/i0.wp.com\/www.biancoscuro.it\/site\/wp-content\/uploads\/2022\/10\/Totale-Impollinemesi-angolo_Foto-di-Yourban2030-1.jpg?resize=350%2C200&ssl=1","width":350,"height":200,"srcset":"https:\/\/i0.wp.com\/www.biancoscuro.it\/site\/wp-content\/uploads\/2022\/10\/Totale-Impollinemesi-angolo_Foto-di-Yourban2030-1.jpg?resize=350%2C200&ssl=1 1x, https:\/\/i0.wp.com\/www.biancoscuro.it\/site\/wp-content\/uploads\/2022\/10\/Totale-Impollinemesi-angolo_Foto-di-Yourban2030-1.jpg?resize=525%2C300&ssl=1 1.5x, https:\/\/i0.wp.com\/www.biancoscuro.it\/site\/wp-content\/uploads\/2022\/10\/Totale-Impollinemesi-angolo_Foto-di-Yourban2030-1.jpg?resize=700%2C400&ssl=1 2x"},"classes":[]},{"id":2689,"url":"https:\/\/www.biancoscuro.it\/site\/interferenze-4-il-pozzo-berardinelli_gatta\/","url_meta":{"origin":17478,"position":5},"title":"INTERFERENZE #4: IL POZZO | Berardinelli_Gatta","author":"Redazione BIANCOSCURO","date":"15 Maggio 2015","format":false,"excerpt":"Con il Patrocinio del Regione Umbria, Provincia di Perugia, Comune di Spoleto, Comune di Perugia INTERFERENZE #4: IL POZZO | Berardinelli_Gatta a cura di Alessia Vergari e Lorenzo Rossi Vernissage domenica 24 maggio ore 18:30 Arriva al suo ultimo appuntamento il progetto \"Interferenze\" con la mostra di Berardinelli_Gatta a cura\u2026","rel":"","context":"In &quot;arte&quot;","block_context":{"text":"arte","link":"https:\/\/www.biancoscuro.it\/site\/category\/arte\/"},"img":{"alt_text":"","src":"https:\/\/i0.wp.com\/www.biancoscuro.it\/site\/wp-content\/uploads\/2015\/05\/il-pozzo.jpg?resize=350%2C200&ssl=1","width":350,"height":200,"srcset":"https:\/\/i0.wp.com\/www.biancoscuro.it\/site\/wp-content\/uploads\/2015\/05\/il-pozzo.jpg?resize=350%2C200&ssl=1 1x, https:\/\/i0.wp.com\/www.biancoscuro.it\/site\/wp-content\/uploads\/2015\/05\/il-pozzo.jpg?resize=525%2C300&ssl=1 1.5x, https:\/\/i0.wp.com\/www.biancoscuro.it\/site\/wp-content\/uploads\/2015\/05\/il-pozzo.jpg?resize=700%2C400&ssl=1 2x, https:\/\/i0.wp.com\/www.biancoscuro.it\/site\/wp-content\/uploads\/2015\/05\/il-pozzo.jpg?resize=1050%2C600&ssl=1 3x, https:\/\/i0.wp.com\/www.biancoscuro.it\/site\/wp-content\/uploads\/2015\/05\/il-pozzo.jpg?resize=1400%2C800&ssl=1 4x"},"classes":[]}],"_links":{"self":[{"href":"https:\/\/www.biancoscuro.it\/site\/wp-json\/wp\/v2\/posts\/17478","targetHints":{"allow":["GET"]}}],"collection":[{"href":"https:\/\/www.biancoscuro.it\/site\/wp-json\/wp\/v2\/posts"}],"about":[{"href":"https:\/\/www.biancoscuro.it\/site\/wp-json\/wp\/v2\/types\/post"}],"author":[{"embeddable":true,"href":"https:\/\/www.biancoscuro.it\/site\/wp-json\/wp\/v2\/users\/980"}],"replies":[{"embeddable":true,"href":"https:\/\/www.biancoscuro.it\/site\/wp-json\/wp\/v2\/comments?post=17478"}],"version-history":[{"count":4,"href":"https:\/\/www.biancoscuro.it\/site\/wp-json\/wp\/v2\/posts\/17478\/revisions"}],"predecessor-version":[{"id":17485,"href":"https:\/\/www.biancoscuro.it\/site\/wp-json\/wp\/v2\/posts\/17478\/revisions\/17485"}],"wp:featuredmedia":[{"embeddable":true,"href":"https:\/\/www.biancoscuro.it\/site\/wp-json\/wp\/v2\/media\/17479"}],"wp:attachment":[{"href":"https:\/\/www.biancoscuro.it\/site\/wp-json\/wp\/v2\/media?parent=17478"}],"wp:term":[{"taxonomy":"category","embeddable":true,"href":"https:\/\/www.biancoscuro.it\/site\/wp-json\/wp\/v2\/categories?post=17478"},{"taxonomy":"post_tag","embeddable":true,"href":"https:\/\/www.biancoscuro.it\/site\/wp-json\/wp\/v2\/tags?post=17478"}],"curies":[{"name":"wp","href":"https:\/\/api.w.org\/{rel}","templated":true}]}}