{"id":17540,"date":"2024-09-04T15:02:54","date_gmt":"2024-09-04T13:02:54","guid":{"rendered":"https:\/\/www.biancoscuro.it\/site\/?p=17540"},"modified":"2024-09-04T18:50:45","modified_gmt":"2024-09-04T16:50:45","slug":"iosonovulnerabile-fallire-e-una-conquista-arte-e-amare-lerrore","status":"publish","type":"post","link":"https:\/\/www.biancoscuro.it\/site\/iosonovulnerabile-fallire-e-una-conquista-arte-e-amare-lerrore\/","title":{"rendered":"IOSONOVULNERABILE"},"content":{"rendered":"<span class=\"span-reading-time rt-reading-time\" style=\"display: block;\"><span class=\"rt-label rt-prefix\">\u23f0 lettura <\/span> <span class=\"rt-time\"> 4<\/span> <span class=\"rt-label rt-postfix\">min. <br><br><\/span><\/span>\n<h2 class=\"wp-block-heading\">Fallire \u00e8 una conquista &#8211; arte \u00e8 amare l&#8217;errore<\/h2>\n\n\n<div class=\"wp-block-image\">\n<figure class=\"aligncenter size-full\"><img loading=\"lazy\" decoding=\"async\" width=\"1257\" height=\"937\" src=\"https:\/\/www.biancoscuro.it\/site\/wp-content\/uploads\/2024\/09\/Io-sono-vulnerabile-immagine-guida.jpeg\" alt=\"\" class=\"wp-image-17541\" srcset=\"https:\/\/www.biancoscuro.it\/site\/wp-content\/uploads\/2024\/09\/Io-sono-vulnerabile-immagine-guida.jpeg 1257w, https:\/\/www.biancoscuro.it\/site\/wp-content\/uploads\/2024\/09\/Io-sono-vulnerabile-immagine-guida-300x224.jpeg 300w, https:\/\/www.biancoscuro.it\/site\/wp-content\/uploads\/2024\/09\/Io-sono-vulnerabile-immagine-guida-1024x763.jpeg 1024w, https:\/\/www.biancoscuro.it\/site\/wp-content\/uploads\/2024\/09\/Io-sono-vulnerabile-immagine-guida-768x572.jpeg 768w\" sizes=\"auto, (max-width: 1257px) 100vw, 1257px\" \/><\/figure>\n<\/div>\n\n\n<p class=\"has-text-align-center\"><\/p>\n\n\n\n<p class=\"has-text-align-left\"><strong>Dal 3 ottobre al 29 novembre 2024<\/strong>, l&#8217;<strong>Istituto Italiano di Cultura di Parigi <\/strong>presenta <strong>IOSONOVULNERABILE<em>, fallire \u00e8 una conquista &#8211; arte \u00e8 amare l&#8217;errore<\/em><\/strong>, una pratica performativa transdisciplinare curata da <strong>Sergio Mario Illuminato<\/strong>, che spazia dalla pi\u00f9 recente sperimentazione artistica alla creativit\u00e0 emergente delle scuole e delle accademie europee. L\u2019<strong>inaugurazione<\/strong> dell\u2019iniziativa avr\u00e0 luogo <strong>gioved\u00ec 3 ottobre alle ore 18:00<\/strong> presso la sede dell\u2019Istituto, H\u00f4tel de Galliffet, al 50 rue de Varenne.<\/p>\n\n\n\n<p><strong>IOSONOVULNERABILE <\/strong>\u00e8 un viaggio attraverso l&#8217;arte e la vulnerabilit\u00e0 compiuto in diversi capitoli. Iniziato attraverso una residenza d\u2019artista all&#8217;ex Carcere Pontificio di Velletri lo scorso gennaio, il progetto prosegue a Parigi per poi continuare, il prossimo novembre, a Roma, presso gli spazi del Museo Storico di Villa Altieri. Nella prestigiosa cornice francese, un gruppo di artisti di \u2018materia viva\u2019 comporr\u00e0 un mosaico espressivo, utilizzando formati e linguaggi transdisciplinari per esplorare il tema della vulnerabilit\u00e0 umana come strumento di coesione sociale e civile.&nbsp;<\/p>\n\n\n\n<p>Pittura-scultura e fotografia-cinema dialogheranno con la realt\u00e0, invitando il visitatore a guardare oltre gli incubi del ventunesimo secolo e a cercare stimoli pi\u00f9 profondi per illuminare futuri alternativi. Nel giardino progettato dall&#8217;architetto Luigi Moretti, gli <em>Organismi Artistici Comunicanti,<\/em> caduti dal cielo con una presenza fragile e informale, evocheranno le \u2018rovine\u2019 della quotidianit\u00e0 contemporanea, mentre la luce naturale metter\u00e0 in risalto scatti fotografici di <em>Terre Rare,<\/em> immerse tra celle decadenti e scritte incise dai reclusi. La musica e il suono, elementi cruciali dell\u2019installazione, accompagneranno il pubblico in un&#8217;esperienza sensoriale completa, ispirata alle teorie di Maurice Merleau-Ponty.<\/p>\n\n\n\n<p>L\u2019evento inaugurale sar\u00e0 aperto dal Direttore dell\u2019Istituto, Antonio Calbi, e dal curatore Sergio Mario Illuminato, con la partecipazione di Alessandra Maria Porfidia, Direttrice Scuola Scultura Accademia Belle Arti di Roma. A seguire, in anteprima la visione privata del cortometraggio <em>Vulnerare<\/em>, opera attualmente in concorso in alcuni dei principali festival internazionali, che sar\u00e0 introdotta da Giulio Casini. docente della Libera Universit\u00e0 del Cinema di Roma. Infine, il pubblico potr\u00e0 \u2018immergersi\u2019 negli <em>Organismi Artistici Comunicanti<\/em> installati nel giardino dell&#8217;Istituto, accompagnati da una degustazione del vino siciliano <em>Pietradolce<\/em>, originario delle terre dell\u2019Etna.<\/p>\n\n\n\n<p><em>La cultura \u00e8 occasione di formazione e di crescita e a volte anche di lotta contro le ingiustizie. Il primo passo per farlo \u00e8 accettare le nostre stesse fragilit\u00e0. In un mondo che continua a richiedere la perfezione, noi scegliamo di esaltare la vulnerabilit\u00e0, la bellezza del gesto semplice, puro.<\/em> (<strong>Antonio Calbi,<\/strong> Direttore dell\u2019Istituto Italiano di Cultura di Parigi)<\/p>\n\n\n\n<p>Per <strong>Marco Maria Cerbo,<\/strong> Capo dell\u2019Unit\u00e0 per il coordinamento degli Istituti italiani di cultura del Ministero degli Affari Esteri e della Cooperazione internazionale, <em>IOSONOVULNERABILE traduce uno dei principi cui si ispira l&#8217;azione di diplomazia culturale del nostro Paese: quello dell&#8217;inclusione, che viene declinato attraverso un riuscito esercizio di collaborazione tra istituzioni pubbliche e non-profit.<\/em><\/p>\n\n\n\n<p><em>I dispositivi artistici presentati in questo progetto &#8211; <\/em>afferma <strong>Sergio Mario Illuminato &#8211;<\/strong><em> sono stati concepiti come &#8216;capsule&#8217; storiche di una bellezza e di perfezione divenute effimere; scagliate da Prometeo, vogliono fungere ancora-una-volta da catalizzatori per rigenerare spazi pi\u00f9\u0300 profondi, simili a fuochi sotterranei, che riconducono alle profondit\u00e0\u0300 dell&#8217;umanit\u00e0\u0300 e, da l\u00ec, all&#8217;infinito del cielo.<\/em><\/p>\n\n\n\n<p><em>La collaborazione ormai triennale con IOSONOVULNERABILE<\/em> <em>rafforza il nostro costante impegno nel costruire modelli di sviluppo umano e collettivo che rispecchino la complessit\u00e0 e la bellezza della nostra esistenza. <\/em><strong><em>Pierluigi Sanna<\/em><\/strong><em>, <\/em>ViceSindaco Citt\u00e0 Metropolitana di Roma Capitale.<\/p>\n\n\n\n<p>Tra i dispositivi artistici sar\u00e0 presente <em>Jonchets, o Sciangai<\/em>, un&#8217;opera collettiva, a cura delle giovani artiste dell&#8217;Accademia di Belle Arti di Roma, che invita a non arrendersi di fronte alle crisi sociali e ambientali contemporanee. <em>Sta a tutti noi<\/em> &#8211; dichiarano &#8211; <em>provare a sfilare dalla complessit\u00e0 della quotidianit\u00e0, ad uno ad uno, il maggior numero possibile di paure e fragilit\u00e0, cercando un movimento di con-tatto ed e-mozione.&nbsp;<\/em><\/p>\n\n\n\n<p>Elenco degli<strong> artisti partecipanti: Sergio Mario Illuminato<\/strong> (pittura e scultura), <strong>Rosa Maria Zito<\/strong> (scenografia e fotografia), <strong>Roberto Biagiotti <\/strong>(cinema), <strong>Lucia Bendia<\/strong> (teatro), <strong>Patrizia Cavola e Ivan Truol <\/strong>(coreografie), <strong>Camilla Perugini e Nicholas Baffoni<\/strong> (danza), <strong>Andrea Moscianese <\/strong>(musica), <strong>Davide Palmiotto <\/strong>(design suono), <strong>Roberta Melasecca<\/strong> (editoria), <strong>Gino Potini<\/strong> (design luci); le giovani artiste della Scuola di Scultura dell\u2019Accademia di Belle Arti di Roma diretta da <strong>Alessandra Maria Porfidia<\/strong>: <strong>Vittoria Andreacch<\/strong>i,<strong> Rossella Antezza, Maria Vittoria Rocchi, Violetta Totaro<\/strong>; gli studenti dell\u2019Istituto di Istruzione Superiore Statale Piaget-Diaz di Roma coordinati da <strong>Serena Santilli<\/strong>.<\/p>\n\n\n\n<p><strong><em>Cosa rende IOSONOVULNERABILE cos\u00ec diverso, cos\u00ec interessante?<\/em><\/strong><br \/>Ci troviamo in un luogo di grande storia e bellezza, l\u2019H\u00f4tel de Galliffet, per celebrare una pratica performativa che non \u00e8 solo un\u2019esposizione artistica, ma un grido di vulnerabilit\u00e0 e di coraggio. IOSONOVULNERABILE<em>, fallire \u00e8 una conquista &#8211; arte \u00e8 amare l\u2019errore<\/em> non \u00e8 solo un titolo, ma <strong>una chiamata all&#8217;azione<\/strong>, una sfida a vedere oltre le nostre paure e fallimenti, e a trovare in essi la forza per costruire un futuro migliore.<br \/>In un&#8217;epoca in cui l&#8217;arte sembra spesso incastonata in nicchie di perfezione e consumo, questo progetto invita a riscoprire la nostra umanit\u00e0 pi\u00f9 autentica. I dispositivi artistici non sono solo creazioni estetiche, ma rappresentano <strong>frammenti della nostra esistenza<\/strong>, incarnazioni della nostra fragilit\u00e0. Ogni pezzo esposto \u00e8 un dialogo tra l&#8217;artista e il mondo, un processo di smaterializzazione che ci ricorda la necessit\u00e0 urgente di prenderci cura del nostro ambiente, delle nostre comunit\u00e0 e, soprattutto, di noi stessi.<\/p>\n\n\n\n<p>Il tema della vulnerabilit\u00e0 \u00e8 pi\u00f9 rilevante che mai. Viviamo in un\u2019epoca di conflitti incessanti, crisi climatiche e minacce esistenziali. IOSONOVULNERABILE ci sfida a guardare in faccia queste realt\u00e0 e a trovare il coraggio di <strong>trasformare la nostra vulnerabilit\u00e0 in una fonte di forza e connessione<\/strong>.<\/p>\n\n\n\n<p>Le installazioni nel giardino progettato da Luigi Moretti sono <strong>simboli potenti delle <em>&#8216;rovine&#8217;<\/em><\/strong> della nostra quotidianit\u00e0, ma anche di speranza e rinascita. Gli <strong><em>Organismi Artistici Comunicanti<\/em><\/strong> sono destinati a degradarsi e infine scomparire sotto l&#8217;influenza degli agenti atmosferici, un sacrificio estremo che gli artisti hanno scelto di compiere. Il processo di deterioramento riflette la transitoriet\u00e0 della vita e l&#8217;inevitabilit\u00e0 del cambiamento, incarnando una filosofia che celebra l&#8217;impermanenza e la bellezza dell&#8217;effimero.<\/p>\n\n\n\n<p>Il <strong>degrado volontario dei dispositivi artistici esposti<\/strong> non \u00e8 solo un atto di resa agli elementi naturali, ma una potente dichiarazione di valori filosofici e artistici. Rifiutando l&#8217;idea di eternit\u00e0 e perfezione, IOSONOVULNERABILE invita a riconoscere la preziosit\u00e0 del momento presente e la necessit\u00e0 di vivere in armonia con il nostro ambiente. Il loro sacrificio artistico \u00e8 un richiamo alla nostra responsabilit\u00e0 collettiva di proteggere e preservare il mondo che ci circonda.<\/p>\n\n\n\n<p><strong>L&#8217;arte non \u00e8 un lusso, ma una necessit\u00e0 vitale<\/strong>. \u00c8 un mezzo attraverso cui possiamo esplorare e accettare la nostra vulnerabilit\u00e0, comprendere i nostri errori e usarli come trampolini di lancio per la crescita personale e collettiva. L&#8217;arte, in tutte le sue forme, \u00e8 uno strumento di coesione sociale, un catalizzatore per il cambiamento.<\/p>\n\n\n\n<p>Gli artisti, il curatore e gli organizzatori ringraziano gli <em>spett-attori<\/em> per rendere possibile questo evento straordinario ed essere parte di questo viaggio.<br \/>Sergio Mario Illuminato<\/p>\n\n\n\n<pre class=\"wp-block-preformatted\"><strong>INFO<\/strong>\n\n<strong>IOSONOVULNERABILE<\/strong>\n<strong><em>fallire \u00e8 una conquista, arte \u00e8 amare l\u2019errore<\/em><\/strong>\nriconosciuto tra le \u2018<em>Buone Pratiche Culturali della Regione Lazio\u2019<\/em>\n<strong>un progetto a cura di Sergio Mario Illuminato<\/strong>\n\n<strong>Dal 3 ottobre al 29 novembre 2024<\/strong>\n<strong>Istituto Italiano di Cultura di Parigi<\/strong>\n<strong>H\u00f4tel de Galliffet - 50, rue de Varenne -75007 Paris<\/strong>\n<strong>Inaugurazione: gioved\u00ec 3 ottobre 2024 - ore 18:00<\/strong>\n\n<strong>Orari di apertura al pubblico<\/strong>: luned\u00ec-venerd\u00ec, 10:00-13:00 e 15:00-18:00\n\n<strong>Siti e social di riferimento:<\/strong>\nwww.iosonovulnerabile.it\/practive-performative\/2024-2\n<a href=\"https:\/\/www.instagram.com\/iosonovulnerabile\/\">www.i<\/a>n<a href=\"https:\/\/www.instagram.com\/iosonovulnerabile\/\">stag<\/a>ram.com\/iosonovulnerabile\nwww.facebook.com\/iosonovulnerabile<\/pre>\n\n\n\n<div style=\"height:35px\" aria-hidden=\"true\" class=\"wp-block-spacer\"><\/div>\n","protected":false},"excerpt":{"rendered":"<p><span class=\"span-reading-time rt-reading-time\" style=\"display: block;\"><span class=\"rt-label rt-prefix\">\u23f0 lettura <\/span> <span class=\"rt-time\"> 4<\/span> <span class=\"rt-label rt-postfix\">min. <\/p>\n<p><\/span><\/span>Fallire \u00e8 una conquista &#8211; arte \u00e8 amare l&#8217;errore Dal 3 ottobre al 29 novembre 2024, l&#8217;Istituto Italiano di Cultura di Parigi presenta IOSONOVULNERABILE, fallire \u00e8 una conquista &#8211; arte \u00e8 amare l&#8217;errore, una pratica performativa transdisciplinare curata da Sergio Mario Illuminato, che spazia dalla pi\u00f9 recente sperimentazione artistica alla creativit\u00e0 emergente delle scuole e&hellip;&nbsp;<a href=\"https:\/\/www.biancoscuro.it\/site\/iosonovulnerabile-fallire-e-una-conquista-arte-e-amare-lerrore\/\" rel=\"bookmark\">Leggi tutto &raquo;<span class=\"screen-reader-text\">IOSONOVULNERABILE<\/span><\/a><\/p>\n","protected":false},"author":980,"featured_media":17541,"comment_status":"closed","ping_status":"closed","sticky":false,"template":"","format":"standard","meta":{"neve_meta_sidebar":"","neve_meta_container":"","neve_meta_enable_content_width":"","neve_meta_content_width":0,"neve_meta_title_alignment":"","neve_meta_author_avatar":"","neve_post_elements_order":"","neve_meta_disable_header":"","neve_meta_disable_footer":"","neve_meta_disable_title":"","advanced_seo_description":"","jetpack_seo_html_title":"","jetpack_seo_noindex":false,"footnotes":""},"categories":[5,1033,32,26,8,334,27,24,676,6,7,9],"tags":[],"class_list":["post-17540","post","type-post","status-publish","format-standard","has-post-thumbnail","hentry","category-arte","category-cinema","category-editoria","category-eventi","category-fotografia","category-installazioni","category-manifestazione","category-mostre","category-performance","category-pittura","category-scultura","category-video"],"jetpack_featured_media_url":"https:\/\/www.biancoscuro.it\/site\/wp-content\/uploads\/2024\/09\/Io-sono-vulnerabile-immagine-guida.jpeg","jetpack_sharing_enabled":true,"jetpack-related-posts":[{"id":17636,"url":"https:\/\/www.biancoscuro.it\/site\/pasolini-e-illuminato-per-la-giornata-del-contemporaneo-con-iosonovulnerabile-il-12-ottobre-a-parigi\/","url_meta":{"origin":17540,"position":0},"title":"Pasolini e Illuminato | Giornata del Contemporaneo","author":"Roberta Melasecca","date":"24 Settembre 2024","format":false,"excerpt":"Sul tema della vulnerabilit\u00e0 un dialogo immaginario tra l\u2019artista e Pier Paolo Pasolini. Il progetto \u2018IOSONOVULNERABILE\u2019, a cura di Sergio Mario Illuminato, \u00e8 stato ufficialmente inserito nella ventesima Giornata del Contemporaneo, il grande evento annuale promosso da AMACI \u2013 Associazione dei Musei d\u2019Arte Contemporanea Italiani con il sostegno della Direzione\u2026","rel":"","context":"In &quot;arte&quot;","block_context":{"text":"arte","link":"https:\/\/www.biancoscuro.it\/site\/category\/arte\/"},"img":{"alt_text":"","src":"https:\/\/i0.wp.com\/www.biancoscuro.it\/site\/wp-content\/uploads\/2024\/09\/PasoliniIlluminato.jpeg?resize=350%2C200&ssl=1","width":350,"height":200,"srcset":"https:\/\/i0.wp.com\/www.biancoscuro.it\/site\/wp-content\/uploads\/2024\/09\/PasoliniIlluminato.jpeg?resize=350%2C200&ssl=1 1x, https:\/\/i0.wp.com\/www.biancoscuro.it\/site\/wp-content\/uploads\/2024\/09\/PasoliniIlluminato.jpeg?resize=525%2C300&ssl=1 1.5x, https:\/\/i0.wp.com\/www.biancoscuro.it\/site\/wp-content\/uploads\/2024\/09\/PasoliniIlluminato.jpeg?resize=700%2C400&ssl=1 2x, https:\/\/i0.wp.com\/www.biancoscuro.it\/site\/wp-content\/uploads\/2024\/09\/PasoliniIlluminato.jpeg?resize=1050%2C600&ssl=1 3x, https:\/\/i0.wp.com\/www.biancoscuro.it\/site\/wp-content\/uploads\/2024\/09\/PasoliniIlluminato.jpeg?resize=1400%2C800&ssl=1 4x"},"classes":[]},{"id":17651,"url":"https:\/\/www.biancoscuro.it\/site\/dal-carcere-allarte-il-cortometraggio-vulnerare-di-sergio-mario-illuminato-unesplorazione-del-dramma-esistenziale-della-vulnerabilita-umana\/","url_meta":{"origin":17540,"position":1},"title":"Dal Carcere all\u2019Arte","author":"Roberta Melasecca","date":"28 Settembre 2024","format":false,"excerpt":"Il cortometraggio VULNERARE di Sergio Mario Illuminato. Un\u2019esplorazione del dramma esistenziale della Vulnerabilit\u00e0 Umana Il prossimo 3 ottobre 2024, alle ore 18:00, l\u2019Istituto Italiano di Cultura di Parigi presenter\u00e0 alla stampa l\u2019anteprima internazionale del cortometraggio VULNERARE - opera prima di Sergio Mario Illuminato - che esplora la vulnerabilit\u00e0 umana attraverso\u2026","rel":"","context":"In &quot;arte&quot;","block_context":{"text":"arte","link":"https:\/\/www.biancoscuro.it\/site\/category\/arte\/"},"img":{"alt_text":"","src":"https:\/\/i0.wp.com\/www.biancoscuro.it\/site\/wp-content\/uploads\/2024\/09\/vulnerare-6.jpeg?resize=350%2C200&ssl=1","width":350,"height":200,"srcset":"https:\/\/i0.wp.com\/www.biancoscuro.it\/site\/wp-content\/uploads\/2024\/09\/vulnerare-6.jpeg?resize=350%2C200&ssl=1 1x, https:\/\/i0.wp.com\/www.biancoscuro.it\/site\/wp-content\/uploads\/2024\/09\/vulnerare-6.jpeg?resize=525%2C300&ssl=1 1.5x, https:\/\/i0.wp.com\/www.biancoscuro.it\/site\/wp-content\/uploads\/2024\/09\/vulnerare-6.jpeg?resize=700%2C400&ssl=1 2x, https:\/\/i0.wp.com\/www.biancoscuro.it\/site\/wp-content\/uploads\/2024\/09\/vulnerare-6.jpeg?resize=1050%2C600&ssl=1 3x"},"classes":[]},{"id":17934,"url":"https:\/\/www.biancoscuro.it\/site\/fai-fondo-italiano-per-lambiente-e-iosonovulnerabile-insieme-a-villa-altieri-nella-giornata-dedicata-allarte-contemporanea-e-alla-memoria\/","url_meta":{"origin":17540,"position":2},"title":"FAI + IOSONOVULNERABILE + Villa Altieri","author":"Roberta Melasecca","date":"15 Dicembre 2024","format":false,"excerpt":"Il progetto transdisciplinare IOSONOVULNERABILE di Sergio Mario Illuminato continua a dialogare con la memoria storica e le trasformazioni del nostro presente. In occasione della visita organizzata dal FAI (Fondo Ambiente Italiano) per Cosa FAI Oggi, l'appuntamento si sposta a Villa Altieri: un luogo simbolico, un tempo ex carcere femminile, oggi\u2026","rel":"","context":"In &quot;eventi&quot;","block_context":{"text":"eventi","link":"https:\/\/www.biancoscuro.it\/site\/category\/eventi\/"},"img":{"alt_text":"","src":"https:\/\/i0.wp.com\/www.biancoscuro.it\/site\/wp-content\/uploads\/2024\/12\/470471842_556540760682577_980264545656629507_n-1.jpg?resize=350%2C200&ssl=1","width":350,"height":200,"srcset":"https:\/\/i0.wp.com\/www.biancoscuro.it\/site\/wp-content\/uploads\/2024\/12\/470471842_556540760682577_980264545656629507_n-1.jpg?resize=350%2C200&ssl=1 1x, https:\/\/i0.wp.com\/www.biancoscuro.it\/site\/wp-content\/uploads\/2024\/12\/470471842_556540760682577_980264545656629507_n-1.jpg?resize=525%2C300&ssl=1 1.5x, https:\/\/i0.wp.com\/www.biancoscuro.it\/site\/wp-content\/uploads\/2024\/12\/470471842_556540760682577_980264545656629507_n-1.jpg?resize=700%2C400&ssl=1 2x, https:\/\/i0.wp.com\/www.biancoscuro.it\/site\/wp-content\/uploads\/2024\/12\/470471842_556540760682577_980264545656629507_n-1.jpg?resize=1050%2C600&ssl=1 3x, https:\/\/i0.wp.com\/www.biancoscuro.it\/site\/wp-content\/uploads\/2024\/12\/470471842_556540760682577_980264545656629507_n-1.jpg?resize=1400%2C800&ssl=1 4x"},"classes":[]},{"id":17846,"url":"https:\/\/www.biancoscuro.it\/site\/sergio-mario-illuminato-iosonovulnerabile-rigenerazione-estetica-e-naturale\/","url_meta":{"origin":17540,"position":3},"title":"iosonovulnerabile","author":"Roberta Melasecca","date":"11 Novembre 2024","format":false,"excerpt":"Sergio Mario Illuminato: iosonovulnerabile, rigenerazione estetica e naturale Il progetto artistico IOSONOVULNERABILE di Sergio Mario Illuminato, presso l'Istituto Italiano di Cultura di Parigi, si avvia alla conclusione lasciando un\u2019eco profonda. Per la prima volta nella storia dell\u2019Istituto, gli spazi storici del giardino dell'H\u00f4tel de Galliffet hanno accolto un mosaico di\u2026","rel":"","context":"In &quot;arte&quot;","block_context":{"text":"arte","link":"https:\/\/www.biancoscuro.it\/site\/category\/arte\/"},"img":{"alt_text":"","src":"https:\/\/i0.wp.com\/www.biancoscuro.it\/site\/wp-content\/uploads\/2024\/11\/DSC4836-copia.jpg?resize=350%2C200&ssl=1","width":350,"height":200,"srcset":"https:\/\/i0.wp.com\/www.biancoscuro.it\/site\/wp-content\/uploads\/2024\/11\/DSC4836-copia.jpg?resize=350%2C200&ssl=1 1x, https:\/\/i0.wp.com\/www.biancoscuro.it\/site\/wp-content\/uploads\/2024\/11\/DSC4836-copia.jpg?resize=525%2C300&ssl=1 1.5x, https:\/\/i0.wp.com\/www.biancoscuro.it\/site\/wp-content\/uploads\/2024\/11\/DSC4836-copia.jpg?resize=700%2C400&ssl=1 2x, https:\/\/i0.wp.com\/www.biancoscuro.it\/site\/wp-content\/uploads\/2024\/11\/DSC4836-copia.jpg?resize=1050%2C600&ssl=1 3x"},"classes":[]},{"id":18698,"url":"https:\/\/www.biancoscuro.it\/site\/la-regione-lazio-premiata-a-new-york-con-vulnerare-miglior-film-sperimentale-di-arte-contemporanea\/","url_meta":{"origin":17540,"position":4},"title":"L&#8217;Italia premiata a New York con &#8216;Vulnerare&#8217;\u00a0","author":"Roberta Melasecca","date":"31 Luglio 2025","format":false,"excerpt":"'Vulnerare': Miglior Film Sperimentale di Arte Contemporanea\u00a0 Il cortometraggio di Sergio Mario Illuminato conquista\u00a0 New York con una prestigiosa\u00a0nomination\u00a0di uno dei principale festival di cinema indipendente della metropoli americana. Sei mesi dentro un carcere abbandonato, celle vuote da trent'anni, muri scrostati, silenzio denso. Un gruppo di artisti italiani insieme a\u2026","rel":"","context":"In &quot;arte&quot;","block_context":{"text":"arte","link":"https:\/\/www.biancoscuro.it\/site\/category\/arte\/"},"img":{"alt_text":"","src":"https:\/\/i0.wp.com\/www.biancoscuro.it\/site\/wp-content\/uploads\/2025\/07\/ph-credits-Alessandro-Spitaleri.png?resize=350%2C200&ssl=1","width":350,"height":200},"classes":[]},{"id":18134,"url":"https:\/\/www.biancoscuro.it\/site\/incontro-conclusivo-del-progetto-iosonovulnerabile-di-sergio-mario-illuminato\/","url_meta":{"origin":17540,"position":5},"title":"Iosonovulnerabile | Incontro conclusivo","author":"Roberta Melasecca","date":"2 Febbraio 2025","format":false,"excerpt":"IOSONOVULNERABILE DI SERGIO MARIO ILLUMINATO: TRE ANNI DI ESTETICA DELLA VULNERABILIT\u00c0 L'11 febbraio, alle ore 10, al Museo di Villa Altieri, si conclude il percorso artistico IOSONOVULNERABILE di Sergio Mario Illuminato con un incontro che riunisce studenti delle scuole romane, allievi dell'Accademia di Belle Arti, scrittori e rappresentanti istituzionali. L'evento\u2026","rel":"","context":"In &quot;eventi&quot;","block_context":{"text":"eventi","link":"https:\/\/www.biancoscuro.it\/site\/category\/eventi\/"},"img":{"alt_text":"","src":"https:\/\/i0.wp.com\/www.biancoscuro.it\/site\/wp-content\/uploads\/2025\/02\/Iosonovulnerabile-Incontro-conclusivo.jpg?resize=350%2C200&ssl=1","width":350,"height":200,"srcset":"https:\/\/i0.wp.com\/www.biancoscuro.it\/site\/wp-content\/uploads\/2025\/02\/Iosonovulnerabile-Incontro-conclusivo.jpg?resize=350%2C200&ssl=1 1x, https:\/\/i0.wp.com\/www.biancoscuro.it\/site\/wp-content\/uploads\/2025\/02\/Iosonovulnerabile-Incontro-conclusivo.jpg?resize=525%2C300&ssl=1 1.5x, https:\/\/i0.wp.com\/www.biancoscuro.it\/site\/wp-content\/uploads\/2025\/02\/Iosonovulnerabile-Incontro-conclusivo.jpg?resize=700%2C400&ssl=1 2x"},"classes":[]}],"_links":{"self":[{"href":"https:\/\/www.biancoscuro.it\/site\/wp-json\/wp\/v2\/posts\/17540","targetHints":{"allow":["GET"]}}],"collection":[{"href":"https:\/\/www.biancoscuro.it\/site\/wp-json\/wp\/v2\/posts"}],"about":[{"href":"https:\/\/www.biancoscuro.it\/site\/wp-json\/wp\/v2\/types\/post"}],"author":[{"embeddable":true,"href":"https:\/\/www.biancoscuro.it\/site\/wp-json\/wp\/v2\/users\/980"}],"replies":[{"embeddable":true,"href":"https:\/\/www.biancoscuro.it\/site\/wp-json\/wp\/v2\/comments?post=17540"}],"version-history":[{"count":6,"href":"https:\/\/www.biancoscuro.it\/site\/wp-json\/wp\/v2\/posts\/17540\/revisions"}],"predecessor-version":[{"id":17552,"href":"https:\/\/www.biancoscuro.it\/site\/wp-json\/wp\/v2\/posts\/17540\/revisions\/17552"}],"wp:featuredmedia":[{"embeddable":true,"href":"https:\/\/www.biancoscuro.it\/site\/wp-json\/wp\/v2\/media\/17541"}],"wp:attachment":[{"href":"https:\/\/www.biancoscuro.it\/site\/wp-json\/wp\/v2\/media?parent=17540"}],"wp:term":[{"taxonomy":"category","embeddable":true,"href":"https:\/\/www.biancoscuro.it\/site\/wp-json\/wp\/v2\/categories?post=17540"},{"taxonomy":"post_tag","embeddable":true,"href":"https:\/\/www.biancoscuro.it\/site\/wp-json\/wp\/v2\/tags?post=17540"}],"curies":[{"name":"wp","href":"https:\/\/api.w.org\/{rel}","templated":true}]}}