{"id":17567,"date":"2024-09-03T08:48:19","date_gmt":"2024-09-03T06:48:19","guid":{"rendered":"https:\/\/www.biancoscuro.it\/site\/?p=17567"},"modified":"2024-09-12T11:30:13","modified_gmt":"2024-09-12T09:30:13","slug":"maria-pacheco-cibils-in-mostra-a-look-at-art","status":"publish","type":"post","link":"https:\/\/www.biancoscuro.it\/site\/maria-pacheco-cibils-in-mostra-a-look-at-art\/","title":{"rendered":"Maria Pacheco Cibils in mostra a LOOK AT ART"},"content":{"rendered":"<span class=\"span-reading-time rt-reading-time\" style=\"display: block;\"><span class=\"rt-label rt-prefix\">\u23f0 lettura <\/span> <span class=\"rt-time\"> 4<\/span> <span class=\"rt-label rt-postfix\">min. <br><br><\/span><\/span><div class=\"wp-block-image\">\n<figure class=\"aligncenter size-full\"><img decoding=\"async\" src=\"https:\/\/www.biancoscuro.it\/site\/wp-content\/uploads\/2024\/09\/LOOK-AT-ART-INVITO-DIGITALE.jpg\" alt=\"\" class=\"wp-image-17568\"\/><\/figure>\n<\/div>\n\n\n<p class=\"has-text-align-center\"><\/p>\n\n\n\n<p>La designer e artista visiva argentino-portoghese <strong>Maria Pacheco Cibils <\/strong>sar\u00e0 uno dei protagonisti di <strong>LOOK AT ART &#8211; Contemporary Art Exhibition<\/strong>, progetto promosso da <strong>Jelmoni Studio Gallery<\/strong>, a cura di Elena Jelmoni, che inaugura il giorno 27 settembre 2024 alle ore 18.00 presso il Centro Culturale di Milano.&nbsp;<\/p>\n\n\n\n<p>L&#8217;arte si serve di un efficace linguaggio non verbale: l\u2019azione, immediatamente comunicativa, i cui codici si sono sviluppati nel tempo e che impiega particolari strumenti per rendere manifesto il significato delle immagini rappresentate. Questa esperienza quotidiana dell&#8217;immagine vissuta genera orizzonti visivi e mentali in cui \u00e8 possibile interrogarsi sulle funzioni passate e attuali dell&#8217;arte per riconsiderare il suo potere seduttivo e ruolo culturale.<\/p>\n\n\n\n<p>Artisti provenienti da percorsi diversi e che utilizzano una pluralit\u00e0 di linguaggi espressivi affrontano queste tematiche <strong>in una serie di progetti individuali<\/strong> che si sviluppano come un percorso attraverso l&#8217;azione e la visione contemporanea.<\/p>\n\n\n\n<p>Le opere nascono dalla combinazione sperimentale di elementi e linguaggi diversi alla ricerca del punto di incontro tra leggerezza e complessit\u00e0 da cui avventurarsi nell&#8217;esplorazione delle geografie psicologiche, politiche e sociali della cultura contemporanea globalizzata. L&#8217;arte \u00e8 un pretesto per indagare concetti chiave del nostro presente, quali l&#8217;identit\u00e0, nazionalit\u00e0, la democrazia, il potere, la libert\u00e0, la partecipazione e i cambiamenti sociali.<\/p>\n\n\n\n<p>Maria Pacheco Cibils presenta per l\u2019occasione l\u2019opera <strong><em>Pioggia Verde<\/em><\/strong>, appartenente all\u2019ultima serie di lavori realizzati nel 2023. Come scrive la critica d\u2019arte Francesca Barbi Marinetti: \u00ab Le opere di Maria ci trasportano in ambienti immaginari, e al contempo familiari, oltre una soglia che sfugge ogni definizione, in spazialit\u00e0 estese fatte di trasparenze, vortici cromatici, profondit\u00e0, luminosit\u00e0 e straordinaria vitalit\u00e0. Nella corrente dei paesaggi subacquei della pittura di Pacheco Cibils &#8211; in cui dominano i verdi, gli azzurri ed i blu con vortici o colonie vitali di arancioni, viola, gialli e rossi &#8211; l\u2019osservatore \u00e8 avvolto dalla suggestione di possibili scenari pre-mnemonici dei principi universali della vita che attendono d\u2019essere recuperati. Pulsa un battito rigenerante che riconduce al pensiero orientale, in particolare il buddismo tantrico, per cui \u00e8 la donna ad essere portatrice di energia cosmica e conoscenza.\u00bb<br \/><br \/><em><strong>Maria Pacheco Cibils <\/strong>\u00e8 designer e artista visiva argentino-portoghese. Le sue opere spaziano tra architettura d\u2019interni, scenografie, ambientazioni, design di oggetti d\u2019arte, pittura ed installazione. Ha collaborato con prestigiose riviste, giornali e canali televisivi. Ha organizzato mostre di artisti e fotografi, spettacoli di teatro e danza contemporanea. Curatrice di diversi brand, ha sviluppato prototipi e grafica degli stessi in Argentina, Paraguay e Italia. Le sue ricerche artistiche sono incentrate su temi primordiali e archetipici, indagando i quattro elementi della natura, radice di tutte le cose immutabili ed eterne e dei processi di trasformazione dell\u2019essere umano. Ha partecipato a numerose mostre personali e collettive in Spagna, Germania, Austria, USA, Croazia, Regno Unito e Italia. Vincitrice del Primo Premio di Pittura \u201cLorenzo il Magnifico\u201d a Florence Biennale 2023. Attualmente vive e lavora tra l\u2019Italia e l\u2019Argentina. Tra le ultime mostre: 2024 Roma \u201cAROUND ROME\u201d International Art Exhibition. Arte Borgo Gallery. Biblioteca Angelica Galleria. A cura di Anna Isopo; 2024 Nazzano \u201cCHIAMATA ALLE ARTI\u201d. Museo del Fiume. A cura di Guido D\u2019Angelo; 2024 Barcellona \u201cPROSPETTIVA&#8230;.FUTURO\u201d Hub \/ Art. International Art Exhibition; 2024 Londra \u201cTRANSPARENT AS A DRAGONFLY\u201d. Bermondsey Project Space; 2024 Firenze \u201cI AM YOU\u201d Accademia delle Arti del Disegno. Exhibition of the winner of the XIV Florence Biennale; 2023 Firenze \u201cI AM YOU\u201d &#8220;La Biennale di Firenze&#8221; Fortezza da Basso. Primo Premio Pittura: \u201cLORENZO IL MAGNIFICO\u201d; 2023 Roma&#8221;RITORNO AL BLU\u201d RAW.Biblioteca Angelica-Galleria Mostra Personale; 2023 Roma &#8220;TRANSPARENT AS A DRAGONFLY\u201d International Art Exhibition.Arte Borgo Gallery; 2023 Duvrobnik Croazia &#8220;COLOURS OF LIFE&#8221; Palazzo Sponza; 2023 Venezia\u201cFRAGILITY UNVAILED\u201d Palazzo Pisani Revedin Personal Exhibition; 2023 Roma \u201cL\u2019ATRA META\u2019 DEL CIELO \u201d. Galleria La Nica; 2022 Spain PROJECT PALMA 1.0 Casa del Arte de Palma de Mallorca.Illes Balears. A cura de Artbox Project; 2022 Roma\u201dHUMUS&#8221; RAW Biblioteca Angelica Mostra Personale; 2022 Milano \u201cMULTITUDE&#8221; Fondazione Luciana Matalon Mostra Personale; 2022 Mantova \u201cSYNESTHESIA&#8221; Museo Francesco Gonzaga; 2021 Miami Beach.Florida (USA) Scope Miami Beach International Contemporay Art Fair; 2021 Austria. Art Innsbruck.International Kunstmesse; 2021 Roma &#8220;LUMINESCENZA&#8221; RAW &#8211; Biblioteca Angelica &#8211; Galleria. Mostra Personale; 2021 Nazzano (Lazio) &#8220;EMPATIA NATURA COMUNITA&#8221; &#8211; Riserva Naturale Tevere Farfa, Nazzano; 2021 Roma &#8220;TRAME CONTEMPORANEE&#8221;- Palazzo della Cancelleria Vaticana; 2020 Roma &#8220;IL TEMPO SOSPESO &#8221; RAW &#8211; Biblioteca Angelica &#8211; Galleria Mostra personale; 2019 Roma &#8220;DIMENSIONI PARALLELE\u201dRAW Biblioteca Angelica .Salone Monumentale. Installazione; 2017 Roma &#8220;FUOCO ETERNITA SAPERE&#8221;.RAW:Biblioteca Angelica.Salone Monumentale. Installazione; 2017: Roma &#8220;FUOCO o della Rigenerazione&#8221; Biblioteca Angelica-Galleria. Mostra Personale.&nbsp;<\/em><\/p>\n\n\n\n<p>Il <strong>Centro Culturale di Milano<\/strong> \u00e8 nato nel 1981. Ai suoi inizi prese nome di &#8220;Centro Culturale San Carlo&#8221;, avendo la sua prima sede in corso Matteotti, presso la Basilica di San Carlo al Corso. Negli anni &#8217;80 la sua storia \u00e8 segnata da figure e incontri come quelle di don Luigi Giussani (che lo ha originato e seguito negli anni), lo scrittore Giovanni Testori, il vescovo Giacomo Biffi, lo scienziato Gian Paolo Bellini, il filosofo Augusto Del Noce, gli economisti Marco Martini e Gianfranco Senn, l&#8217;editore Sante Bagnoli. Da subito, grandi artisti, scienziati, filosofi, scrittori, dall&#8217;Italia e dal mondo hanno partecipato con entusiasmo a questo tentativo nuovo nella citt\u00e0, paragonandosi con questa novit\u00e0 culturale. Nei primi anni &#8217;90 il nuovo nome: &#8220;Centro Culturale di Milano&#8221;, proprio mentre la citt\u00e0 di Milano si ferma durante la crisi della politica ed emergono nuove sfide culturali e globali. La nuova sede \u00e8 in via Zebedia 2, dove, secondo Dante Isella, si riunivano i circoli intellettuali di met\u00e0 \u2018800. Nel 2017, il Centro ristruttura, grazie a donazioni e a Fondazione Cariplo, il palazzo, disegnato da Caccia Dominoni, in Largo Corsia dei Servi 4, si avvia con il Comune di Milano una reciproca Convenzione per la Cultura e i suoi luoghi.<\/p>\n\n\n\n<pre class=\"wp-block-preformatted\"><strong>INFO<\/strong>\n\n<strong>Maria Pacheco Cibils in mostra a LOOK AT ART<\/strong>\n<strong>Contemporary Art Exhibition<\/strong>\nA cura di Elena Jelmoni\n<strong>Vernissage 27 settembre 2024 ore 18.00<\/strong>\n<strong>Centro Culturale di Milano<\/strong>\nLargo Corsia dei Servi 4 - Milano\n<strong>Fino al 5 ottobre 2024\nOrari<\/strong>: dalle 10.00 alle 19.00 - ingresso libero\n\n<strong>Jelmoni Studio Gallery<\/strong>\ninfo@jelmonigallery.com\n\n<strong>Maria Pacheco Cibils<\/strong>\nwww.mpachecocibils.com\n@mpcachecocibils<\/pre>\n","protected":false},"excerpt":{"rendered":"<p><span class=\"span-reading-time rt-reading-time\" style=\"display: block;\"><span class=\"rt-label rt-prefix\">\u23f0 lettura <\/span> <span class=\"rt-time\"> 4<\/span> <span class=\"rt-label rt-postfix\">min. <\/p>\n<p><\/span><\/span>La designer e artista visiva argentino-portoghese Maria Pacheco Cibils sar\u00e0 uno dei protagonisti di LOOK AT ART &#8211; Contemporary Art Exhibition, progetto promosso da Jelmoni Studio Gallery, a cura di Elena Jelmoni, che inaugura il giorno 27 settembre 2024 alle ore 18.00 presso il Centro Culturale di Milano.&nbsp; L&#8217;arte si serve di un efficace linguaggio&hellip;&nbsp;<a href=\"https:\/\/www.biancoscuro.it\/site\/maria-pacheco-cibils-in-mostra-a-look-at-art\/\" rel=\"bookmark\">Leggi tutto &raquo;<span class=\"screen-reader-text\">Maria Pacheco Cibils in mostra a LOOK AT ART<\/span><\/a><\/p>\n","protected":false},"author":980,"featured_media":17568,"comment_status":"closed","ping_status":"closed","sticky":false,"template":"","format":"standard","meta":{"neve_meta_sidebar":"","neve_meta_container":"","neve_meta_enable_content_width":"","neve_meta_content_width":0,"neve_meta_title_alignment":"","neve_meta_author_avatar":"","neve_post_elements_order":"","neve_meta_disable_header":"","neve_meta_disable_footer":"","neve_meta_disable_title":"","advanced_seo_description":"","jetpack_seo_html_title":"","jetpack_seo_noindex":false,"footnotes":""},"categories":[5,27,24,6],"tags":[],"class_list":["post-17567","post","type-post","status-publish","format-standard","has-post-thumbnail","hentry","category-arte","category-manifestazione","category-mostre","category-pittura"],"jetpack_featured_media_url":"https:\/\/www.biancoscuro.it\/site\/wp-content\/uploads\/2024\/09\/LOOK-AT-ART-INVITO-DIGITALE-e1726133376464.jpg","jetpack_sharing_enabled":true,"jetpack-related-posts":[{"id":19507,"url":"https:\/\/www.biancoscuro.it\/site\/maria-pacheco-cibils-in-mostra-a-openartcode-florence\/","url_meta":{"origin":17567,"position":0},"title":"Maria Pacheco Cibils in mostra a\u00a0OPENARTCODE FLORENCE","author":"Roberta Melasecca","date":"28 Aprile 2026","format":false,"excerpt":"Maria Pacheco Cibils in mostra a\u00a0OPENARTCODE FLORENCEMostra collettivaVernissage 14 maggio 2026 ore 18.30Palazzo Rosselli Del TurcoVia dei Serragli 17 - FirenzeDal 14 al 19 maggio 2026\u00a0 La designer e artista visiva argentino-portoghese Maria Pacheco Cibils sar\u00e0 uno dei protagonisti della mostra collettiva internazionale OPENARTCODE FLORENCE promossa dal Collettivo Open Art\u2026","rel":"","context":"In &quot;arte&quot;","block_context":{"text":"arte","link":"https:\/\/www.biancoscuro.it\/site\/category\/arte\/"},"img":{"alt_text":"","src":"https:\/\/i0.wp.com\/www.biancoscuro.it\/site\/wp-content\/uploads\/2026\/04\/Opere-in-mostra-Maria-Pacheco-Cibils-copia.jpg?resize=350%2C200&ssl=1","width":350,"height":200,"srcset":"https:\/\/i0.wp.com\/www.biancoscuro.it\/site\/wp-content\/uploads\/2026\/04\/Opere-in-mostra-Maria-Pacheco-Cibils-copia.jpg?resize=350%2C200&ssl=1 1x, https:\/\/i0.wp.com\/www.biancoscuro.it\/site\/wp-content\/uploads\/2026\/04\/Opere-in-mostra-Maria-Pacheco-Cibils-copia.jpg?resize=525%2C300&ssl=1 1.5x, https:\/\/i0.wp.com\/www.biancoscuro.it\/site\/wp-content\/uploads\/2026\/04\/Opere-in-mostra-Maria-Pacheco-Cibils-copia.jpg?resize=700%2C400&ssl=1 2x, https:\/\/i0.wp.com\/www.biancoscuro.it\/site\/wp-content\/uploads\/2026\/04\/Opere-in-mostra-Maria-Pacheco-Cibils-copia.jpg?resize=1050%2C600&ssl=1 3x"},"classes":[]},{"id":5526,"url":"https:\/\/www.biancoscuro.it\/site\/maria-pacheco-cibils-fuoco-della-rigenerazione\/","url_meta":{"origin":17567,"position":1},"title":"Maria Pacheco Cibils. \u201cFuoco o della Rigenerazione\u201d","author":"Roberta Melasecca","date":"21 Maggio 2017","format":false,"excerpt":"Maria Pacheco Cibils. \u201cFuoco o della Rigenerazione\u201d Testo critico in catalogo di Barbara Martusciello 24 maggio 2017 ore 18.00 | Biblioteca Angelica \u2013 Galleria | Roma Mercoled\u00ec 24 maggio 2017 alle ore 18.00 si inaugura a Roma la mostra di pittura \u201cFuoco o della Rigenerazione\u201d dell\u2019artista argentino-portoghese Maria Pacheco Cibils,\u2026","rel":"","context":"In &quot;arte&quot;","block_context":{"text":"arte","link":"https:\/\/www.biancoscuro.it\/site\/category\/arte\/"},"img":{"alt_text":"","src":"https:\/\/i0.wp.com\/www.biancoscuro.it\/site\/wp-content\/uploads\/2017\/05\/Maria-Pacheco-Cibils-Fuoco-web-1.jpg?resize=350%2C200&ssl=1","width":350,"height":200,"srcset":"https:\/\/i0.wp.com\/www.biancoscuro.it\/site\/wp-content\/uploads\/2017\/05\/Maria-Pacheco-Cibils-Fuoco-web-1.jpg?resize=350%2C200&ssl=1 1x, https:\/\/i0.wp.com\/www.biancoscuro.it\/site\/wp-content\/uploads\/2017\/05\/Maria-Pacheco-Cibils-Fuoco-web-1.jpg?resize=525%2C300&ssl=1 1.5x"},"classes":[]},{"id":18917,"url":"https:\/\/www.biancoscuro.it\/site\/maria-pacheco-cibils-fractura\/","url_meta":{"origin":17567,"position":2},"title":"Maria pacheco Cibils &#8211; Fractura","author":"Roberta Melasecca","date":"2 Ottobre 2025","format":false,"excerpt":"Il giorno 13 ottobre 2025 alle ore 18.00 inaugura la mostra Fractura di Maria Pacheco Cibils,, a cura di Francesca Barbi Marinetti, accompagnata dai testi di Barbara Volpi e Maria Pacheco Cibils, presso le sale della Galleria della Biblioteca Angelica (MiBACT), prestigioso spazio espositivo adibito alle mostre di arte contemporanea.\u00a0\u2026","rel":"","context":"In &quot;mostre&quot;","block_context":{"text":"mostre","link":"https:\/\/www.biancoscuro.it\/site\/category\/mostre\/"},"img":{"alt_text":"","src":"https:\/\/i0.wp.com\/www.biancoscuro.it\/site\/wp-content\/uploads\/2025\/10\/invito-e1759907841594.jpeg?resize=350%2C200&ssl=1","width":350,"height":200,"srcset":"https:\/\/i0.wp.com\/www.biancoscuro.it\/site\/wp-content\/uploads\/2025\/10\/invito-e1759907841594.jpeg?resize=350%2C200&ssl=1 1x, https:\/\/i0.wp.com\/www.biancoscuro.it\/site\/wp-content\/uploads\/2025\/10\/invito-e1759907841594.jpeg?resize=525%2C300&ssl=1 1.5x, https:\/\/i0.wp.com\/www.biancoscuro.it\/site\/wp-content\/uploads\/2025\/10\/invito-e1759907841594.jpeg?resize=700%2C400&ssl=1 2x"},"classes":[]},{"id":12451,"url":"https:\/\/www.biancoscuro.it\/site\/maria-pacheco-cibils-luminescenza\/","url_meta":{"origin":17567,"position":3},"title":"Maria Pacheco Cibils &#8211; Luminescenza","author":"Roberta Melasecca","date":"14 Ottobre 2021","format":false,"excerpt":"In occasione della quinta edizione di Rome Art Week, mercoled\u00ec 20 ottobre 2021 alle ore 18.00 inaugura la mostra Luminescenza di Maria Pacheco Cibils, a cura di Roberta Melasecca, presso le sale della Galleria della Biblioteca Angelica (MiBACT), prestigioso spazio espositivo adibito alle mostre di arte contemporanea. In mostra diciassette\u2026","rel":"","context":"In &quot;arte&quot;","block_context":{"text":"arte","link":"https:\/\/www.biancoscuro.it\/site\/category\/arte\/"},"img":{"alt_text":"","src":"https:\/\/i0.wp.com\/www.biancoscuro.it\/site\/wp-content\/uploads\/2021\/10\/Invito-Luminescenza-e1634810292350.jpeg?resize=350%2C200&ssl=1","width":350,"height":200},"classes":[]},{"id":17673,"url":"https:\/\/www.biancoscuro.it\/site\/maria-pacheco-cibils-i-colori-dei-sentimenti\/","url_meta":{"origin":17567,"position":4},"title":"Maria Pacheco Cibils &#8211; I colori dei sentimenti","author":"Roberta Melasecca","date":"3 Ottobre 2024","format":false,"excerpt":"Il 14 ottobre 2024 alle ore 18.00 inaugura la mostra I colori dei sentimenti di Maria Pacheco Cibils, a cura di Francesca Barbi Marinetti econ i testi di Francesca Barbi Marinetti e Barbara Volpi, presso le sale della Galleria della Biblioteca Angelica (MiBACT), prestigioso spazio espositivo adibito alle mostre di\u2026","rel":"","context":"In &quot;arte&quot;","block_context":{"text":"arte","link":"https:\/\/www.biancoscuro.it\/site\/category\/arte\/"},"img":{"alt_text":"","src":"https:\/\/i0.wp.com\/www.biancoscuro.it\/site\/wp-content\/uploads\/2024\/10\/Invito-I-colori-dei-sentimenti-copia-e1728307043466.jpeg?resize=350%2C200&ssl=1","width":350,"height":200},"classes":[]},{"id":17833,"url":"https:\/\/www.biancoscuro.it\/site\/maria-pacheco-cibils-in-mostra-a-silenzi-e-pause\/","url_meta":{"origin":17567,"position":5},"title":"Maria Pacheco Cibils in mostra a\u00a0SILENZI E PAUSE","author":"Roberta Melasecca","date":"4 Novembre 2024","format":false,"excerpt":"La designer e artista visiva argentino-portoghese Maria Pacheco Cibils sar\u00e0 uno dei protagonisti della mostra SILENZI E PAUSE - Del suono nel concetto artistico di pieno e vuoto, a cura di Antonio Vastano, promossa da Ritrov\u2019Arte, con il patrocinio del Comune di Fiano Romano, che inaugura il giorno 9 novembre\u2026","rel":"","context":"In &quot;arte&quot;","block_context":{"text":"arte","link":"https:\/\/www.biancoscuro.it\/site\/category\/arte\/"},"img":{"alt_text":"","src":"https:\/\/i0.wp.com\/www.biancoscuro.it\/site\/wp-content\/uploads\/2024\/11\/Maria-Pacheco-Cibils-Flusso-di-vita-dittico-180x360-acrilico-su-tela-2020.jpg?resize=350%2C200&ssl=1","width":350,"height":200,"srcset":"https:\/\/i0.wp.com\/www.biancoscuro.it\/site\/wp-content\/uploads\/2024\/11\/Maria-Pacheco-Cibils-Flusso-di-vita-dittico-180x360-acrilico-su-tela-2020.jpg?resize=350%2C200&ssl=1 1x, https:\/\/i0.wp.com\/www.biancoscuro.it\/site\/wp-content\/uploads\/2024\/11\/Maria-Pacheco-Cibils-Flusso-di-vita-dittico-180x360-acrilico-su-tela-2020.jpg?resize=525%2C300&ssl=1 1.5x, https:\/\/i0.wp.com\/www.biancoscuro.it\/site\/wp-content\/uploads\/2024\/11\/Maria-Pacheco-Cibils-Flusso-di-vita-dittico-180x360-acrilico-su-tela-2020.jpg?resize=700%2C400&ssl=1 2x, https:\/\/i0.wp.com\/www.biancoscuro.it\/site\/wp-content\/uploads\/2024\/11\/Maria-Pacheco-Cibils-Flusso-di-vita-dittico-180x360-acrilico-su-tela-2020.jpg?resize=1050%2C600&ssl=1 3x"},"classes":[]}],"_links":{"self":[{"href":"https:\/\/www.biancoscuro.it\/site\/wp-json\/wp\/v2\/posts\/17567","targetHints":{"allow":["GET"]}}],"collection":[{"href":"https:\/\/www.biancoscuro.it\/site\/wp-json\/wp\/v2\/posts"}],"about":[{"href":"https:\/\/www.biancoscuro.it\/site\/wp-json\/wp\/v2\/types\/post"}],"author":[{"embeddable":true,"href":"https:\/\/www.biancoscuro.it\/site\/wp-json\/wp\/v2\/users\/980"}],"replies":[{"embeddable":true,"href":"https:\/\/www.biancoscuro.it\/site\/wp-json\/wp\/v2\/comments?post=17567"}],"version-history":[{"count":6,"href":"https:\/\/www.biancoscuro.it\/site\/wp-json\/wp\/v2\/posts\/17567\/revisions"}],"predecessor-version":[{"id":17590,"href":"https:\/\/www.biancoscuro.it\/site\/wp-json\/wp\/v2\/posts\/17567\/revisions\/17590"}],"wp:featuredmedia":[{"embeddable":true,"href":"https:\/\/www.biancoscuro.it\/site\/wp-json\/wp\/v2\/media\/17568"}],"wp:attachment":[{"href":"https:\/\/www.biancoscuro.it\/site\/wp-json\/wp\/v2\/media?parent=17567"}],"wp:term":[{"taxonomy":"category","embeddable":true,"href":"https:\/\/www.biancoscuro.it\/site\/wp-json\/wp\/v2\/categories?post=17567"},{"taxonomy":"post_tag","embeddable":true,"href":"https:\/\/www.biancoscuro.it\/site\/wp-json\/wp\/v2\/tags?post=17567"}],"curies":[{"name":"wp","href":"https:\/\/api.w.org\/{rel}","templated":true}]}}