{"id":17612,"date":"2024-09-23T11:41:01","date_gmt":"2024-09-23T09:41:01","guid":{"rendered":"https:\/\/www.biancoscuro.it\/site\/?p=17612"},"modified":"2024-09-23T12:47:56","modified_gmt":"2024-09-23T10:47:56","slug":"il-realismo-poetico-di-safet-zec-alla-biennale-arte-di-venezia","status":"publish","type":"post","link":"https:\/\/www.biancoscuro.it\/site\/il-realismo-poetico-di-safet-zec-alla-biennale-arte-di-venezia\/","title":{"rendered":"Il realismo poetico di Safet ZEC alla Biennale Art di Venezia"},"content":{"rendered":"<span class=\"span-reading-time rt-reading-time\" style=\"display: block;\"><span class=\"rt-label rt-prefix\">\u23f0 lettura <\/span> <span class=\"rt-time\"> 5<\/span> <span class=\"rt-label rt-postfix\">min. <br><br><\/span><\/span>\n<p><strong>Fino al 24 novembre \u00e8 possibile ammirare le opere del maestro bosniaco, italiano d&#8217;adozione, Safet Zec al Padiglione Venezia della 60.Esposizione Internazionale d\u2019Arte Biennale di Venezia<\/strong> <strong>in un percorso alla scoperta di <em>un artista fuori dal tempo e dagli schemi<\/em>.<\/strong><\/p>\n\n\n\n<p>Figura centrale del movimento artistico chiamato \u201cRealismo poetico\u201d e <strong>considerato dalla critica internazionale artista di straordinarie qualit\u00e0 espressive, dalla potente comunicativa<\/strong>, Zec ha voluto ricreare nel Padiglione Venezia le atmosfere e il &#8220;caos creativo&#8221; del suo studio nell&#8217;esposizione <strong><em>Atelier d&#8217;artista<\/em><\/strong>, che presenta una cinquantina di opere, non solo recenti, che attraversano i temi e i soggetti pi\u00f9 significativi dell&#8217;opera dell&#8217;artista. \u201c<em>In questo spazio dove ho cercato di ricreare l\u2019atmosfera lavorativa, intima e personale, ma da sempre aperta agli incontri, del mio studio, che per decenni \u00e8 stato a San Francesco della Vigna <\/em>&#8211; sottolinea <strong>l\u2019artista<\/strong> &#8211;<em> spero si possa cogliere in modo tangibile il mestiere della Pittura, che \u00e8 il mio mestiere.\u201d&nbsp;<\/em><\/p>\n\n\n\n<p>Costretto a fuggire dalla Bosnia nel 1992 a causa della guerra fratricida nella ex Jugoslavia che ha martoriato la sua terra, Zec ha trovato rifugio e accoglienza, prima a Udine e poi a Venezia dove, nel 1998, si \u00e8 stabilito e ha potuto riprendere a vivere e lavorare. L&#8217;invito e la sua partecipazione al Padiglione Venezia non sono dunque solo una testimonianza artistica, ma anche un riconoscimento pubblico, umano e civile, di un legame profondo con la citt\u00e0, divenuta a tutti gli effetti sua seconda patria.<\/p>\n\n\n\n<p>Ad accogliere i visitatori all&#8217;ingresso del&#8217;atelier ricreato si incontra la prima <strong>grande opera <em>Uomo e bimba<\/em> (2017) <\/strong>dal noto ciclo pittorico <em>Exodus<\/em>, vibrante testimonianza del <strong>grido di dolore di Zec contro l\u2019orrore della guerra<\/strong>, che dialoga e si completa, sul retro, con una tela delle stesse grandi dimensioni, <strong><em>Donna o Madre con bambino<\/em> (2024)<\/strong>, realizzata appositamente per la Biennale. Qui, l\u2019immagine di una donna che regge tra le braccia con disperata tenerezza un bimbo, diventa <strong>rappresentazione metafisica del dolore universale<\/strong>. Accompagnano queste due grandi opere, potenti e struggenti, poetiche <em>mani tese <\/em>di una umanit\u00e0 che cerca, nella preghiera o nell\u2019abbraccio, aiuto, soccorso, <em>pietas, <\/em>in una sequenza che diventa quasi musica.&nbsp;<\/p>\n\n\n\n<p>Varcando la soglia di questo <em><strong>atelier della memoria<\/strong>, <\/em>luogo fisico e, al contempo, interiore e introspettivo, si incontrano immagini intense, potenti e poetiche allo stesso tempo. Dall\u2019esplosiva bellezza delle chiome d\u2019albero, alle forme sublimi di corpo femminili, nature morte, letti sfatti, finestre spalancate, forme di pane di suggestione sacrale. E ancora, il tavolo da lavoro, raffigurato in una grande tela speculare ad un vero tavolo da lavoro dove gli strumenti del mestiere di Zec, la Pittura, come lui stesso \u00e8 solito definirla, si incontrano creando un microcosmo che racconta la sua personale, continua e profonda ricerca artistica.<\/p>\n\n\n\n<p><strong>Quelle di Zec sono opere dal segno personalissimo e inconfondibile, denso e poderoso, di struggente autenticit\u00e0 e potenza che coinvolge immediatamente chi le osserva<\/strong>: oli, tempere, disegni a matita, schizzi e studi preparatori &#8211; grandi dipinti e piccole tele.<br \/><strong>La sua pittura, una vocazione totalizzante<\/strong>, che l\u2019artista vuole condividere con il pubblico in questo spazio \u201cdomestico e affettivo\u201d di creazione, il suo studio, che diventa luogo di incontro, scambio e condivisione, <em>\u201cfluisce con l\u2019incontenibilit\u00e0 di un fiume in piena, possente e composita, lirica o tragica, dolente o gioiosa. Perch\u00e9 \u00e8 proprio questa l\u2019impressione che si prova nell\u2019accostarsi alla sua opera: l\u2019impeto tumultuoso di una scrittura solida, epica e classica, profonda e onirica&#8230;<\/em>\u201d &#8211; come affermato da <strong>Giandomenico Romanelli<\/strong>, per oltre trent&#8217;anni alla guida del Musei Civici di Venezia.<\/p>\n\n\n\n<p>Una pittura inevitabilmente influenzata dalla <strong>sua vicenda personale, una storia scritta per immagini <\/strong>che, liriche o tragiche, dolenti o gioiose, esprimono la gamma infinita dei sentimenti che hanno attraversato la sua vita. Dalla tenerezza al dolore, dalla serenit\u00e0 alla disperazione, all\u2019orrore di una guerra sconvolgente e atroce, al dramma dello sradicamento, della fuga, della migrazione, alla solidariet\u00e0 e all\u2019accoglienza. Una gamma infinita di sentimenti che l\u2019artista \u00e8 riuscito a liberare e fissare sulla tela, restituendoci <strong>immagini dalla intensa e universale umanit\u00e0 capaci di scuotere nel profondo.<\/strong><\/p>\n\n\n\n<p><em><strong>Note biografiche<\/strong><br \/>Pittore e incisore, Safet Zec nasce nel 1943 a Rogatica, in Bosnia-Erzegovina.\u00a0Dopo gli studi compiuti alla Scuola di Arti Applicate di Sarajevo e all\u2019Accademia di Belle Arti di Belgrado, Zec diventa la figura centrale del movimento artistico chiamato \u201cRealismo poetico\u201d. Vive e lavora a Belgrado fino al 1989. A partire dai primi anni Novanta si impone come uno degli artisti pi\u00f9 importanti del suo paese, presente nelle maggiori e pi\u00f9 qualificate esposizioni internazionali.\u00a0Negli anni che seguono \u00e8 di nuovo a Sarajevo, fino al 1992 quando, a causa della guerra che colpisce la ex-Jugoslavia, \u00e8 costretto a lasciare il proprio paese e arriva in Italia, prima a Udine e poi nel 1998 a Venezia, che diventa per lui una seconda patria, alla quale oggi \u201cappartiene\u201d, non solo come cittadino veneziano, ma come cittadino di nazionalit\u00e0 italiana.In Italia Zec si ritrova a dover ricostruire non solo la propria esistenza, ma anche la sua produzione. Lavora alacremente a nuove tele, a disegni e incisioni, tanto che gi\u00e0 nel 1994 \u00e8 pronto per la prima mostra in Italia, nella quale espone le sue nuove creazioni. Solo una decina di tele arrivate da una galleria tedesca si pongono a testimonianza della precedente attivit\u00e0 di Zec.\u00a0Nel corso del tempo espone in Italia, in Europa e negli Stati Uniti, vantando all\u2019attivo oltre cento mostre.\u00a0A partire dalla fine del conflitto nella ex Jugoslavia, Zec riprende a frequentare assiduamente la sua terra. Lo Studio-Collezione Zec, nel cuore di Sarajevo, \u00e8 stato riaperto ed \u00e8 divenuto un centro di iniziative culturali, oltre che sede espositiva delle sue opere.\u00a0<br \/>Oggi Safet Zec vive e opera tra Venezia e Sarajevo.\u00a0<\/em><\/p>\n\n\n\n<figure class=\"wp-block-gallery has-nested-images columns-default is-cropped wp-block-gallery-1 is-layout-flex wp-block-gallery-is-layout-flex\">\n<figure class=\"wp-block-image size-large\"><img loading=\"lazy\" decoding=\"async\" width=\"768\" height=\"1024\" data-id=\"17613\" src=\"https:\/\/www.biancoscuro.it\/site\/wp-content\/uploads\/2024\/09\/Zec-Padiglione-Venezia-3-Foto-Hana-Zec-3-768x1024.jpg\" alt=\"\" class=\"wp-image-17613\" srcset=\"https:\/\/www.biancoscuro.it\/site\/wp-content\/uploads\/2024\/09\/Zec-Padiglione-Venezia-3-Foto-Hana-Zec-3-768x1024.jpg 768w, https:\/\/www.biancoscuro.it\/site\/wp-content\/uploads\/2024\/09\/Zec-Padiglione-Venezia-3-Foto-Hana-Zec-3-225x300.jpg 225w, https:\/\/www.biancoscuro.it\/site\/wp-content\/uploads\/2024\/09\/Zec-Padiglione-Venezia-3-Foto-Hana-Zec-3.jpg 886w\" sizes=\"auto, (max-width: 768px) 100vw, 768px\" \/><figcaption class=\"wp-element-caption\">Safet Zec nel Padiglione Venezia intento a terminare l&#8217;opera <em>Donna o Madre con bambino<\/em> (ph. Hana Zec)<\/figcaption><\/figure>\n\n\n\n<figure class=\"wp-block-image size-large\"><img loading=\"lazy\" decoding=\"async\" width=\"768\" height=\"1024\" data-id=\"17614\" src=\"https:\/\/www.biancoscuro.it\/site\/wp-content\/uploads\/2024\/09\/Zec-Padiglione-Venezia-7-Foto-Hana-Zec-2-768x1024.jpg\" alt=\"\" class=\"wp-image-17614\" srcset=\"https:\/\/www.biancoscuro.it\/site\/wp-content\/uploads\/2024\/09\/Zec-Padiglione-Venezia-7-Foto-Hana-Zec-2-768x1024.jpg 768w, https:\/\/www.biancoscuro.it\/site\/wp-content\/uploads\/2024\/09\/Zec-Padiglione-Venezia-7-Foto-Hana-Zec-2-225x300.jpg 225w, https:\/\/www.biancoscuro.it\/site\/wp-content\/uploads\/2024\/09\/Zec-Padiglione-Venezia-7-Foto-Hana-Zec-2.jpg 886w\" sizes=\"auto, (max-width: 768px) 100vw, 768px\" \/><figcaption class=\"wp-element-caption\">Il tavolo da lavoro di Zec e il grande dipinto che lo raffigura nell&#8217;atelier ricreato nel Padiglione Venezia (ph. Hana Zec)<\/figcaption><\/figure>\n\n\n\n<figure class=\"wp-block-image size-large\"><img loading=\"lazy\" decoding=\"async\" width=\"873\" height=\"1024\" data-id=\"17615\" src=\"https:\/\/www.biancoscuro.it\/site\/wp-content\/uploads\/2024\/09\/Zec-Padiglione-Venezia-1-Foto-Hana-Zec-4-873x1024.jpg\" alt=\"\" class=\"wp-image-17615\" srcset=\"https:\/\/www.biancoscuro.it\/site\/wp-content\/uploads\/2024\/09\/Zec-Padiglione-Venezia-1-Foto-Hana-Zec-4-873x1024.jpg 873w, https:\/\/www.biancoscuro.it\/site\/wp-content\/uploads\/2024\/09\/Zec-Padiglione-Venezia-1-Foto-Hana-Zec-4-256x300.jpg 256w, https:\/\/www.biancoscuro.it\/site\/wp-content\/uploads\/2024\/09\/Zec-Padiglione-Venezia-1-Foto-Hana-Zec-4-768x901.jpg 768w, https:\/\/www.biancoscuro.it\/site\/wp-content\/uploads\/2024\/09\/Zec-Padiglione-Venezia-1-Foto-Hana-Zec-4.jpg 886w\" sizes=\"auto, (max-width: 873px) 100vw, 873px\" \/><figcaption class=\"wp-element-caption\">Scorcio dell&#8217;atelier di Zec ricreato nel Padiglione Venezia (ph. Hana Zec)<\/figcaption><\/figure>\n\n\n\n<figure class=\"wp-block-image size-large\"><img loading=\"lazy\" decoding=\"async\" width=\"713\" height=\"1024\" data-id=\"17616\" src=\"https:\/\/www.biancoscuro.it\/site\/wp-content\/uploads\/2024\/09\/6.-Safet-Zec-Uomo-e-bimba-dal-ciclo-Exodus-2016-17-713x1024.jpg\" alt=\"\" class=\"wp-image-17616\" srcset=\"https:\/\/www.biancoscuro.it\/site\/wp-content\/uploads\/2024\/09\/6.-Safet-Zec-Uomo-e-bimba-dal-ciclo-Exodus-2016-17-713x1024.jpg 713w, https:\/\/www.biancoscuro.it\/site\/wp-content\/uploads\/2024\/09\/6.-Safet-Zec-Uomo-e-bimba-dal-ciclo-Exodus-2016-17-209x300.jpg 209w, https:\/\/www.biancoscuro.it\/site\/wp-content\/uploads\/2024\/09\/6.-Safet-Zec-Uomo-e-bimba-dal-ciclo-Exodus-2016-17.jpg 740w\" sizes=\"auto, (max-width: 713px) 100vw, 713px\" \/><figcaption class=\"wp-element-caption\">Safet Zec, <em>Uomo e bimba <\/em>dal ciclo &#8220;Exodus&#8221;, 2017<br \/>tempera, acrilico e collage su carta e tela,<br \/>220 \u00d7 320 cm<br \/><\/figcaption><\/figure>\n\n\n\n<figure class=\"wp-block-image size-large\"><img loading=\"lazy\" decoding=\"async\" width=\"750\" height=\"1024\" data-id=\"17617\" src=\"https:\/\/www.biancoscuro.it\/site\/wp-content\/uploads\/2024\/09\/10.-Safet-Zec-Uomo-in-preghiera-2023-750x1024.jpg\" alt=\"\" class=\"wp-image-17617\" srcset=\"https:\/\/www.biancoscuro.it\/site\/wp-content\/uploads\/2024\/09\/10.-Safet-Zec-Uomo-in-preghiera-2023-750x1024.jpg 750w, https:\/\/www.biancoscuro.it\/site\/wp-content\/uploads\/2024\/09\/10.-Safet-Zec-Uomo-in-preghiera-2023-220x300.jpg 220w, https:\/\/www.biancoscuro.it\/site\/wp-content\/uploads\/2024\/09\/10.-Safet-Zec-Uomo-in-preghiera-2023-768x1049.jpg 768w, https:\/\/www.biancoscuro.it\/site\/wp-content\/uploads\/2024\/09\/10.-Safet-Zec-Uomo-in-preghiera-2023.jpg 865w\" sizes=\"auto, (max-width: 750px) 100vw, 750px\" \/><figcaption class=\"wp-element-caption\">Safet Zec, <em>Uomo in preghiera, <\/em>2023<br \/>olio su tela, 120 \u00d7 160 cm<br \/><\/figcaption><\/figure>\n\n\n\n<figure class=\"wp-block-image size-large\"><img loading=\"lazy\" decoding=\"async\" width=\"664\" height=\"886\" data-id=\"17618\" src=\"https:\/\/www.biancoscuro.it\/site\/wp-content\/uploads\/2024\/09\/2.-Safet-Zec-Abbraccio-1998.jpg\" alt=\"\" class=\"wp-image-17618\" srcset=\"https:\/\/www.biancoscuro.it\/site\/wp-content\/uploads\/2024\/09\/2.-Safet-Zec-Abbraccio-1998.jpg 664w, https:\/\/www.biancoscuro.it\/site\/wp-content\/uploads\/2024\/09\/2.-Safet-Zec-Abbraccio-1998-225x300.jpg 225w\" sizes=\"auto, (max-width: 664px) 100vw, 664px\" \/><figcaption class=\"wp-element-caption\">Safet Zec, <em>Abbraccio, <\/em>1998<br \/>tempera e collage su carta e tela, <br \/>120 \u00d7 160 cm<br \/><\/figcaption><\/figure>\n<\/figure>\n\n\n\n<figure class=\"wp-block-gallery has-nested-images columns-default is-cropped wp-block-gallery-2 is-layout-flex wp-block-gallery-is-layout-flex\">\n<figure class=\"wp-block-image size-large\"><img loading=\"lazy\" decoding=\"async\" width=\"790\" height=\"886\" data-id=\"17619\" src=\"https:\/\/www.biancoscuro.it\/site\/wp-content\/uploads\/2024\/09\/1.-Safet-Zec-Grande-chioma-bianca-1984.jpg\" alt=\"\" class=\"wp-image-17619\" srcset=\"https:\/\/www.biancoscuro.it\/site\/wp-content\/uploads\/2024\/09\/1.-Safet-Zec-Grande-chioma-bianca-1984.jpg 790w, https:\/\/www.biancoscuro.it\/site\/wp-content\/uploads\/2024\/09\/1.-Safet-Zec-Grande-chioma-bianca-1984-267x300.jpg 267w, https:\/\/www.biancoscuro.it\/site\/wp-content\/uploads\/2024\/09\/1.-Safet-Zec-Grande-chioma-bianca-1984-768x861.jpg 768w\" sizes=\"auto, (max-width: 790px) 100vw, 790px\" \/><figcaption class=\"wp-element-caption\">Safet Zec, <em>Grande chioma bianca, <\/em>1984<br \/>olio su tela, 180 \u00d7 200 cm<br \/><\/figcaption><\/figure>\n\n\n\n<figure class=\"wp-block-image size-large\"><img loading=\"lazy\" decoding=\"async\" width=\"755\" height=\"1024\" data-id=\"17621\" src=\"https:\/\/www.biancoscuro.it\/site\/wp-content\/uploads\/2024\/09\/9.-Safet-Zec-Donna-in-preghiera-2023-120x160cm-755x1024.jpg\" alt=\"\" class=\"wp-image-17621\" srcset=\"https:\/\/www.biancoscuro.it\/site\/wp-content\/uploads\/2024\/09\/9.-Safet-Zec-Donna-in-preghiera-2023-120x160cm-755x1024.jpg 755w, https:\/\/www.biancoscuro.it\/site\/wp-content\/uploads\/2024\/09\/9.-Safet-Zec-Donna-in-preghiera-2023-120x160cm-221x300.jpg 221w, https:\/\/www.biancoscuro.it\/site\/wp-content\/uploads\/2024\/09\/9.-Safet-Zec-Donna-in-preghiera-2023-120x160cm-768x1041.jpg 768w, https:\/\/www.biancoscuro.it\/site\/wp-content\/uploads\/2024\/09\/9.-Safet-Zec-Donna-in-preghiera-2023-120x160cm.jpg 784w\" sizes=\"auto, (max-width: 755px) 100vw, 755px\" \/><figcaption class=\"wp-element-caption\">Safet Zec, <em>Donna in preghiera, <\/em>2023<br \/>tempera e collage su carta e tela,<br \/>120 \u00d7 160 cm<br \/><\/figcaption><\/figure>\n\n\n\n<figure class=\"wp-block-image size-full\"><img loading=\"lazy\" decoding=\"async\" width=\"798\" height=\"1181\" data-id=\"17622\" src=\"https:\/\/www.biancoscuro.it\/site\/wp-content\/uploads\/2024\/09\/11.-Safet-Zec-Donna-o-Madre-con-bambino-2024.jpg\" alt=\"\" class=\"wp-image-17622\" srcset=\"https:\/\/www.biancoscuro.it\/site\/wp-content\/uploads\/2024\/09\/11.-Safet-Zec-Donna-o-Madre-con-bambino-2024.jpg 798w, https:\/\/www.biancoscuro.it\/site\/wp-content\/uploads\/2024\/09\/11.-Safet-Zec-Donna-o-Madre-con-bambino-2024-203x300.jpg 203w, https:\/\/www.biancoscuro.it\/site\/wp-content\/uploads\/2024\/09\/11.-Safet-Zec-Donna-o-Madre-con-bambino-2024-692x1024.jpg 692w, https:\/\/www.biancoscuro.it\/site\/wp-content\/uploads\/2024\/09\/11.-Safet-Zec-Donna-o-Madre-con-bambino-2024-768x1137.jpg 768w\" sizes=\"auto, (max-width: 798px) 100vw, 798px\" \/><figcaption class=\"wp-element-caption\">&nbsp;Safet Zec, <em>Donna o Madre con bambino, <\/em>2024<br \/>tempera, acrilico e collage su carta e tela, 220 \u00d7 330 cm<br \/><\/figcaption><\/figure>\n\n\n\n<figure class=\"wp-block-image size-large\"><img loading=\"lazy\" decoding=\"async\" width=\"886\" height=\"708\" data-id=\"17627\" src=\"https:\/\/www.biancoscuro.it\/site\/wp-content\/uploads\/2024\/09\/3.-Safet-Zec-Pane-sulla-tovaglia-bianca-2002-3.jpg\" alt=\"\" class=\"wp-image-17627\" srcset=\"https:\/\/www.biancoscuro.it\/site\/wp-content\/uploads\/2024\/09\/3.-Safet-Zec-Pane-sulla-tovaglia-bianca-2002-3.jpg 886w, https:\/\/www.biancoscuro.it\/site\/wp-content\/uploads\/2024\/09\/3.-Safet-Zec-Pane-sulla-tovaglia-bianca-2002-3-300x240.jpg 300w, https:\/\/www.biancoscuro.it\/site\/wp-content\/uploads\/2024\/09\/3.-Safet-Zec-Pane-sulla-tovaglia-bianca-2002-3-768x614.jpg 768w\" sizes=\"auto, (max-width: 886px) 100vw, 886px\" \/><figcaption class=\"wp-element-caption\">Safet Zec, <em>Pane sulla tovaglia bianca, <\/em>2002<br \/>tempera e collage su carta e tela, 100 \u00d7 80 cm<br \/><\/figcaption><\/figure>\n\n\n\n<figure class=\"wp-block-image size-large\"><img loading=\"lazy\" decoding=\"async\" width=\"1024\" height=\"683\" data-id=\"17631\" src=\"https:\/\/www.biancoscuro.it\/site\/wp-content\/uploads\/2024\/09\/SafetZec_\u00a9-Hana-Zec1-1024x683.jpg\" alt=\"\" class=\"wp-image-17631\" srcset=\"https:\/\/www.biancoscuro.it\/site\/wp-content\/uploads\/2024\/09\/SafetZec_\u00a9-Hana-Zec1-1024x683.jpg 1024w, https:\/\/www.biancoscuro.it\/site\/wp-content\/uploads\/2024\/09\/SafetZec_\u00a9-Hana-Zec1-300x200.jpg 300w, https:\/\/www.biancoscuro.it\/site\/wp-content\/uploads\/2024\/09\/SafetZec_\u00a9-Hana-Zec1-768x512.jpg 768w, https:\/\/www.biancoscuro.it\/site\/wp-content\/uploads\/2024\/09\/SafetZec_\u00a9-Hana-Zec1-930x620.jpg 930w, https:\/\/www.biancoscuro.it\/site\/wp-content\/uploads\/2024\/09\/SafetZec_\u00a9-Hana-Zec1-1320x880.jpg 1320w, https:\/\/www.biancoscuro.it\/site\/wp-content\/uploads\/2024\/09\/SafetZec_\u00a9-Hana-Zec1.jpg 1500w\" sizes=\"auto, (max-width: 1024px) 100vw, 1024px\" \/><figcaption class=\"wp-element-caption\">Safet Zec (ph. Hana Zec)<\/figcaption><\/figure>\n<\/figure>\n\n\n\n<p><\/p>\n","protected":false},"excerpt":{"rendered":"<p><span class=\"span-reading-time rt-reading-time\" style=\"display: block;\"><span class=\"rt-label rt-prefix\">\u23f0 lettura <\/span> <span class=\"rt-time\"> 5<\/span> <span class=\"rt-label rt-postfix\">min. <\/p>\n<p><\/span><\/span>Fino al 24 novembre \u00e8 possibile ammirare le opere del maestro bosniaco, italiano d&#8217;adozione, Safet Zec al Padiglione Venezia della 60.Esposizione Internazionale d\u2019Arte Biennale di Venezia in un percorso alla scoperta di un artista fuori dal tempo e dagli schemi. Figura centrale del movimento artistico chiamato \u201cRealismo poetico\u201d e considerato dalla critica internazionale artista di&hellip;&nbsp;<a href=\"https:\/\/www.biancoscuro.it\/site\/il-realismo-poetico-di-safet-zec-alla-biennale-arte-di-venezia\/\" rel=\"bookmark\">Leggi tutto &raquo;<span class=\"screen-reader-text\">Il realismo poetico di Safet ZEC alla Biennale Art di Venezia<\/span><\/a><\/p>\n","protected":false},"author":917,"featured_media":17622,"comment_status":"closed","ping_status":"closed","sticky":false,"template":"","format":"standard","meta":{"neve_meta_sidebar":"","neve_meta_container":"","neve_meta_enable_content_width":"","neve_meta_content_width":0,"neve_meta_title_alignment":"","neve_meta_author_avatar":"","neve_post_elements_order":"[\"title\",\"meta\",\"content\",\"tags\"]","neve_meta_disable_header":"","neve_meta_disable_footer":"","neve_meta_disable_title":"","advanced_seo_description":"","jetpack_seo_html_title":"","jetpack_seo_noindex":false,"footnotes":""},"categories":[5],"tags":[2578,2579,2580],"class_list":["post-17612","post","type-post","status-publish","format-standard","has-post-thumbnail","hentry","category-arte","tag-biennale-venezia","tag-padiglione-venezia","tag-safet-zec"],"jetpack_featured_media_url":"https:\/\/www.biancoscuro.it\/site\/wp-content\/uploads\/2024\/09\/11.-Safet-Zec-Donna-o-Madre-con-bambino-2024.jpg","jetpack_sharing_enabled":true,"jetpack-related-posts":[{"id":5311,"url":"https:\/\/www.biancoscuro.it\/site\/viva-arte-viva\/","url_meta":{"origin":17612,"position":0},"title":"VIVA ARTE VIVA","author":"Vincenzo Chetta","date":"4 Aprile 2017","format":false,"excerpt":"La Biennale di Venezia 57. Esposizione Internazionale d\u2019Arte Aprir\u00e0 al pubblico sabato 13 maggio, ai Giardini e all\u2019Arsenale, la 57. Esposizione Internazionale d\u2019Arte dal titolo VIVA ARTE VIVA, curata da Christine Macel e organizzata dalla Biennale di Venezia, presieduta da Paolo Baratta. Quest\u2019anno la Mostra sar\u00e0 affiancata da 85 partecipazioni\u2026","rel":"","context":"In &quot;art magazine&quot;","block_context":{"text":"art magazine","link":"https:\/\/www.biancoscuro.it\/site\/category\/art-magazine\/"},"img":{"alt_text":"","src":"https:\/\/i0.wp.com\/www.biancoscuro.it\/site\/wp-content\/uploads\/2017\/04\/2000Padiglione-Centrale_Giardini_Photo-by-Francesco-Galli.jpg?resize=350%2C200&ssl=1","width":350,"height":200,"srcset":"https:\/\/i0.wp.com\/www.biancoscuro.it\/site\/wp-content\/uploads\/2017\/04\/2000Padiglione-Centrale_Giardini_Photo-by-Francesco-Galli.jpg?resize=350%2C200&ssl=1 1x, https:\/\/i0.wp.com\/www.biancoscuro.it\/site\/wp-content\/uploads\/2017\/04\/2000Padiglione-Centrale_Giardini_Photo-by-Francesco-Galli.jpg?resize=525%2C300&ssl=1 1.5x, https:\/\/i0.wp.com\/www.biancoscuro.it\/site\/wp-content\/uploads\/2017\/04\/2000Padiglione-Centrale_Giardini_Photo-by-Francesco-Galli.jpg?resize=700%2C400&ssl=1 2x, https:\/\/i0.wp.com\/www.biancoscuro.it\/site\/wp-content\/uploads\/2017\/04\/2000Padiglione-Centrale_Giardini_Photo-by-Francesco-Galli.jpg?resize=1050%2C600&ssl=1 3x, https:\/\/i0.wp.com\/www.biancoscuro.it\/site\/wp-content\/uploads\/2017\/04\/2000Padiglione-Centrale_Giardini_Photo-by-Francesco-Galli.jpg?resize=1400%2C800&ssl=1 4x"},"classes":[]},{"id":9243,"url":"https:\/\/www.biancoscuro.it\/site\/la-biennale-di-venezia-58-esposizione-internazionale-darte\/","url_meta":{"origin":17612,"position":1},"title":"La Biennale di Venezia 58. Esposizione Internazionale d\u2019Arte","author":"Vincenzo Chetta","date":"18 Maggio 2019","format":false,"excerpt":"Anicka Yi \u201cBiologizing the Machine - tentacular trouble\u201d \u201cMay You Live In Interesting Times\u201d, questo il titolo della Biennale d\u2019Arte di Venezia 2019, curata da Ralph Rugoff e presieduta da Paolo Baratta. Questo titolo pu\u00f2 essere letto come una sorta di maledizione poich\u00e9 porta alla mente l\u2019idea di sfide, di\u2026","rel":"","context":"In &quot;arte&quot;","block_context":{"text":"arte","link":"https:\/\/www.biancoscuro.it\/site\/category\/arte\/"},"img":{"alt_text":"","src":"https:\/\/i0.wp.com\/www.biancoscuro.it\/site\/wp-content\/uploads\/2019\/06\/KEV9179-HEAD.jpg?resize=350%2C200&ssl=1","width":350,"height":200,"srcset":"https:\/\/i0.wp.com\/www.biancoscuro.it\/site\/wp-content\/uploads\/2019\/06\/KEV9179-HEAD.jpg?resize=350%2C200&ssl=1 1x, https:\/\/i0.wp.com\/www.biancoscuro.it\/site\/wp-content\/uploads\/2019\/06\/KEV9179-HEAD.jpg?resize=525%2C300&ssl=1 1.5x, https:\/\/i0.wp.com\/www.biancoscuro.it\/site\/wp-content\/uploads\/2019\/06\/KEV9179-HEAD.jpg?resize=700%2C400&ssl=1 2x, https:\/\/i0.wp.com\/www.biancoscuro.it\/site\/wp-content\/uploads\/2019\/06\/KEV9179-HEAD.jpg?resize=1050%2C600&ssl=1 3x, https:\/\/i0.wp.com\/www.biancoscuro.it\/site\/wp-content\/uploads\/2019\/06\/KEV9179-HEAD.jpg?resize=1400%2C800&ssl=1 4x"},"classes":[]},{"id":5584,"url":"https:\/\/www.biancoscuro.it\/site\/biancoscuro-leditoriale-giugno-luglio-2017\/","url_meta":{"origin":17612,"position":2},"title":"BIANCOSCURO, l\u2019editoriale di giugno-luglio 2017","author":"Vincenzo Chetta","date":"1 Giugno 2017","format":false,"excerpt":"Dopo un maggio ricco di eventi artistici, sui quali spicca l\u2019inaugurazione della 57.Biennale di Venezia (emozionante il Padiglione Italia che, finalmente dopo anni, ha riscosso grande successo da parte della critica. Avrebbe meritato il Leone d\u2019Oro, \u201csoffiato\u201d dalla Germania grazie al progetto di Anne Imhof), giugno e luglio si presentano\u2026","rel":"","context":"In &quot;art magazine&quot;","block_context":{"text":"art magazine","link":"https:\/\/www.biancoscuro.it\/site\/category\/art-magazine\/"},"img":{"alt_text":"Roberto Cuoghi - Imitazione di Cristo [Imitation of Christ] Padiglione Italia - 57. Esposizione Internazionale d\u2019Arte - La Biennale di Venezia","src":"https:\/\/i0.wp.com\/www.biancoscuro.it\/site\/wp-content\/uploads\/2017\/05\/500cuoghitop.jpg?resize=350%2C200&ssl=1","width":350,"height":200},"classes":[]},{"id":2582,"url":"https:\/\/www.biancoscuro.it\/site\/la-biennale-di-venezia-56a-edizione-per-linternazionale-darte-curata-da-okwui-enwezor\/","url_meta":{"origin":17612,"position":3},"title":"La Biennale di Venezia 56\u00aa Edizione curata da Okwui Enwezor","author":"Redazione BIANCOSCURO","date":"5 Maggio 2015","format":false,"excerpt":"Aprir\u00e0 al pubblico da sabato 9 maggio a domenica 22 novembre 2015, ai Giardini della Biennale e all\u2019Arsenale, la 56\u00aa Esposizione Internazionale d\u2019Arte dal titolo \u201cAll the World\u2019s Futures\u201d, diretta da Okwui Enwezor e organizzata dalla Biennale di Venezia presieduta da Paolo Baratta. La vernice avr\u00e0 luogo nei giorni 6,\u2026","rel":"","context":"In &quot;arte&quot;","block_context":{"text":"arte","link":"https:\/\/www.biancoscuro.it\/site\/category\/arte\/"},"img":{"alt_text":"","src":"https:\/\/i0.wp.com\/www.biancoscuro.it\/site\/wp-content\/uploads\/2015\/05\/Padiglione-Centrale.jpg?resize=350%2C200&ssl=1","width":350,"height":200,"srcset":"https:\/\/i0.wp.com\/www.biancoscuro.it\/site\/wp-content\/uploads\/2015\/05\/Padiglione-Centrale.jpg?resize=350%2C200&ssl=1 1x, https:\/\/i0.wp.com\/www.biancoscuro.it\/site\/wp-content\/uploads\/2015\/05\/Padiglione-Centrale.jpg?resize=525%2C300&ssl=1 1.5x, https:\/\/i0.wp.com\/www.biancoscuro.it\/site\/wp-content\/uploads\/2015\/05\/Padiglione-Centrale.jpg?resize=700%2C400&ssl=1 2x, https:\/\/i0.wp.com\/www.biancoscuro.it\/site\/wp-content\/uploads\/2015\/05\/Padiglione-Centrale.jpg?resize=1050%2C600&ssl=1 3x, https:\/\/i0.wp.com\/www.biancoscuro.it\/site\/wp-content\/uploads\/2015\/05\/Padiglione-Centrale.jpg?resize=1400%2C800&ssl=1 4x"},"classes":[]},{"id":2632,"url":"https:\/\/www.biancoscuro.it\/site\/56a-biennale-di-venezia-la-biennale-urlata\/","url_meta":{"origin":17612,"position":4},"title":"56\u00aa Biennale di Venezia &#8211; La Biennale &#8220;urlata&#8221;","author":"Redazione BIANCOSCURO","date":"9 Maggio 2015","format":false,"excerpt":"Vuole far sentire il rumore del mondo il nigeriano Okwui Enwezor curatore della 56\u00aa Esposizione Internazionale d\u2019Arte organizzata dalla Biennale di Venezia, uno degli eventi pi\u00f9 importanti per il mondo artistico internazionale intitolata quest'anno: \"All the World\u2019s Futures.\" \u201cVolevo andare a fondo svelare le relazioni col mondo. Toccare il presente\u2026","rel":"","context":"In &quot;arte&quot;","block_context":{"text":"arte","link":"https:\/\/www.biancoscuro.it\/site\/category\/arte\/"},"img":{"alt_text":"","src":"https:\/\/i0.wp.com\/www.biancoscuro.it\/site\/wp-content\/uploads\/2015\/05\/DSC_7685.jpg?resize=350%2C200&ssl=1","width":350,"height":200,"srcset":"https:\/\/i0.wp.com\/www.biancoscuro.it\/site\/wp-content\/uploads\/2015\/05\/DSC_7685.jpg?resize=350%2C200&ssl=1 1x, https:\/\/i0.wp.com\/www.biancoscuro.it\/site\/wp-content\/uploads\/2015\/05\/DSC_7685.jpg?resize=525%2C300&ssl=1 1.5x, https:\/\/i0.wp.com\/www.biancoscuro.it\/site\/wp-content\/uploads\/2015\/05\/DSC_7685.jpg?resize=700%2C400&ssl=1 2x, https:\/\/i0.wp.com\/www.biancoscuro.it\/site\/wp-content\/uploads\/2015\/05\/DSC_7685.jpg?resize=1050%2C600&ssl=1 3x, https:\/\/i0.wp.com\/www.biancoscuro.it\/site\/wp-content\/uploads\/2015\/05\/DSC_7685.jpg?resize=1400%2C800&ssl=1 4x"},"classes":[]},{"id":17242,"url":"https:\/\/www.biancoscuro.it\/site\/la-biennale-di-venezia\/","url_meta":{"origin":17612,"position":5},"title":"La Biennale di Venezia","author":"Vincenzo Chetta","date":"18 Aprile 2024","format":false,"excerpt":"La 60\u00aa Esposizione Internazionale d\u2019Arte \u201cStranieri Ovunque - Foreigners Everywhere\u201d aprir\u00e0 al pubblico sabato 20 aprile e sar\u00e0 curata da Adriano Pedrosa primo curatore della Biennale Arte proveniente dall\u2019America Latina, scelto dal Cda della Biennale di Venezia su proposta del Presidente Roberto Cicutto, perch\u00e9 portasse il suo punto di vista\u2026","rel":"","context":"In &quot;arte&quot;","block_context":{"text":"arte","link":"https:\/\/www.biancoscuro.it\/site\/category\/arte\/"},"img":{"alt_text":"Foreigners Everywhere (English), 2005 Tecnolux ultra viola, vetro 10mm retroverniciato, struttura, trasformatore elettronico, cavi. Photo by Studio Claire Fontaine Copyright Studio Claire Fontaine Courtesy of Claire Fontaine and Galerie Neu, Berlin","src":"https:\/\/i0.wp.com\/www.biancoscuro.it\/site\/wp-content\/uploads\/2024\/05\/Foreigners-Everywhere-English-2005.jpg?resize=350%2C200&ssl=1","width":350,"height":200,"srcset":"https:\/\/i0.wp.com\/www.biancoscuro.it\/site\/wp-content\/uploads\/2024\/05\/Foreigners-Everywhere-English-2005.jpg?resize=350%2C200&ssl=1 1x, https:\/\/i0.wp.com\/www.biancoscuro.it\/site\/wp-content\/uploads\/2024\/05\/Foreigners-Everywhere-English-2005.jpg?resize=525%2C300&ssl=1 1.5x, https:\/\/i0.wp.com\/www.biancoscuro.it\/site\/wp-content\/uploads\/2024\/05\/Foreigners-Everywhere-English-2005.jpg?resize=700%2C400&ssl=1 2x"},"classes":[]}],"_links":{"self":[{"href":"https:\/\/www.biancoscuro.it\/site\/wp-json\/wp\/v2\/posts\/17612","targetHints":{"allow":["GET"]}}],"collection":[{"href":"https:\/\/www.biancoscuro.it\/site\/wp-json\/wp\/v2\/posts"}],"about":[{"href":"https:\/\/www.biancoscuro.it\/site\/wp-json\/wp\/v2\/types\/post"}],"author":[{"embeddable":true,"href":"https:\/\/www.biancoscuro.it\/site\/wp-json\/wp\/v2\/users\/917"}],"replies":[{"embeddable":true,"href":"https:\/\/www.biancoscuro.it\/site\/wp-json\/wp\/v2\/comments?post=17612"}],"version-history":[{"count":3,"href":"https:\/\/www.biancoscuro.it\/site\/wp-json\/wp\/v2\/posts\/17612\/revisions"}],"predecessor-version":[{"id":17633,"href":"https:\/\/www.biancoscuro.it\/site\/wp-json\/wp\/v2\/posts\/17612\/revisions\/17633"}],"wp:featuredmedia":[{"embeddable":true,"href":"https:\/\/www.biancoscuro.it\/site\/wp-json\/wp\/v2\/media\/17622"}],"wp:attachment":[{"href":"https:\/\/www.biancoscuro.it\/site\/wp-json\/wp\/v2\/media?parent=17612"}],"wp:term":[{"taxonomy":"category","embeddable":true,"href":"https:\/\/www.biancoscuro.it\/site\/wp-json\/wp\/v2\/categories?post=17612"},{"taxonomy":"post_tag","embeddable":true,"href":"https:\/\/www.biancoscuro.it\/site\/wp-json\/wp\/v2\/tags?post=17612"}],"curies":[{"name":"wp","href":"https:\/\/api.w.org\/{rel}","templated":true}]}}