{"id":17934,"date":"2024-12-15T10:46:07","date_gmt":"2024-12-15T09:46:07","guid":{"rendered":"https:\/\/www.biancoscuro.it\/site\/?p=17934"},"modified":"2024-12-18T16:52:38","modified_gmt":"2024-12-18T15:52:38","slug":"fai-fondo-italiano-per-lambiente-e-iosonovulnerabile-insieme-a-villa-altieri-nella-giornata-dedicata-allarte-contemporanea-e-alla-memoria","status":"publish","type":"post","link":"https:\/\/www.biancoscuro.it\/site\/fai-fondo-italiano-per-lambiente-e-iosonovulnerabile-insieme-a-villa-altieri-nella-giornata-dedicata-allarte-contemporanea-e-alla-memoria\/","title":{"rendered":"FAI + IOSONOVULNERABILE + Villa Altieri"},"content":{"rendered":"<span class=\"span-reading-time rt-reading-time\" style=\"display: block;\"><span class=\"rt-label rt-prefix\">\u23f0 lettura <\/span> <span class=\"rt-time\"> &lt; 1<\/span> <span class=\"rt-label rt-postfix\">min. <br><br><\/span><\/span><div class=\"wp-block-image\">\n<figure class=\"aligncenter size-large\"><a href=\"https:\/\/www.biancoscuro.it\/site\/wp-content\/uploads\/2024\/12\/470471842_556540760682577_980264545656629507_n-1.jpg\"><img loading=\"lazy\" decoding=\"async\" width=\"1024\" height=\"683\" src=\"https:\/\/www.biancoscuro.it\/site\/wp-content\/uploads\/2024\/12\/470471842_556540760682577_980264545656629507_n-1-1024x683.jpg\" alt=\"\" class=\"wp-image-17935\" srcset=\"https:\/\/www.biancoscuro.it\/site\/wp-content\/uploads\/2024\/12\/470471842_556540760682577_980264545656629507_n-1-1024x683.jpg 1024w, https:\/\/www.biancoscuro.it\/site\/wp-content\/uploads\/2024\/12\/470471842_556540760682577_980264545656629507_n-1-300x200.jpg 300w, https:\/\/www.biancoscuro.it\/site\/wp-content\/uploads\/2024\/12\/470471842_556540760682577_980264545656629507_n-1-768x512.jpg 768w, https:\/\/www.biancoscuro.it\/site\/wp-content\/uploads\/2024\/12\/470471842_556540760682577_980264545656629507_n-1-1536x1024.jpg 1536w, https:\/\/www.biancoscuro.it\/site\/wp-content\/uploads\/2024\/12\/470471842_556540760682577_980264545656629507_n-1-930x620.jpg 930w, https:\/\/www.biancoscuro.it\/site\/wp-content\/uploads\/2024\/12\/470471842_556540760682577_980264545656629507_n-1-1320x880.jpg 1320w, https:\/\/www.biancoscuro.it\/site\/wp-content\/uploads\/2024\/12\/470471842_556540760682577_980264545656629507_n-1.jpg 2048w\" sizes=\"auto, (max-width: 1024px) 100vw, 1024px\" \/><\/a><\/figure>\n<\/div>\n\n\n<p>Il progetto transdisciplinare<strong> IOSONOVULNERABILE<\/strong> di <strong>Sergio Mario Illuminato<\/strong> continua a dialogare con la memoria storica e le trasformazioni del nostro presente. In occasione della visita organizzata dal <strong>FAI<\/strong> (Fondo Ambiente Italiano) per <strong>Cosa FAI Oggi<\/strong>, l&#8217;appuntamento si sposta a Villa Altieri: un luogo simbolico, un tempo ex carcere femminile, oggi custode di un&#8217;importante programmazione culturale e artistica.<\/p>\n\n\n\n<p>L&#8217;evento invita il pubblico a scoprire la storia di Villa Altieri, intrecciandola con le nuove narrazioni dell&#8217;arte contemporanea offerte da IOSONOVULNERABILE. Un viaggio attraverso la fragilit\u00e0, la memoria e la resilienza, temi centrali del progetto, che trovano nuova vita grazie alla capacit\u00e0 dell&#8217;arte di riconnettere passato e presente. La visita rappresenta un&#8217;occasione per valorizzare il patrimonio storico e il ruolo dell&#8217;arte come strumento di ri-significazione culturale e sociale. Attraverso l&#8217;intervento installativo, Villa Altieri diventa cos\u00ec uno spazio vivo e vulnerabile, capace di coinvolgere la comunit\u00e0 in una riflessione profonda sulle identit\u00e0 individuali e collettive.&nbsp;<\/p>\n\n\n\n<p>IOSONOVULNERABILE promuovendo il FAI rinnova dunque il suo impegno nel trasformare luoghi di memoria in paesaggi attivi di cultura.<\/p>\n\n\n\n<p><strong>14 dicembre 2024<\/strong><br \/><strong>Villa Altieri &#8211; Palazzo della Cultura e della Memoria Storica &#8211; Roma<\/strong><\/p>\n","protected":false},"excerpt":{"rendered":"<p><span class=\"span-reading-time rt-reading-time\" style=\"display: block;\"><span class=\"rt-label rt-prefix\">\u23f0 lettura <\/span> <span class=\"rt-time\"> &lt; 1<\/span> <span class=\"rt-label rt-postfix\">min. <\/p>\n<p><\/span><\/span>Il progetto transdisciplinare IOSONOVULNERABILE di Sergio Mario Illuminato continua a dialogare con la memoria storica e le trasformazioni del nostro presente. In occasione della visita organizzata dal FAI (Fondo Ambiente Italiano) per Cosa FAI Oggi, l&#8217;appuntamento si sposta a Villa Altieri: un luogo simbolico, un tempo ex carcere femminile, oggi custode di un&#8217;importante programmazione culturale&hellip;&nbsp;<a href=\"https:\/\/www.biancoscuro.it\/site\/fai-fondo-italiano-per-lambiente-e-iosonovulnerabile-insieme-a-villa-altieri-nella-giornata-dedicata-allarte-contemporanea-e-alla-memoria\/\" rel=\"bookmark\">Leggi tutto &raquo;<span class=\"screen-reader-text\">FAI + IOSONOVULNERABILE + Villa Altieri<\/span><\/a><\/p>\n","protected":false},"author":980,"featured_media":17935,"comment_status":"closed","ping_status":"closed","sticky":false,"template":"","format":"standard","meta":{"neve_meta_sidebar":"","neve_meta_container":"","neve_meta_enable_content_width":"","neve_meta_content_width":0,"neve_meta_title_alignment":"","neve_meta_author_avatar":"","neve_post_elements_order":"","neve_meta_disable_header":"","neve_meta_disable_footer":"","neve_meta_disable_title":"","advanced_seo_description":"","jetpack_seo_html_title":"","jetpack_seo_noindex":false,"footnotes":""},"categories":[26],"tags":[],"class_list":["post-17934","post","type-post","status-publish","format-standard","has-post-thumbnail","hentry","category-eventi"],"jetpack_featured_media_url":"https:\/\/www.biancoscuro.it\/site\/wp-content\/uploads\/2024\/12\/470471842_556540760682577_980264545656629507_n-1.jpg","jetpack_sharing_enabled":true,"jetpack-related-posts":[{"id":17938,"url":"https:\/\/www.biancoscuro.it\/site\/iosonovulnerabile-vulnerabilita-e-creativita-con-i-giovani-del-piaget-diaz\/","url_meta":{"origin":17934,"position":0},"title":"IOSONOVULNERABILE con i giovani del PIAGET-DIAZ","author":"Roberta Melasecca","date":"18 Dicembre 2024","format":false,"excerpt":"\"L\u2019unica cosa che vorrei poter insegnare \u00e8 un modo di guardare, cio\u00e8 di essere in mezzo al mondo.\" (Italo Calvino) Guidato da questa citazione, il progetto IOSONOVULNERABILE di Sergio Mario Illuminato ha intrecciato arte, educazione e introspezione, coinvolgendo gli studenti dell\u2019IIS PIAGET-DIAZ in un Percorso per le Competenze Trasversali e\u2026","rel":"","context":"In &quot;arte&quot;","block_context":{"text":"arte","link":"https:\/\/www.biancoscuro.it\/site\/category\/arte\/"},"img":{"alt_text":"","src":"https:\/\/i0.wp.com\/www.biancoscuro.it\/site\/wp-content\/uploads\/2024\/12\/collage-ragazzi.jpg?resize=350%2C200&ssl=1","width":350,"height":200,"srcset":"https:\/\/i0.wp.com\/www.biancoscuro.it\/site\/wp-content\/uploads\/2024\/12\/collage-ragazzi.jpg?resize=350%2C200&ssl=1 1x, https:\/\/i0.wp.com\/www.biancoscuro.it\/site\/wp-content\/uploads\/2024\/12\/collage-ragazzi.jpg?resize=525%2C300&ssl=1 1.5x, https:\/\/i0.wp.com\/www.biancoscuro.it\/site\/wp-content\/uploads\/2024\/12\/collage-ragazzi.jpg?resize=700%2C400&ssl=1 2x, https:\/\/i0.wp.com\/www.biancoscuro.it\/site\/wp-content\/uploads\/2024\/12\/collage-ragazzi.jpg?resize=1050%2C600&ssl=1 3x"},"classes":[]},{"id":17894,"url":"https:\/\/www.biancoscuro.it\/site\/sergio-mario-illuminato-iosonovulnerabile-la-figura-di-un-artista-antagonista-del-contemporaneo\/","url_meta":{"origin":17934,"position":1},"title":"SERGIO MARIO ILLUMINATO: IOSONOVULNERABILE","author":"Roberta Melasecca","date":"29 Novembre 2024","format":false,"excerpt":"Dal 7 dicembre 2024 all\u201911 febbraio 2025 Villa Altieri, Palazzo della Cultura e della Memoria Storica a Roma ospita IOSONOVUNERABILE, la mostra che racconta il progetto transdisciplinare di Sergio Mario Illuminato nato dalla residenza artistica nell\u2019ex Carcere Pontificio di Velletri. In occasione dell\u2019inaugurazione, venerd\u00ec 6 dicembre 2024 alle ore 17.00,in\u2026","rel":"","context":"In &quot;arte&quot;","block_context":{"text":"arte","link":"https:\/\/www.biancoscuro.it\/site\/category\/arte\/"},"img":{"alt_text":"","src":"https:\/\/i0.wp.com\/www.biancoscuro.it\/site\/wp-content\/uploads\/2024\/12\/SERGIO-MARIO-ILLUMINATO.jpg?resize=350%2C200&ssl=1","width":350,"height":200,"srcset":"https:\/\/i0.wp.com\/www.biancoscuro.it\/site\/wp-content\/uploads\/2024\/12\/SERGIO-MARIO-ILLUMINATO.jpg?resize=350%2C200&ssl=1 1x, https:\/\/i0.wp.com\/www.biancoscuro.it\/site\/wp-content\/uploads\/2024\/12\/SERGIO-MARIO-ILLUMINATO.jpg?resize=525%2C300&ssl=1 1.5x"},"classes":[]},{"id":18134,"url":"https:\/\/www.biancoscuro.it\/site\/incontro-conclusivo-del-progetto-iosonovulnerabile-di-sergio-mario-illuminato\/","url_meta":{"origin":17934,"position":2},"title":"Iosonovulnerabile | Incontro conclusivo","author":"Roberta Melasecca","date":"2 Febbraio 2025","format":false,"excerpt":"IOSONOVULNERABILE DI SERGIO MARIO ILLUMINATO: TRE ANNI DI ESTETICA DELLA VULNERABILIT\u00c0 L'11 febbraio, alle ore 10, al Museo di Villa Altieri, si conclude il percorso artistico IOSONOVULNERABILE di Sergio Mario Illuminato con un incontro che riunisce studenti delle scuole romane, allievi dell'Accademia di Belle Arti, scrittori e rappresentanti istituzionali. L'evento\u2026","rel":"","context":"In &quot;eventi&quot;","block_context":{"text":"eventi","link":"https:\/\/www.biancoscuro.it\/site\/category\/eventi\/"},"img":{"alt_text":"","src":"https:\/\/i0.wp.com\/www.biancoscuro.it\/site\/wp-content\/uploads\/2025\/02\/Iosonovulnerabile-Incontro-conclusivo.jpg?resize=350%2C200&ssl=1","width":350,"height":200,"srcset":"https:\/\/i0.wp.com\/www.biancoscuro.it\/site\/wp-content\/uploads\/2025\/02\/Iosonovulnerabile-Incontro-conclusivo.jpg?resize=350%2C200&ssl=1 1x, https:\/\/i0.wp.com\/www.biancoscuro.it\/site\/wp-content\/uploads\/2025\/02\/Iosonovulnerabile-Incontro-conclusivo.jpg?resize=525%2C300&ssl=1 1.5x, https:\/\/i0.wp.com\/www.biancoscuro.it\/site\/wp-content\/uploads\/2025\/02\/Iosonovulnerabile-Incontro-conclusivo.jpg?resize=700%2C400&ssl=1 2x"},"classes":[]},{"id":18188,"url":"https:\/\/www.biancoscuro.it\/site\/finissage-iosonovulnerabile-di-sergio-mario-illuminato-il-progetto-volge-alla-conclusione\/","url_meta":{"origin":17934,"position":3},"title":"Finissage IOSONOVULNERABILE","author":"Roberta Melasecca","date":"19 Febbraio 2025","format":false,"excerpt":"Il progetto IOSONOVULNERABILE di Sergio Mario Illuminato volge alla conclusione Il 23 febbraio 2025 segner\u00e0 la conclusione di un\u2019esperienza che ha toccato le corde pi\u00f9 intime di chi l\u2019ha vissuta: IOSONOVULNERABILE di Sergio Mario Illuminato ha trasformato le sale del Museo di Villa Altieri in uno spazio dove pittura-scultura, cinema\u2026","rel":"","context":"In &quot;arte&quot;","block_context":{"text":"arte","link":"https:\/\/www.biancoscuro.it\/site\/category\/arte\/"},"img":{"alt_text":"","src":"https:\/\/i0.wp.com\/www.biancoscuro.it\/site\/wp-content\/uploads\/2025\/02\/Catalogo-6299-scaled-1.jpg?resize=350%2C200&ssl=1","width":350,"height":200,"srcset":"https:\/\/i0.wp.com\/www.biancoscuro.it\/site\/wp-content\/uploads\/2025\/02\/Catalogo-6299-scaled-1.jpg?resize=350%2C200&ssl=1 1x, https:\/\/i0.wp.com\/www.biancoscuro.it\/site\/wp-content\/uploads\/2025\/02\/Catalogo-6299-scaled-1.jpg?resize=525%2C300&ssl=1 1.5x, https:\/\/i0.wp.com\/www.biancoscuro.it\/site\/wp-content\/uploads\/2025\/02\/Catalogo-6299-scaled-1.jpg?resize=700%2C400&ssl=1 2x, https:\/\/i0.wp.com\/www.biancoscuro.it\/site\/wp-content\/uploads\/2025\/02\/Catalogo-6299-scaled-1.jpg?resize=1050%2C600&ssl=1 3x, https:\/\/i0.wp.com\/www.biancoscuro.it\/site\/wp-content\/uploads\/2025\/02\/Catalogo-6299-scaled-1.jpg?resize=1400%2C800&ssl=1 4x"},"classes":[]},{"id":17955,"url":"https:\/\/www.biancoscuro.it\/site\/larte-come-ponte-generazionale-la-collaborazione-tra-laccademia-di-belle-arti-di-roma-e-la-mostra-iosonovulnerabile-di-sergio-mario-illuminato\/","url_meta":{"origin":17934,"position":4},"title":"L\u2019arte come ponte generazionale","author":"Roberta Melasecca","date":"28 Dicembre 2024","format":false,"excerpt":"La collaborazione tra l\u2019Accademia di Belle Arti di Roma e la mostra iosonovulnerabile di Sergio Mario Illuminato Michele Vasca La mostra iosonovulnerabile di Sergio Mario Illuminato rappresenta un esempio di come l\u2019arte contemporanea possa fungere da catalizzatore per il dialogo tra generazioni, culture e discipline. Questo progetto transdisciplinare, che ha\u2026","rel":"","context":"In &quot;arte&quot;","block_context":{"text":"arte","link":"https:\/\/www.biancoscuro.it\/site\/category\/arte\/"},"img":{"alt_text":"","src":"https:\/\/i0.wp.com\/www.biancoscuro.it\/site\/wp-content\/uploads\/2024\/12\/Michele-Vasca-1.jpg?resize=350%2C200&ssl=1","width":350,"height":200,"srcset":"https:\/\/i0.wp.com\/www.biancoscuro.it\/site\/wp-content\/uploads\/2024\/12\/Michele-Vasca-1.jpg?resize=350%2C200&ssl=1 1x, https:\/\/i0.wp.com\/www.biancoscuro.it\/site\/wp-content\/uploads\/2024\/12\/Michele-Vasca-1.jpg?resize=525%2C300&ssl=1 1.5x, https:\/\/i0.wp.com\/www.biancoscuro.it\/site\/wp-content\/uploads\/2024\/12\/Michele-Vasca-1.jpg?resize=700%2C400&ssl=1 2x"},"classes":[]},{"id":18083,"url":"https:\/\/www.biancoscuro.it\/site\/februare-la-performance-di-daiela-beltrani\/","url_meta":{"origin":17934,"position":5},"title":"Februare | performance di daiela Beltrani","author":"Roberta Melasecca","date":"25 Gennaio 2025","format":false,"excerpt":"Ultimo appuntamento del ciclo di eventi performativi \u2018Dal corpo al corpo dell\u2019arte\u2019a cura di Roberta Melasecca e Michela Becchis, realizzati nell\u2019ambito della mostra transdisciplinare IOSONOVULNERABILEdi Sergio Mario Illuminato: gioved\u00ec 6 febbraio 2025 alle ore 18.00, il Museo diVilla Altieri ospiter\u00e0la performance \u2018FEBRUARE\u2019 di Daniela Beltrani, azione realizzatain collaborazione con PAR\u2026","rel":"","context":"In &quot;arte&quot;","block_context":{"text":"arte","link":"https:\/\/www.biancoscuro.it\/site\/category\/arte\/"},"img":{"alt_text":"","src":"https:\/\/i0.wp.com\/www.biancoscuro.it\/site\/wp-content\/uploads\/2025\/01\/Februare-la-performance-di-daiela-Beltrani.jpg?resize=350%2C200&ssl=1","width":350,"height":200,"srcset":"https:\/\/i0.wp.com\/www.biancoscuro.it\/site\/wp-content\/uploads\/2025\/01\/Februare-la-performance-di-daiela-Beltrani.jpg?resize=350%2C200&ssl=1 1x, https:\/\/i0.wp.com\/www.biancoscuro.it\/site\/wp-content\/uploads\/2025\/01\/Februare-la-performance-di-daiela-Beltrani.jpg?resize=525%2C300&ssl=1 1.5x"},"classes":[]}],"_links":{"self":[{"href":"https:\/\/www.biancoscuro.it\/site\/wp-json\/wp\/v2\/posts\/17934","targetHints":{"allow":["GET"]}}],"collection":[{"href":"https:\/\/www.biancoscuro.it\/site\/wp-json\/wp\/v2\/posts"}],"about":[{"href":"https:\/\/www.biancoscuro.it\/site\/wp-json\/wp\/v2\/types\/post"}],"author":[{"embeddable":true,"href":"https:\/\/www.biancoscuro.it\/site\/wp-json\/wp\/v2\/users\/980"}],"replies":[{"embeddable":true,"href":"https:\/\/www.biancoscuro.it\/site\/wp-json\/wp\/v2\/comments?post=17934"}],"version-history":[{"count":3,"href":"https:\/\/www.biancoscuro.it\/site\/wp-json\/wp\/v2\/posts\/17934\/revisions"}],"predecessor-version":[{"id":17944,"href":"https:\/\/www.biancoscuro.it\/site\/wp-json\/wp\/v2\/posts\/17934\/revisions\/17944"}],"wp:featuredmedia":[{"embeddable":true,"href":"https:\/\/www.biancoscuro.it\/site\/wp-json\/wp\/v2\/media\/17935"}],"wp:attachment":[{"href":"https:\/\/www.biancoscuro.it\/site\/wp-json\/wp\/v2\/media?parent=17934"}],"wp:term":[{"taxonomy":"category","embeddable":true,"href":"https:\/\/www.biancoscuro.it\/site\/wp-json\/wp\/v2\/categories?post=17934"},{"taxonomy":"post_tag","embeddable":true,"href":"https:\/\/www.biancoscuro.it\/site\/wp-json\/wp\/v2\/tags?post=17934"}],"curies":[{"name":"wp","href":"https:\/\/api.w.org\/{rel}","templated":true}]}}