{"id":17946,"date":"2025-01-13T18:27:55","date_gmt":"2025-01-13T17:27:55","guid":{"rendered":"https:\/\/www.biancoscuro.it\/site\/?p=17946"},"modified":"2025-01-17T12:28:15","modified_gmt":"2025-01-17T11:28:15","slug":"zhenlin-zhang-ode-to-transience","status":"publish","type":"post","link":"https:\/\/www.biancoscuro.it\/site\/zhenlin-zhang-ode-to-transience\/","title":{"rendered":"Zhenlin Zhang \u2013 Ode to Transience"},"content":{"rendered":"<span class=\"span-reading-time rt-reading-time\" style=\"display: block;\"><span class=\"rt-label rt-prefix\">\u23f0 lettura <\/span> <span class=\"rt-time\"> 5<\/span> <span class=\"rt-label rt-postfix\">min. <br><br><\/span><\/span>\n<p><strong>Tempesta Gallery<\/strong> \u00e8 lieta di presentare&nbsp;<em><strong>Ode to Transience<\/strong><\/em>, la prima mostra personale in Italia dell\u2019artista cinese <strong>Zhenlin Zhang<\/strong> (1998). Questo progetto espositivo riunisce una selezione di recenti dipinti a olio che esplorano temi universali come la separazione, la memoria e la transitoriet\u00e0 dell\u2019esistenza umana.<\/p>\n\n\n\n<p><em><strong>Ode to Transience<\/strong> \u00e8 una riflessione sulla fragilit\u00e0 della condizione umana. Abbraccia la consapevolezza di un\u2019esistenza effimera, fugace, destinata a scomparire. Transitoria e impermanente.<\/em><\/p>\n\n\n\n<p>Questa toccante serie di opere si concentra sui momenti di distacco e sulle emozioni profonde che essi suscitano. Ispirato dalle tradizioni culturali tibetane e dalla loro visione filosofica dell\u2019impermanenza, <strong>Zhang<\/strong> utilizza la pittura a olio per investigare la natura effimera della vita, catturando l\u2019equilibrio fragile tra speranza e solitudine. Le opere esposte sono profondamente personali, nate da esperienze recenti dell\u2019artista, come la perdita di familiari e le difficolt\u00e0 legate alla salute della madre. Tuttavia, queste narrazioni individuali trascendono il personale per offrire una meditazione universale sulla vita, la morte e le connessioni che persistono nel tempo.&nbsp;<\/p>\n\n\n\n<figure class=\"wp-block-image size-full\"><img loading=\"lazy\" decoding=\"async\" width=\"999\" height=\"646\" src=\"https:\/\/www.biancoscuro.it\/site\/wp-content\/uploads\/2025\/01\/Zhenlin-Zhang-\u2013-Ode-to-Transience_DSC2601.jpg\" alt=\"Zhenlin Zhang \u2013 Ode to Transience\" class=\"wp-image-18021\" srcset=\"https:\/\/www.biancoscuro.it\/site\/wp-content\/uploads\/2025\/01\/Zhenlin-Zhang-\u2013-Ode-to-Transience_DSC2601.jpg 999w, https:\/\/www.biancoscuro.it\/site\/wp-content\/uploads\/2025\/01\/Zhenlin-Zhang-\u2013-Ode-to-Transience_DSC2601-300x194.jpg 300w, https:\/\/www.biancoscuro.it\/site\/wp-content\/uploads\/2025\/01\/Zhenlin-Zhang-\u2013-Ode-to-Transience_DSC2601-768x497.jpg 768w\" sizes=\"auto, (max-width: 999px) 100vw, 999px\" \/><figcaption class=\"wp-element-caption\"><em><\/em><em><strong>Zhenlin Zhang<\/strong> \u2013 Ode to Transience | Installation view \u00a9 Ph. Sarah Indriolo<\/em><\/figcaption><\/figure>\n\n\n\n<p><em>I luoghi pi\u00f9 freddi del mondo non sono i ghiacciai, ma la freddezza predestinata della pelle umana. Gli addii non sono solo separazioni: sono incontri con il senso profondo della vita, un\u2019occasione per riflettere sulla bellezza fugace dei momenti pi\u00f9 significativi della nostra esistenza. Il mio lavoro mira a onorare queste transizioni, fondendo speranza e solitudine con la saggezza delle tradizioni ancestrali<\/em>.<\/p>\n\n\n\n<p><strong>Zhenlin Zhang<\/strong> (1998) \u2013 secondo una pratica silenziosamente loquace &#8211; restituisce atmosfere evanescenti, al confine tra il reale e l\u2019onirico. Un carattere spirituale che fissa nel tempo attimi impercettibili. Partenze e lontananze assumono una connotazione inedita, un saluto \u00e8 ora un incontro, la vita \u00e8 profondamente connessa all\u2019inevitabilit\u00e0 del suo limite. Decostruito e riletto, il dolore di una perdita o di una separazione forzata diviene possibilit\u00e0 di confronto: la realt\u00e0 \u00e8 definita da connessioni mutabili che plasmano e definiscono la nostra esistenza. <strong>La pittura di Zhang<\/strong>, il gesto immediato, la stratificazione di pigmenti a olio, congelano istanti labili. \u00c8 una condizione rarefatta, impercettibile e in continuo divenire, proprio come una danza tra forme e forze, tra presenza e scomparsa. Traendo ispirazione dai precetti della filosofia tibetana, l\u2019artista accetta una concezione della vita predestinata e predefinita. Una consapevolezza che determina un approccio quasi poetico alla vita, che prosegue e si sviluppa come un verso senza fine. Un movimento ciclico in cui principio e conclusione trovano il medesimo punto di risoluzione: un rapporto di scambio interdipendente con la dimensione naturale. Un\u2019inclusione reciproca, un\u2019immersione in cui soggetto e ambiente penetrano attivamente l\u2019un l\u2019altro. Quella di Zhang \u00e8 una natura che supera la contraddizione ontologica che la distanzia dalla cultura, permette a ogni cosa di nascere e evolvere, \u00e8 la forza responsabile della genesi e della trasformazione di qualsiasi identit\u00e0, idea e soggetto che esiste, \u00e8 esistita e che esister\u00e0. Animali, piante, talismani e gioielli costituiscono l\u2019universo figurativo dell\u2019artista, simboli del conflitto tra speranza e solitudine, un viaggio ciclico che si risolve nell\u2019instabilit\u00e0 di una metamorfosi in potenza, di una tensione oscillatoria che separa l\u2019astrazione dalla figurazione. Le immagini di cui Zhang si serve sono tracce di un\u2019esperienza passata, istantanee di una memoria che si fa visibile. Come in un campo di forze, la distorsione della forma e le velature dei colori si intrecciano, rivelando cos\u00ec una dimensione incerta, mai statica, in perenne divenire.<\/p>\n\n\n\n<figure class=\"wp-block-image size-full\"><img loading=\"lazy\" decoding=\"async\" width=\"999\" height=\"653\" src=\"https:\/\/www.biancoscuro.it\/site\/wp-content\/uploads\/2025\/01\/Zhenlin-Zhang-\u2013-Ode-to-Transience_DSC2607.jpg\" alt=\"Zhenlin Zhang \u2013 Ode to Transience\" class=\"wp-image-18022\" srcset=\"https:\/\/www.biancoscuro.it\/site\/wp-content\/uploads\/2025\/01\/Zhenlin-Zhang-\u2013-Ode-to-Transience_DSC2607.jpg 999w, https:\/\/www.biancoscuro.it\/site\/wp-content\/uploads\/2025\/01\/Zhenlin-Zhang-\u2013-Ode-to-Transience_DSC2607-300x196.jpg 300w, https:\/\/www.biancoscuro.it\/site\/wp-content\/uploads\/2025\/01\/Zhenlin-Zhang-\u2013-Ode-to-Transience_DSC2607-768x502.jpg 768w\" sizes=\"auto, (max-width: 999px) 100vw, 999px\" \/><figcaption class=\"wp-element-caption\"><em><strong>Zhenlin Zhang<\/strong> \u2013 Ode to Transience | Installation view \u00a9 Ph. Sarah Indriolo<\/em><\/figcaption><\/figure>\n\n\n\n<p>Le opere in mostra paiono perci\u00f2 ambienti in cui l\u2019immagine si dissolve in un alfabeto di segni che suggeriscono la transitoriet\u00e0, la caducit\u00e0 e l\u2019eterno ritorno. La visione dell\u2019artista \u00e8 simultaneamente intima e universale, uno spazio di oscillazione tra visibile e invisibile, tra rappresentazione e astrazione. L\u2019individuo e la natura sono interconnessi tramite un abbraccio continuo dove la separazione e la perdita non sono mai definitive, al contrario recano la promessa di una nuova unione. All\u2019interno del processo inesauribile descritto da Zhang, la sofferenza si fa alterazione, il vuoto diviene pieno e ogni fine \u00e8 ora un nuovo inizio. Attraverso il suo lavoro, tenta di sintetizzare una pi\u00f9 profonda comprensione della vita, secondo cui l\u2019impermanenza non \u00e8 una condanna, al contrario una possibilit\u00e0. La fine di un ciclo \u00e8 il preludio di una successiva evoluzione, un movimento reiterato che ci trascina in un flusso ininterrotto di trasformazione e rivelazione.<\/p>\n\n\n\n<figure class=\"wp-block-image size-full\"><img loading=\"lazy\" decoding=\"async\" width=\"999\" height=\"646\" src=\"https:\/\/www.biancoscuro.it\/site\/wp-content\/uploads\/2025\/01\/Zhenlin-Zhang-\u2013-Ode-to-Transience_DSC2601.jpg\" alt=\"Zhenlin Zhang \u2013 Ode to Transience\" class=\"wp-image-18021\" srcset=\"https:\/\/www.biancoscuro.it\/site\/wp-content\/uploads\/2025\/01\/Zhenlin-Zhang-\u2013-Ode-to-Transience_DSC2601.jpg 999w, https:\/\/www.biancoscuro.it\/site\/wp-content\/uploads\/2025\/01\/Zhenlin-Zhang-\u2013-Ode-to-Transience_DSC2601-300x194.jpg 300w, https:\/\/www.biancoscuro.it\/site\/wp-content\/uploads\/2025\/01\/Zhenlin-Zhang-\u2013-Ode-to-Transience_DSC2601-768x497.jpg 768w\" sizes=\"auto, (max-width: 999px) 100vw, 999px\" \/><figcaption class=\"wp-element-caption\"><em><strong>Zhenlin Zhang<\/strong> \u2013 Ode to Transience | Installation view \u00a9 Ph. Sarah Indriolo<\/em><\/figcaption><\/figure>\n\n\n\n<p><strong>&nbsp;Zhenlin Zhang<br \/><\/strong><em>Iconografie mitiche. Mala tibetani. Toni cerulei e velature cremisi. Stati transitori, effimeri, fragili come la condizione umana, un\u2019esistenza fluida e mai statica. Cos\u00ec come le onde del mare si susseguono e si infrangono secondo un moto perpetuo, qui il gesto pittorico, le sfumature e la stratificazione del colore contribuiscono alla restituzione di un\u2019atmosfera volubile, rarefatta e in continua trasformazione. Il lavoro di Zhang vive una dimensione evanescente, porosa, quasi onirica, connotata da un carattere spirituale che tenta di fissare nel tempo istanti, attimi fugaci. La figurazione cede il passo a immagini sospese, metamorfiche, che emergono e scompaiono ritmando l\u2019impianto compositivo attraverso un inesauribile processo di decostruzione e ricontestualizzazione. Una riflessione sul concetto di perdita, una danza tra forme e forze, tra scomparsa e presenza. Una tensione oscillatoria al confine tra incontro e separazione, tra astrazione e rappresentazione, tra morte e rinascita. &nbsp;&nbsp;&nbsp;<\/em><br \/><em><strong>Edoardo Durante<\/strong><\/em><\/p>\n\n\n\n<figure class=\"wp-block-image size-full\"><img loading=\"lazy\" decoding=\"async\" width=\"999\" height=\"706\" src=\"https:\/\/www.biancoscuro.it\/site\/wp-content\/uploads\/2025\/01\/Zhenlin-Zhang-\u2013-Ode-to-Transience-3.jpg\" alt=\"Zhenlin Zhang \u2013 Ode to Transience\" class=\"wp-image-18018\" srcset=\"https:\/\/www.biancoscuro.it\/site\/wp-content\/uploads\/2025\/01\/Zhenlin-Zhang-\u2013-Ode-to-Transience-3.jpg 999w, https:\/\/www.biancoscuro.it\/site\/wp-content\/uploads\/2025\/01\/Zhenlin-Zhang-\u2013-Ode-to-Transience-3-300x212.jpg 300w, https:\/\/www.biancoscuro.it\/site\/wp-content\/uploads\/2025\/01\/Zhenlin-Zhang-\u2013-Ode-to-Transience-3-768x543.jpg 768w\" sizes=\"auto, (max-width: 999px) 100vw, 999px\" \/><\/figure>\n\n\n\n<p><strong>Zhenlin Zhang<\/strong> si \u00e8 laureato presso il Royal College of Art di Londra, sviluppando un linguaggio visivo unico che fonde narrazioni personali con profonde riflessioni culturali e filosofiche. Il suo lavoro \u00e8 stato riconosciuto con premi e partecipazioni a mostre in Europa e Asia, tra cui la selezione curata di&nbsp;Art Maze Mag&nbsp;e progetti espositivi significativi come&nbsp;Tibet: Cultural Assimilation Through a Theatrical Lens&nbsp;e&nbsp;The Future of Belonging. Le sue opere, ispirate anche dalla filosofia tibetana, esplorano le radici culturali e il senso dell\u2019impermanenza.<\/p>\n\n\n\n<figure class=\"wp-block-image size-full\"><img loading=\"lazy\" decoding=\"async\" width=\"999\" height=\"706\" src=\"https:\/\/www.biancoscuro.it\/site\/wp-content\/uploads\/2025\/01\/Zhenlin-Zhang-\u2013-Ode-to-Transience-1.jpg\" alt=\"Zhenlin Zhang \u2013 Ode to Transience\" class=\"wp-image-18017\" srcset=\"https:\/\/www.biancoscuro.it\/site\/wp-content\/uploads\/2025\/01\/Zhenlin-Zhang-\u2013-Ode-to-Transience-1.jpg 999w, https:\/\/www.biancoscuro.it\/site\/wp-content\/uploads\/2025\/01\/Zhenlin-Zhang-\u2013-Ode-to-Transience-1-300x212.jpg 300w, https:\/\/www.biancoscuro.it\/site\/wp-content\/uploads\/2025\/01\/Zhenlin-Zhang-\u2013-Ode-to-Transience-1-768x543.jpg 768w\" sizes=\"auto, (max-width: 999px) 100vw, 999px\" \/><figcaption class=\"wp-element-caption\"><em><\/em><em><strong>Zhenlin Zhang<\/strong> \u2013 Ode to Transience | Installation view \u00a9 Ph. Sarah Indriolo<\/em><\/figcaption><\/figure>\n\n\n\n<hr class=\"wp-block-separator has-alpha-channel-opacity\"\/>\n\n\n\n<p><em><strong>Tempesta Gallery<\/strong><br \/>Fondata a Milano nel 2020 da Elisa Bonzano ed Enrico Angelino, Tempesta Gallery si distingue per la sua missione di promuovere artisti contemporanei che affrontano temi di rilevanza sociale e ambientale. La galleria si propone come un luogo di dialogo, connettendo artisti provenienti sia dall\u2019Italia che dall\u2019estero con il contesto culturale e urbano della citt\u00e0 di Milano.<br \/>Attraverso un programma espositivo inclusivo e diversificato, Tempesta Gallery offre una piattaforma per artisti che lavorano con una variet\u00e0 di linguaggi, tra cui pittura, scultura e installazione. Ogni progetto espositivo \u00e8 concepito per stimolare una riflessione critica sulle dinamiche che influenzano la nostra societ\u00e0 e il nostro pianeta, creando connessioni significative tra arte, pubblico e territorio.<\/em><\/p>\n\n\n\n<figure class=\"wp-block-image size-full\"><img loading=\"lazy\" decoding=\"async\" width=\"999\" height=\"706\" src=\"https:\/\/www.biancoscuro.it\/site\/wp-content\/uploads\/2025\/01\/Zhenlin-Zhang-\u2013-Ode-to-Transience-2.jpg\" alt=\"Zhenlin Zhang \u2013 Ode to Transience\" class=\"wp-image-18016\" srcset=\"https:\/\/www.biancoscuro.it\/site\/wp-content\/uploads\/2025\/01\/Zhenlin-Zhang-\u2013-Ode-to-Transience-2.jpg 999w, https:\/\/www.biancoscuro.it\/site\/wp-content\/uploads\/2025\/01\/Zhenlin-Zhang-\u2013-Ode-to-Transience-2-300x212.jpg 300w, https:\/\/www.biancoscuro.it\/site\/wp-content\/uploads\/2025\/01\/Zhenlin-Zhang-\u2013-Ode-to-Transience-2-768x543.jpg 768w\" sizes=\"auto, (max-width: 999px) 100vw, 999px\" \/><\/figure>\n\n\n\n<pre class=\"wp-block-preformatted\"><strong>INFO<\/strong><br \/><strong>Tempesta Gallery presenta:<\/strong><br \/><br \/><strong>Zhenlin Zhang \u2013 Ode to Transience<\/strong><br \/><br \/>Inaugurazione 16 gennaio 2025 dalle ore 18:00<br \/>17 gennaio \u2013 21 marzo 2025<br \/>Marted\u00ec \u2013 Venerd\u00ec | 15:00 \u2013 19:00<br \/><br \/>Foro Bonaparte 68, Milano<br \/><br \/>info@tempestagallery.com<\/pre>\n","protected":false},"excerpt":{"rendered":"<p><span class=\"span-reading-time rt-reading-time\" style=\"display: block;\"><span class=\"rt-label rt-prefix\">\u23f0 lettura <\/span> <span class=\"rt-time\"> 5<\/span> <span class=\"rt-label rt-postfix\">min. <\/p>\n<p><\/span><\/span>Tempesta Gallery \u00e8 lieta di presentare&nbsp;Ode to Transience, la prima mostra personale in Italia dell\u2019artista cinese Zhenlin Zhang (1998). Questo progetto espositivo riunisce una selezione di recenti dipinti a olio che esplorano temi universali come la separazione, la memoria e la transitoriet\u00e0 dell\u2019esistenza umana. Ode to Transience \u00e8 una riflessione sulla fragilit\u00e0 della condizione umana.&hellip;&nbsp;<a href=\"https:\/\/www.biancoscuro.it\/site\/zhenlin-zhang-ode-to-transience\/\" rel=\"bookmark\">Leggi tutto &raquo;<span class=\"screen-reader-text\">Zhenlin Zhang \u2013 Ode to Transience<\/span><\/a><\/p>\n","protected":false},"author":1140,"featured_media":18018,"comment_status":"closed","ping_status":"closed","sticky":false,"template":"","format":"standard","meta":{"neve_meta_sidebar":"","neve_meta_container":"","neve_meta_enable_content_width":"","neve_meta_content_width":0,"neve_meta_title_alignment":"","neve_meta_author_avatar":"","neve_post_elements_order":"","neve_meta_disable_header":"","neve_meta_disable_footer":"","neve_meta_disable_title":"","advanced_seo_description":"","jetpack_seo_html_title":"","jetpack_seo_noindex":false,"footnotes":""},"categories":[5,24],"tags":[449,825,464],"class_list":["post-17946","post","type-post","status-publish","format-standard","has-post-thumbnail","hentry","category-arte","category-mostre","tag-arte","tag-artecontemporanea","tag-milano"],"jetpack_featured_media_url":"https:\/\/www.biancoscuro.it\/site\/wp-content\/uploads\/2025\/01\/Zhenlin-Zhang-\u2013-Ode-to-Transience-3.jpg","jetpack_sharing_enabled":true,"jetpack-related-posts":[{"id":17162,"url":"https:\/\/www.biancoscuro.it\/site\/concorso-internazionale-del-ritratto-dedicato-a-tiziano-vecellio\/","url_meta":{"origin":17946,"position":0},"title":"Concorso Internazionale del Ritratto Tiziano Vecellio","author":"Sandra Miranda Pattin","date":"10 Aprile 2024","format":false,"excerpt":"Mostra dei finalisti\u00a0 Un evento di arte contemporanea e di valorizzazione delle pratiche interculturali: \u201cConcorso Internazionale del Ritratto dedicato a Tiziano Vecellio\u201d\u00a0 Ancora oggi, nelle opere degli artisti contemporanei, possiamo riconoscere l'eredit\u00e0 ancora viva lasciata da un grande maestro della pittura, quale \u00e8 stato Tiziano Vecellio. Prima del XX secolo\u2026","rel":"","context":"In &quot;acquerelli&quot;","block_context":{"text":"acquerelli","link":"https:\/\/www.biancoscuro.it\/site\/category\/acquerelli\/"},"img":{"alt_text":"","src":"https:\/\/i0.wp.com\/www.biancoscuro.it\/site\/wp-content\/uploads\/2024\/04\/lr_titian_finalist-scaled.jpg?resize=350%2C200&ssl=1","width":350,"height":200,"srcset":"https:\/\/i0.wp.com\/www.biancoscuro.it\/site\/wp-content\/uploads\/2024\/04\/lr_titian_finalist-scaled.jpg?resize=350%2C200&ssl=1 1x, https:\/\/i0.wp.com\/www.biancoscuro.it\/site\/wp-content\/uploads\/2024\/04\/lr_titian_finalist-scaled.jpg?resize=525%2C300&ssl=1 1.5x, https:\/\/i0.wp.com\/www.biancoscuro.it\/site\/wp-content\/uploads\/2024\/04\/lr_titian_finalist-scaled.jpg?resize=700%2C400&ssl=1 2x, https:\/\/i0.wp.com\/www.biancoscuro.it\/site\/wp-content\/uploads\/2024\/04\/lr_titian_finalist-scaled.jpg?resize=1050%2C600&ssl=1 3x, https:\/\/i0.wp.com\/www.biancoscuro.it\/site\/wp-content\/uploads\/2024\/04\/lr_titian_finalist-scaled.jpg?resize=1400%2C800&ssl=1 4x"},"classes":[]},{"id":15931,"url":"https:\/\/www.biancoscuro.it\/site\/the-night-of-excellence-marbella\/","url_meta":{"origin":17946,"position":1},"title":"The Night of Excellence | Marbella","author":"Redazione BIANCOSCURO","date":"27 Aprile 2023","format":false,"excerpt":"Il Casino Marbella porta l\u2019eccellenza da Parigi. Oggi, 27 aprile, il Casino Marbella apre le sue porte per presentare \u201cThe Night of Excellence\u201d, la nuova mostra collettiva internazionale di Excellence Art Gallery. Massimo Cedrini e Giuseppe Carnevale porteranno da Parigi una collezione d\u2019arte senza precedenti, recentemente esposta alla Fiera Internazionale\u2026","rel":"","context":"In &quot;arte&quot;","block_context":{"text":"arte","link":"https:\/\/www.biancoscuro.it\/site\/category\/arte\/"},"img":{"alt_text":"","src":"https:\/\/i0.wp.com\/www.biancoscuro.it\/site\/wp-content\/uploads\/2023\/05\/CASINO-MARBELLA-EXCELLENCE-1.jpg?resize=350%2C200&ssl=1","width":350,"height":200,"srcset":"https:\/\/i0.wp.com\/www.biancoscuro.it\/site\/wp-content\/uploads\/2023\/05\/CASINO-MARBELLA-EXCELLENCE-1.jpg?resize=350%2C200&ssl=1 1x, https:\/\/i0.wp.com\/www.biancoscuro.it\/site\/wp-content\/uploads\/2023\/05\/CASINO-MARBELLA-EXCELLENCE-1.jpg?resize=525%2C300&ssl=1 1.5x"},"classes":[]},{"id":13370,"url":"https:\/\/www.biancoscuro.it\/site\/maelee-lee-genesis\/","url_meta":{"origin":17946,"position":2},"title":"Maelee Lee &#8211; Genesis","author":"Cristina Gatti","date":"4 Maggio 2022","format":false,"excerpt":"La Galleria San Polo presenta la mostra personale Genesis dell\u2019artista sudcoreana Lee Maelee (1963, Repubblica di Corea), organizzata dalla curatrice ed esperta di arte asiatica Thalia Vrachopoulos, che sar\u00e0 visitabile fino al 28 giugno 2022.\u00a0 Genesis nasce dalla ricerca artistica di Lee, incentrata sulle questioni pi\u00f9 profonde che riguardano l\u2019essere\u2026","rel":"","context":"In &quot;arte&quot;","block_context":{"text":"arte","link":"https:\/\/www.biancoscuro.it\/site\/category\/arte\/"},"img":{"alt_text":"","src":"https:\/\/i0.wp.com\/www.biancoscuro.it\/site\/wp-content\/uploads\/2022\/05\/Genesis-by-LeeMaelee-L.jpg?resize=350%2C200&ssl=1","width":350,"height":200,"srcset":"https:\/\/i0.wp.com\/www.biancoscuro.it\/site\/wp-content\/uploads\/2022\/05\/Genesis-by-LeeMaelee-L.jpg?resize=350%2C200&ssl=1 1x, https:\/\/i0.wp.com\/www.biancoscuro.it\/site\/wp-content\/uploads\/2022\/05\/Genesis-by-LeeMaelee-L.jpg?resize=525%2C300&ssl=1 1.5x, https:\/\/i0.wp.com\/www.biancoscuro.it\/site\/wp-content\/uploads\/2022\/05\/Genesis-by-LeeMaelee-L.jpg?resize=700%2C400&ssl=1 2x"},"classes":[]},{"id":8790,"url":"https:\/\/www.biancoscuro.it\/site\/rito-e-realta-marina-vargas\/","url_meta":{"origin":17946,"position":3},"title":"Rito e realt\u00e0 | Marina Vargas","author":"Redazione BIANCOSCURO","date":"26 Febbraio 2019","format":false,"excerpt":"Inaugurata il 9 febbraio \u00e8 ancora visibile fino al 10 marzo presso il Palazzo del Parco di Diano Marina, la mostra \u201cRito e realt\u00e0\u201d di Marina Vargas, organizzata da Civiero Art Gallery, con il Patrocinio e la collaborazione dell\u2019Assessorato alla Cultura del Comune di Diano Marina. Le opere in mostra\u2026","rel":"","context":"In &quot;arte&quot;","block_context":{"text":"arte","link":"https:\/\/www.biancoscuro.it\/site\/category\/arte\/"},"img":{"alt_text":"","src":"https:\/\/i0.wp.com\/www.biancoscuro.it\/site\/wp-content\/uploads\/2019\/02\/DSCF2348.jpg?resize=350%2C200&ssl=1","width":350,"height":200,"srcset":"https:\/\/i0.wp.com\/www.biancoscuro.it\/site\/wp-content\/uploads\/2019\/02\/DSCF2348.jpg?resize=350%2C200&ssl=1 1x, https:\/\/i0.wp.com\/www.biancoscuro.it\/site\/wp-content\/uploads\/2019\/02\/DSCF2348.jpg?resize=525%2C300&ssl=1 1.5x, https:\/\/i0.wp.com\/www.biancoscuro.it\/site\/wp-content\/uploads\/2019\/02\/DSCF2348.jpg?resize=700%2C400&ssl=1 2x"},"classes":[]},{"id":6852,"url":"https:\/\/www.biancoscuro.it\/site\/ernesto-jannini-e-giuliano-barbanti-back-to-college\/","url_meta":{"origin":17946,"position":4},"title":"Ernesto Jannini\u00a0e\u00a0Giuliano Barbanti | Back to College","author":"Redazione BIANCOSCURO","date":"14 Marzo 2018","format":false,"excerpt":"Inaugurazione della mostra di Ernesto Jannini e Giuliano Barbanti a cura di Martina Corgnati presso il Collegio Lorenzo Valla di Pavia Prosegue con successo la rassegna d'arte contemporanea\u00a0\u201cBack to College\u201d, \u00a0a cura di Martina Corgnati,\u00a0Storica dell\u2019Arte, docente all'Accademia di Brera. Inaugurata il 13 marzo al Collegio Lorenzo Valla, gli artisti\u2026","rel":"","context":"In &quot;arte&quot;","block_context":{"text":"arte","link":"https:\/\/www.biancoscuro.it\/site\/category\/arte\/"},"img":{"alt_text":"","src":"https:\/\/i0.wp.com\/www.biancoscuro.it\/site\/wp-content\/uploads\/2018\/03\/29339BACK1303-quad.jpg?resize=350%2C200&ssl=1","width":350,"height":200},"classes":[]},{"id":17226,"url":"https:\/\/www.biancoscuro.it\/site\/mostra-pan-tra-mito-e-natura-a-cossignano-un-connubio-di-arte-e-natura\/","url_meta":{"origin":17946,"position":5},"title":"Mostra &#8220;PAN tra mito e natura&#8221; a Cossignano: Un Connubio di Arte e Natura","author":"Redazione BIANCOSCURO","date":"3 Maggio 2024","format":false,"excerpt":"La Galleria Zanini Arte presenta la mostra \"PAN tra mito e natura\" che si terr\u00e0 nel cuore del borgo di Cossignano, in provincia di Ascoli Piceno. Questo straordinario evento, patrocinato dal Comune, dalla Provincia e dalla Regione Marche, \u00e8 realizzato in collaborazione con il gruppo FAI giovani di San Benedetto\u2026","rel":"","context":"In &quot;arte&quot;","block_context":{"text":"arte","link":"https:\/\/www.biancoscuro.it\/site\/category\/arte\/"},"img":{"alt_text":"","src":"https:\/\/i0.wp.com\/www.biancoscuro.it\/site\/wp-content\/uploads\/2024\/05\/Daniele-Fortuna_Just-Fruit_60x67x43_Zanini-arte.jpg?resize=350%2C200&ssl=1","width":350,"height":200,"srcset":"https:\/\/i0.wp.com\/www.biancoscuro.it\/site\/wp-content\/uploads\/2024\/05\/Daniele-Fortuna_Just-Fruit_60x67x43_Zanini-arte.jpg?resize=350%2C200&ssl=1 1x, https:\/\/i0.wp.com\/www.biancoscuro.it\/site\/wp-content\/uploads\/2024\/05\/Daniele-Fortuna_Just-Fruit_60x67x43_Zanini-arte.jpg?resize=525%2C300&ssl=1 1.5x, https:\/\/i0.wp.com\/www.biancoscuro.it\/site\/wp-content\/uploads\/2024\/05\/Daniele-Fortuna_Just-Fruit_60x67x43_Zanini-arte.jpg?resize=700%2C400&ssl=1 2x"},"classes":[]}],"_links":{"self":[{"href":"https:\/\/www.biancoscuro.it\/site\/wp-json\/wp\/v2\/posts\/17946","targetHints":{"allow":["GET"]}}],"collection":[{"href":"https:\/\/www.biancoscuro.it\/site\/wp-json\/wp\/v2\/posts"}],"about":[{"href":"https:\/\/www.biancoscuro.it\/site\/wp-json\/wp\/v2\/types\/post"}],"author":[{"embeddable":true,"href":"https:\/\/www.biancoscuro.it\/site\/wp-json\/wp\/v2\/users\/1140"}],"replies":[{"embeddable":true,"href":"https:\/\/www.biancoscuro.it\/site\/wp-json\/wp\/v2\/comments?post=17946"}],"version-history":[{"count":5,"href":"https:\/\/www.biancoscuro.it\/site\/wp-json\/wp\/v2\/posts\/17946\/revisions"}],"predecessor-version":[{"id":18030,"href":"https:\/\/www.biancoscuro.it\/site\/wp-json\/wp\/v2\/posts\/17946\/revisions\/18030"}],"wp:featuredmedia":[{"embeddable":true,"href":"https:\/\/www.biancoscuro.it\/site\/wp-json\/wp\/v2\/media\/18018"}],"wp:attachment":[{"href":"https:\/\/www.biancoscuro.it\/site\/wp-json\/wp\/v2\/media?parent=17946"}],"wp:term":[{"taxonomy":"category","embeddable":true,"href":"https:\/\/www.biancoscuro.it\/site\/wp-json\/wp\/v2\/categories?post=17946"},{"taxonomy":"post_tag","embeddable":true,"href":"https:\/\/www.biancoscuro.it\/site\/wp-json\/wp\/v2\/tags?post=17946"}],"curies":[{"name":"wp","href":"https:\/\/api.w.org\/{rel}","templated":true}]}}