{"id":1818,"date":"2014-10-01T10:30:01","date_gmt":"2014-10-01T10:30:01","guid":{"rendered":"http:\/\/www.biancoscuro.it\/site\/?p=1818"},"modified":"2014-10-01T11:16:24","modified_gmt":"2014-10-01T11:16:24","slug":"art-parma-fair","status":"publish","type":"post","link":"https:\/\/www.biancoscuro.it\/site\/art-parma-fair\/","title":{"rendered":"biancoscuro ad ArtParma Fair 14"},"content":{"rendered":"<span class=\"span-reading-time rt-reading-time\" style=\"display: block;\"><span class=\"rt-label rt-prefix\">\u23f0 lettura <\/span> <span class=\"rt-time\"> 2<\/span> <span class=\"rt-label rt-postfix\">min. <br><br><\/span><\/span><p><img loading=\"lazy\" decoding=\"async\" class=\"alignnone size-full wp-image-1636\" src=\"http:\/\/www.biancoscuro.it\/site\/wp-content\/uploads\/2014\/05\/ARTPARMA2014.jpg\" alt=\"ARTPARMA2014 biancoscuro\" width=\"300\" height=\"179\" \/><\/p>\n<p>Biancoscuro sar\u00e0 presente a\u00a0<strong>ArtParma 2014<\/strong>\u00a0dal 3\u00a0al 6 ottobre 2014 presso <strong>Fiere di Parma<\/strong>. Ci puoi trovare all&#8217;ingresso presso il nostro stand editoriale e presso lo stand espositivo n.17, in oltre 30 mq, dove insieme ad <strong>ArtExp\u00f2 Gallery<\/strong> presenteremo gli artisti:<!--more--><\/p>\n<p><strong>Olga Agarkova\u00a0<\/strong>&#8211; Novokuzneck (RUS)<strong>, Amalia Borin<\/strong>\u00a0&#8211;\u00a0Modena\u00a0(I),<strong> Oscar Coffani<\/strong>\u00a0&#8211; Brescia (I),<strong> Mattia Consonni<\/strong>\u00a0&#8211; Monza (I),<strong> Tina Copani<\/strong>\u00a0&#8211; Messin (I),<strong> Mario Cucchi<\/strong>\u00a0&#8211; Milano\u00a0(I),<strong> Dino De Ranieri<\/strong>\u00a0&#8211; Lucca (I),<strong> Ornella De Rosa<\/strong>\u00a0&#8211; Brescia (I),<strong> Andrea di Carpegna Varini<\/strong> &#8211; Milano\u00a0(I),<strong> Tanja Martina Federl<\/strong>\u00a0&#8211; Monaco (DE),<strong> Lorenzo Grande<\/strong> &#8211; Parma (I),<strong> Christian Grande<\/strong> &#8211;\u00a0Parma\u00a0(I),<strong> Giorgio Gost<\/strong> &#8211;\u00a0Parma\u00a0(I),<strong> Rossano Guicciardi<\/strong> &#8211;\u00a0Modena\u00a0(I),<strong> Peter Hide 311065<\/strong> &#8211; Varese\u00a0(I),<strong> Daniele Manghi<\/strong> &#8211;\u00a0Torino\u00a0(I),<strong> Antoh <\/strong>&#8211; Milano\u00a0(I),<strong> Gabriele Marchesi<\/strong> &#8211; Pavia (I),<strong> Maxtin <\/strong>&#8211; Lugano (CH),<strong> Alessandra Piasecka<\/strong> &#8211; Cremona\u00a0(I),<strong> Hans Rabanser <\/strong>&#8211; Bolzano\u00a0(I),<strong> Mirko Roncelli<\/strong> &#8211; Bergamo\u00a0(I),<strong> Dennis Smiderle <\/strong>&#8211; Vicenza\u00a0(I),<strong> Josefina Temin <\/strong>&#8211; Naucalpan (Messico),<strong> Valentina Vendrame <\/strong>&#8211; Treviso (I),<strong> Rita Vitaloni<\/strong>\u00a0&#8211; Savona (I).<\/p>\n<p>A breve sar\u00e0 pubblicato un\u00a0<strong>catalogo distribuito on-line,<\/strong>\u00a0disponibile a richiesta in formato cartaceo, su questo sito,\u00a0<strong><a title=\"rivista d'arte biancoscuro art magazine\" href=\"https:\/\/www.facebook.com\/BiancoscuroArtMagazine\" target=\"_blank\">sulla Fan page di Facebook<\/a><\/strong>\u00a0e\u00a0<strong><a title=\"rivista d'arte biancoscuro art magazine\" href=\"https:\/\/www.facebook.com\/groups\/biancoscuro\/\" target=\"_blank\">sul nostro gruppo Facebook<\/a><\/strong>.<\/p>\n<p><span style=\"line-height: 1.5em;\">Vieni a trovarci,\u00a0<\/span><strong style=\"line-height: 1.5em;\">puoi chiedere il biglietto gratuito compilando il form qui sotto<\/strong><span style=\"line-height: 1.5em;\"><strong>\u00a0<\/strong>oppure se lo preferisci <a title=\"ingresso omaggio ART PARMA su artshop.biancoscuro.it\" href=\"http:\/\/artshop.biancoscuro.it\/site\/prodotto\/artparma-fair-14-ingresso-omaggio\/\" target=\"_blank\">puoi<strong> scaricare il biglietto omaggio digitale <\/strong>da stampare e presentare all&#8217;ingresso<strong>: artshop.biancoscuro.it<\/strong><\/a>\u00a0sarai nostro ospite e avremo la possibilit\u00e0 di incontrarci ad<strong>\u00a0Art Parma 14.<\/strong><\/span><\/p>\n<p><span style=\"line-height: 1.5em;\"><strong>Per accreditarti inserisci i dati e clicca sul pulsante REGISTRATI<\/strong>.<\/span>\u00a0\n<div class=\"wpcf7 no-js\" id=\"wpcf7-f1819-o1\" lang=\"it-IT\" dir=\"ltr\" data-wpcf7-id=\"1819\">\n<div class=\"screen-reader-response\"><p role=\"status\" aria-live=\"polite\" aria-atomic=\"true\"><\/p> <ul><\/ul><\/div>\n<form action=\"\/site\/wp-json\/wp\/v2\/posts\/1818#wpcf7-f1819-o1\" method=\"post\" class=\"wpcf7-form init\" aria-label=\"Modulo di contatto\" novalidate=\"novalidate\" data-status=\"init\">\n<fieldset class=\"hidden-fields-container\"><input type=\"hidden\" name=\"_wpcf7\" value=\"1819\" \/><input type=\"hidden\" name=\"_wpcf7_version\" value=\"6.1.5\" \/><input type=\"hidden\" name=\"_wpcf7_locale\" value=\"it_IT\" \/><input type=\"hidden\" name=\"_wpcf7_unit_tag\" value=\"wpcf7-f1819-o1\" \/><input type=\"hidden\" name=\"_wpcf7_container_post\" value=\"0\" \/><input type=\"hidden\" name=\"_wpcf7_posted_data_hash\" value=\"\" \/>\n<\/fieldset>\n<p>Per accreditarti inserisci i dati e clicca sul pulsante REGISTRATI.\n<\/p>\n<p>Nome (*)<br \/>\n<span class=\"wpcf7-form-control-wrap\" data-name=\"nome\"><input size=\"40\" maxlength=\"400\" class=\"wpcf7-form-control wpcf7-text wpcf7-validates-as-required\" aria-required=\"true\" aria-invalid=\"false\" value=\"\" type=\"text\" name=\"nome\" \/><\/span>\n<\/p>\n<p>Cognome (*)<br \/>\n<span class=\"wpcf7-form-control-wrap\" data-name=\"cognome\"><input size=\"40\" maxlength=\"400\" class=\"wpcf7-form-control wpcf7-text wpcf7-validates-as-required\" aria-required=\"true\" aria-invalid=\"false\" value=\"\" type=\"text\" name=\"cognome\" \/><\/span>\n<\/p>\n<p>Email (*)<br \/>\n<span class=\"wpcf7-form-control-wrap\" data-name=\"email\"><input size=\"40\" maxlength=\"400\" class=\"wpcf7-form-control wpcf7-email wpcf7-validates-as-required wpcf7-text wpcf7-validates-as-email\" aria-required=\"true\" aria-invalid=\"false\" value=\"\" type=\"email\" name=\"email\" \/><\/span>\n<\/p>\n<p>Citt\u00e0<br \/>\n<span class=\"wpcf7-form-control-wrap\" data-name=\"citta\"><input size=\"40\" maxlength=\"400\" class=\"wpcf7-form-control wpcf7-text\" aria-invalid=\"false\" value=\"\" type=\"text\" name=\"citta\" \/><\/span>\n<\/p>\n<p>Telefono<br \/>\n<span class=\"wpcf7-form-control-wrap\" data-name=\"telefono\"><input size=\"40\" maxlength=\"400\" class=\"wpcf7-form-control wpcf7-text\" aria-invalid=\"false\" value=\"\" type=\"text\" name=\"telefono\" \/><\/span>\n<\/p>\n<p><span class=\"wpcf7-form-control-wrap\" data-name=\"privacy\"><span class=\"wpcf7-form-control wpcf7-acceptance\"><span class=\"wpcf7-list-item\"><input type=\"checkbox\" name=\"privacy\" value=\"1\" checked=\"checked\" aria-invalid=\"false\" \/><\/span><\/span><\/span> Acconsento al trattamento dei dati personali comunicati\n<\/p>\n<p><input class=\"wpcf7-form-control wpcf7-submit has-spinner\" type=\"submit\" value=\"REGISTRATI\" \/>\n<\/p>\n<p>(*) Campi obbligatori\n<\/p><p style=\"display: none !important;\" class=\"akismet-fields-container\" data-prefix=\"_wpcf7_ak_\"><label>&#916;<textarea name=\"_wpcf7_ak_hp_textarea\" cols=\"45\" rows=\"8\" maxlength=\"100\"><\/textarea><\/label><input type=\"hidden\" id=\"ak_js_1\" name=\"_wpcf7_ak_js\" value=\"234\"\/><script>\ndocument.getElementById( \"ak_js_1\" ).setAttribute( \"value\", ( new Date() ).getTime() );\n<\/script>\n<\/p><div class=\"wpcf7-response-output\" aria-hidden=\"true\"><\/div>\n<\/form>\n<\/div>\n<\/p>\n<p><b>Inoltre BIANCOSCURO \u00e8 Media Partner di Romagna Fiere per ArtParma e Forl\u00ec Contemporanea e sar\u00e0 come sempre presente nel grande spazio editoriale dedicato.\u00a0<\/b><\/p>\n<p><img loading=\"lazy\" decoding=\"async\" class=\"alignnone size-full wp-image-1636\" src=\"http:\/\/www.biancoscuro.it\/site\/wp-content\/uploads\/2014\/05\/ARTPARMA2014.jpg\" alt=\"ARTPARMA2014 biancoscuro\" width=\"300\" height=\"179\" \/><\/p>\n<p><b>ARTPARMA FAIR 14<\/b><\/p>\n<p>Un importante momento di scambio e confronto tra galleristi e pubblico.<br \/>\nUn appuntamento per i collezionisti alla ricerca dell\u2019opera su cui fare investimento.<br \/>\nUna manifestazione che rivolge un\u2019attenzione speciale ai giovani e al panorama artistico in mutamento.<br \/>\n<b>VERNISSAGE<\/b><b>:<br \/>\n<\/b>venerd\u00ec 3 ottobre 2014 &#8211; dalle 16.00 alle 19.00 (su invito)<\/p>\n<p><b>ORARIO FIERA<\/b><b>:<br \/>\n<\/b>sabato e domenica dalle 10.00 alle 19.00<br \/>\nluned\u00ec dalle 10.00 alle 13.00<\/p>\n<p><b>Eventi Correlati<\/b><\/p>\n<p><b>Antonio Ligabue<\/b> e <b>Pietro Ghizzardi<br \/>\n<\/b><i>a cura di Galleria Centro Steccata<\/i><\/p>\n<p><b>Umberto Mariani<\/b> e <b>Nando Crippa<br \/>\n<\/b><i>a cura di Valerio Deh\u00f2<br \/>\n<\/i><i>in collaborazione con Armanda Gori Arte<\/i><\/p>\n<p><b>Mario Schifano<\/b> dagli anni \u201860<br \/>\n<i>a cura di Galleria Costa Deniarte<\/i><\/p>\n","protected":false},"excerpt":{"rendered":"<p><span class=\"span-reading-time rt-reading-time\" style=\"display: block;\"><span class=\"rt-label rt-prefix\">\u23f0 lettura <\/span> <span class=\"rt-time\"> 2<\/span> <span class=\"rt-label rt-postfix\">min. <\/p>\n<p><\/span><\/span>Biancoscuro sar\u00e0 presente a\u00a0ArtParma 2014\u00a0dal 3\u00a0al 6 ottobre 2014 presso Fiere di Parma. Ci puoi trovare all&#8217;ingresso presso il nostro stand editoriale e presso lo stand espositivo n.17, in oltre 30 mq, dove insieme ad ArtExp\u00f2 Gallery presenteremo gli artisti:<\/p>\n","protected":false},"author":1,"featured_media":0,"comment_status":"closed","ping_status":"closed","sticky":false,"template":"","format":"standard","meta":{"neve_meta_sidebar":"","neve_meta_container":"","neve_meta_enable_content_width":"","neve_meta_content_width":0,"neve_meta_title_alignment":"","neve_meta_author_avatar":"","neve_post_elements_order":"","neve_meta_disable_header":"","neve_meta_disable_footer":"","neve_meta_disable_title":"","advanced_seo_description":"","jetpack_seo_html_title":"","jetpack_seo_noindex":false,"footnotes":""},"categories":[5],"tags":[169,151,158,166,40,176,177,161,165,172,156,167,47,162,170,173,160,155,153,168,171,150,157,152,164,175,16,163,159,154,174],"class_list":["post-1818","post","type-post","status-publish","format-standard","hentry","category-arte","tag-alessandra-piasecka-cremona-i","tag-amalia-borin-modena-i","tag-andrea-di-carpegna-varini-milano-i","tag-antoh-milano-i","tag-art-magazine","tag-art-parma-14","tag-artexpo-gallery","tag-christian-grande-parma-i","tag-daniele-manghi-torino-i","tag-dennis-smiderle-vicenza-i","tag-dino-de-ranieri-lucca-i","tag-gabriele-marchesi-pavia-i","tag-gallery","tag-giorgio-gost-parma-i","tag-hans-rabanser-bolzano-i","tag-josefina-temin-naucalpan-messico","tag-lorenzo-grande-parma-i","tag-mario-cucchi-milano-i","tag-mattia-consonni-monza-i","tag-maxtin-lugano-ch","tag-mirko-roncelli-bergamo-i","tag-olga-agarkova-novokuzneck-rus","tag-ornella-de-rosa-brescia-i","tag-oscar-coffani-brescia-i","tag-peter-hide-311065-verese-i","tag-rita-vitaloni-savona-i","tag-rivista-darte-2","tag-rossano-guicciardi-modena-i","tag-tanja-martina-federl-monaco-de","tag-tina-copani-messin-i","tag-valentina-vendrame-treviso-i"],"jetpack_featured_media_url":"","jetpack_sharing_enabled":true,"jetpack-related-posts":[{"id":3587,"url":"https:\/\/www.biancoscuro.it\/site\/art-parma-fair-4a-edizione-primavera-2016\/","url_meta":{"origin":1818,"position":0},"title":"Art Parma Fair, 4\u00aa edizione &#8211; primavera 2016","author":"Redazione BIANCOSCURO","date":"25 Febbraio 2016","format":false,"excerpt":"Due fine settimana dedicati all\u2019Arte a Fiere di Parma Ritorna\u00a0ART PARMA FAIR, fiera dedicata all\u2019arte moderna e contemporanea, nelle date\u00a027-28 febbraio\u00a0e\u00a04-5-6 marzo 2016\u00a0presso il quartiere fieristico parmense, in concomitanza con\u00a0Mercanteinfiera\u00a0e\u00a0Mercanteinauto. Gli ottimi\u00a0risultati delle vendite dell\u2019edizioni precedenti hanno riconosciuto l\u2019importanza di una piazza come Parma, che a buon titolo potr\u00e0 collocarsi\u2026","rel":"","context":"In &quot;arte&quot;","block_context":{"text":"arte","link":"https:\/\/www.biancoscuro.it\/site\/category\/arte\/"},"img":{"alt_text":"","src":"https:\/\/i0.wp.com\/www.biancoscuro.it\/site\/wp-content\/uploads\/2016\/02\/aaa.jpg?resize=350%2C200&ssl=1","width":350,"height":200,"srcset":"https:\/\/i0.wp.com\/www.biancoscuro.it\/site\/wp-content\/uploads\/2016\/02\/aaa.jpg?resize=350%2C200&ssl=1 1x, https:\/\/i0.wp.com\/www.biancoscuro.it\/site\/wp-content\/uploads\/2016\/02\/aaa.jpg?resize=525%2C300&ssl=1 1.5x, https:\/\/i0.wp.com\/www.biancoscuro.it\/site\/wp-content\/uploads\/2016\/02\/aaa.jpg?resize=700%2C400&ssl=1 2x, https:\/\/i0.wp.com\/www.biancoscuro.it\/site\/wp-content\/uploads\/2016\/02\/aaa.jpg?resize=1050%2C600&ssl=1 3x, https:\/\/i0.wp.com\/www.biancoscuro.it\/site\/wp-content\/uploads\/2016\/02\/aaa.jpg?resize=1400%2C800&ssl=1 4x"},"classes":[]},{"id":1766,"url":"https:\/\/www.biancoscuro.it\/site\/art-parma-fair-14-parma-torna-ad-essere-centro-dellarte\/","url_meta":{"origin":1818,"position":1},"title":"Art Parma Fair &#8217;14 &#8211; Parma torna ad essere il centro dell\u2019arte","author":"Redazione BIANCOSCURO","date":"5 Settembre 2014","format":false,"excerpt":"Parma torna ad essere il centro dell\u2019arte con ARTPARMA FAIR '14 manifestazione dedicata all\u2019arte moderna e contemporanea, che si svolger\u00e0 dal 4 al 6 ottobre 2014 presso il quartiere fieristico parmense. ARTPARMA FAIR \u00e8 una mostra-mercato dove trovare un\u2019ampia panoramica di Gallerie d\u2019arte, molte delle quali ormai fidelizzate grazie ad\u2026","rel":"","context":"In &quot;arte&quot;","block_context":{"text":"arte","link":"https:\/\/www.biancoscuro.it\/site\/category\/arte\/"},"img":{"alt_text":"ARTPARMA2014 biancoscuro","src":"https:\/\/i0.wp.com\/www.biancoscuro.it\/site\/wp-content\/uploads\/2014\/05\/ARTPARMA2014.jpg?resize=350%2C200","width":350,"height":200},"classes":[]},{"id":3030,"url":"https:\/\/www.biancoscuro.it\/site\/art-parma-fair-arte-forli-contemporanea-2\/","url_meta":{"origin":1818,"position":2},"title":"Art Parma Fair &#038; Arte Forl\u00ec CONTEMPORANEA","author":"Redazione BIANCOSCURO","date":"20 Agosto 2015","format":false,"excerpt":"BIANCOSCURO Media Partner ufficiale di Romagna Fiere,\u00a0in collaborazione con\u00a0ArteExp\u00f2 Gallery,\u00a0propone \u00a0ad artisti meritevoli la possibilit\u00e0 di partecipare ad ART PARMA FAIR 2015\u00a0e ARTE FORLI' CONTEMPORANEA 2015! Per maggiori informazioni o ricevere il bando di partecipazione contattaci subito allo 0382.1902778 oppure scrivi\u00a0info@biancoscuro.it Informiamo che sono in corso le\u00a0selezioni per esposizioni riservate\u2026","rel":"","context":"In &quot;arte&quot;","block_context":{"text":"arte","link":"https:\/\/www.biancoscuro.it\/site\/category\/arte\/"},"img":{"alt_text":"","src":"https:\/\/i0.wp.com\/www.biancoscuro.it\/site\/wp-content\/uploads\/2014\/02\/Schermata-2015-08-20-alle-11.05.57.png?resize=350%2C200&ssl=1","width":350,"height":200,"srcset":"https:\/\/i0.wp.com\/www.biancoscuro.it\/site\/wp-content\/uploads\/2014\/02\/Schermata-2015-08-20-alle-11.05.57.png?resize=350%2C200&ssl=1 1x, https:\/\/i0.wp.com\/www.biancoscuro.it\/site\/wp-content\/uploads\/2014\/02\/Schermata-2015-08-20-alle-11.05.57.png?resize=525%2C300&ssl=1 1.5x"},"classes":[]},{"id":3210,"url":"https:\/\/www.biancoscuro.it\/site\/art-parma-fair-edizione-autunnale\/","url_meta":{"origin":1818,"position":3},"title":"Art Parma Fair, edizione autunnale","author":"Redazione BIANCOSCURO","date":"30 Settembre 2015","format":false,"excerpt":"Due fine settimana dedicati all\u2019Arte a Fiere di Parma Parma torna ad essere il centro dell\u2019arte con Art Parma Fair, mostra-mercato dedicata all\u2019arte moderna e contemporanea, presso il quartiere fieristico parmense, in concomitanza con Mercanteinfiera e Mercanteinauto. L\u2019ottimo risultato delle vendite dell\u2019edizione primaverile ha riconosciuto l\u2019importanza di una piazza come\u2026","rel":"","context":"In &quot;arte&quot;","block_context":{"text":"arte","link":"https:\/\/www.biancoscuro.it\/site\/category\/arte\/"},"img":{"alt_text":"","src":"https:\/\/i0.wp.com\/www.biancoscuro.it\/site\/wp-content\/uploads\/2015\/09\/COP.jpg?resize=350%2C200&ssl=1","width":350,"height":200,"srcset":"https:\/\/i0.wp.com\/www.biancoscuro.it\/site\/wp-content\/uploads\/2015\/09\/COP.jpg?resize=350%2C200&ssl=1 1x, https:\/\/i0.wp.com\/www.biancoscuro.it\/site\/wp-content\/uploads\/2015\/09\/COP.jpg?resize=525%2C300&ssl=1 1.5x"},"classes":[]},{"id":3443,"url":"https:\/\/www.biancoscuro.it\/site\/art-parma-4a-edizione-con-importanti-novita\/","url_meta":{"origin":1818,"position":4},"title":"Art Parma 4\u00aa edizione con importanti novit\u00e0","author":"Redazione BIANCOSCURO","date":"24 Dicembre 2015","format":false,"excerpt":"Art Parma Fair, Mostra\u00a0 Mercato d\u2019Arte Moderna e Contemporanea, ritorna a Parma, luogo molto\u00a0sensibile all\u2019arte con un pubblico scelto e interessato, come di consueto in due week end il 27 e 28 febbraio e il 4-5-6 marzo 2016. Nell'edizione 2016 una novit\u00e0:\u00a0l\u2019unione con NEF (Nord Est Fair gi\u00e0 organizzatori di\u2026","rel":"","context":"In &quot;arte&quot;","block_context":{"text":"arte","link":"https:\/\/www.biancoscuro.it\/site\/category\/arte\/"},"img":{"alt_text":"","src":"https:\/\/i0.wp.com\/www.biancoscuro.it\/site\/wp-content\/uploads\/2015\/12\/cover.jpg?resize=350%2C200&ssl=1","width":350,"height":200,"srcset":"https:\/\/i0.wp.com\/www.biancoscuro.it\/site\/wp-content\/uploads\/2015\/12\/cover.jpg?resize=350%2C200&ssl=1 1x, https:\/\/i0.wp.com\/www.biancoscuro.it\/site\/wp-content\/uploads\/2015\/12\/cover.jpg?resize=525%2C300&ssl=1 1.5x, https:\/\/i0.wp.com\/www.biancoscuro.it\/site\/wp-content\/uploads\/2015\/12\/cover.jpg?resize=700%2C400&ssl=1 2x, https:\/\/i0.wp.com\/www.biancoscuro.it\/site\/wp-content\/uploads\/2015\/12\/cover.jpg?resize=1050%2C600&ssl=1 3x, https:\/\/i0.wp.com\/www.biancoscuro.it\/site\/wp-content\/uploads\/2015\/12\/cover.jpg?resize=1400%2C800&ssl=1 4x"},"classes":[]},{"id":1649,"url":"https:\/\/www.biancoscuro.it\/site\/art-parma-fair-arte-forli-contemporanea\/","url_meta":{"origin":1818,"position":5},"title":"Art Parma Fair + Arte Forl\u00ec CONTEMPORANEA","author":"Redazione BIANCOSCURO","date":"5 Agosto 2014","format":false,"excerpt":"Biancoscuro\u00a0in collaborazione con\u00a0ArteExp\u00f2 Gallery\u00a0propone \u00a0ad artisti meritevoli la possibilit\u00e0 di partecipare ad ART PARMA FAIR 2014 e ARTE FORLI' CONTEMPORANEA 2014! Per maggiori informazioni o ricevere il bando di partecipazione contattaci subito allo 0382.1902778 oppure scrivi\u00a0info@biancoscuro.it La partecipazione alle fiere d'arte ART PARMA FAIR 2014\u00a0e\u00a0ARTE FORLI' CONTEMPORANEA 2014\u00a0prevede in abbinata\u2026","rel":"","context":"In &quot;arte&quot;","block_context":{"text":"arte","link":"https:\/\/www.biancoscuro.it\/site\/category\/arte\/"},"img":{"alt_text":"ARTPARMA2014 biancoscuro","src":"https:\/\/i0.wp.com\/www.biancoscuro.it\/site\/wp-content\/uploads\/2014\/05\/ARTPARMA2014-150x150.jpg?resize=350%2C200","width":350,"height":200},"classes":[]}],"_links":{"self":[{"href":"https:\/\/www.biancoscuro.it\/site\/wp-json\/wp\/v2\/posts\/1818","targetHints":{"allow":["GET"]}}],"collection":[{"href":"https:\/\/www.biancoscuro.it\/site\/wp-json\/wp\/v2\/posts"}],"about":[{"href":"https:\/\/www.biancoscuro.it\/site\/wp-json\/wp\/v2\/types\/post"}],"author":[{"embeddable":true,"href":"https:\/\/www.biancoscuro.it\/site\/wp-json\/wp\/v2\/users\/1"}],"replies":[{"embeddable":true,"href":"https:\/\/www.biancoscuro.it\/site\/wp-json\/wp\/v2\/comments?post=1818"}],"version-history":[{"count":0,"href":"https:\/\/www.biancoscuro.it\/site\/wp-json\/wp\/v2\/posts\/1818\/revisions"}],"wp:attachment":[{"href":"https:\/\/www.biancoscuro.it\/site\/wp-json\/wp\/v2\/media?parent=1818"}],"wp:term":[{"taxonomy":"category","embeddable":true,"href":"https:\/\/www.biancoscuro.it\/site\/wp-json\/wp\/v2\/categories?post=1818"},{"taxonomy":"post_tag","embeddable":true,"href":"https:\/\/www.biancoscuro.it\/site\/wp-json\/wp\/v2\/tags?post=1818"}],"curies":[{"name":"wp","href":"https:\/\/api.w.org\/{rel}","templated":true}]}}