{"id":18247,"date":"2025-03-12T08:54:54","date_gmt":"2025-03-12T07:54:54","guid":{"rendered":"https:\/\/www.biancoscuro.it\/site\/?p=18247"},"modified":"2025-03-13T09:05:17","modified_gmt":"2025-03-13T08:05:17","slug":"miart-presenta-talks-among-friends","status":"publish","type":"post","link":"https:\/\/www.biancoscuro.it\/site\/miart-presenta-talks-among-friends\/","title":{"rendered":"miart Presenta &#8220;Talks Among Friends&#8221;"},"content":{"rendered":"<span class=\"span-reading-time rt-reading-time\" style=\"display: block;\"><span class=\"rt-label rt-prefix\">\u23f0 lettura <\/span> <span class=\"rt-time\"> 2<\/span> <span class=\"rt-label rt-postfix\">min. <br><br><\/span><\/span>\n<p>Milano &#8211; <strong>miart<\/strong>, la fiera internazionale d&#8217;arte moderna e contemporanea organizzata da Fiera Milano, lancia <strong>&#8220;Talks Among Friends&#8221;<\/strong>, un ciclo di conversazioni che esplorano il profondo legame tra arte, amicizia e le dinamiche collaborative che spesso plasmano il processo creativo.<\/p>\n\n\n\n<figure class=\"wp-block-image size-full\"><img loading=\"lazy\" decoding=\"async\" width=\"999\" height=\"666\" src=\"https:\/\/www.biancoscuro.it\/site\/wp-content\/uploads\/2025\/03\/1003_miart-2024_ph.-Nicola-Gnesi-Studio.jpg\" alt=\"\" class=\"wp-image-18251\" srcset=\"https:\/\/www.biancoscuro.it\/site\/wp-content\/uploads\/2025\/03\/1003_miart-2024_ph.-Nicola-Gnesi-Studio.jpg 999w, https:\/\/www.biancoscuro.it\/site\/wp-content\/uploads\/2025\/03\/1003_miart-2024_ph.-Nicola-Gnesi-Studio-300x200.jpg 300w, https:\/\/www.biancoscuro.it\/site\/wp-content\/uploads\/2025\/03\/1003_miart-2024_ph.-Nicola-Gnesi-Studio-768x512.jpg 768w, https:\/\/www.biancoscuro.it\/site\/wp-content\/uploads\/2025\/03\/1003_miart-2024_ph.-Nicola-Gnesi-Studio-930x620.jpg 930w\" sizes=\"auto, (max-width: 999px) 100vw, 999px\" \/><figcaption class=\"wp-element-caption\"><em>miart 2024 \u00a9 Ph. Nicola Gnesi Studio<\/em><\/figcaption><\/figure>\n\n\n\n<p>Realizzato in collaborazione con prestigiose istituzioni milanesi quali <strong>Fondazione Prada<\/strong>, <strong>Museo del Novecento<\/strong>, <strong>PAC Padiglione d&#8217;Arte Contemporanea<\/strong>, <strong>Pirelli HangarBicocca<\/strong> e <strong>Triennale Milano<\/strong>, il programma si propone di celebrare la capacit\u00e0 delle realt\u00e0 culturali della citt\u00e0 di promuovere sinergie e collaborazioni innovative, superando i confini tradizionali tra pubblico e privato.<\/p>\n\n\n\n<figure class=\"wp-block-image size-full\"><img loading=\"lazy\" decoding=\"async\" width=\"999\" height=\"772\" src=\"https:\/\/www.biancoscuro.it\/site\/wp-content\/uploads\/2025\/03\/01Rauschenberg_P2573.jpg\" alt=\"\" class=\"wp-image-18249\" srcset=\"https:\/\/www.biancoscuro.it\/site\/wp-content\/uploads\/2025\/03\/01Rauschenberg_P2573.jpg 999w, https:\/\/www.biancoscuro.it\/site\/wp-content\/uploads\/2025\/03\/01Rauschenberg_P2573-300x232.jpg 300w, https:\/\/www.biancoscuro.it\/site\/wp-content\/uploads\/2025\/03\/01Rauschenberg_P2573-768x593.jpg 768w\" sizes=\"auto, (max-width: 999px) 100vw, 999px\" \/><figcaption class=\"wp-element-caption\"><em>Rauschenberg in front of \u201cPhoenix (Scale)\u201d and \u201cReserve (Spread)\u201d (both 1978), resting on \u201cJuly Phosphorus (Scale)\u201d (1977). \u00a9 Robert Rauschenberg Foundation Archives, New York.<\/em><\/figcaption><\/figure>\n\n\n\n<p>La <strong>ventinovesima edizione di miart<\/strong>, in programma dal 4 al 6 aprile 2025 ad Allianz MiCo, si ispira alla figura di Robert Rauschenberg (1925 \u2013 2008), artista simbolo di apertura, interdisciplinariet\u00e0 e impegno per il dialogo. <strong>&#8220;Talks Among Friends&#8221;<\/strong> riflette questi valori attraverso un palinsesto di cinque appuntamenti che mettono in luce l&#8217;importanza della collaborazione e dell&#8217;amicizia nel mondo dell&#8217;arte, intesa come sostegno reciproco e solidariet\u00e0.<\/p>\n\n\n\n<p><strong>Terzo Appuntamento: &#8220;John Giorno &amp; Friends&#8221; alla Triennale Milano<\/strong><br \/>Il terzo incontro del ciclo si terr\u00e0 venerd\u00ec 14 marzo 2025, alle ore 18:00, presso la Triennale Milano. L&#8217;evento, intitolato <strong>&#8220;John Giorno &amp; Friends&#8221;<\/strong>, si inserisce nel contesto della mostra <strong>&#8220;John Giorno: a labour of LOVE&#8221;<\/strong>, curata da <strong>Nicola Ricciardi<\/strong> con <strong>Eleonora Molignani<\/strong>. La mostra esplora le molteplici forme di amicizia, dialogo e supporto all&#8217;interno del mondo della cultura, attraverso i materiali provenienti dal ricco archivio dell&#8217;artista americano.<\/p>\n\n\n\n<figure class=\"wp-block-image size-full\"><img loading=\"lazy\" decoding=\"async\" width=\"999\" height=\"666\" src=\"https:\/\/www.biancoscuro.it\/site\/wp-content\/uploads\/2025\/03\/01NR_Nicola-Ricciardi.-Ph.-Ludovica-Arcero.jpg\" alt=\"\" class=\"wp-image-18248\" srcset=\"https:\/\/www.biancoscuro.it\/site\/wp-content\/uploads\/2025\/03\/01NR_Nicola-Ricciardi.-Ph.-Ludovica-Arcero.jpg 999w, https:\/\/www.biancoscuro.it\/site\/wp-content\/uploads\/2025\/03\/01NR_Nicola-Ricciardi.-Ph.-Ludovica-Arcero-300x200.jpg 300w, https:\/\/www.biancoscuro.it\/site\/wp-content\/uploads\/2025\/03\/01NR_Nicola-Ricciardi.-Ph.-Ludovica-Arcero-768x512.jpg 768w, https:\/\/www.biancoscuro.it\/site\/wp-content\/uploads\/2025\/03\/01NR_Nicola-Ricciardi.-Ph.-Ludovica-Arcero-930x620.jpg 930w\" sizes=\"auto, (max-width: 999px) 100vw, 999px\" \/><figcaption class=\"wp-element-caption\"><em>Nicola Ricciardi \u00a9 Ph. Ludovica Arcero<\/em><\/figcaption><\/figure>\n\n\n\n<p>La conversazione vedr\u00e0 protagonisti <strong>Damiano Gulli<\/strong>, curatore per arte contemporanea e public program di Triennale Milano, <strong>Nicola Ricciardi<\/strong>, Direttore Artistico di miart e curatore della mostra, e <strong>Bonnie Whitehouse<\/strong>, archivista e registrar della <strong>Giorno Poetry Systems<\/strong>.<\/p>\n\n\n\n<p>L&#8217;incontro offrir\u00e0 l&#8217;occasione per approfondire come la mostra, resa possibile anche grazie al sostegno di Fiera Milano e ispirata al tema curatoriale della 29\u00aa edizione di miart, &#8220;among friends&#8221;, riveli le tracce delle innumerevoli amicizie e collaborazioni di John Giorno con figure di spicco dell&#8217;arte, della letteratura e della musica del Novecento. Tra questi, si ricordano <strong>William S. Burroughs, John Cage, Allen Ginsberg, Keith Haring, Allan Kaprow, Jasper Johns, Patti Smith, Michael Stipe, <\/strong>oltre ai gi\u00e0 citati<strong> Rauschenberg e Warhol<\/strong>.<\/p>\n\n\n\n<p><strong>&#8220;Talks Among Friends&#8221;<\/strong> si conferma un&#8217;iniziativa di rilievo nel panorama culturale milanese, un&#8217;occasione per riflettere sul ruolo fondamentale delle relazioni umane e della collaborazione nel processo creativo e nella diffusione dell&#8217;arte.<\/p>\n\n\n\n<pre class=\"wp-block-preformatted\"><strong>INFO<\/strong><br \/>John Giorno &amp; friends <br \/>14 marzo 2025, ore 18.00 | Triennale Milano<br \/><br \/>Una conversazione tra Damiano Gulli, Nicola Ricciardi e Bonnie Whitehouse<br \/>Ingresso libero<br \/><\/pre>\n","protected":false},"excerpt":{"rendered":"<p><span class=\"span-reading-time rt-reading-time\" style=\"display: block;\"><span class=\"rt-label rt-prefix\">\u23f0 lettura <\/span> <span class=\"rt-time\"> 2<\/span> <span class=\"rt-label rt-postfix\">min. <\/p>\n<p><\/span><\/span>Milano &#8211; miart, la fiera internazionale d&#8217;arte moderna e contemporanea organizzata da Fiera Milano, lancia &#8220;Talks Among Friends&#8221;, un ciclo di conversazioni che esplorano il profondo legame tra arte, amicizia e le dinamiche collaborative che spesso plasmano il processo creativo. Realizzato in collaborazione con prestigiose istituzioni milanesi quali Fondazione Prada, Museo del Novecento, PAC Padiglione&hellip;&nbsp;<a href=\"https:\/\/www.biancoscuro.it\/site\/miart-presenta-talks-among-friends\/\" rel=\"bookmark\">Leggi tutto &raquo;<span class=\"screen-reader-text\">miart Presenta &#8220;Talks Among Friends&#8221;<\/span><\/a><\/p>\n","protected":false},"author":1,"featured_media":18251,"comment_status":"closed","ping_status":"closed","sticky":false,"template":"","format":"standard","meta":{"neve_meta_sidebar":"","neve_meta_container":"","neve_meta_enable_content_width":"","neve_meta_content_width":0,"neve_meta_title_alignment":"","neve_meta_author_avatar":"","neve_post_elements_order":"","neve_meta_disable_header":"","neve_meta_disable_footer":"","neve_meta_disable_title":"","advanced_seo_description":"","jetpack_seo_html_title":"","jetpack_seo_noindex":false,"footnotes":""},"categories":[5],"tags":[2634,2631,461,185,2629,2624,2633,2636,2627,1222,1131,2632,2623,2628,2637,2622,2635,2621,2626,2630],"class_list":["post-18247","post","type-post","status-publish","format-standard","has-post-thumbnail","hentry","category-arte","tag-allan-kaprow","tag-allen-ginsberg","tag-arte-contemporanea","tag-biancoscuro-art-magazine","tag-eleonora-molignani","tag-fondazione-prada","tag-jasper-johns","tag-john-cage","tag-john-giorno-friends","tag-keith-haring","tag-miart","tag-michael-stipe","tag-museo-del-novecento","tag-nicola-ricciardi","tag-oltre-ai-gia-citati-rauschenberg-e-warhol","tag-pac-padiglione-darte-contemporanea","tag-patti-smith","tag-talks-among-friends","tag-triennale-milano","tag-william-s-burroughs"],"jetpack_featured_media_url":"https:\/\/www.biancoscuro.it\/site\/wp-content\/uploads\/2025\/03\/1003_miart-2024_ph.-Nicola-Gnesi-Studio.jpg","jetpack_sharing_enabled":true,"jetpack-related-posts":[{"id":18608,"url":"https:\/\/www.biancoscuro.it\/site\/miart-2026-la-svolta-jazz\/","url_meta":{"origin":18247,"position":0},"title":"miart 2026: La Svolta Jazz","author":"Vincenzo Chetta","date":"19 Giugno 2025","format":false,"excerpt":"Per la sua trentesima edizione, la fiera d'arte moderna e contemporanea di Milano si reinventa ispirandosi all'improvvisazione di Miles Davis e John Coltrane. Un cambio di pelle, di sede e di paradigma che promette di trasformare uno standard consolidato in un territorio di pura innovazione. Per la sua trentesima edizione,\u2026","rel":"","context":"In &quot;eventi&quot;","block_context":{"text":"eventi","link":"https:\/\/www.biancoscuro.it\/site\/category\/eventi\/"},"img":{"alt_text":"","src":"https:\/\/i0.wp.com\/www.biancoscuro.it\/site\/wp-content\/uploads\/2025\/06\/miart_2026_nicola_ricciardi_IMG_2928.jpg?resize=350%2C200&ssl=1","width":350,"height":200,"srcset":"https:\/\/i0.wp.com\/www.biancoscuro.it\/site\/wp-content\/uploads\/2025\/06\/miart_2026_nicola_ricciardi_IMG_2928.jpg?resize=350%2C200&ssl=1 1x, https:\/\/i0.wp.com\/www.biancoscuro.it\/site\/wp-content\/uploads\/2025\/06\/miart_2026_nicola_ricciardi_IMG_2928.jpg?resize=525%2C300&ssl=1 1.5x, https:\/\/i0.wp.com\/www.biancoscuro.it\/site\/wp-content\/uploads\/2025\/06\/miart_2026_nicola_ricciardi_IMG_2928.jpg?resize=700%2C400&ssl=1 2x, https:\/\/i0.wp.com\/www.biancoscuro.it\/site\/wp-content\/uploads\/2025\/06\/miart_2026_nicola_ricciardi_IMG_2928.jpg?resize=1050%2C600&ssl=1 3x"},"classes":[]},{"id":8961,"url":"https:\/\/www.biancoscuro.it\/site\/miart-2019-abbi-cara-ogni-cosa\/","url_meta":{"origin":18247,"position":1},"title":"miart 2019: abbi cara ogni cosa","author":"Vincenzo Chetta","date":"3 Aprile 2019","format":false,"excerpt":"La 24\u00aa edizione a fieramilanocity dal 5 al 7 aprile miart 2018 L\u2019edizione 2019 del miart adotta il verso \u201cAbbi cara ogni cosa\u201d, dal poema \u201cHold Everything Dear\u201d di Gareth Evans e invita i visitatori a far proprio il gesto di attenzione con cui l\u2019arte custodisce la realt\u00e0 nel momento\u2026","rel":"","context":"In &quot;arte&quot;","block_context":{"text":"arte","link":"https:\/\/www.biancoscuro.it\/site\/category\/arte\/"},"img":{"alt_text":"","src":"https:\/\/i0.wp.com\/www.biancoscuro.it\/site\/wp-content\/uploads\/2019\/04\/KEV3775top.jpg?resize=350%2C200&ssl=1","width":350,"height":200,"srcset":"https:\/\/i0.wp.com\/www.biancoscuro.it\/site\/wp-content\/uploads\/2019\/04\/KEV3775top.jpg?resize=350%2C200&ssl=1 1x, https:\/\/i0.wp.com\/www.biancoscuro.it\/site\/wp-content\/uploads\/2019\/04\/KEV3775top.jpg?resize=525%2C300&ssl=1 1.5x, https:\/\/i0.wp.com\/www.biancoscuro.it\/site\/wp-content\/uploads\/2019\/04\/KEV3775top.jpg?resize=700%2C400&ssl=1 2x, https:\/\/i0.wp.com\/www.biancoscuro.it\/site\/wp-content\/uploads\/2019\/04\/KEV3775top.jpg?resize=1050%2C600&ssl=1 3x, https:\/\/i0.wp.com\/www.biancoscuro.it\/site\/wp-content\/uploads\/2019\/04\/KEV3775top.jpg?resize=1400%2C800&ssl=1 4x"},"classes":[]},{"id":7083,"url":"https:\/\/www.biancoscuro.it\/site\/miart-2018-il-presente-ha-molte-storie\/","url_meta":{"origin":18247,"position":2},"title":"miart 2018: il presente ha molte storie","author":"Redazione BIANCOSCURO","date":"13 Aprile 2018","format":false,"excerpt":"Inaugurata la ventitreesima edizione.\u00a0A fieramilanocity dal 13 al 15 aprile\u00a0miart ospiter\u00e0 186 gallerie da 19 paesi e 4 continenti. 7 premi e un fondo di acquisizioni da 100.000 euro.\u00a0Oltre 60 curatori, direttori di museo e personalit\u00e0 da tutto il mondo coinvolti nelle sezioni della fiera, nelle giurie dei premi e\u2026","rel":"","context":"In &quot;arte&quot;","block_context":{"text":"arte","link":"https:\/\/www.biancoscuro.it\/site\/category\/arte\/"},"img":{"alt_text":"","src":"https:\/\/i0.wp.com\/www.biancoscuro.it\/site\/wp-content\/uploads\/2018\/04\/a_KEV3747.jpg?resize=350%2C200&ssl=1","width":350,"height":200,"srcset":"https:\/\/i0.wp.com\/www.biancoscuro.it\/site\/wp-content\/uploads\/2018\/04\/a_KEV3747.jpg?resize=350%2C200&ssl=1 1x, https:\/\/i0.wp.com\/www.biancoscuro.it\/site\/wp-content\/uploads\/2018\/04\/a_KEV3747.jpg?resize=525%2C300&ssl=1 1.5x, https:\/\/i0.wp.com\/www.biancoscuro.it\/site\/wp-content\/uploads\/2018\/04\/a_KEV3747.jpg?resize=700%2C400&ssl=1 2x"},"classes":[]},{"id":18318,"url":"https:\/\/www.biancoscuro.it\/site\/biancoscuro-leditoriale-di-vincenzo-chetta-69-aprile-maggio-2025\/","url_meta":{"origin":18247,"position":3},"title":"BIANCOSCURO #69, l\u2019editoriale di Vincenzo Chetta &#8211; APRILE\/MAGGIO 2025","author":"Vincenzo Chetta","date":"4 Aprile 2025","format":false,"excerpt":"Aprile si prospetta un mese intenso per il panorama artistico milanese, con una serie di eventi che attireranno l\u2019attenzione di appassionati e addetti ai lavori. Tra questi, spicca la Milano Art Week (MAW), che dal 1 al 6 aprile offrir\u00e0 oltre 200 appuntamenti.L\u2019evento di punta della MAW sar\u00e0, come di\u2026","rel":"","context":"In &quot;art magazine&quot;","block_context":{"text":"art magazine","link":"https:\/\/www.biancoscuro.it\/site\/category\/art-magazine\/"},"img":{"alt_text":"","src":"https:\/\/i0.wp.com\/www.biancoscuro.it\/site\/wp-content\/uploads\/2025\/04\/MIART2023-999.jpg?resize=350%2C200&ssl=1","width":350,"height":200,"srcset":"https:\/\/i0.wp.com\/www.biancoscuro.it\/site\/wp-content\/uploads\/2025\/04\/MIART2023-999.jpg?resize=350%2C200&ssl=1 1x, https:\/\/i0.wp.com\/www.biancoscuro.it\/site\/wp-content\/uploads\/2025\/04\/MIART2023-999.jpg?resize=525%2C300&ssl=1 1.5x, https:\/\/i0.wp.com\/www.biancoscuro.it\/site\/wp-content\/uploads\/2025\/04\/MIART2023-999.jpg?resize=700%2C400&ssl=1 2x"},"classes":[]},{"id":15835,"url":"https:\/\/www.biancoscuro.it\/site\/miart\/","url_meta":{"origin":18247,"position":4},"title":"miart 2023","author":"Redazione BIANCOSCURO","date":"13 Aprile 2023","format":false,"excerpt":"Torna a Milano, dal 14 al 16 aprile 2023, con anteprima VIP il 13, la ventisettesima edizione di miart, fiera internazionale d\u2019arte moderna e contemporanea diretta per il terzo anno da Nicola Ricciardi. 169 le gallerie provenienti da 27 Paesi, rafforzate quindi le presenze internazionali e al tempo stesso consolidate\u2026","rel":"","context":"In &quot;arte&quot;","block_context":{"text":"arte","link":"https:\/\/www.biancoscuro.it\/site\/category\/arte\/"},"img":{"alt_text":"","src":"https:\/\/i0.wp.com\/www.biancoscuro.it\/site\/wp-content\/uploads\/2023\/04\/BIANCOSCURO-MIART-KEV6412.jpg?resize=350%2C200&ssl=1","width":350,"height":200,"srcset":"https:\/\/i0.wp.com\/www.biancoscuro.it\/site\/wp-content\/uploads\/2023\/04\/BIANCOSCURO-MIART-KEV6412.jpg?resize=350%2C200&ssl=1 1x, https:\/\/i0.wp.com\/www.biancoscuro.it\/site\/wp-content\/uploads\/2023\/04\/BIANCOSCURO-MIART-KEV6412.jpg?resize=525%2C300&ssl=1 1.5x, https:\/\/i0.wp.com\/www.biancoscuro.it\/site\/wp-content\/uploads\/2023\/04\/BIANCOSCURO-MIART-KEV6412.jpg?resize=700%2C400&ssl=1 2x"},"classes":[]},{"id":5285,"url":"https:\/\/www.biancoscuro.it\/site\/miart-2017-un-momento-imperdibile-mondo-dellarte\/","url_meta":{"origin":18247,"position":5},"title":"miart 2017, un momento imperdibile per il mondo dell\u2019Arte","author":"Redazione BIANCOSCURO","date":"30 Marzo 2017","format":false,"excerpt":"miart 2017: una nuova settimana dell\u2019arte accende Milano Presentata oggi miart 2017, la ventiduesima edizione della fiera internazionale d\u2019arte moderna e contemporanea organizzata da Fiera Milano, \u00a0diretta per la prima volta da Alessandro Rabottini. Una nuova edizione che consolida gli importanti risultati raggiunti negli ultimi quattro anni e che si\u2026","rel":"","context":"In &quot;arte&quot;","block_context":{"text":"arte","link":"https:\/\/www.biancoscuro.it\/site\/category\/arte\/"},"img":{"alt_text":"","src":"https:\/\/i0.wp.com\/www.biancoscuro.it\/site\/wp-content\/uploads\/2017\/03\/ROU_4839.jpg?resize=350%2C200","width":350,"height":200,"srcset":"https:\/\/i0.wp.com\/www.biancoscuro.it\/site\/wp-content\/uploads\/2017\/03\/ROU_4839.jpg?resize=350%2C200 1x, https:\/\/i0.wp.com\/www.biancoscuro.it\/site\/wp-content\/uploads\/2017\/03\/ROU_4839.jpg?resize=525%2C300 1.5x, https:\/\/i0.wp.com\/www.biancoscuro.it\/site\/wp-content\/uploads\/2017\/03\/ROU_4839.jpg?resize=700%2C400 2x"},"classes":[]}],"_links":{"self":[{"href":"https:\/\/www.biancoscuro.it\/site\/wp-json\/wp\/v2\/posts\/18247","targetHints":{"allow":["GET"]}}],"collection":[{"href":"https:\/\/www.biancoscuro.it\/site\/wp-json\/wp\/v2\/posts"}],"about":[{"href":"https:\/\/www.biancoscuro.it\/site\/wp-json\/wp\/v2\/types\/post"}],"author":[{"embeddable":true,"href":"https:\/\/www.biancoscuro.it\/site\/wp-json\/wp\/v2\/users\/1"}],"replies":[{"embeddable":true,"href":"https:\/\/www.biancoscuro.it\/site\/wp-json\/wp\/v2\/comments?post=18247"}],"version-history":[{"count":1,"href":"https:\/\/www.biancoscuro.it\/site\/wp-json\/wp\/v2\/posts\/18247\/revisions"}],"predecessor-version":[{"id":18252,"href":"https:\/\/www.biancoscuro.it\/site\/wp-json\/wp\/v2\/posts\/18247\/revisions\/18252"}],"wp:featuredmedia":[{"embeddable":true,"href":"https:\/\/www.biancoscuro.it\/site\/wp-json\/wp\/v2\/media\/18251"}],"wp:attachment":[{"href":"https:\/\/www.biancoscuro.it\/site\/wp-json\/wp\/v2\/media?parent=18247"}],"wp:term":[{"taxonomy":"category","embeddable":true,"href":"https:\/\/www.biancoscuro.it\/site\/wp-json\/wp\/v2\/categories?post=18247"},{"taxonomy":"post_tag","embeddable":true,"href":"https:\/\/www.biancoscuro.it\/site\/wp-json\/wp\/v2\/tags?post=18247"}],"curies":[{"name":"wp","href":"https:\/\/api.w.org\/{rel}","templated":true}]}}