{"id":18318,"date":"2025-04-04T08:10:00","date_gmt":"2025-04-04T06:10:00","guid":{"rendered":"https:\/\/www.biancoscuro.it\/site\/?p=18318"},"modified":"2025-04-15T13:14:01","modified_gmt":"2025-04-15T11:14:01","slug":"biancoscuro-leditoriale-di-vincenzo-chetta-69-aprile-maggio-2025","status":"publish","type":"post","link":"https:\/\/www.biancoscuro.it\/site\/biancoscuro-leditoriale-di-vincenzo-chetta-69-aprile-maggio-2025\/","title":{"rendered":"BIANCOSCURO #69, l\u2019editoriale di Vincenzo Chetta &#8211; APRILE\/MAGGIO 2025"},"content":{"rendered":"<span class=\"span-reading-time rt-reading-time\" style=\"display: block;\"><span class=\"rt-label rt-prefix\">\u23f0 lettura <\/span> <span class=\"rt-time\"> 2<\/span> <span class=\"rt-label rt-postfix\">min. <br><br><\/span><\/span>\n<p>Aprile si prospetta un mese intenso per il panorama artistico milanese, con una serie di eventi che attireranno l\u2019attenzione di appassionati e addetti ai lavori. Tra questi, spicca la <strong>Milano Art Week<\/strong> (MAW), che dal 1 al 6 aprile <strong>offrir\u00e0 oltre 200 appuntamenti<\/strong>.<br \/>L\u2019evento di punta della MAW sar\u00e0, come di consueto, <strong>miart<\/strong>, la fiera internazionale d\u2019arte moderna e contemporanea. Tuttavia, quest\u2019anno si registra una novit\u00e0: l\u2019arrivo della fiera francese ART3f Milano. Forte del successo riscosso a Parigi, ART3f tenter\u00e0 di replicare l\u2019affluenza di pubblico e le vendite anche a Milano. Resta da vedere se riusciranno in questa ambiziosa impresa.<\/p>\n\n\n\n<figure class=\"wp-block-image size-full\"><img loading=\"lazy\" decoding=\"async\" width=\"999\" height=\"799\" src=\"https:\/\/www.biancoscuro.it\/site\/wp-content\/uploads\/2025\/04\/MIART2023-999.jpg\" alt=\"\" class=\"wp-image-18321\" srcset=\"https:\/\/www.biancoscuro.it\/site\/wp-content\/uploads\/2025\/04\/MIART2023-999.jpg 999w, https:\/\/www.biancoscuro.it\/site\/wp-content\/uploads\/2025\/04\/MIART2023-999-300x240.jpg 300w, https:\/\/www.biancoscuro.it\/site\/wp-content\/uploads\/2025\/04\/MIART2023-999-768x614.jpg 768w\" sizes=\"auto, (max-width: 999px) 100vw, 999px\" \/><figcaption class=\"wp-element-caption\"><em>Sullo sfondo i visitatori alla precedente edizione del miart<\/em><\/figcaption><\/figure>\n\n\n\n<p>Per quanto riguarda miart, sono state confermate le tre sezioni consolidate: <strong><em>\u201cEstablished\u201d<\/em><\/strong>, <strong><em>\u201cEmergent\u201d<\/em><\/strong> e <strong><em>\u201cPortal\u201d<\/em><\/strong>, di cui potete leggere un approfondimento nell\u2019articolo dedicato. Le aspettative sono alte e si prospetta che la fiera possa <strong>confermare ancora una volta Milano come una delle capitali europee dell\u2019arte<\/strong>.<\/p>\n\n\n\n<p>Parallelamente agli eventi fieristici, <strong>Palazzo Reale<\/strong> ospiter\u00e0 diverse mostre di rilievo, tra cui <strong><em>\u201cIo sono LEONOR FINI\u201d<\/em><\/strong>, <strong><em>\u201cDa Cindy Sherman a Francesco Vezzoli\u201d<\/em><\/strong>, <strong><em>\u201cNico Vascellari PASTORALE\u201d<\/em><\/strong> e <strong><em>\u201cArt D\u00e9co\u201d<\/em><\/strong>. Da segnalare anche le mostre al <strong><em>PAC Padiglione d\u2019Arte Contemporanea<\/em><\/strong>, alla <strong><em>Triennale Milano<\/em><\/strong> e alla <strong><em>GAM &#8211; Galleria d\u2019Arte Moderna<\/em><\/strong>.<br \/>L\u2019elenco degli eventi <em>\u201cimperdibili\u201d<\/em> \u00e8 lungo e richiederebbe pi\u00f9 di una settimana per essere visitato integralmente. Ovviamente la mia non \u00e8 una critica, ma una provocazione: <strong>la settimana dell\u2019arte dovrebbe diventare il mese dell\u2019Arte!<\/strong><\/p>\n\n\n\n<p>Infine, segnaliamo il lancio del nuovo <strong>canale YouTube \u201cBiancoscuro\u201d<\/strong>, dedicato a Video Tour di eventi, fiere e altro ancora. <strong>L\u2019invito \u00e8 a iscriversi e a condividere le proprie opinioni.<\/strong> <a href=\"https:\/\/www.youtube.com\/@biancoscuro\">https:\/\/www.youtube.com\/@biancoscuro<\/a><\/p>\n\n\n\n<p><strong>Buona Lettura<\/strong>, e se ci seguite anche sui social, oppure su <strong>YouTube<\/strong>,\u00a0 <strong>buona visione<\/strong>!\u00a0<\/p>\n\n\n\n<figure class=\"wp-block-image\"><img loading=\"lazy\" decoding=\"async\" width=\"300\" height=\"103\" src=\"http:\/\/www.biancoscuro.it\/site\/wp-content\/uploads\/2015\/10\/firmaVincenzoChettaDirettoreBiancoscuro-300x103.jpg\" alt=\"Vincenzo Chetta Direttore Biancoscuro\" class=\"wp-image-3226\" srcset=\"https:\/\/www.biancoscuro.it\/site\/wp-content\/uploads\/2015\/10\/firmaVincenzoChettaDirettoreBiancoscuro-300x103.jpg 300w, https:\/\/www.biancoscuro.it\/site\/wp-content\/uploads\/2015\/10\/firmaVincenzoChettaDirettoreBiancoscuro.jpg 500w\" sizes=\"auto, (max-width: 300px) 100vw, 300px\" \/><\/figure>\n\n\n\n<p>Vincenzo Chetta<br \/><strong>Direttore<\/strong><\/p>\n\n\n\n<hr class=\"wp-block-separator has-alpha-channel-opacity\"\/>\n\n\n\n<h2 class=\"wp-block-heading\">Seguici sulle nostre pagine social <a href=\"https:\/\/www.youtube.com\/@biancoscuro\" target=\"_blank\" rel=\"noreferrer noopener\">YouTube<\/a>, <strong><a href=\"https:\/\/www.instagram.com\/biancoscuromag\/\" target=\"_blank\" rel=\"noreferrer noopener\">Instagram<\/a> e <\/strong><strong><a href=\"https:\/\/www.facebook.com\/BiancoscuroArtMagazine\/\" target=\"_blank\" rel=\"noreferrer noopener\">Facebook<\/a><\/strong> !<\/h2>\n","protected":false},"excerpt":{"rendered":"<p><span class=\"span-reading-time rt-reading-time\" style=\"display: block;\"><span class=\"rt-label rt-prefix\">\u23f0 lettura <\/span> <span class=\"rt-time\"> 2<\/span> <span class=\"rt-label rt-postfix\">min. <\/p>\n<p><\/span><\/span>Aprile si prospetta un mese intenso per il panorama artistico milanese, con una serie di eventi che attireranno l\u2019attenzione di appassionati e addetti ai lavori. Tra questi, spicca la Milano Art Week (MAW), che dal 1 al 6 aprile offrir\u00e0 oltre 200 appuntamenti.L\u2019evento di punta della MAW sar\u00e0, come di consueto, miart, la fiera internazionale&hellip;&nbsp;<a href=\"https:\/\/www.biancoscuro.it\/site\/biancoscuro-leditoriale-di-vincenzo-chetta-69-aprile-maggio-2025\/\" rel=\"bookmark\">Leggi tutto &raquo;<span class=\"screen-reader-text\">BIANCOSCURO #69, l\u2019editoriale di Vincenzo Chetta &#8211; APRILE\/MAGGIO 2025<\/span><\/a><\/p>\n","protected":false},"author":909,"featured_media":18320,"comment_status":"closed","ping_status":"closed","sticky":false,"template":"","format":"standard","meta":{"neve_meta_sidebar":"","neve_meta_container":"","neve_meta_enable_content_width":"","neve_meta_content_width":0,"neve_meta_title_alignment":"","neve_meta_author_avatar":"","neve_post_elements_order":"","neve_meta_disable_header":"","neve_meta_disable_footer":"","neve_meta_disable_title":"","advanced_seo_description":"","jetpack_seo_html_title":"","jetpack_seo_noindex":false,"footnotes":""},"categories":[470,5,32,15],"tags":[40,449,461,185,583,2639,1131,2050,2640,1076,2120,2642,408,2643,2641],"class_list":["post-18318","post","type-post","status-publish","format-standard","has-post-thumbnail","hentry","category-art-magazine","category-arte","category-editoria","category-rivista-darte","tag-art-magazine","tag-arte","tag-arte-contemporanea","tag-biancoscuro-art-magazine","tag-editoriale","tag-maw","tag-miart","tag-milano-art-week","tag-palazzo-reale-ospitera-diverse-mostre-di-rilievo","tag-parigi","tag-rivista-darte","tag-tra-cui-io-sono-leonor-fini","tag-vincenzo-chetta","tag-da-cindy-sherman-a-francesco-vezzoli","tag-nico-vascellari-pastorale-e-art-deco-da-segnalare-anche-le-mostre-al-pac-padiglione-darte-contemporanea"],"jetpack_featured_media_url":"https:\/\/www.biancoscuro.it\/site\/wp-content\/uploads\/2025\/04\/MIART2023-333.jpg","jetpack_sharing_enabled":true,"jetpack-related-posts":[{"id":12172,"url":"https:\/\/www.biancoscuro.it\/site\/biancoscuro-leditoriale-di-agosto-settembre-21\/","url_meta":{"origin":18318,"position":0},"title":"BIANCOSCURO, l\u2019editoriale di agosto\/settembre &#8217;21","author":"Vincenzo Chetta","date":"27 Luglio 2021","format":false,"excerpt":"Tutto pronto per riaprire la stagione fieristica dell\u2019Arte, e non vediamo l\u2019ora di respirare nuovamente quella frenesia pre-fiera che tanto ci piace. Settembre vedr\u00e0 nascere la nuova edizione in presenza della fiera d\u2019arte pi\u00f9 importante del mondo: Art Basel a Basilea sar\u00e0 aperta al pubblico dal 23 al 26 settembre,\u2026","rel":"","context":"In &quot;art magazine&quot;","block_context":{"text":"art magazine","link":"https:\/\/www.biancoscuro.it\/site\/category\/art-magazine\/"},"img":{"alt_text":"","src":"https:\/\/i0.wp.com\/www.biancoscuro.it\/site\/wp-content\/uploads\/2021\/07\/ARTBASEL_KEV9689-999.jpg?resize=350%2C200&ssl=1","width":350,"height":200,"srcset":"https:\/\/i0.wp.com\/www.biancoscuro.it\/site\/wp-content\/uploads\/2021\/07\/ARTBASEL_KEV9689-999.jpg?resize=350%2C200&ssl=1 1x, https:\/\/i0.wp.com\/www.biancoscuro.it\/site\/wp-content\/uploads\/2021\/07\/ARTBASEL_KEV9689-999.jpg?resize=525%2C300&ssl=1 1.5x, https:\/\/i0.wp.com\/www.biancoscuro.it\/site\/wp-content\/uploads\/2021\/07\/ARTBASEL_KEV9689-999.jpg?resize=700%2C400&ssl=1 2x"},"classes":[]},{"id":18597,"url":"https:\/\/www.biancoscuro.it\/site\/biancoscuro-70-leditoriale-di-vincenzo-chetta-giugno-luglio-2025\/","url_meta":{"origin":18318,"position":1},"title":"BIANCOSCURO #70, l\u2019editoriale di Vincenzo Chetta &#8211; GIUGNO\/LUGLIO 2025","author":"Vincenzo Chetta","date":"2 Giugno 2025","format":false,"excerpt":"Eccoci, come di consueto, al febbrile momento della chiusura del numero. E quando giugno \u00e8 prossimo, e le pagine di BIANCOSCURO prendono la loro forma definitiva prima della stampa, il pensiero non pu\u00f2 che correre all\u2019imminente appuntamento con Art Basel. Importantissimo evento che, anno dopo anno, catalizza energie, collezionisti, sguardi\u2026","rel":"","context":"In &quot;art magazine&quot;","block_context":{"text":"art magazine","link":"https:\/\/www.biancoscuro.it\/site\/category\/art-magazine\/"},"img":{"alt_text":"","src":"https:\/\/i0.wp.com\/www.biancoscuro.it\/site\/wp-content\/uploads\/2025\/06\/ArtBasel2024.jpg?resize=350%2C200&ssl=1","width":350,"height":200,"srcset":"https:\/\/i0.wp.com\/www.biancoscuro.it\/site\/wp-content\/uploads\/2025\/06\/ArtBasel2024.jpg?resize=350%2C200&ssl=1 1x, https:\/\/i0.wp.com\/www.biancoscuro.it\/site\/wp-content\/uploads\/2025\/06\/ArtBasel2024.jpg?resize=525%2C300&ssl=1 1.5x, https:\/\/i0.wp.com\/www.biancoscuro.it\/site\/wp-content\/uploads\/2025\/06\/ArtBasel2024.jpg?resize=700%2C400&ssl=1 2x"},"classes":[]},{"id":18353,"url":"https:\/\/www.biancoscuro.it\/site\/miart-2025-vip-preview\/","url_meta":{"origin":18318,"position":2},"title":"miart 2025 Vip Preview [VIDEO]","author":"Redazione BIANCOSCURO","date":"6 Aprile 2025","format":false,"excerpt":"miart 2025 Vip Preview - Art Tour a cura di BIANCOSCURO - Walkthrough & Highlights - 4K https:\/\/www.youtube.com\/watch?v=wGrax0dyDDY&list=PLZebC_Dj3MK6jcZgRaq3GhldGWO0kUZH5&index=1&t=557s BIANCOSCURO vi porta in un ART TOUR alla scoperta del miart 2025, dal 4 al 6 aprile (VIP preview il 3 aprile) all'Allianz MiCo Central in viale Scarampo, Milano. Guardate il video\u2026","rel":"","context":"In &quot;arte&quot;","block_context":{"text":"arte","link":"https:\/\/www.biancoscuro.it\/site\/category\/arte\/"},"img":{"alt_text":"","src":"https:\/\/i0.wp.com\/www.biancoscuro.it\/site\/wp-content\/uploads\/2025\/04\/Copertina_miart_2025_Art-Tour_BIANCOSCURO_Walktrough-sobria.jpg?resize=350%2C200&ssl=1","width":350,"height":200,"srcset":"https:\/\/i0.wp.com\/www.biancoscuro.it\/site\/wp-content\/uploads\/2025\/04\/Copertina_miart_2025_Art-Tour_BIANCOSCURO_Walktrough-sobria.jpg?resize=350%2C200&ssl=1 1x, https:\/\/i0.wp.com\/www.biancoscuro.it\/site\/wp-content\/uploads\/2025\/04\/Copertina_miart_2025_Art-Tour_BIANCOSCURO_Walktrough-sobria.jpg?resize=525%2C300&ssl=1 1.5x"},"classes":[]},{"id":17123,"url":"https:\/\/www.biancoscuro.it\/site\/biancoscuro-leditoriale-di-vincenzo-chetta-63-aprile-maggio-2024\/","url_meta":{"origin":18318,"position":3},"title":"BIANCOSCURO, l\u2019editoriale di Vincenzo Chetta &#8211; #63 APRILE\/MAGGIO 2024","author":"Vincenzo Chetta","date":"3 Aprile 2024","format":false,"excerpt":"Chiudiamo questo numero in un periodo saturo di eventi artistici di ogni genere, tantissime inaugurazioni di mostre collettive e personali molto interessanti in luoghi altrettanto coinvolgenti, e fiere d\u2019arte quasi che si accavallano l\u2019una sull\u2019altra. Proprio mentre scrivo, stiamo coordinando la nostra presenza, ormai fissa, ad Art Basel Hong Kong,\u2026","rel":"","context":"In &quot;art magazine&quot;","block_context":{"text":"art magazine","link":"https:\/\/www.biancoscuro.it\/site\/category\/art-magazine\/"},"img":{"alt_text":"","src":"https:\/\/i0.wp.com\/www.biancoscuro.it\/site\/wp-content\/uploads\/2024\/04\/333_Giardini-2019_Photo-Andrea-Avezzu-Courtesy-of-La-Biennale-di-Venezia.jpg?resize=350%2C200&ssl=1","width":350,"height":200},"classes":[]},{"id":8934,"url":"https:\/\/www.biancoscuro.it\/site\/biancoscuro-leditoriale-di-aprile-maggio-19\/","url_meta":{"origin":18318,"position":4},"title":"BIANCOSCURO, l\u2019editoriale di aprile-maggio \u201919","author":"Vincenzo Chetta","date":"1 Aprile 2019","format":false,"excerpt":"Gli ultimi mesi sono stati densi di appuntamenti artistici di ogni tipo: dalle importanti mostre culturali, con le quali rispolverare un po\u2019 di Storia, alle pi\u00f9 \u201csemplici\u201d Fiere d\u2019arte, nelle quali ci si concentra pi\u00f9 su questioni economiche, politiche e commerciali. E poi tanti eventi di amici artisti ai quali\u2026","rel":"","context":"In &quot;art magazine&quot;","block_context":{"text":"art magazine","link":"https:\/\/www.biancoscuro.it\/site\/category\/art-magazine\/"},"img":{"alt_text":"","src":"https:\/\/i0.wp.com\/www.biancoscuro.it\/site\/wp-content\/uploads\/2019\/04\/DSC_6206-1000px.jpg?resize=350%2C200&ssl=1","width":350,"height":200,"srcset":"https:\/\/i0.wp.com\/www.biancoscuro.it\/site\/wp-content\/uploads\/2019\/04\/DSC_6206-1000px.jpg?resize=350%2C200&ssl=1 1x, https:\/\/i0.wp.com\/www.biancoscuro.it\/site\/wp-content\/uploads\/2019\/04\/DSC_6206-1000px.jpg?resize=525%2C300&ssl=1 1.5x, https:\/\/i0.wp.com\/www.biancoscuro.it\/site\/wp-content\/uploads\/2019\/04\/DSC_6206-1000px.jpg?resize=700%2C400&ssl=1 2x"},"classes":[]},{"id":3555,"url":"https:\/\/www.biancoscuro.it\/site\/biancoscuro-leditoriale-di-febbraio-ma-2015\/","url_meta":{"origin":18318,"position":5},"title":"BIANCOSCURO, L&#8217;editoriale di febbraio-marzo 2016","author":"Vincenzo Chetta","date":"1 Febbraio 2016","format":false,"excerpt":"Questo 2016 \u00e8 iniziato con i migliori auspici, tante nuove iniziative artistiche che promettono bene, per sopperire a quella mancanza di \u201coriginale modernit\u00e0\u201d che dovrebbe essere ormai la base per il rinnovamento delle formule pi\u00f9 consolidate, ma che rischiano di cadere, non tanto nel banale, quanto nel noioso. Se \u00e8\u2026","rel":"","context":"In &quot;art magazine&quot;","block_context":{"text":"art magazine","link":"https:\/\/www.biancoscuro.it\/site\/category\/art-magazine\/"},"img":{"alt_text":"\/\/\/ Berlin Art Week 2015 3 piani d\u2019Arte, dipinti, sculture, installazioni e videoinstallazioni","src":"https:\/\/i0.wp.com\/www.biancoscuro.it\/site\/wp-content\/uploads\/2016\/02\/aKEV_8252.jpg?resize=350%2C200&ssl=1","width":350,"height":200,"srcset":"https:\/\/i0.wp.com\/www.biancoscuro.it\/site\/wp-content\/uploads\/2016\/02\/aKEV_8252.jpg?resize=350%2C200&ssl=1 1x, https:\/\/i0.wp.com\/www.biancoscuro.it\/site\/wp-content\/uploads\/2016\/02\/aKEV_8252.jpg?resize=525%2C300&ssl=1 1.5x, https:\/\/i0.wp.com\/www.biancoscuro.it\/site\/wp-content\/uploads\/2016\/02\/aKEV_8252.jpg?resize=700%2C400&ssl=1 2x"},"classes":[]}],"_links":{"self":[{"href":"https:\/\/www.biancoscuro.it\/site\/wp-json\/wp\/v2\/posts\/18318","targetHints":{"allow":["GET"]}}],"collection":[{"href":"https:\/\/www.biancoscuro.it\/site\/wp-json\/wp\/v2\/posts"}],"about":[{"href":"https:\/\/www.biancoscuro.it\/site\/wp-json\/wp\/v2\/types\/post"}],"author":[{"embeddable":true,"href":"https:\/\/www.biancoscuro.it\/site\/wp-json\/wp\/v2\/users\/909"}],"replies":[{"embeddable":true,"href":"https:\/\/www.biancoscuro.it\/site\/wp-json\/wp\/v2\/comments?post=18318"}],"version-history":[{"count":2,"href":"https:\/\/www.biancoscuro.it\/site\/wp-json\/wp\/v2\/posts\/18318\/revisions"}],"predecessor-version":[{"id":18323,"href":"https:\/\/www.biancoscuro.it\/site\/wp-json\/wp\/v2\/posts\/18318\/revisions\/18323"}],"wp:featuredmedia":[{"embeddable":true,"href":"https:\/\/www.biancoscuro.it\/site\/wp-json\/wp\/v2\/media\/18320"}],"wp:attachment":[{"href":"https:\/\/www.biancoscuro.it\/site\/wp-json\/wp\/v2\/media?parent=18318"}],"wp:term":[{"taxonomy":"category","embeddable":true,"href":"https:\/\/www.biancoscuro.it\/site\/wp-json\/wp\/v2\/categories?post=18318"},{"taxonomy":"post_tag","embeddable":true,"href":"https:\/\/www.biancoscuro.it\/site\/wp-json\/wp\/v2\/tags?post=18318"}],"curies":[{"name":"wp","href":"https:\/\/api.w.org\/{rel}","templated":true}]}}