{"id":18359,"date":"2025-04-03T13:06:11","date_gmt":"2025-04-03T11:06:11","guid":{"rendered":"https:\/\/www.biancoscuro.it\/site\/?p=18359"},"modified":"2025-04-16T17:56:29","modified_gmt":"2025-04-16T15:56:29","slug":"mega-art-fair-2025-milano","status":"publish","type":"post","link":"https:\/\/www.biancoscuro.it\/site\/mega-art-fair-2025-milano\/","title":{"rendered":"MEGA Art Fair 2025 Milano [VIDEO]"},"content":{"rendered":"<span class=\"span-reading-time rt-reading-time\" style=\"display: block;\"><span class=\"rt-label rt-prefix\">\u23f0 lettura <\/span> <span class=\"rt-time\"> &lt; 1<\/span> <span class=\"rt-label rt-postfix\">min. <br><br><\/span><\/span>\n<h2 class=\"wp-block-heading\">Art Tour a cura di BIANCOSCURO &#8211; Walkthrough &amp; Highlights &#8211; 4K<\/h2>\n\n\n\n<figure class=\"wp-block-embed is-type-video is-provider-youtube wp-block-embed-youtube wp-embed-aspect-16-9 wp-has-aspect-ratio\"><div class=\"wp-block-embed__wrapper\">\n<div class=\"nv-iframe-embed\"><iframe loading=\"lazy\" title=\"MEGA Art Fair 2025 Milano - Art Tour  a cura di BIANCOSCURO - Walkthrough &amp; Highlights - 4K\" width=\"1200\" height=\"675\" src=\"https:\/\/www.youtube.com\/embed\/uvpTRVaglbw?list=PLZebC_Dj3MK6jcZgRaq3GhldGWO0kUZH5\" frameborder=\"0\" allow=\"accelerometer; autoplay; clipboard-write; encrypted-media; gyroscope; picture-in-picture; web-share\" referrerpolicy=\"strict-origin-when-cross-origin\" allowfullscreen><\/iframe><\/div>\n<\/div><\/figure>\n\n\n\n<p><strong>BIANCOSCURO<\/strong> vi porta in un ART TOUR alla scoperta di MEGA ART FAIR 2025 a Milano, dal 2 al 6 aprile via Orobia 26. Guardate il video fino in fondo per vedere opere d&#8217;arte fuori dagli schemi e gallerie intraprendenti e innovative.<\/p>\n\n\n\n<p>#MegaArtFair #MilanoArtWeek #ArteModerna #ArteContemporanea #EventiMilano <\/p>\n\n\n\n<p>&#x1f60e; SUPPORTA IL CANALE: Entra nel Club <a href=\"https:\/\/www.youtube.com\/@biancoscuro\">\u202a@biancoscuro\u202c<\/a><\/p>\n","protected":false},"excerpt":{"rendered":"<p><span class=\"span-reading-time rt-reading-time\" style=\"display: block;\"><span class=\"rt-label rt-prefix\">\u23f0 lettura <\/span> <span class=\"rt-time\"> &lt; 1<\/span> <span class=\"rt-label rt-postfix\">min. <\/p>\n<p><\/span><\/span>Art Tour a cura di BIANCOSCURO &#8211; Walkthrough &amp; Highlights &#8211; 4K BIANCOSCURO vi porta in un ART TOUR alla scoperta di MEGA ART FAIR 2025 a Milano, dal 2 al 6 aprile via Orobia 26. Guardate il video fino in fondo per vedere opere d&#8217;arte fuori dagli schemi e gallerie intraprendenti e innovative. #MegaArtFair&hellip;&nbsp;<a href=\"https:\/\/www.biancoscuro.it\/site\/mega-art-fair-2025-milano\/\" rel=\"bookmark\">Leggi tutto &raquo;<span class=\"screen-reader-text\">MEGA Art Fair 2025 Milano [VIDEO]<\/span><\/a><\/p>\n","protected":false},"author":1,"featured_media":18360,"comment_status":"closed","ping_status":"closed","sticky":false,"template":"","format":"standard","meta":{"neve_meta_sidebar":"","neve_meta_container":"","neve_meta_enable_content_width":"","neve_meta_content_width":0,"neve_meta_title_alignment":"","neve_meta_author_avatar":"","neve_post_elements_order":"","neve_meta_disable_header":"","neve_meta_disable_footer":"","neve_meta_disable_title":"","advanced_seo_description":"","jetpack_seo_html_title":"","jetpack_seo_noindex":false,"footnotes":""},"categories":[5],"tags":[449,185,2655,464,2050],"class_list":["post-18359","post","type-post","status-publish","format-standard","has-post-thumbnail","hentry","category-arte","tag-arte","tag-biancoscuro-art-magazine","tag-meg-art-fair","tag-milano","tag-milano-art-week"],"jetpack_featured_media_url":"https:\/\/www.biancoscuro.it\/site\/wp-content\/uploads\/2025\/04\/Copertina_megaartfair_2025_Art-Tour_BIANCOSCURO_Walktrough-sobria1.jpg","jetpack_sharing_enabled":true,"jetpack-related-posts":[{"id":18506,"url":"https:\/\/www.biancoscuro.it\/site\/milano-scultura-2025-art-tour-video\/","url_meta":{"origin":18359,"position":0},"title":"MILANO SCULTURA 2025 Art Tour [VIDEO]","author":"Redazione BIANCOSCURO","date":"24 Maggio 2025","format":false,"excerpt":"Immersione Digitale nell'Eccellenza Plastica Contemporanea attraverso l'Obiettivo di BIANCOSCURO Nel panorama effervescente dell'arte contemporanea, Milano Scultura 2025 si conferma appuntamento imprescindibile per tastare il polso della creativit\u00e0 tridimensionale. Quest'anno, la storica cornice di Villa Bagatti Valsecchi a Varedo si \u00e8 nuovamente trasformata in un palcoscenico d'elezione per le pi\u00f9 recenti\u2026","rel":"","context":"In &quot;arte&quot;","block_context":{"text":"arte","link":"https:\/\/www.biancoscuro.it\/site\/category\/arte\/"},"img":{"alt_text":"","src":"https:\/\/i0.wp.com\/www.biancoscuro.it\/site\/wp-content\/uploads\/2025\/05\/Milano-Scultura-Art-Fair-2025-Art-Tour-a-cura-di-BIANCOSCURO-Walkthrough-Highlights-4blow.jpg?resize=350%2C200&ssl=1","width":350,"height":200,"srcset":"https:\/\/i0.wp.com\/www.biancoscuro.it\/site\/wp-content\/uploads\/2025\/05\/Milano-Scultura-Art-Fair-2025-Art-Tour-a-cura-di-BIANCOSCURO-Walkthrough-Highlights-4blow.jpg?resize=350%2C200&ssl=1 1x, https:\/\/i0.wp.com\/www.biancoscuro.it\/site\/wp-content\/uploads\/2025\/05\/Milano-Scultura-Art-Fair-2025-Art-Tour-a-cura-di-BIANCOSCURO-Walkthrough-Highlights-4blow.jpg?resize=525%2C300&ssl=1 1.5x, https:\/\/i0.wp.com\/www.biancoscuro.it\/site\/wp-content\/uploads\/2025\/05\/Milano-Scultura-Art-Fair-2025-Art-Tour-a-cura-di-BIANCOSCURO-Walkthrough-Highlights-4blow.jpg?resize=700%2C400&ssl=1 2x"},"classes":[]},{"id":18470,"url":"https:\/\/www.biancoscuro.it\/site\/art3f-milano-2025-art-tour-video\/","url_meta":{"origin":18359,"position":1},"title":"Art3F Milano 2025 Art Tour [VIDEO]","author":"Redazione BIANCOSCURO","date":"6 Maggio 2025","format":false,"excerpt":"Art3F Milano 2025 - Art Tour a cura di BIANCOSCURO - Walkthrough & Highlights - 4K BIANCOSCURO vi porta in un ART TOUR alla scoperta di Art3F Milano 2025 ospitata negli spazi suggestivi del Parco Esposizioni Novegro - Milano. \ud83d\ude0e SUPPORTA IL CANALE: Entra nel Club \u202a@biancoscuro\u202c","rel":"","context":"In &quot;arte&quot;","block_context":{"text":"arte","link":"https:\/\/www.biancoscuro.it\/site\/category\/arte\/"},"img":{"alt_text":"","src":"https:\/\/i0.wp.com\/www.biancoscuro.it\/site\/wp-content\/uploads\/2025\/05\/Copertina_ART3F-MILANO_2025_Art-Tour_BIANCOSCURO_WalktroughV1LOW.jpg?resize=350%2C200&ssl=1","width":350,"height":200,"srcset":"https:\/\/i0.wp.com\/www.biancoscuro.it\/site\/wp-content\/uploads\/2025\/05\/Copertina_ART3F-MILANO_2025_Art-Tour_BIANCOSCURO_WalktroughV1LOW.jpg?resize=350%2C200&ssl=1 1x, https:\/\/i0.wp.com\/www.biancoscuro.it\/site\/wp-content\/uploads\/2025\/05\/Copertina_ART3F-MILANO_2025_Art-Tour_BIANCOSCURO_WalktroughV1LOW.jpg?resize=525%2C300&ssl=1 1.5x, https:\/\/i0.wp.com\/www.biancoscuro.it\/site\/wp-content\/uploads\/2025\/05\/Copertina_ART3F-MILANO_2025_Art-Tour_BIANCOSCURO_WalktroughV1LOW.jpg?resize=700%2C400&ssl=1 2x"},"classes":[]},{"id":911,"url":"https:\/\/www.biancoscuro.it\/site\/arteecologia-step-art-fair-milano-dal-28-al-30-marzo\/","url_meta":{"origin":18359,"position":2},"title":"ARTE&#038;ECOLOGIA: Step Art Fair MILANO dal 28 al 30 marzo","author":"Redazione BIANCOSCURO","date":"17 Marzo 2014","format":false,"excerpt":"Un palcoscenico di 1.600 mq, per scoprire\u00a0i talenti emergenti dell\u2019arte e\u00a0non solo. Oltre 20.000 visitatori in quattro\u00a0anni, Step Art Fair si conferma\u00a0anello di congiunzione tra mostre, performance, video-arte ed eventi speciali. L\u2019edizione 2014 \u00e8 caratterizzata da\u00a0una propria identit\u00e0, orientata al contemporaneo\u00a0emergente, privilegiando le proposte relative ad artisti\u00a0giovani.\u00a0Step Art Fair porr\u00e0\u2026","rel":"","context":"In &quot;arte&quot;","block_context":{"text":"arte","link":"https:\/\/www.biancoscuro.it\/site\/category\/arte\/"},"img":{"alt_text":"sste art fair @ liberementi agenzia di comunicazione per biancoscuro rivista d'arte","src":"https:\/\/i0.wp.com\/www.liberementi.it\/images\/200x133_stepartfair.gif?resize=350%2C200","width":350,"height":200},"classes":[]},{"id":18353,"url":"https:\/\/www.biancoscuro.it\/site\/miart-2025-vip-preview\/","url_meta":{"origin":18359,"position":3},"title":"miart 2025 Vip Preview [VIDEO]","author":"Redazione BIANCOSCURO","date":"6 Aprile 2025","format":false,"excerpt":"miart 2025 Vip Preview - Art Tour a cura di BIANCOSCURO - Walkthrough & Highlights - 4K https:\/\/www.youtube.com\/watch?v=wGrax0dyDDY&list=PLZebC_Dj3MK6jcZgRaq3GhldGWO0kUZH5&index=1&t=557s BIANCOSCURO vi porta in un ART TOUR alla scoperta del miart 2025, dal 4 al 6 aprile (VIP preview il 3 aprile) all'Allianz MiCo Central in viale Scarampo, Milano. Guardate il video\u2026","rel":"","context":"In &quot;arte&quot;","block_context":{"text":"arte","link":"https:\/\/www.biancoscuro.it\/site\/category\/arte\/"},"img":{"alt_text":"","src":"https:\/\/i0.wp.com\/www.biancoscuro.it\/site\/wp-content\/uploads\/2025\/04\/Copertina_miart_2025_Art-Tour_BIANCOSCURO_Walktrough-sobria.jpg?resize=350%2C200&ssl=1","width":350,"height":200,"srcset":"https:\/\/i0.wp.com\/www.biancoscuro.it\/site\/wp-content\/uploads\/2025\/04\/Copertina_miart_2025_Art-Tour_BIANCOSCURO_Walktrough-sobria.jpg?resize=350%2C200&ssl=1 1x, https:\/\/i0.wp.com\/www.biancoscuro.it\/site\/wp-content\/uploads\/2025\/04\/Copertina_miart_2025_Art-Tour_BIANCOSCURO_Walktrough-sobria.jpg?resize=525%2C300&ssl=1 1.5x"},"classes":[]},{"id":982,"url":"https:\/\/www.biancoscuro.it\/site\/step-art-fair-online-il-catalogo-ufficiale\/","url_meta":{"origin":18359,"position":4},"title":"Step Art Fair, online il catalogo ufficiale!","author":"Redazione BIANCOSCURO","date":"24 Marzo 2014","format":false,"excerpt":"\u00c8 online sul sito\u00a0il catalogo ufficiale di di Step Art Fair 2014, dal 28 al 30 marzo 2014, alla Fabbrica del Vapore di Milano (via Giulio Procaccini 4).\u00a0Biancoscuro Art Magazine in qualit\u00e0 di media partner sar\u00e0 presente con il suo spazio editoriale. \u00c8 possibile sfogliare online il catalogo all'indirizzo\u00a0http:\/\/www.stepartfair.com\/catalogo.html STEP\u2026","rel":"","context":"In &quot;arte&quot;","block_context":{"text":"arte","link":"https:\/\/www.biancoscuro.it\/site\/category\/arte\/"},"img":{"alt_text":"sste art fair @ liberementi agenzia di comunicazione per biancoscuro rivista d'arte","src":"https:\/\/i0.wp.com\/www.liberementi.it\/images\/200x133_stepartfair.gif?resize=350%2C200","width":350,"height":200},"classes":[]},{"id":835,"url":"https:\/\/www.biancoscuro.it\/site\/biancoscuro-allinaugurazione-di-affordable-art-fair-2014\/","url_meta":{"origin":18359,"position":5},"title":"Biancoscuro all&#8217;inaugurazione di Affordable Art Fair 2014","author":"Redazione BIANCOSCURO","date":"4 Marzo 2014","format":false,"excerpt":"Biancoscuro sar\u00e0 presente domani alla quarta edizione di Affordable Art Fair, nei consueti spazi di Superstudio Pi\u00f9, in via Tortona a Milano. Dal 6 al 9 Marzo art lovers e collezionisti potranno scoprire opere dai prezzi adatti ad ogni budget e centinaia di artisti, noti ed emergenti. Gallerie provenienti non\u2026","rel":"","context":"In &quot;arte&quot;","block_context":{"text":"arte","link":"https:\/\/www.biancoscuro.it\/site\/category\/arte\/"},"img":{"alt_text":"biancoscuro art magazine affordable art fair milano","src":"https:\/\/i0.wp.com\/www.biancoscuro.it\/site\/wp-content\/uploads\/2014\/03\/image001-1.jpg?resize=350%2C200","width":350,"height":200,"srcset":"https:\/\/i0.wp.com\/www.biancoscuro.it\/site\/wp-content\/uploads\/2014\/03\/image001-1.jpg?resize=350%2C200 1x, https:\/\/i0.wp.com\/www.biancoscuro.it\/site\/wp-content\/uploads\/2014\/03\/image001-1.jpg?resize=525%2C300 1.5x"},"classes":[]}],"_links":{"self":[{"href":"https:\/\/www.biancoscuro.it\/site\/wp-json\/wp\/v2\/posts\/18359","targetHints":{"allow":["GET"]}}],"collection":[{"href":"https:\/\/www.biancoscuro.it\/site\/wp-json\/wp\/v2\/posts"}],"about":[{"href":"https:\/\/www.biancoscuro.it\/site\/wp-json\/wp\/v2\/types\/post"}],"author":[{"embeddable":true,"href":"https:\/\/www.biancoscuro.it\/site\/wp-json\/wp\/v2\/users\/1"}],"replies":[{"embeddable":true,"href":"https:\/\/www.biancoscuro.it\/site\/wp-json\/wp\/v2\/comments?post=18359"}],"version-history":[{"count":2,"href":"https:\/\/www.biancoscuro.it\/site\/wp-json\/wp\/v2\/posts\/18359\/revisions"}],"predecessor-version":[{"id":18377,"href":"https:\/\/www.biancoscuro.it\/site\/wp-json\/wp\/v2\/posts\/18359\/revisions\/18377"}],"wp:featuredmedia":[{"embeddable":true,"href":"https:\/\/www.biancoscuro.it\/site\/wp-json\/wp\/v2\/media\/18360"}],"wp:attachment":[{"href":"https:\/\/www.biancoscuro.it\/site\/wp-json\/wp\/v2\/media?parent=18359"}],"wp:term":[{"taxonomy":"category","embeddable":true,"href":"https:\/\/www.biancoscuro.it\/site\/wp-json\/wp\/v2\/categories?post=18359"},{"taxonomy":"post_tag","embeddable":true,"href":"https:\/\/www.biancoscuro.it\/site\/wp-json\/wp\/v2\/tags?post=18359"}],"curies":[{"name":"wp","href":"https:\/\/api.w.org\/{rel}","templated":true}]}}