{"id":18432,"date":"2025-05-06T11:44:51","date_gmt":"2025-05-06T09:44:51","guid":{"rendered":"https:\/\/www.biancoscuro.it\/site\/?p=18432"},"modified":"2025-05-06T18:13:45","modified_gmt":"2025-05-06T16:13:45","slug":"architetture-e-visioni-il-racconto-fotografico-lungo-trentanni-di-alberto-lagomaggiore-a-villa-ghirlanda","status":"publish","type":"post","link":"https:\/\/www.biancoscuro.it\/site\/architetture-e-visioni-il-racconto-fotografico-lungo-trentanni-di-alberto-lagomaggiore-a-villa-ghirlanda\/","title":{"rendered":"Architetture e visioni"},"content":{"rendered":"<span class=\"span-reading-time rt-reading-time\" style=\"display: block;\"><span class=\"rt-label rt-prefix\">\u23f0 lettura <\/span> <span class=\"rt-time\"> 4<\/span> <span class=\"rt-label rt-postfix\">min. <br><br><\/span><\/span>\n<h2 class=\"wp-block-heading\">Il racconto fotografico lungo trent\u2019anni di Alberto Lagomaggiore\u00a0A VILLA GHIRLANDA<\/h2>\n\n\n\n<p><strong>Sabato 17 maggio alle ore 16 inaugura nelle sale di Villa Ghirlanda a Cinisello Balsamo (MI) la mostra personale di Alberto Lagomaggiore \u201cFotografie di architettura 1994-2024\u201d, a cura di Maria Fratelli e Giorgio Olivero, che ripercorre trent\u2019anni di fotografia d\u2019architettura del noto fotografo, allievo di Gabriele Basilico, offrendo uno sguardo approfondito sull\u2019evoluzione nel tempo del suo lavoro.<\/strong><\/p>\n\n\n\n<p><strong>Un centinaio le fotografie in mostra<\/strong>, tra <strong>bianco e nero e colore<\/strong>, realizzate da Lagomaggiore perlopi\u00f9 con <strong>fotocamera analogica di grande formato<\/strong>, a partire <strong>dalla met\u00e0 degli anni Novanta sino ad oggi<\/strong>. <\/p>\n\n\n\n<p>Un percorso espositivo cronologico che parte dalle <strong>prime campagne fotografiche <\/strong>come quella realizzata nel 1994 dedicata alla<strong> valle post-industriale del fiume Polcevera a Genova<\/strong> e le <strong>prime immagini per i volumi dedicati alla Toscana<\/strong>. E ancora, le immagini dell\u2019approfondito <strong>censimento fotografico in grande formato di archeologia industriale realizzato a Milano<\/strong> a partire dal 1994, raccolte poi nei volumi <em>Il Sogno del Moderno: Architettura e produzione a Milano tra le due guerre\u201d <\/em>(Edifir, 1994) e <em>La Fortuna del Moderno. Architettura della produzione e dei servizi in area milanese negli anni venti e trenta<\/em> (Edifir, 1997), fino alla <strong>campagna fotografica condotta su incarico dell\u2019Autorit\u00e0 portuale di Genova sull\u2019intera area del porto civile e industriale<\/strong>.                     A queste immagini, che costituiscono il nucleo fondante dell\u2019archivio di <strong>Lagomaggiore, diretto <em>testimone visivo<\/em> delle profonde trasformazioni urbanistiche che hanno interessato grandi citt\u00e0 come Milano e Genova<\/strong>, si aggiungono i<strong> lavori, realizzati a partire dalla fine degli anni Novanta, per riviste e cataloghi di note aziende del settore del design industriale tra cui Cappellini, Driade, Castaldi Lighting <\/strong>e altre. In questo caso non si tratta di tradizionali <em>still-life <\/em>ma <strong>sperimentazioni creative e giochi fotografici<\/strong> che trasformano e trasfigurano il puro oggetto di design in immagine quasi astratta.<\/p>\n\n\n\n<p><strong>Una sezione della mostra \u00e8 dedicata alle fotografie, inedite e non ancora mai pubblicate, del cantiere di restauro del 2004 di Villa Belgiojoso Bonaparte (Villa Reale) in via Palestro a Milano<\/strong>, uno dei principali monumenti del Neoclassicismo milanese, sede della Galleria d&#8217;Arte Moderna. Una galleria di <strong>immagini suggestive e ricche di fascino che, attraverso uno sguardo inconsueto e originale, si muovono tra spazi architettonici e opere d\u2019arte.&nbsp;<\/strong><\/p>\n\n\n\n<p>Completano l\u2019excursus sull\u2019attivit\u00e0 trentennale di Lagomaggiore <strong>le immagini di ricerca personale dedicate all\u2019edilizia \u201cminore\u201d, spesso non vincolata e degradata<\/strong>, come la serie &#8211; realizzata con l\u2019utilizzo della <strong>fotocamera a banco ottico 10&#215;12<\/strong> (e successiva digitalizzazione delle pellicole di grande formato) &#8211; dedicata alle <strong>Cascine di Milano<\/strong>, significativi manufatti edili <strong><em>cerniere<\/em> tra il tessuto urbano e la campagna circostante<\/strong>, ed anche agli <strong>edifici testimoni della trasformazione delle citt\u00e0<\/strong>, come la serie di immagini sui <strong>Cantieri di Milano<\/strong>.<\/p>\n\n\n\n<p><strong>A conclusione della mostra<\/strong> vengono presentati i <strong>due recenti lavori \u201cCuneo Zone di Confine\u201d e \u201cMILANO OVER\u201d<\/strong>, entrambi del 2020, confluiti in due volumi fotografici pubblicati rispettivamente nel 2021 e nel 2022, <strong>dove emergono tutti gli elementi delle principali tematiche indagate negli anni da Lagomaggiore come l\u2019analisi urbanistica delle citt\u00e0, il racconto del tessuto urbano nelle sue varie declinazioni di edilizia abitativa e industriale, la dettagliata indagine delle trasformazioni dello spazio proiettato dalle architetture.<\/strong><\/p>\n\n\n\n<p><strong>Alberto Lagomaggiore<\/strong> (Genova, 1964) alterna la sua attivit\u00e0 di fotografo professionista &#8211; tra <strong>progetti di analisi fotografica del territorio, pubblicazioni di libri e collaborazioni con editori e riviste, incarichi di campagne fotografiche da parte enti pubblici e privati<\/strong> &#8211; alla <strong>docenza di Linguaggio fotografico<\/strong>.&nbsp;Con le sue campagne fotografiche ha corredato i testi di circa quaranta volumi di architettura e beni culturali pubblicati dai pi\u00f9 importanti editori quali <strong>Skira, Silvana Editoriale, Scheiwiller, Mondadori, Pacini, Amilcare Pizzi Arti Grafiche<\/strong> e illustrato numerosi articoli di riviste di settore specializzate come <strong>\u201cArea\u201d, \u201cD\u2019Architettura\u201d<\/strong>.<\/p>\n\n\n\n<p><strong>Un fondo di 25 fotografie dell&#8217;autore dedicate a Villa Ghirlanda \u00e8 conservato nelle collezioni del Museo di Fotografia Contemporanea MuFoCo<\/strong>.<\/p>\n\n\n\n<pre class=\"wp-block-preformatted\"><strong>INFO<\/strong>\n\n<strong>Alberto Lagomaggiore Fotografie di architettura 1994-2024<\/strong>\n<strong>Villa Ghirlanda Silva<\/strong>,<strong> Cinisello Balsamo (MI)<\/strong> via Frova 10\n<strong>dal 17 maggio all\u20198 giugno 2025<\/strong>\n\n<strong><em>INAUGURAZIONE SABATO 17 MAGGIO ORE 16<\/em><\/strong>\n\nOrari: da marted\u00ec a sabato: 15:00 - 18:30 I domenica: 10:00 - 12:30 \/ 14:30 - 18:30 (ultimo ingresso 15 minuti prima dell\u2019orario di chiusura)\n\nInfo: tel. 02 66023813\u00a0I cultura@comune.cinisello-balsamo.mi.it\n\n<strong>Ingresso libero e gratuito<\/strong>\n\n<strong>https:\/\/albertolagomaggior.wixsite.com\/alberto-lagomaggiore<\/strong>\n\nLa mostra \u00e8 a cura di: <strong>Comune di Cinisello Balsamo<\/strong> e <strong>ReGiS<\/strong> (Rete dei Giardini Storici).<\/pre>\n\n\n\n<figure class=\"wp-block-gallery has-nested-images columns-default is-cropped wp-block-gallery-1 is-layout-flex wp-block-gallery-is-layout-flex\">\n<figure class=\"wp-block-image size-large\"><img loading=\"lazy\" decoding=\"async\" width=\"666\" height=\"539\" data-id=\"18433\" src=\"https:\/\/www.biancoscuro.it\/site\/wp-content\/uploads\/2025\/05\/7-Porto-di-Genova-1995-\u00a9-Alberto-Lagomaggiore.jpg\" alt=\"\" class=\"wp-image-18433\" srcset=\"https:\/\/www.biancoscuro.it\/site\/wp-content\/uploads\/2025\/05\/7-Porto-di-Genova-1995-\u00a9-Alberto-Lagomaggiore.jpg 666w, https:\/\/www.biancoscuro.it\/site\/wp-content\/uploads\/2025\/05\/7-Porto-di-Genova-1995-\u00a9-Alberto-Lagomaggiore-300x243.jpg 300w\" sizes=\"auto, (max-width: 666px) 100vw, 666px\" \/><figcaption class=\"wp-element-caption\">Porto di Genova (1995)&nbsp;<br \/>&nbsp;&nbsp;&nbsp;&nbsp;stampa inkjet da negativo 10&#215;12, \u00a9 Alberto Lagomaggiore<br \/><\/figcaption><\/figure>\n<\/figure>\n\n\n\n<figure class=\"wp-block-gallery has-nested-images columns-default is-cropped wp-block-gallery-2 is-layout-flex wp-block-gallery-is-layout-flex\">\n<figure class=\"wp-block-image size-large\"><img loading=\"lazy\" decoding=\"async\" width=\"486\" height=\"486\" data-id=\"18434\" src=\"https:\/\/www.biancoscuro.it\/site\/wp-content\/uploads\/2025\/05\/19-Edificio-ghiaia-Valfurva-2018-\u00a9-Alberto-Lagomaggiore.jpg\" alt=\"\" class=\"wp-image-18434\" srcset=\"https:\/\/www.biancoscuro.it\/site\/wp-content\/uploads\/2025\/05\/19-Edificio-ghiaia-Valfurva-2018-\u00a9-Alberto-Lagomaggiore.jpg 486w, https:\/\/www.biancoscuro.it\/site\/wp-content\/uploads\/2025\/05\/19-Edificio-ghiaia-Valfurva-2018-\u00a9-Alberto-Lagomaggiore-300x300.jpg 300w, https:\/\/www.biancoscuro.it\/site\/wp-content\/uploads\/2025\/05\/19-Edificio-ghiaia-Valfurva-2018-\u00a9-Alberto-Lagomaggiore-150x150.jpg 150w\" sizes=\"auto, (max-width: 486px) 100vw, 486px\" \/><figcaption class=\"wp-element-caption\">Edificio per il trattamento della ghiaia in Valfurva (2018)&nbsp;<br \/>&nbsp;&nbsp;&nbsp;&nbsp;&nbsp;&nbsp;studio prospettico fotografia digitale, stampa inkjet, \u00a9 Alberto Lagomaggiore<br \/><\/figcaption><\/figure>\n<\/figure>\n\n\n\n<figure class=\"wp-block-gallery has-nested-images columns-default is-cropped wp-block-gallery-3 is-layout-flex wp-block-gallery-is-layout-flex\">\n<figure class=\"wp-block-image size-large\"><img loading=\"lazy\" decoding=\"async\" width=\"486\" height=\"379\" data-id=\"18435\" src=\"https:\/\/www.biancoscuro.it\/site\/wp-content\/uploads\/2025\/05\/14-Cascina-San-Giuseppe-Milano-2013-\u00a9-Alberto-Lagomaggiore.jpg\" alt=\"\" class=\"wp-image-18435\" srcset=\"https:\/\/www.biancoscuro.it\/site\/wp-content\/uploads\/2025\/05\/14-Cascina-San-Giuseppe-Milano-2013-\u00a9-Alberto-Lagomaggiore.jpg 486w, https:\/\/www.biancoscuro.it\/site\/wp-content\/uploads\/2025\/05\/14-Cascina-San-Giuseppe-Milano-2013-\u00a9-Alberto-Lagomaggiore-300x234.jpg 300w\" sizes=\"auto, (max-width: 486px) 100vw, 486px\" \/><figcaption class=\"wp-element-caption\">Cascina San Giuseppe, Milano, <em>Cascine di Milano<\/em> (2013)&nbsp;<br \/>&nbsp;&nbsp;&nbsp;&nbsp;&nbsp;&nbsp;stampa inkjet da negativo 10&#215;12, \u00a9 Alberto Lagomaggiore<br \/><\/figcaption><\/figure>\n<\/figure>\n\n\n\n<figure class=\"wp-block-gallery has-nested-images columns-default is-cropped wp-block-gallery-4 is-layout-flex wp-block-gallery-is-layout-flex\">\n<figure class=\"wp-block-image size-large\"><img loading=\"lazy\" decoding=\"async\" width=\"508\" height=\"519\" data-id=\"18436\" src=\"https:\/\/www.biancoscuro.it\/site\/wp-content\/uploads\/2025\/05\/9-Villa-Belgiojoso-Bonaparte-Milano-2004-\u00a9-Alberto-Lagomaggiore.jpg\" alt=\"\" class=\"wp-image-18436\" srcset=\"https:\/\/www.biancoscuro.it\/site\/wp-content\/uploads\/2025\/05\/9-Villa-Belgiojoso-Bonaparte-Milano-2004-\u00a9-Alberto-Lagomaggiore.jpg 508w, https:\/\/www.biancoscuro.it\/site\/wp-content\/uploads\/2025\/05\/9-Villa-Belgiojoso-Bonaparte-Milano-2004-\u00a9-Alberto-Lagomaggiore-294x300.jpg 294w\" sizes=\"auto, (max-width: 508px) 100vw, 508px\" \/><figcaption class=\"wp-element-caption\">&nbsp;Villa Belgiojoso Bonaparte, Milano, cantiere di restauro (2004)&nbsp;<br \/>&nbsp;&nbsp;&nbsp;&nbsp;negativo 6&#215;6, stampa alla gelatina di bromuro d\u2019argento, \u00a9 Alberto Lagomaggiore<br \/><\/figcaption><\/figure>\n<\/figure>\n\n\n\n<figure class=\"wp-block-gallery has-nested-images columns-default is-cropped wp-block-gallery-5 is-layout-flex wp-block-gallery-is-layout-flex\">\n<figure class=\"wp-block-image size-large\"><img loading=\"lazy\" decoding=\"async\" width=\"680\" height=\"1024\" data-id=\"18437\" src=\"https:\/\/www.biancoscuro.it\/site\/wp-content\/uploads\/2025\/05\/12-Poltrona-Apple-rivista-Area-2005-\u00a9-Alberto-Lagomaggiore-680x1024.jpg\" alt=\"\" class=\"wp-image-18437\" srcset=\"https:\/\/www.biancoscuro.it\/site\/wp-content\/uploads\/2025\/05\/12-Poltrona-Apple-rivista-Area-2005-\u00a9-Alberto-Lagomaggiore-680x1024.jpg 680w, https:\/\/www.biancoscuro.it\/site\/wp-content\/uploads\/2025\/05\/12-Poltrona-Apple-rivista-Area-2005-\u00a9-Alberto-Lagomaggiore-199x300.jpg 199w, https:\/\/www.biancoscuro.it\/site\/wp-content\/uploads\/2025\/05\/12-Poltrona-Apple-rivista-Area-2005-\u00a9-Alberto-Lagomaggiore-768x1156.jpg 768w, https:\/\/www.biancoscuro.it\/site\/wp-content\/uploads\/2025\/05\/12-Poltrona-Apple-rivista-Area-2005-\u00a9-Alberto-Lagomaggiore-1021x1536.jpg 1021w, https:\/\/www.biancoscuro.it\/site\/wp-content\/uploads\/2025\/05\/12-Poltrona-Apple-rivista-Area-2005-\u00a9-Alberto-Lagomaggiore.jpg 1196w\" sizes=\"auto, (max-width: 680px) 100vw, 680px\" \/><figcaption class=\"wp-element-caption\">Poltrona <em>Apple<\/em>, rivista \u201cAREA\u201d (2005)&nbsp;<br \/>&nbsp;&nbsp;&nbsp;&nbsp;&nbsp;&nbsp;fotografia digitale, stampa inkjet, \u00a9 Alberto Lagomaggiore<br \/><\/figcaption><\/figure>\n<\/figure>\n\n\n\n<figure class=\"wp-block-gallery has-nested-images columns-default is-cropped wp-block-gallery-6 is-layout-flex wp-block-gallery-is-layout-flex\">\n<figure class=\"wp-block-image size-large\"><img loading=\"lazy\" decoding=\"async\" width=\"1024\" height=\"808\" data-id=\"18438\" src=\"https:\/\/www.biancoscuro.it\/site\/wp-content\/uploads\/2025\/05\/16-Stazione-Garibaldi-Milano-2015-\u00a9-Alberto-Lagomaggiore-1024x808.jpg\" alt=\"\" class=\"wp-image-18438\" srcset=\"https:\/\/www.biancoscuro.it\/site\/wp-content\/uploads\/2025\/05\/16-Stazione-Garibaldi-Milano-2015-\u00a9-Alberto-Lagomaggiore-1024x808.jpg 1024w, https:\/\/www.biancoscuro.it\/site\/wp-content\/uploads\/2025\/05\/16-Stazione-Garibaldi-Milano-2015-\u00a9-Alberto-Lagomaggiore-300x237.jpg 300w, https:\/\/www.biancoscuro.it\/site\/wp-content\/uploads\/2025\/05\/16-Stazione-Garibaldi-Milano-2015-\u00a9-Alberto-Lagomaggiore-768x606.jpg 768w, https:\/\/www.biancoscuro.it\/site\/wp-content\/uploads\/2025\/05\/16-Stazione-Garibaldi-Milano-2015-\u00a9-Alberto-Lagomaggiore-1536x1212.jpg 1536w, https:\/\/www.biancoscuro.it\/site\/wp-content\/uploads\/2025\/05\/16-Stazione-Garibaldi-Milano-2015-\u00a9-Alberto-Lagomaggiore-1320x1041.jpg 1320w, https:\/\/www.biancoscuro.it\/site\/wp-content\/uploads\/2025\/05\/16-Stazione-Garibaldi-Milano-2015-\u00a9-Alberto-Lagomaggiore.jpg 1800w\" sizes=\"auto, (max-width: 1024px) 100vw, 1024px\" \/><figcaption class=\"wp-element-caption\">Stazione Garibaldi, <em>La Citt\u00e0 immaginat<\/em>a (2015)<br \/>&nbsp;&nbsp;&nbsp;&nbsp;&nbsp;&nbsp;stampa inkjet da negativo 10&#215;12, \u00a9 Alberto Lagomaggiore<br \/><\/figcaption><\/figure>\n<\/figure>\n","protected":false},"excerpt":{"rendered":"<p><span class=\"span-reading-time rt-reading-time\" style=\"display: block;\"><span class=\"rt-label rt-prefix\">\u23f0 lettura <\/span> <span class=\"rt-time\"> 4<\/span> <span class=\"rt-label rt-postfix\">min. <\/p>\n<p><\/span><\/span>Il racconto fotografico lungo trent\u2019anni di Alberto Lagomaggiore\u00a0A VILLA GHIRLANDA Sabato 17 maggio alle ore 16 inaugura nelle sale di Villa Ghirlanda a Cinisello Balsamo (MI) la mostra personale di Alberto Lagomaggiore \u201cFotografie di architettura 1994-2024\u201d, a cura di Maria Fratelli e Giorgio Olivero, che ripercorre trent\u2019anni di fotografia d\u2019architettura del noto fotografo, allievo di&hellip;&nbsp;<a href=\"https:\/\/www.biancoscuro.it\/site\/architetture-e-visioni-il-racconto-fotografico-lungo-trentanni-di-alberto-lagomaggiore-a-villa-ghirlanda\/\" rel=\"bookmark\">Leggi tutto &raquo;<span class=\"screen-reader-text\">Architetture e visioni<\/span><\/a><\/p>\n","protected":false},"author":917,"featured_media":18436,"comment_status":"closed","ping_status":"closed","sticky":false,"template":"","format":"standard","meta":{"neve_meta_sidebar":"","neve_meta_container":"","neve_meta_enable_content_width":"","neve_meta_content_width":0,"neve_meta_title_alignment":"","neve_meta_author_avatar":"","neve_post_elements_order":"","neve_meta_disable_header":"","neve_meta_disable_footer":"","neve_meta_disable_title":"","advanced_seo_description":"","jetpack_seo_html_title":"","jetpack_seo_noindex":false,"footnotes":""},"categories":[5],"tags":[2473,452,2669,2667,2668],"class_list":["post-18432","post","type-post","status-publish","format-standard","has-post-thumbnail","hentry","category-arte","tag-architettura","tag-fotografia","tag-mostra-fotografica","tag-paesaggio-urbano","tag-villa-ghirlanda"],"jetpack_featured_media_url":"https:\/\/www.biancoscuro.it\/site\/wp-content\/uploads\/2025\/05\/9-Villa-Belgiojoso-Bonaparte-Milano-2004-\u00a9-Alberto-Lagomaggiore.jpg","jetpack_sharing_enabled":true,"jetpack-related-posts":[{"id":11925,"url":"https:\/\/www.biancoscuro.it\/site\/flowers-fotografie-di-simonetta-rossetti\/","url_meta":{"origin":18432,"position":0},"title":"Flowers | Fotografie di Simonetta Rossetti","author":"Redazione BIANCOSCURO","date":"27 Maggio 2021","format":false,"excerpt":"Chrysanthemum, 2018, Stampa digitale, 50\u00d770 cm. Flowers, mostra personale di Simonetta Rossetti, vincitrice al BIANCOSCURO Art Contest 2020, presso la Showcases Gallery di Varese. Nuovamente in mostra opere fotografiche alla SHOWCASES GALLERY di \u00a0Varese, dal 29 maggio all'11 giugno 2021,\u00a0\u00e8 la volta di \u201c Flowers\u201d \u2013 mostra personale di Simonetta\u2026","rel":"","context":"In &quot;arte&quot;","block_context":{"text":"arte","link":"https:\/\/www.biancoscuro.it\/site\/category\/arte\/"},"img":{"alt_text":"","src":"https:\/\/i0.wp.com\/www.biancoscuro.it\/site\/wp-content\/uploads\/2021\/05\/ROSSETTI_MANIFESTO-INVITO-999.jpg?resize=350%2C200&ssl=1","width":350,"height":200,"srcset":"https:\/\/i0.wp.com\/www.biancoscuro.it\/site\/wp-content\/uploads\/2021\/05\/ROSSETTI_MANIFESTO-INVITO-999.jpg?resize=350%2C200&ssl=1 1x, https:\/\/i0.wp.com\/www.biancoscuro.it\/site\/wp-content\/uploads\/2021\/05\/ROSSETTI_MANIFESTO-INVITO-999.jpg?resize=525%2C300&ssl=1 1.5x, https:\/\/i0.wp.com\/www.biancoscuro.it\/site\/wp-content\/uploads\/2021\/05\/ROSSETTI_MANIFESTO-INVITO-999.jpg?resize=700%2C400&ssl=1 2x"},"classes":[]},{"id":7734,"url":"https:\/\/www.biancoscuro.it\/site\/la-milano-prima-di-oggi-gli-scali-ferroviari-negli-scatti-di-introini-e-radino\/","url_meta":{"origin":18432,"position":1},"title":"La Milano prima di oggi | Gli scali ferroviari negli scatti di Introini e Radino","author":"Mario Gambatesa","date":"6 Agosto 2018","format":false,"excerpt":"Milano... Una delle citt\u00e0 italiane pi\u00f9 belle, una di quelle citt\u00e0 che affascinano. Milano contagia, illude e disillude, ricarica i sentimenti; Milano \u00e8 cultura, ha la Scala, il Duomo, il risotto giallo, ma soprattutto ha gli scali ferroviari pi\u00f9 belli e di certo, i pi\u00f9 documentati. Il tema di questi\u2026","rel":"","context":"In &quot;arte&quot;","block_context":{"text":"arte","link":"https:\/\/www.biancoscuro.it\/site\/category\/arte\/"},"img":{"alt_text":"","src":"https:\/\/i0.wp.com\/www.biancoscuro.it\/site\/wp-content\/uploads\/2018\/08\/Francesco-Radino_Scalo-Porta-Romana_2018_stampa-su-carta-di-cotone_cm-67x100-2.jpg?resize=350%2C200&ssl=1","width":350,"height":200,"srcset":"https:\/\/i0.wp.com\/www.biancoscuro.it\/site\/wp-content\/uploads\/2018\/08\/Francesco-Radino_Scalo-Porta-Romana_2018_stampa-su-carta-di-cotone_cm-67x100-2.jpg?resize=350%2C200&ssl=1 1x, https:\/\/i0.wp.com\/www.biancoscuro.it\/site\/wp-content\/uploads\/2018\/08\/Francesco-Radino_Scalo-Porta-Romana_2018_stampa-su-carta-di-cotone_cm-67x100-2.jpg?resize=525%2C300&ssl=1 1.5x, https:\/\/i0.wp.com\/www.biancoscuro.it\/site\/wp-content\/uploads\/2018\/08\/Francesco-Radino_Scalo-Porta-Romana_2018_stampa-su-carta-di-cotone_cm-67x100-2.jpg?resize=700%2C400&ssl=1 2x, https:\/\/i0.wp.com\/www.biancoscuro.it\/site\/wp-content\/uploads\/2018\/08\/Francesco-Radino_Scalo-Porta-Romana_2018_stampa-su-carta-di-cotone_cm-67x100-2.jpg?resize=1050%2C600&ssl=1 3x, https:\/\/i0.wp.com\/www.biancoscuro.it\/site\/wp-content\/uploads\/2018\/08\/Francesco-Radino_Scalo-Porta-Romana_2018_stampa-su-carta-di-cotone_cm-67x100-2.jpg?resize=1400%2C800&ssl=1 4x"},"classes":[]},{"id":17208,"url":"https:\/\/www.biancoscuro.it\/site\/istanti-di-classica-mostra-fotografica-di-massimo-bottarelli-e-alberto-placidoli\/","url_meta":{"origin":18432,"position":2},"title":"Istanti di Classica","author":"Roberta Melasecca","date":"1 Maggio 2024","format":false,"excerpt":"Mostra fotografica di Massimo Bottarelli e Alberto Placidoli Domenica 12 maggio 2024 alle ore 18.00 inaugura negli spazi di Open Studio Gallery Patrizia Genovesi la Mostra Fotografica Istanti di classica: in esposizione le fotografie di Massimo Bottarelli e Alberto Placidoli con la curatela e la direzione artistica di Patrizia Genovesi.\u00a0\u2026","rel":"","context":"In &quot;fotografia&quot;","block_context":{"text":"fotografia","link":"https:\/\/www.biancoscuro.it\/site\/category\/fotografia\/"},"img":{"alt_text":"","src":"https:\/\/i0.wp.com\/www.biancoscuro.it\/site\/wp-content\/uploads\/2024\/05\/INVITO-Istanti-di-classica.jpg?resize=350%2C200&ssl=1","width":350,"height":200,"srcset":"https:\/\/i0.wp.com\/www.biancoscuro.it\/site\/wp-content\/uploads\/2024\/05\/INVITO-Istanti-di-classica.jpg?resize=350%2C200&ssl=1 1x, https:\/\/i0.wp.com\/www.biancoscuro.it\/site\/wp-content\/uploads\/2024\/05\/INVITO-Istanti-di-classica.jpg?resize=525%2C300&ssl=1 1.5x, https:\/\/i0.wp.com\/www.biancoscuro.it\/site\/wp-content\/uploads\/2024\/05\/INVITO-Istanti-di-classica.jpg?resize=700%2C400&ssl=1 2x, https:\/\/i0.wp.com\/www.biancoscuro.it\/site\/wp-content\/uploads\/2024\/05\/INVITO-Istanti-di-classica.jpg?resize=1050%2C600&ssl=1 3x, https:\/\/i0.wp.com\/www.biancoscuro.it\/site\/wp-content\/uploads\/2024\/05\/INVITO-Istanti-di-classica.jpg?resize=1400%2C800&ssl=1 4x"},"classes":[]},{"id":9003,"url":"https:\/\/www.biancoscuro.it\/site\/lost-values-personale-di-stefano-barattini\/","url_meta":{"origin":18432,"position":3},"title":"LOST VALUES | Personale di Stefano Barattini","author":"Redazione BIANCOSCURO","date":"8 Aprile 2019","format":false,"excerpt":"Escape from reality 50x70 cm 2018 In mostra una raccolta di opere fotografiche \"urbex\" alla SHOWCASES GALLERY di \u00a0Varese, dal 13 aprile al 3 maggio 2019. \u201cLost Values\u201d \u2013 mostra personale di Stefano Barattini, curata da Franco Crugnola, con catalogo curato da SGE. L\u2019esposizione, promossa da \u201cFranco Crugnola Studio Di\u2026","rel":"","context":"In &quot;arte&quot;","block_context":{"text":"arte","link":"https:\/\/www.biancoscuro.it\/site\/category\/arte\/"},"img":{"alt_text":"","src":"https:\/\/i0.wp.com\/www.biancoscuro.it\/site\/wp-content\/uploads\/2019\/04\/LOCANDINA-barattiniQUAD.jpg?resize=350%2C200&ssl=1","width":350,"height":200,"srcset":"https:\/\/i0.wp.com\/www.biancoscuro.it\/site\/wp-content\/uploads\/2019\/04\/LOCANDINA-barattiniQUAD.jpg?resize=350%2C200&ssl=1 1x, https:\/\/i0.wp.com\/www.biancoscuro.it\/site\/wp-content\/uploads\/2019\/04\/LOCANDINA-barattiniQUAD.jpg?resize=525%2C300&ssl=1 1.5x, https:\/\/i0.wp.com\/www.biancoscuro.it\/site\/wp-content\/uploads\/2019\/04\/LOCANDINA-barattiniQUAD.jpg?resize=700%2C400&ssl=1 2x, https:\/\/i0.wp.com\/www.biancoscuro.it\/site\/wp-content\/uploads\/2019\/04\/LOCANDINA-barattiniQUAD.jpg?resize=1050%2C600&ssl=1 3x, https:\/\/i0.wp.com\/www.biancoscuro.it\/site\/wp-content\/uploads\/2019\/04\/LOCANDINA-barattiniQUAD.jpg?resize=1400%2C800&ssl=1 4x"},"classes":[]},{"id":5641,"url":"https:\/\/www.biancoscuro.it\/site\/inaugurazione-mostra-fotografica-hug-the-road\/","url_meta":{"origin":18432,"position":4},"title":"&#8220;HUG THE ROAD&#8221; mostra fotografica di Federico Odello","author":"Redazione BIANCOSCURO","date":"19 Giugno 2017","format":false,"excerpt":"\"HUG THE ROAD\", la fotografia di strada sbarca a Varese Dall'8 al 28 luglio, la galleria Showcases Gallery di Varese ospita la mostra \u201cHUG THE ROAD\u201d firmata da Federico Odello, artista emergente del panorama fotografico nazionale vincitore di uno dei premi del Biancoscuro Art Contest 2016. Il fotografo milanese esplora\u2026","rel":"","context":"In &quot;arte&quot;","block_context":{"text":"arte","link":"https:\/\/www.biancoscuro.it\/site\/category\/arte\/"},"img":{"alt_text":"","src":"https:\/\/i0.wp.com\/www.biancoscuro.it\/site\/wp-content\/uploads\/2017\/06\/Invito_FedericoOdelloLL300L.jpg?resize=350%2C200&ssl=1","width":350,"height":200},"classes":[]},{"id":11028,"url":"https:\/\/www.biancoscuro.it\/site\/immagini-stenopeiche-fotografie-di-massimo-pelagagge\/","url_meta":{"origin":18432,"position":5},"title":"Immagini Stenopeiche | Fotografie di Massimo Pelagagge","author":"Redazione BIANCOSCURO","date":"18 Settembre 2020","format":false,"excerpt":"Immagini Stenopeiche, mostra personale di Massimo Pelagagge, vincitore del BAC 2019 (BIANCOSCURO Art Contest), presso la Showcases Gallery di Varese. Showcases Gallery \u00e8 lieta di esporre in questa nuova mostra \u201cIMMAGINI STENOPEICHE\u201d le opere del fotografo Massimo Pelagagge, vincitore del BAC'19 (Biancoscuro Art Contest 2019), fotografo che da anni conduce\u2026","rel":"","context":"In &quot;arte&quot;","block_context":{"text":"arte","link":"https:\/\/www.biancoscuro.it\/site\/category\/arte\/"},"img":{"alt_text":"","src":"https:\/\/i0.wp.com\/www.biancoscuro.it\/site\/wp-content\/uploads\/2020\/09\/showcases-gallery-varese-photo-massimo-pelagagge_LOW.jpg?resize=350%2C200&ssl=1","width":350,"height":200,"srcset":"https:\/\/i0.wp.com\/www.biancoscuro.it\/site\/wp-content\/uploads\/2020\/09\/showcases-gallery-varese-photo-massimo-pelagagge_LOW.jpg?resize=350%2C200&ssl=1 1x, https:\/\/i0.wp.com\/www.biancoscuro.it\/site\/wp-content\/uploads\/2020\/09\/showcases-gallery-varese-photo-massimo-pelagagge_LOW.jpg?resize=525%2C300&ssl=1 1.5x, https:\/\/i0.wp.com\/www.biancoscuro.it\/site\/wp-content\/uploads\/2020\/09\/showcases-gallery-varese-photo-massimo-pelagagge_LOW.jpg?resize=700%2C400&ssl=1 2x"},"classes":[]}],"_links":{"self":[{"href":"https:\/\/www.biancoscuro.it\/site\/wp-json\/wp\/v2\/posts\/18432","targetHints":{"allow":["GET"]}}],"collection":[{"href":"https:\/\/www.biancoscuro.it\/site\/wp-json\/wp\/v2\/posts"}],"about":[{"href":"https:\/\/www.biancoscuro.it\/site\/wp-json\/wp\/v2\/types\/post"}],"author":[{"embeddable":true,"href":"https:\/\/www.biancoscuro.it\/site\/wp-json\/wp\/v2\/users\/917"}],"replies":[{"embeddable":true,"href":"https:\/\/www.biancoscuro.it\/site\/wp-json\/wp\/v2\/comments?post=18432"}],"version-history":[{"count":4,"href":"https:\/\/www.biancoscuro.it\/site\/wp-json\/wp\/v2\/posts\/18432\/revisions"}],"predecessor-version":[{"id":18461,"href":"https:\/\/www.biancoscuro.it\/site\/wp-json\/wp\/v2\/posts\/18432\/revisions\/18461"}],"wp:featuredmedia":[{"embeddable":true,"href":"https:\/\/www.biancoscuro.it\/site\/wp-json\/wp\/v2\/media\/18436"}],"wp:attachment":[{"href":"https:\/\/www.biancoscuro.it\/site\/wp-json\/wp\/v2\/media?parent=18432"}],"wp:term":[{"taxonomy":"category","embeddable":true,"href":"https:\/\/www.biancoscuro.it\/site\/wp-json\/wp\/v2\/categories?post=18432"},{"taxonomy":"post_tag","embeddable":true,"href":"https:\/\/www.biancoscuro.it\/site\/wp-json\/wp\/v2\/tags?post=18432"}],"curies":[{"name":"wp","href":"https:\/\/api.w.org\/{rel}","templated":true}]}}