{"id":1844,"date":"2014-10-07T19:45:14","date_gmt":"2014-10-07T19:45:14","guid":{"rendered":"http:\/\/www.biancoscuro.it\/site\/?p=1844"},"modified":"2014-10-07T19:46:38","modified_gmt":"2014-10-07T19:46:38","slug":"artparma-fair-reportage-photo","status":"publish","type":"post","link":"https:\/\/www.biancoscuro.it\/site\/artparma-fair-reportage-photo\/","title":{"rendered":"ArtParma Fair [Reportage + photo]"},"content":{"rendered":"<span class=\"span-reading-time rt-reading-time\" style=\"display: block;\"><span class=\"rt-label rt-prefix\">\u23f0 lettura <\/span> <span class=\"rt-time\"> 2<\/span> <span class=\"rt-label rt-postfix\">min. <br><br><\/span><\/span><p>Si \u00e8 conclusa luned\u00ec 6 ottobre l&#8217;edizione 2014 di <strong>ArtParma Fair<\/strong>. Il contesto del quartiere fieristico di Parma, condiviso con il Mercante in Fiera, ha riportato in luce l&#8217;arte moderna e contemporanea dopo ben 7 anni di lontananza dalla scena parmigiana.<\/p>\n<p>Ufficialmente aperta agli esperti di settore ed agli invitati gi\u00e0 il venerd\u00ec sera, <strong>la manifestazione ha preso il via con l&#8217;entrata dell&#8217;On.Vittorio Sgarbi<\/strong>, critico d&#8217;arte, che sabato mattina si \u00e8 recato ad <strong>ArtParma Fair<\/strong> per visitare l&#8217;esposizione, potendo purtroppo soffermarsi poco per altri impegni artistici in Piemonte, non ha mancato di venire a salutare ArtExp\u00f2 e Biancoscuro dando uno sguardo alle opere dei nostri meritevoli artisti.<\/p>\n<p>Durante il suo discorso non ha potuto esimersi dal commentare la scelta di organizzare l&#8217;evento in concomitanza con il \u201cMercante in Fiera\u201d, scelta definita come coraggiosa, e chiedendo a gran voce di non mettere pi\u00f9 in relazione le due esposizioni, per dare un segno ancora pi\u00f9 forte della qualit\u00e0 dell&#8217;Arte Moderna e Contemporanea.<\/p>\n<div id=\"fb-root\"><\/div>\n<p><script>\/\/ < ![CDATA[\n\/\/ < ![CDATA[ (function(d, s, id) { var js, fjs = d.getElementsByTagName(s)[0]; if (d.getElementById(id)) return; js = d.createElement(s); js.id = id; js.src = \"\/\/connect.facebook.net\/it_IT\/all.js#xfbml=1\"; fjs.parentNode.insertBefore(js, fjs); }(document, 'script', 'facebook-jssdk'));\n\/\/ ]]><\/script><\/p>\n<div class=\"fb-post\" data-href=\"https:\/\/www.facebook.com\/media\/set\/?set=a.860774303941199.1073741836.684324654919499&amp;type=1\" data-width=\"466\">\n<div class=\"fb-xfbml-parse-ignore\"><a href=\"https:\/\/www.facebook.com\/media\/set\/?set=a.860774303941199.1073741836.684324654919499&amp;type=1\">Pubblicazione<\/a> di <a href=\"https:\/\/www.facebook.com\/BiancoscuroArtMagazine\">Biancoscuro<\/a>.<\/div>\n<\/div>\n<p>Fiera non affollata, ma che ha comunque portato visitatori mirati ed interessati, collezionisti ed estimatori a cui abbiamo volentieri \u201craccontato\u201d i nostri artisti, e che sicuramente continueranno a seguire quelli che pi\u00f9 li hanno interessati.<\/p>\n<p>Una mostra-mercato che ci ha portato molte soddisfazioni, in cui abbiamo riscontrato la sicurezza, l&#8217;organizzazione degli spazi espositivi e delle opere esposte delle pi\u00f9 longeve fiere del nord Europa.<\/p>\n<p><strong>Noi di Biancoscuro non siamo stati scaramantici, e abbiamo scelto lo stand n.17,<\/strong> esponendo opere di artisti molto diversi per tecniche, materiali, provenienza, cultura artistica, diversi ma assolutamente complementari fra loro:<br \/>\n<em>Olga Agarkova, Amalia Borin, Oscar Coffani, Mattia Consonni, Tina Copani, Mario Cucchi, Dino De Ranieri, Ornella De Rosa, Andrea di Carpegna Varini, Tanja Martina Federl, Lorenzo Grande, Christian Grande, Giorgio Gost, Rossano Guicciardi, Peter Hide 311065, Daniele Manghi, Antoh, Gabriele Marchesi, Maxtin, Alessandra Piasecka, Hans Rabanser, Mirko Roncelli, Dennis Smiderle, Josefina Temin, Valentina Vendrame, Rita Vitaloni<\/em>. <strong>I nostri artisti che ringraziamo per essersi affidati alla nostra organizzazione e per colorare il mondo con opere cos\u00ec entusiasmanti<\/strong>.<\/p>\n<div id=\"fb-root\">Ricordiamo che dal 7 al 10 novembre saremo ad Arte Forl\u00ec Contemporanea dove sabato 8 novembre l&#8217;On. Prof. Vittorio Sgarbi inaugurer\u00e0 nuovamente la manifestazione.<\/div>\n<div><\/div>\n<p><script>\/\/ < ![CDATA[\n\/\/ < ![CDATA[ (function(d, s, id) { var js, fjs = d.getElementsByTagName(s)[0]; if (d.getElementById(id)) return; js = d.createElement(s); js.id = id; js.src = \"\/\/connect.facebook.net\/it_IT\/all.js#xfbml=1\"; fjs.parentNode.insertBefore(js, fjs); }(document, 'script', 'facebook-jssdk'));\n\/\/ ]]><\/script><\/p>\n<div class=\"fb-post\" data-href=\"https:\/\/www.facebook.com\/media\/set\/?set=a.860729173945712.1073741835.684324654919499&amp;type=1\" data-width=\"466\">\n<div class=\"fb-xfbml-parse-ignore\"><a href=\"https:\/\/www.facebook.com\/media\/set\/?set=a.860729173945712.1073741835.684324654919499&amp;type=1\">Pubblicazione<\/a> di <a href=\"https:\/\/www.facebook.com\/BiancoscuroArtMagazine\">Biancoscuro<\/a>.<\/div>\n<\/div>\n<p>&nbsp;<\/p>\n<h4><strong>Biancoscuro in collaborazione con\u00a0<\/strong><strong>ArteExp\u00f2 Gallery<\/strong>\u00a0propone \u00a0ad artisti meritevoli la possibilit\u00e0 di partecipare ad\u00a0<strong>ARTE FORLI&#8217; CONTEMPORANEA 2014 presso il\u00a0proprio stand<\/strong>! Per maggiori informazioni o ricevere il bando di partecipazione contattaci subito allo 0382.1902778 oppure scrivi\u00a0<a href=\"mailto:info@biancoscuro.it?&amp;bcc=biancoscuro@liberementi.it&amp;subject=INFO_Artista_esposizione_fiera\" target=\"_blank\">info@biancoscuro.it<\/a><\/h4>\n","protected":false},"excerpt":{"rendered":"<p><span class=\"span-reading-time rt-reading-time\" style=\"display: block;\"><span class=\"rt-label rt-prefix\">\u23f0 lettura <\/span> <span class=\"rt-time\"> 2<\/span> <span class=\"rt-label rt-postfix\">min. <\/p>\n<p><\/span><\/span>Si \u00e8 conclusa luned\u00ec 6 ottobre l&#8217;edizione 2014 di ArtParma Fair. Il contesto del quartiere fieristico di Parma, condiviso con il Mercante in Fiera, ha riportato in luce l&#8217;arte moderna e contemporanea dopo ben 7 anni di lontananza dalla scena parmigiana. Ufficialmente aperta agli esperti di settore ed agli invitati gi\u00e0 il venerd\u00ec sera, la&hellip;&nbsp;<a href=\"https:\/\/www.biancoscuro.it\/site\/artparma-fair-reportage-photo\/\" rel=\"bookmark\">Leggi tutto &raquo;<span class=\"screen-reader-text\">ArtParma Fair [Reportage + photo]<\/span><\/a><\/p>\n","protected":false},"author":1,"featured_media":0,"comment_status":"closed","ping_status":"closed","sticky":false,"template":"","format":"standard","meta":{"neve_meta_sidebar":"","neve_meta_container":"","neve_meta_enable_content_width":"","neve_meta_content_width":0,"neve_meta_title_alignment":"","neve_meta_author_avatar":"","neve_post_elements_order":"","neve_meta_disable_header":"","neve_meta_disable_footer":"","neve_meta_disable_title":"","advanced_seo_description":"","jetpack_seo_html_title":"","jetpack_seo_noindex":false,"footnotes":""},"categories":[5],"tags":[40,449,46,39,455,149,47,179,16,178],"class_list":["post-1844","post","type-post","status-publish","format-standard","hentry","category-arte","tag-art-magazine","tag-arte","tag-artexpo","tag-biancoscuro","tag-catalogo-darte","tag-forli","tag-gallery","tag-parma","tag-rivista-darte-2","tag-sgarbi"],"jetpack_featured_media_url":"","jetpack_sharing_enabled":true,"jetpack-related-posts":[{"id":1766,"url":"https:\/\/www.biancoscuro.it\/site\/art-parma-fair-14-parma-torna-ad-essere-centro-dellarte\/","url_meta":{"origin":1844,"position":0},"title":"Art Parma Fair &#8217;14 &#8211; Parma torna ad essere il centro dell\u2019arte","author":"Redazione BIANCOSCURO","date":"5 Settembre 2014","format":false,"excerpt":"Parma torna ad essere il centro dell\u2019arte con ARTPARMA FAIR '14 manifestazione dedicata all\u2019arte moderna e contemporanea, che si svolger\u00e0 dal 4 al 6 ottobre 2014 presso il quartiere fieristico parmense. ARTPARMA FAIR \u00e8 una mostra-mercato dove trovare un\u2019ampia panoramica di Gallerie d\u2019arte, molte delle quali ormai fidelizzate grazie ad\u2026","rel":"","context":"In &quot;arte&quot;","block_context":{"text":"arte","link":"https:\/\/www.biancoscuro.it\/site\/category\/arte\/"},"img":{"alt_text":"ARTPARMA2014 biancoscuro","src":"https:\/\/i0.wp.com\/www.biancoscuro.it\/site\/wp-content\/uploads\/2014\/05\/ARTPARMA2014.jpg?resize=350%2C200","width":350,"height":200},"classes":[]},{"id":1818,"url":"https:\/\/www.biancoscuro.it\/site\/art-parma-fair\/","url_meta":{"origin":1844,"position":1},"title":"biancoscuro ad ArtParma Fair 14","author":"Redazione BIANCOSCURO","date":"1 Ottobre 2014","format":false,"excerpt":"Biancoscuro sar\u00e0 presente a\u00a0ArtParma 2014\u00a0dal 3\u00a0al 6 ottobre 2014 presso Fiere di Parma. Ci puoi trovare all'ingresso presso il nostro stand editoriale e presso lo stand espositivo n.17, in oltre 30 mq, dove insieme ad ArtExp\u00f2 Gallery presenteremo gli artisti: Olga Agarkova\u00a0- Novokuzneck (RUS), Amalia Borin\u00a0-\u00a0Modena\u00a0(I), Oscar Coffani\u00a0- Brescia (I),\u2026","rel":"","context":"In &quot;arte&quot;","block_context":{"text":"arte","link":"https:\/\/www.biancoscuro.it\/site\/category\/arte\/"},"img":{"alt_text":"ARTPARMA2014 biancoscuro","src":"https:\/\/i0.wp.com\/www.biancoscuro.it\/site\/wp-content\/uploads\/2014\/05\/ARTPARMA2014.jpg?resize=350%2C200","width":350,"height":200},"classes":[]},{"id":3443,"url":"https:\/\/www.biancoscuro.it\/site\/art-parma-4a-edizione-con-importanti-novita\/","url_meta":{"origin":1844,"position":2},"title":"Art Parma 4\u00aa edizione con importanti novit\u00e0","author":"Redazione BIANCOSCURO","date":"24 Dicembre 2015","format":false,"excerpt":"Art Parma Fair, Mostra\u00a0 Mercato d\u2019Arte Moderna e Contemporanea, ritorna a Parma, luogo molto\u00a0sensibile all\u2019arte con un pubblico scelto e interessato, come di consueto in due week end il 27 e 28 febbraio e il 4-5-6 marzo 2016. Nell'edizione 2016 una novit\u00e0:\u00a0l\u2019unione con NEF (Nord Est Fair gi\u00e0 organizzatori di\u2026","rel":"","context":"In &quot;arte&quot;","block_context":{"text":"arte","link":"https:\/\/www.biancoscuro.it\/site\/category\/arte\/"},"img":{"alt_text":"","src":"https:\/\/i0.wp.com\/www.biancoscuro.it\/site\/wp-content\/uploads\/2015\/12\/cover.jpg?resize=350%2C200&ssl=1","width":350,"height":200,"srcset":"https:\/\/i0.wp.com\/www.biancoscuro.it\/site\/wp-content\/uploads\/2015\/12\/cover.jpg?resize=350%2C200&ssl=1 1x, https:\/\/i0.wp.com\/www.biancoscuro.it\/site\/wp-content\/uploads\/2015\/12\/cover.jpg?resize=525%2C300&ssl=1 1.5x, https:\/\/i0.wp.com\/www.biancoscuro.it\/site\/wp-content\/uploads\/2015\/12\/cover.jpg?resize=700%2C400&ssl=1 2x, https:\/\/i0.wp.com\/www.biancoscuro.it\/site\/wp-content\/uploads\/2015\/12\/cover.jpg?resize=1050%2C600&ssl=1 3x, https:\/\/i0.wp.com\/www.biancoscuro.it\/site\/wp-content\/uploads\/2015\/12\/cover.jpg?resize=1400%2C800&ssl=1 4x"},"classes":[]},{"id":3587,"url":"https:\/\/www.biancoscuro.it\/site\/art-parma-fair-4a-edizione-primavera-2016\/","url_meta":{"origin":1844,"position":3},"title":"Art Parma Fair, 4\u00aa edizione &#8211; primavera 2016","author":"Redazione BIANCOSCURO","date":"25 Febbraio 2016","format":false,"excerpt":"Due fine settimana dedicati all\u2019Arte a Fiere di Parma Ritorna\u00a0ART PARMA FAIR, fiera dedicata all\u2019arte moderna e contemporanea, nelle date\u00a027-28 febbraio\u00a0e\u00a04-5-6 marzo 2016\u00a0presso il quartiere fieristico parmense, in concomitanza con\u00a0Mercanteinfiera\u00a0e\u00a0Mercanteinauto. Gli ottimi\u00a0risultati delle vendite dell\u2019edizioni precedenti hanno riconosciuto l\u2019importanza di una piazza come Parma, che a buon titolo potr\u00e0 collocarsi\u2026","rel":"","context":"In &quot;arte&quot;","block_context":{"text":"arte","link":"https:\/\/www.biancoscuro.it\/site\/category\/arte\/"},"img":{"alt_text":"","src":"https:\/\/i0.wp.com\/www.biancoscuro.it\/site\/wp-content\/uploads\/2016\/02\/aaa.jpg?resize=350%2C200&ssl=1","width":350,"height":200,"srcset":"https:\/\/i0.wp.com\/www.biancoscuro.it\/site\/wp-content\/uploads\/2016\/02\/aaa.jpg?resize=350%2C200&ssl=1 1x, https:\/\/i0.wp.com\/www.biancoscuro.it\/site\/wp-content\/uploads\/2016\/02\/aaa.jpg?resize=525%2C300&ssl=1 1.5x, https:\/\/i0.wp.com\/www.biancoscuro.it\/site\/wp-content\/uploads\/2016\/02\/aaa.jpg?resize=700%2C400&ssl=1 2x, https:\/\/i0.wp.com\/www.biancoscuro.it\/site\/wp-content\/uploads\/2016\/02\/aaa.jpg?resize=1050%2C600&ssl=1 3x, https:\/\/i0.wp.com\/www.biancoscuro.it\/site\/wp-content\/uploads\/2016\/02\/aaa.jpg?resize=1400%2C800&ssl=1 4x"},"classes":[]},{"id":4997,"url":"https:\/\/www.biancoscuro.it\/site\/art-parma-fair-6a-edizione-gli-artisti-selezionati-al-biancoscuro\/","url_meta":{"origin":1844,"position":4},"title":"Art Parma Fair, 6\u00aa edizione con gli artisti selezionati al BIANCOSCURO","author":"Redazione BIANCOSCURO","date":"22 Febbraio 2017","format":false,"excerpt":"Due fine settimana dedicati all\u2019Arte a Fiere di Parma Ritorna\u00a0ART PARMA FAIR, fiera dedicata all\u2019arte moderna e contemporanea, nelle date\u00a025-26 febbraio\u00a0e 3-4-5 marzo 2016\u00a0presso il quartiere fieristico parmense, in concomitanza con\u00a0Mercanteinfiera\u00a0e\u00a0Italian Golf Show. Gli ottimi\u00a0risultati delle vendite dell\u2019edizioni precedenti hanno riconosciuto l\u2019importanza di una piazza come Parma, che a buon\u2026","rel":"","context":"In &quot;arte&quot;","block_context":{"text":"arte","link":"https:\/\/www.biancoscuro.it\/site\/category\/arte\/"},"img":{"alt_text":"","src":"https:\/\/i0.wp.com\/www.biancoscuro.it\/site\/wp-content\/uploads\/2017\/02\/artParma1.jpg?resize=350%2C200&ssl=1","width":350,"height":200,"srcset":"https:\/\/i0.wp.com\/www.biancoscuro.it\/site\/wp-content\/uploads\/2017\/02\/artParma1.jpg?resize=350%2C200&ssl=1 1x, https:\/\/i0.wp.com\/www.biancoscuro.it\/site\/wp-content\/uploads\/2017\/02\/artParma1.jpg?resize=525%2C300&ssl=1 1.5x, https:\/\/i0.wp.com\/www.biancoscuro.it\/site\/wp-content\/uploads\/2017\/02\/artParma1.jpg?resize=700%2C400&ssl=1 2x, https:\/\/i0.wp.com\/www.biancoscuro.it\/site\/wp-content\/uploads\/2017\/02\/artParma1.jpg?resize=1050%2C600&ssl=1 3x, https:\/\/i0.wp.com\/www.biancoscuro.it\/site\/wp-content\/uploads\/2017\/02\/artParma1.jpg?resize=1400%2C800&ssl=1 4x"},"classes":[]},{"id":1649,"url":"https:\/\/www.biancoscuro.it\/site\/art-parma-fair-arte-forli-contemporanea\/","url_meta":{"origin":1844,"position":5},"title":"Art Parma Fair + Arte Forl\u00ec CONTEMPORANEA","author":"Redazione BIANCOSCURO","date":"5 Agosto 2014","format":false,"excerpt":"Biancoscuro\u00a0in collaborazione con\u00a0ArteExp\u00f2 Gallery\u00a0propone \u00a0ad artisti meritevoli la possibilit\u00e0 di partecipare ad ART PARMA FAIR 2014 e ARTE FORLI' CONTEMPORANEA 2014! Per maggiori informazioni o ricevere il bando di partecipazione contattaci subito allo 0382.1902778 oppure scrivi\u00a0info@biancoscuro.it La partecipazione alle fiere d'arte ART PARMA FAIR 2014\u00a0e\u00a0ARTE FORLI' CONTEMPORANEA 2014\u00a0prevede in abbinata\u2026","rel":"","context":"In &quot;arte&quot;","block_context":{"text":"arte","link":"https:\/\/www.biancoscuro.it\/site\/category\/arte\/"},"img":{"alt_text":"ARTPARMA2014 biancoscuro","src":"https:\/\/i0.wp.com\/www.biancoscuro.it\/site\/wp-content\/uploads\/2014\/05\/ARTPARMA2014-150x150.jpg?resize=350%2C200","width":350,"height":200},"classes":[]}],"_links":{"self":[{"href":"https:\/\/www.biancoscuro.it\/site\/wp-json\/wp\/v2\/posts\/1844","targetHints":{"allow":["GET"]}}],"collection":[{"href":"https:\/\/www.biancoscuro.it\/site\/wp-json\/wp\/v2\/posts"}],"about":[{"href":"https:\/\/www.biancoscuro.it\/site\/wp-json\/wp\/v2\/types\/post"}],"author":[{"embeddable":true,"href":"https:\/\/www.biancoscuro.it\/site\/wp-json\/wp\/v2\/users\/1"}],"replies":[{"embeddable":true,"href":"https:\/\/www.biancoscuro.it\/site\/wp-json\/wp\/v2\/comments?post=1844"}],"version-history":[{"count":0,"href":"https:\/\/www.biancoscuro.it\/site\/wp-json\/wp\/v2\/posts\/1844\/revisions"}],"wp:attachment":[{"href":"https:\/\/www.biancoscuro.it\/site\/wp-json\/wp\/v2\/media?parent=1844"}],"wp:term":[{"taxonomy":"category","embeddable":true,"href":"https:\/\/www.biancoscuro.it\/site\/wp-json\/wp\/v2\/categories?post=1844"},{"taxonomy":"post_tag","embeddable":true,"href":"https:\/\/www.biancoscuro.it\/site\/wp-json\/wp\/v2\/tags?post=1844"}],"curies":[{"name":"wp","href":"https:\/\/api.w.org\/{rel}","templated":true}]}}