{"id":1848,"date":"2014-10-08T17:05:41","date_gmt":"2014-10-08T17:05:41","guid":{"rendered":"http:\/\/www.biancoscuro.it\/site\/?p=1848"},"modified":"2014-10-24T11:00:52","modified_gmt":"2014-10-24T11:00:52","slug":"arte-forli-contemporanea","status":"publish","type":"post","link":"https:\/\/www.biancoscuro.it\/site\/arte-forli-contemporanea\/","title":{"rendered":"Arte Forl\u00ec CONTEMPORANEA"},"content":{"rendered":"<span class=\"span-reading-time rt-reading-time\" style=\"display: block;\"><span class=\"rt-label rt-prefix\">\u23f0 lettura <\/span> <span class=\"rt-time\"> 2<\/span> <span class=\"rt-label rt-postfix\">min. <br><br><\/span><\/span><p><img loading=\"lazy\" decoding=\"async\" class=\"alignleft wp-image-1638 size-full\" src=\"http:\/\/www.biancoscuro.it\/site\/wp-content\/uploads\/2014\/05\/CONTEMPORANEAFORLI2014.jpg\" alt=\"Arte_CONTEMPORANEA_FORLI_2014-BIANCOSCURO\" width=\"300\" height=\"178\" \/><strong>Arte Forl\u00ec Contemporanea<\/strong> \u00e8 giunta alla 18\u00aa edizione e\u00a0deve il suo crescente successo ad una formula ben collaudata negli anni.<br \/>\n<strong>Arte Forl\u00ec Contemporanea non \u00e8 solo di una mostra mercato dove poter visionare una varia ed ampia panoramica di gallerie, molte delle quali ormai fidelizzate grazie ad un rapporto di stima e proficua collaborazione, ma di un grande evento culturale<\/strong>.<!--more--><br \/>\nE\u2019 possibile infatti per il gallerista trovare un buon numero di collezionisti alla ricerca dell\u2019autore storicizzato su cui fare un sicuro ed immediato investimento, esperti del settore alla ricerca di nuovi talenti su cui riporre la propria fiducia ed una buona fetta di pubblico accorso in fiera stimolato anche dalle novit\u00e0 degli eventi collaterali.<br \/>\nAll\u2019interno di un panorama in continuo mutamento diventa infatti fondamentale farsi coscienti dei cambiamenti e prestare interesse agli sviluppi di tali trasformazioni.<br \/>\nA questo proposito a fare da cornice alla selezionata cerchia di gallerie aderenti, sono ogni anno allestite mostre che presentano modi nuovi di fare arte, soluzioni innovative, installazioni inconsuete, senza per\u00f2 mai perdere di vista, dimenticandone l\u2019importanza, l\u2019arte intesa in senso tradizionale.<br \/>\n<strong>ORARIO DI APERTURA\u00a0Arte Forl\u00ec Contemporanea<\/strong>:<br \/>\nvenerd\u00ec dalle 17.00 alle 19.30<br \/>\nsabato e domenica dalle 10.00 alle 19.30<br \/>\nluned\u00ec dalle 10.00 alle 13.00<\/p>\n<h4><em>L&#8217;On. Prof. VITTORIO SGARBI interverr\u00e0 durante la manifestazione\u00a0<strong>Arte Forl\u00ec Contemporanea<\/strong><\/em><\/h4>\n<figure id=\"attachment_1849\" aria-describedby=\"caption-attachment-1849\" style=\"width: 501px\" class=\"wp-caption alignnone\"><img loading=\"lazy\" decoding=\"async\" class=\"wp-image-1849\" src=\"http:\/\/www.biancoscuro.it\/site\/wp-content\/uploads\/2014\/10\/DSC_4232.jpg\" alt=\"sgarbi biancoscuro art magazine Arte Forl\u00ec Contemporanea\" width=\"501\" height=\"333\" srcset=\"https:\/\/www.biancoscuro.it\/site\/wp-content\/uploads\/2014\/10\/DSC_4232.jpg 600w, https:\/\/www.biancoscuro.it\/site\/wp-content\/uploads\/2014\/10\/DSC_4232-300x199.jpg 300w\" sizes=\"auto, (max-width: 501px) 100vw, 501px\" \/><figcaption id=\"caption-attachment-1849\" class=\"wp-caption-text\">L&#8217;On. Prof. Vittorio Sgarbi e Gilberto Tedaldi durante l&#8217;inaugurazione della 17\u00aa edizione di Arte Forl\u00ec Contemporanea \u00a9 photo liberementi<\/figcaption><\/figure>\n<p>&nbsp;<\/p>\n<h3 style=\"text-align: center;\">Eventi Correlati<\/h3>\n<h4 style=\"text-align: center;\">Il\u00a0BESTIARIO di Antonio Ligabue<br \/>\na cura di Galleria Centro Steccata<\/h4>\n<figure style=\"width: 501px\" class=\"wp-caption aligncenter\"><img loading=\"lazy\" decoding=\"async\" src=\"http:\/\/www.fieracontemporanea.it\/fieracontemporanea\/wp-content\/uploads\/2014\/10\/Ligabue-600x292\" alt=\"Arte Forl\u00ec Contemporanea biancoscuro art magazine\" width=\"501\" height=\"244\" \/><figcaption class=\"wp-caption-text\">IL BESTIARIO di Antonio Ligabue a cura di Galleria Centro Steccata<\/figcaption><\/figure>\n<h4 style=\"text-align: center;\">Antonio Ciarallo: SIPARI<br \/>\na cura di Raffaella A. Caruso<\/h4>\n<figure style=\"width: 498px\" class=\"wp-caption aligncenter\"><img loading=\"lazy\" decoding=\"async\" src=\"http:\/\/www.fieracontemporanea.it\/fieracontemporanea\/wp-content\/uploads\/2014\/10\/Ciarallo-600x354.png\" alt=\"Arte Forl\u00ec Contemporanea biancoscuro art magazine\" width=\"498\" height=\"294\" \/><figcaption class=\"wp-caption-text\">Antonio Ciarallo: SIPARI a cura di Raffaella A. Caruso<\/figcaption><\/figure>\n<h4 style=\"text-align: center;\">SPAZIO ALLO SPAZIO<br \/>\nartisti e scultori a confronto<\/h4>\n<figure style=\"width: 500px\" class=\"wp-caption aligncenter\"><img loading=\"lazy\" decoding=\"async\" src=\"http:\/\/www.fieracontemporanea.it\/fieracontemporanea\/wp-content\/uploads\/2014\/10\/spazio-allo-spazio-600x305.png\" alt=\"Arte Forl\u00ec Contemporanea biancoscuro art magazine\" width=\"500\" height=\"254\" \/><figcaption class=\"wp-caption-text\">SPAZIO ALLO SPAZIO artisti e scultori a confronto<\/figcaption><\/figure>\n<p>a<\/p>\n<h3 style=\"text-align: center;\"><strong>Biancoscuro sar\u00e0 presente ad Arte Forl\u00ec \u00a0CONTEMPORANEA<br \/>\nin\u00a0<\/strong>qualit\u00e0 di Media Partner.<\/h3>\n<p style=\"text-align: center;\"><strong>ARTE FORLI&#8217; FAIR<\/strong><span style=\"color: #444444;\"><br \/>\ndal 7 al 10 novembre\u00a02014<br \/>\n<\/span><a title=\"ARTE  FORLI BIANCOSCURO\" href=\"http:\/\/www.fieracontemporanea.it\" target=\"_blank\">http:\/\/www.fieracontemporanea.it<\/a><\/p>\n<h4><strong>Biancoscuro<\/strong>\u00a0propone \u00a0ad artisti meritevoli la possibilit\u00e0 di partecipare ad\u00a0Arte Forl\u00ec \u00a0CONTEMPORANEA<strong>\u00a0presso il\u00a0proprio stand comprensivo di pubblicazione sulla rivista<\/strong>!<\/h4>\n<h4>Per maggiori informazioni o ricevere il bando di partecipazione contattaci subito allo 0382.1902778 oppure scrivi\u00a0<a style=\"color: #000000;\" href=\"mailto:info@biancoscuro.it?&amp;bcc=biancoscuro@liberementi.it&amp;subject=INFO_Artista_esposizione_fiera\" target=\"_blank\">info@biancoscuro.it<\/a><\/h4>\n<p><img loading=\"lazy\" decoding=\"async\" class=\"alignnone size-full wp-image-1638\" src=\"http:\/\/www.biancoscuro.it\/site\/wp-content\/uploads\/2014\/05\/CONTEMPORANEAFORLI2014.jpg\" alt=\"Arte_CONTEMPORANEA_FORLI_2014-BIANCOSCURO\" width=\"300\" height=\"178\" \/><\/p>\n","protected":false},"excerpt":{"rendered":"<p><span class=\"span-reading-time rt-reading-time\" style=\"display: block;\"><span class=\"rt-label rt-prefix\">\u23f0 lettura <\/span> <span class=\"rt-time\"> 2<\/span> <span class=\"rt-label rt-postfix\">min. <\/p>\n<p><\/span><\/span>Arte Forl\u00ec Contemporanea \u00e8 giunta alla 18\u00aa edizione e\u00a0deve il suo crescente successo ad una formula ben collaudata negli anni. Arte Forl\u00ec Contemporanea non \u00e8 solo di una mostra mercato dove poter visionare una varia ed ampia panoramica di gallerie, molte delle quali ormai fidelizzate grazie ad un rapporto di stima e proficua collaborazione, ma&hellip;&nbsp;<a href=\"https:\/\/www.biancoscuro.it\/site\/arte-forli-contemporanea\/\" rel=\"bookmark\">Leggi tutto &raquo;<span class=\"screen-reader-text\">Arte Forl\u00ec CONTEMPORANEA<\/span><\/a><\/p>\n","protected":false},"author":1,"featured_media":0,"comment_status":"closed","ping_status":"closed","sticky":false,"template":"","format":"standard","meta":{"neve_meta_sidebar":"","neve_meta_container":"","neve_meta_enable_content_width":"","neve_meta_content_width":0,"neve_meta_title_alignment":"","neve_meta_author_avatar":"","neve_post_elements_order":"","neve_meta_disable_header":"","neve_meta_disable_footer":"","neve_meta_disable_title":"","advanced_seo_description":"","jetpack_seo_html_title":"","jetpack_seo_noindex":false,"footnotes":""},"categories":[5,26,27,24,6,15],"tags":[40,449,46,39,455,146,456,149,47,181,16,178,180],"class_list":["post-1848","post","type-post","status-publish","format-standard","hentry","category-arte","category-eventi","category-manifestazione","category-mostre","category-pittura","category-rivista-darte","tag-art-magazine","tag-arte","tag-artexpo","tag-biancoscuro","tag-catalogo-darte","tag-fiera","tag-fiere","tag-forli","tag-gallery","tag-moderna","tag-rivista-darte-2","tag-sgarbi","tag-vittorio-sgarbi"],"jetpack_featured_media_url":"","jetpack_sharing_enabled":true,"jetpack-related-posts":[{"id":1649,"url":"https:\/\/www.biancoscuro.it\/site\/art-parma-fair-arte-forli-contemporanea\/","url_meta":{"origin":1848,"position":0},"title":"Art Parma Fair + Arte Forl\u00ec CONTEMPORANEA","author":"Redazione BIANCOSCURO","date":"5 Agosto 2014","format":false,"excerpt":"Biancoscuro\u00a0in collaborazione con\u00a0ArteExp\u00f2 Gallery\u00a0propone \u00a0ad artisti meritevoli la possibilit\u00e0 di partecipare ad ART PARMA FAIR 2014 e ARTE FORLI' CONTEMPORANEA 2014! Per maggiori informazioni o ricevere il bando di partecipazione contattaci subito allo 0382.1902778 oppure scrivi\u00a0info@biancoscuro.it La partecipazione alle fiere d'arte ART PARMA FAIR 2014\u00a0e\u00a0ARTE FORLI' CONTEMPORANEA 2014\u00a0prevede in abbinata\u2026","rel":"","context":"In &quot;arte&quot;","block_context":{"text":"arte","link":"https:\/\/www.biancoscuro.it\/site\/category\/arte\/"},"img":{"alt_text":"ARTPARMA2014 biancoscuro","src":"https:\/\/i0.wp.com\/www.biancoscuro.it\/site\/wp-content\/uploads\/2014\/05\/ARTPARMA2014-150x150.jpg?resize=350%2C200","width":350,"height":200},"classes":[]},{"id":1811,"url":"https:\/\/www.biancoscuro.it\/site\/arte-forli-contemporanea-dal-7-10-novembre-2014\/","url_meta":{"origin":1848,"position":1},"title":"Arte Forl\u00ec CONTEMPORANEA dal 7 al 10 novembre 2014","author":"Redazione BIANCOSCURO","date":"26 Settembre 2014","format":false,"excerpt":"Biancoscuro\u00a0in collaborazione con\u00a0ArteExp\u00f2 Gallery\u00a0propone \u00a0ad artisti meritevoli la possibilit\u00e0 di partecipare ad\u00a0ARTE FORLI' CONTEMPORANEA 2014! Per maggiori informazioni o ricevere il bando di partecipazione contattaci subito allo 0382.1902778 oppure scrivi\u00a0info@biancoscuro.it La partecipazione alle fiere d'arte\u00a0ad\u00a0ARTE FORLI' CONTEMPORANEA 2014\u00a0prevede in abbinata la pubblicazione degli artisti sulla nostra\u00a0rivista d'arte\u00a0BIANCOSCURO. Informiamo che sono\u2026","rel":"","context":"In &quot;arte&quot;","block_context":{"text":"arte","link":"https:\/\/www.biancoscuro.it\/site\/category\/arte\/"},"img":{"alt_text":"Arte_CONTEMPORANEA_FORLI_2014-BIANCOSCURO","src":"https:\/\/i0.wp.com\/www.biancoscuro.it\/site\/wp-content\/uploads\/2014\/05\/CONTEMPORANEAFORLI2014.jpg?resize=350%2C200","width":350,"height":200},"classes":[]},{"id":1950,"url":"https:\/\/www.biancoscuro.it\/site\/arte-forli-contemporanea-2014\/","url_meta":{"origin":1848,"position":2},"title":"Arte Forl\u00ec Contemporanea 2014 | Grande pubblico per grandi artisti","author":"Redazione BIANCOSCURO","date":"12 Novembre 2014","format":false,"excerpt":"Arte Forl\u00ec Contemporanea 2014 Grande pubblico per grandi artisti Il Quartiere Fieristico di Forl\u00ec ha ospitato anche quest'anno una spumeggiante XVIII edizione di Arte Forl\u00ec Contemporanea, aperta al pubblico da venerd\u00ec 7 a luned\u00ec 10 novembre, la kermesse artistica ha visto pi\u00f9 di 50 gallerie partecipanti, un afflusso di pubblico\u2026","rel":"","context":"In &quot;arte&quot;","block_context":{"text":"arte","link":"https:\/\/www.biancoscuro.it\/site\/category\/arte\/"},"img":{"alt_text":"Arte forti 2014 biancoscuro art magazine","src":"https:\/\/i0.wp.com\/www.biancoscuro.it\/site\/wp-content\/uploads\/2014\/11\/10407165_880054342013195_5279866839702880757_n.jpg?resize=350%2C200","width":350,"height":200},"classes":[]},{"id":3030,"url":"https:\/\/www.biancoscuro.it\/site\/art-parma-fair-arte-forli-contemporanea-2\/","url_meta":{"origin":1848,"position":3},"title":"Art Parma Fair &#038; Arte Forl\u00ec CONTEMPORANEA","author":"Redazione BIANCOSCURO","date":"20 Agosto 2015","format":false,"excerpt":"BIANCOSCURO Media Partner ufficiale di Romagna Fiere,\u00a0in collaborazione con\u00a0ArteExp\u00f2 Gallery,\u00a0propone \u00a0ad artisti meritevoli la possibilit\u00e0 di partecipare ad ART PARMA FAIR 2015\u00a0e ARTE FORLI' CONTEMPORANEA 2015! Per maggiori informazioni o ricevere il bando di partecipazione contattaci subito allo 0382.1902778 oppure scrivi\u00a0info@biancoscuro.it Informiamo che sono in corso le\u00a0selezioni per esposizioni riservate\u2026","rel":"","context":"In &quot;arte&quot;","block_context":{"text":"arte","link":"https:\/\/www.biancoscuro.it\/site\/category\/arte\/"},"img":{"alt_text":"","src":"https:\/\/i0.wp.com\/www.biancoscuro.it\/site\/wp-content\/uploads\/2014\/02\/Schermata-2015-08-20-alle-11.05.57.png?resize=350%2C200&ssl=1","width":350,"height":200,"srcset":"https:\/\/i0.wp.com\/www.biancoscuro.it\/site\/wp-content\/uploads\/2014\/02\/Schermata-2015-08-20-alle-11.05.57.png?resize=350%2C200&ssl=1 1x, https:\/\/i0.wp.com\/www.biancoscuro.it\/site\/wp-content\/uploads\/2014\/02\/Schermata-2015-08-20-alle-11.05.57.png?resize=525%2C300&ssl=1 1.5x"},"classes":[]},{"id":1909,"url":"https:\/\/www.biancoscuro.it\/site\/arte-forli-contemporanea-2014-dal-7-10-novembre-2014\/","url_meta":{"origin":1848,"position":4},"title":"Arte Forl\u00ec Contemporanea, dal 7 al 10 novembre 2014","author":"Redazione BIANCOSCURO","date":"28 Ottobre 2014","format":false,"excerpt":"Arte Forl\u00ec Contemporanea 2014\u00a0dal 7 al 10 novembre\u00a02014. Venerd\u00ec 7 novembre aprir\u00e0 la nuova edizione di Arte Forl\u00ec Contemporanea 2014, esposizione di arte moderna e contemporanea giunta ormai alla sua XVIII edizione.\u00a0Interverr\u00e0 l'On.Vittorio Sgarbi, in qualit\u00e0 di critico d'arte, nella mattinata di sabato 8 novembre, visitando le Gallerie presenti e\u2026","rel":"","context":"In &quot;arte&quot;","block_context":{"text":"arte","link":"https:\/\/www.biancoscuro.it\/site\/category\/arte\/"},"img":{"alt_text":"sgarbi biancoscuro art magazine","src":"https:\/\/i0.wp.com\/www.biancoscuro.it\/site\/wp-content\/uploads\/2014\/10\/DSC_4232.jpg?resize=350%2C200","width":350,"height":200},"classes":[]},{"id":908,"url":"https:\/\/www.biancoscuro.it\/site\/vernice-art-fair-dal-21-al-23-marzo-2014-forli\/","url_meta":{"origin":1848,"position":5},"title":"Vernice Art Fair dal 21 al 23 Marzo 2014 &#8211; Forl\u00ec","author":"Redazione BIANCOSCURO","date":"14 Marzo 2014","format":false,"excerpt":"Vernice art fair 2014 \u00a0fiera d\u2019arte ideata e creata da Romagna Fiere\u00a0per la crescita e la valorizzazione degli artisti e delle associazioni\u00a0culturali. Di anno in anno sempre pi\u00f9 attenta alla scoperta di nuove forme\u00a0espressive, offre la possibilit\u00e0 agli artisti gi\u00e0 affermati di\u00a0consolidare i propri successi e a quelli emergenti di\u2026","rel":"","context":"In &quot;arte&quot;","block_context":{"text":"arte","link":"https:\/\/www.biancoscuro.it\/site\/category\/arte\/"},"img":{"alt_text":"vernice art fair @ biancoscuro rivista d'arte","src":"https:\/\/i0.wp.com\/www.verniceartfair.it\/image\/index_vernice.jpg?resize=350%2C200","width":350,"height":200,"srcset":"https:\/\/i0.wp.com\/www.verniceartfair.it\/image\/index_vernice.jpg?resize=350%2C200 1x, https:\/\/i0.wp.com\/www.verniceartfair.it\/image\/index_vernice.jpg?resize=525%2C300 1.5x, https:\/\/i0.wp.com\/www.verniceartfair.it\/image\/index_vernice.jpg?resize=700%2C400 2x"},"classes":[]}],"_links":{"self":[{"href":"https:\/\/www.biancoscuro.it\/site\/wp-json\/wp\/v2\/posts\/1848","targetHints":{"allow":["GET"]}}],"collection":[{"href":"https:\/\/www.biancoscuro.it\/site\/wp-json\/wp\/v2\/posts"}],"about":[{"href":"https:\/\/www.biancoscuro.it\/site\/wp-json\/wp\/v2\/types\/post"}],"author":[{"embeddable":true,"href":"https:\/\/www.biancoscuro.it\/site\/wp-json\/wp\/v2\/users\/1"}],"replies":[{"embeddable":true,"href":"https:\/\/www.biancoscuro.it\/site\/wp-json\/wp\/v2\/comments?post=1848"}],"version-history":[{"count":0,"href":"https:\/\/www.biancoscuro.it\/site\/wp-json\/wp\/v2\/posts\/1848\/revisions"}],"wp:attachment":[{"href":"https:\/\/www.biancoscuro.it\/site\/wp-json\/wp\/v2\/media?parent=1848"}],"wp:term":[{"taxonomy":"category","embeddable":true,"href":"https:\/\/www.biancoscuro.it\/site\/wp-json\/wp\/v2\/categories?post=1848"},{"taxonomy":"post_tag","embeddable":true,"href":"https:\/\/www.biancoscuro.it\/site\/wp-json\/wp\/v2\/tags?post=1848"}],"curies":[{"name":"wp","href":"https:\/\/api.w.org\/{rel}","templated":true}]}}