{"id":18506,"date":"2025-05-24T19:38:35","date_gmt":"2025-05-24T17:38:35","guid":{"rendered":"https:\/\/www.biancoscuro.it\/site\/?p=18506"},"modified":"2025-06-09T16:21:24","modified_gmt":"2025-06-09T14:21:24","slug":"milano-scultura-2025-art-tour-video","status":"publish","type":"post","link":"https:\/\/www.biancoscuro.it\/site\/milano-scultura-2025-art-tour-video\/","title":{"rendered":"MILANO SCULTURA 2025 Art Tour [VIDEO]"},"content":{"rendered":"<span class=\"span-reading-time rt-reading-time\" style=\"display: block;\"><span class=\"rt-label rt-prefix\">\u23f0 lettura <\/span> <span class=\"rt-time\"> &lt; 1<\/span> <span class=\"rt-label rt-postfix\">min. <br><br><\/span><\/span>\n<h3 class=\"wp-block-heading\">Immersione Digitale nell&#8217;Eccellenza Plastica Contemporanea attraverso l&#8217;Obiettivo di BIANCOSCURO<\/h3>\n\n\n\n<p>Nel panorama effervescente dell&#8217;arte contemporanea, <strong>Milano Scultura 2025<\/strong> si conferma appuntamento imprescindibile per tastare il polso della creativit\u00e0 tridimensionale. Quest&#8217;anno, la storica cornice di <strong>Villa Bagatti Valsecchi a Varedo<\/strong> si \u00e8 nuovamente trasformata in un palcoscenico d&#8217;elezione per le pi\u00f9 recenti ricerche e espressioni della scultura italiana e internazionale. Per chi non avesse avuto il privilegio di percorrere le sue sale o per chi desiderasse rivivere l&#8217;esperienza con uno sguardo analitico e privilegiato, la testata <strong>BIANCOSCURO<\/strong> offre un contributo visuale di notevole fattura: un <strong>Art Tour video<\/strong> che documenta e interpreta i momenti salienti della manifestazione.<\/p>\n\n\n\n<h3 class=\"wp-block-heading has-text-align-center\">Milano Scultura 2025 &#8211; Art Tour a cura di BIANCOSCURO &#8211; Walkthrough &amp; Highlights &#8211; 4K<\/h3>\n\n\n\n<figure class=\"wp-block-embed is-type-video is-provider-youtube wp-block-embed-youtube wp-embed-aspect-16-9 wp-has-aspect-ratio\"><div class=\"wp-block-embed__wrapper\">\n<div class=\"nv-iframe-embed\"><iframe loading=\"lazy\" title=\"Milano Scultura Art Fair 2025 - Art Tour  a cura di BIANCOSCURO - Walkthrough &amp; Highlights - 4K\" width=\"1200\" height=\"675\" src=\"https:\/\/www.youtube.com\/embed\/ZfVOOd5uJDE?list=PLZebC_Dj3MK6jcZgRaq3GhldGWO0kUZH5\" frameborder=\"0\" allow=\"accelerometer; autoplay; clipboard-write; encrypted-media; gyroscope; picture-in-picture; web-share\" referrerpolicy=\"strict-origin-when-cross-origin\" allowfullscreen><\/iframe><\/div>\n<\/div><\/figure>\n\n\n\n<p>Il video, \u00e8 pi\u00f9 di un semplice <em>walkthrough<\/em>, si configura come una vera e propria esplorazione curatoriale, guidando l&#8217;osservatore attraverso un itinerario selezionato di opere e allestimenti galleristici. La regia attenta di BIANCOSCURO non si limita a una mera ripresa, ma cerca di restituire la complessit\u00e0 materica, la profondit\u00e0 concettuale e il dialogo spaziale che ogni scultura instaura con l&#8217;ambiente circostante e con il visitatore.<\/p>\n\n\n\n<p>L&#8217;esperienza proposta invita a un&#8217;immersione completa, permettendo di cogliere dettagli, texture e sfumature che spesso sfuggono a una fruizione frettolosa. Si tratta di uno strumento prezioso, capace di estendere la portata dell&#8217;evento oltre i suoi confini fisici e temporali, offrendo una testimonianza critica e al contempo una celebrazione dell&#8217;ingegno artistico. <\/p>\n\n\n\n<h3 class=\"wp-block-heading\"><strong>&#x1f60e; SUPPORTA IL CANALE: Entra nel Club YouTube <a href=\"https:\/\/www.youtube.com\/@biancoscuro\">\u202a@biancoscuro\u202c<\/a><\/strong><\/h3>\n","protected":false},"excerpt":{"rendered":"<p><span class=\"span-reading-time rt-reading-time\" style=\"display: block;\"><span class=\"rt-label rt-prefix\">\u23f0 lettura <\/span> <span class=\"rt-time\"> &lt; 1<\/span> <span class=\"rt-label rt-postfix\">min. <\/p>\n<p><\/span><\/span>Immersione Digitale nell&#8217;Eccellenza Plastica Contemporanea attraverso l&#8217;Obiettivo di BIANCOSCURO Nel panorama effervescente dell&#8217;arte contemporanea, Milano Scultura 2025 si conferma appuntamento imprescindibile per tastare il polso della creativit\u00e0 tridimensionale. Quest&#8217;anno, la storica cornice di Villa Bagatti Valsecchi a Varedo si \u00e8 nuovamente trasformata in un palcoscenico d&#8217;elezione per le pi\u00f9 recenti ricerche e espressioni della scultura&hellip;&nbsp;<a href=\"https:\/\/www.biancoscuro.it\/site\/milano-scultura-2025-art-tour-video\/\" rel=\"bookmark\">Leggi tutto &raquo;<span class=\"screen-reader-text\">MILANO SCULTURA 2025 Art Tour [VIDEO]<\/span><\/a><\/p>\n","protected":false},"author":1,"featured_media":18593,"comment_status":"closed","ping_status":"closed","sticky":false,"template":"","format":"standard","meta":{"neve_meta_sidebar":"","neve_meta_container":"","neve_meta_enable_content_width":"","neve_meta_content_width":0,"neve_meta_title_alignment":"","neve_meta_author_avatar":"","neve_post_elements_order":"","neve_meta_disable_header":"","neve_meta_disable_footer":"","neve_meta_disable_title":"","advanced_seo_description":"","jetpack_seo_html_title":"","jetpack_seo_noindex":false,"footnotes":""},"categories":[5,334,24,7,9],"tags":[193,2654,449,39,185,2694,467,2692,2691,2689,2685,2680,2683,398,464,2675,451,2693,2682,2676,2677],"class_list":["post-18506","post","type-post","status-publish","format-standard","has-post-thumbnail","hentry","category-arte","category-installazioni","category-mostre","category-scultura","category-video","tag-art-fair","tag-art-tour","tag-arte","tag-biancoscuro","tag-biancoscuro-art-magazine","tag-biancoscuro-mag","tag-contemporary-art","tag-esposizione-scultura","tag-eventi-culturali","tag-fiera-arte-milano","tag-highlights","tag-ilariacentola","tag-international-art-fair","tag-milan","tag-milano","tag-milano-scultura","tag-scultura","tag-valeriodeho","tag-video-tour","tag-villa-bagatti-valsecchi","tag-walkthrough"],"jetpack_featured_media_url":"https:\/\/www.biancoscuro.it\/site\/wp-content\/uploads\/2025\/05\/Milano-Scultura-Art-Fair-2025-Art-Tour-a-cura-di-BIANCOSCURO-Walkthrough-Highlights-4blow.jpg","jetpack_sharing_enabled":true,"jetpack-related-posts":[{"id":18359,"url":"https:\/\/www.biancoscuro.it\/site\/mega-art-fair-2025-milano\/","url_meta":{"origin":18506,"position":0},"title":"MEGA Art Fair 2025 Milano [VIDEO]","author":"Redazione BIANCOSCURO","date":"3 Aprile 2025","format":false,"excerpt":"Art Tour a cura di BIANCOSCURO - Walkthrough & Highlights - 4K https:\/\/www.youtube.com\/watch?v=uvpTRVaglbw&list=PLZebC_Dj3MK6jcZgRaq3GhldGWO0kUZH5&index=5 BIANCOSCURO vi porta in un ART TOUR alla scoperta di MEGA ART FAIR 2025 a Milano, dal 2 al 6 aprile via Orobia 26. Guardate il video fino in fondo per vedere opere d'arte fuori dagli schemi\u2026","rel":"","context":"In &quot;arte&quot;","block_context":{"text":"arte","link":"https:\/\/www.biancoscuro.it\/site\/category\/arte\/"},"img":{"alt_text":"","src":"https:\/\/i0.wp.com\/www.biancoscuro.it\/site\/wp-content\/uploads\/2025\/04\/Copertina_megaartfair_2025_Art-Tour_BIANCOSCURO_Walktrough-sobria1.jpg?resize=350%2C200&ssl=1","width":350,"height":200,"srcset":"https:\/\/i0.wp.com\/www.biancoscuro.it\/site\/wp-content\/uploads\/2025\/04\/Copertina_megaartfair_2025_Art-Tour_BIANCOSCURO_Walktrough-sobria1.jpg?resize=350%2C200&ssl=1 1x, https:\/\/i0.wp.com\/www.biancoscuro.it\/site\/wp-content\/uploads\/2025\/04\/Copertina_megaartfair_2025_Art-Tour_BIANCOSCURO_Walktrough-sobria1.jpg?resize=525%2C300&ssl=1 1.5x"},"classes":[]},{"id":18470,"url":"https:\/\/www.biancoscuro.it\/site\/art3f-milano-2025-art-tour-video\/","url_meta":{"origin":18506,"position":1},"title":"Art3F Milano 2025 Art Tour [VIDEO]","author":"Redazione BIANCOSCURO","date":"6 Maggio 2025","format":false,"excerpt":"Art3F Milano 2025 - Art Tour a cura di BIANCOSCURO - Walkthrough & Highlights - 4K BIANCOSCURO vi porta in un ART TOUR alla scoperta di Art3F Milano 2025 ospitata negli spazi suggestivi del Parco Esposizioni Novegro - Milano. \ud83d\ude0e SUPPORTA IL CANALE: Entra nel Club \u202a@biancoscuro\u202c","rel":"","context":"In &quot;arte&quot;","block_context":{"text":"arte","link":"https:\/\/www.biancoscuro.it\/site\/category\/arte\/"},"img":{"alt_text":"","src":"https:\/\/i0.wp.com\/www.biancoscuro.it\/site\/wp-content\/uploads\/2025\/05\/Copertina_ART3F-MILANO_2025_Art-Tour_BIANCOSCURO_WalktroughV1LOW.jpg?resize=350%2C200&ssl=1","width":350,"height":200,"srcset":"https:\/\/i0.wp.com\/www.biancoscuro.it\/site\/wp-content\/uploads\/2025\/05\/Copertina_ART3F-MILANO_2025_Art-Tour_BIANCOSCURO_WalktroughV1LOW.jpg?resize=350%2C200&ssl=1 1x, https:\/\/i0.wp.com\/www.biancoscuro.it\/site\/wp-content\/uploads\/2025\/05\/Copertina_ART3F-MILANO_2025_Art-Tour_BIANCOSCURO_WalktroughV1LOW.jpg?resize=525%2C300&ssl=1 1.5x, https:\/\/i0.wp.com\/www.biancoscuro.it\/site\/wp-content\/uploads\/2025\/05\/Copertina_ART3F-MILANO_2025_Art-Tour_BIANCOSCURO_WalktroughV1LOW.jpg?resize=700%2C400&ssl=1 2x"},"classes":[]},{"id":18353,"url":"https:\/\/www.biancoscuro.it\/site\/miart-2025-vip-preview\/","url_meta":{"origin":18506,"position":2},"title":"miart 2025 Vip Preview [VIDEO]","author":"Redazione BIANCOSCURO","date":"6 Aprile 2025","format":false,"excerpt":"miart 2025 Vip Preview - Art Tour a cura di BIANCOSCURO - Walkthrough & Highlights - 4K https:\/\/www.youtube.com\/watch?v=wGrax0dyDDY&list=PLZebC_Dj3MK6jcZgRaq3GhldGWO0kUZH5&index=1&t=557s BIANCOSCURO vi porta in un ART TOUR alla scoperta del miart 2025, dal 4 al 6 aprile (VIP preview il 3 aprile) all'Allianz MiCo Central in viale Scarampo, Milano. Guardate il video\u2026","rel":"","context":"In &quot;arte&quot;","block_context":{"text":"arte","link":"https:\/\/www.biancoscuro.it\/site\/category\/arte\/"},"img":{"alt_text":"","src":"https:\/\/i0.wp.com\/www.biancoscuro.it\/site\/wp-content\/uploads\/2025\/04\/Copertina_miart_2025_Art-Tour_BIANCOSCURO_Walktrough-sobria.jpg?resize=350%2C200&ssl=1","width":350,"height":200,"srcset":"https:\/\/i0.wp.com\/www.biancoscuro.it\/site\/wp-content\/uploads\/2025\/04\/Copertina_miart_2025_Art-Tour_BIANCOSCURO_Walktrough-sobria.jpg?resize=350%2C200&ssl=1 1x, https:\/\/i0.wp.com\/www.biancoscuro.it\/site\/wp-content\/uploads\/2025\/04\/Copertina_miart_2025_Art-Tour_BIANCOSCURO_Walktrough-sobria.jpg?resize=525%2C300&ssl=1 1.5x"},"classes":[]},{"id":982,"url":"https:\/\/www.biancoscuro.it\/site\/step-art-fair-online-il-catalogo-ufficiale\/","url_meta":{"origin":18506,"position":3},"title":"Step Art Fair, online il catalogo ufficiale!","author":"Redazione BIANCOSCURO","date":"24 Marzo 2014","format":false,"excerpt":"\u00c8 online sul sito\u00a0il catalogo ufficiale di di Step Art Fair 2014, dal 28 al 30 marzo 2014, alla Fabbrica del Vapore di Milano (via Giulio Procaccini 4).\u00a0Biancoscuro Art Magazine in qualit\u00e0 di media partner sar\u00e0 presente con il suo spazio editoriale. \u00c8 possibile sfogliare online il catalogo all'indirizzo\u00a0http:\/\/www.stepartfair.com\/catalogo.html STEP\u2026","rel":"","context":"In &quot;arte&quot;","block_context":{"text":"arte","link":"https:\/\/www.biancoscuro.it\/site\/category\/arte\/"},"img":{"alt_text":"sste art fair @ liberementi agenzia di comunicazione per biancoscuro rivista d'arte","src":"https:\/\/i0.wp.com\/www.liberementi.it\/images\/200x133_stepartfair.gif?resize=350%2C200","width":350,"height":200},"classes":[]},{"id":1031,"url":"https:\/\/www.biancoscuro.it\/site\/mi-art-148-gallerie-internazionali-per-la-primavera-dellarte-3\/","url_meta":{"origin":18506,"position":4},"title":"mi art &#8211; 148 Gallerie internazionali per la primavera dell\u2019arte","author":"Redazione BIANCOSCURO","date":"27 Marzo 2014","format":false,"excerpt":"Torna la primavera dell\u2019arte a Milano con\u00a0miart 2014. Quattro le sezioni della fiera internazionale d\u2019arte moderna e contemporanea:\u00a0Established\u00a0(suddivisa al suo interno in Master, Contemporary e la nuova First Step per la gallerie giovani)\u00a0presenta una selezione delle pi\u00f9 importanti gallerie d\u2019arte moderna e contemporanea;\u00a0Emergent, per le gallerie d\u2019avanguardia focalizzate sulla ricerca\u2026","rel":"","context":"In &quot;arte&quot;","block_context":{"text":"arte","link":"https:\/\/www.biancoscuro.it\/site\/category\/arte\/"},"img":{"alt_text":"mi art - biancoscuro art magazine - rivista d arte","src":"https:\/\/i0.wp.com\/www.miart.it\/sites\/default\/files\/rassegna\/miart2014.nuova_immagine2.jpg?resize=350%2C200","width":350,"height":200},"classes":[]},{"id":18411,"url":"https:\/\/www.biancoscuro.it\/site\/borisova-interview-with-the-artist-video\/","url_meta":{"origin":18506,"position":5},"title":"Borisova &#8211; INTERVIEW with the artist [VIDEO]","author":"Redazione BIANCOSCURO","date":"25 Aprile 2025","format":false,"excerpt":"Svetlana Borisova INTERVISTA a cura di BIANCOSCURO - Paris 2025 https:\/\/youtu.be\/K5BTz-sfqqg?si=YGwqxVpg5dfXR3XI Un'Intervista Esclusiva di BIANCOSCURO. Svetlana Borisova allo Chateauform di Li\u00e8ge Saint-Lazare - Parigi. \ud83d\ude0e SUPPORTA IL CANALE: Entra nel Club \u202a@biancoscuro\u202c","rel":"","context":"In &quot;arte&quot;","block_context":{"text":"arte","link":"https:\/\/www.biancoscuro.it\/site\/category\/arte\/"},"img":{"alt_text":"","src":"https:\/\/i0.wp.com\/www.biancoscuro.it\/site\/wp-content\/uploads\/2025\/04\/Copertina_PARIS2025_BIANCOSCURO_INTERVIEW-with-the-artist-SVETLANA-BORISOVA-777.jpg?resize=350%2C200&ssl=1","width":350,"height":200,"srcset":"https:\/\/i0.wp.com\/www.biancoscuro.it\/site\/wp-content\/uploads\/2025\/04\/Copertina_PARIS2025_BIANCOSCURO_INTERVIEW-with-the-artist-SVETLANA-BORISOVA-777.jpg?resize=350%2C200&ssl=1 1x, https:\/\/i0.wp.com\/www.biancoscuro.it\/site\/wp-content\/uploads\/2025\/04\/Copertina_PARIS2025_BIANCOSCURO_INTERVIEW-with-the-artist-SVETLANA-BORISOVA-777.jpg?resize=525%2C300&ssl=1 1.5x, https:\/\/i0.wp.com\/www.biancoscuro.it\/site\/wp-content\/uploads\/2025\/04\/Copertina_PARIS2025_BIANCOSCURO_INTERVIEW-with-the-artist-SVETLANA-BORISOVA-777.jpg?resize=700%2C400&ssl=1 2x"},"classes":[]}],"_links":{"self":[{"href":"https:\/\/www.biancoscuro.it\/site\/wp-json\/wp\/v2\/posts\/18506","targetHints":{"allow":["GET"]}}],"collection":[{"href":"https:\/\/www.biancoscuro.it\/site\/wp-json\/wp\/v2\/posts"}],"about":[{"href":"https:\/\/www.biancoscuro.it\/site\/wp-json\/wp\/v2\/types\/post"}],"author":[{"embeddable":true,"href":"https:\/\/www.biancoscuro.it\/site\/wp-json\/wp\/v2\/users\/1"}],"replies":[{"embeddable":true,"href":"https:\/\/www.biancoscuro.it\/site\/wp-json\/wp\/v2\/comments?post=18506"}],"version-history":[{"count":2,"href":"https:\/\/www.biancoscuro.it\/site\/wp-json\/wp\/v2\/posts\/18506\/revisions"}],"predecessor-version":[{"id":18581,"href":"https:\/\/www.biancoscuro.it\/site\/wp-json\/wp\/v2\/posts\/18506\/revisions\/18581"}],"wp:featuredmedia":[{"embeddable":true,"href":"https:\/\/www.biancoscuro.it\/site\/wp-json\/wp\/v2\/media\/18593"}],"wp:attachment":[{"href":"https:\/\/www.biancoscuro.it\/site\/wp-json\/wp\/v2\/media?parent=18506"}],"wp:term":[{"taxonomy":"category","embeddable":true,"href":"https:\/\/www.biancoscuro.it\/site\/wp-json\/wp\/v2\/categories?post=18506"},{"taxonomy":"post_tag","embeddable":true,"href":"https:\/\/www.biancoscuro.it\/site\/wp-json\/wp\/v2\/tags?post=18506"}],"curies":[{"name":"wp","href":"https:\/\/api.w.org\/{rel}","templated":true}]}}