{"id":18516,"date":"2025-05-20T17:03:31","date_gmt":"2025-05-20T15:03:31","guid":{"rendered":"https:\/\/www.biancoscuro.it\/site\/?p=18516"},"modified":"2025-05-20T17:03:33","modified_gmt":"2025-05-20T15:03:33","slug":"amanda-panezo-allatelier-crespi-di-brera","status":"publish","type":"post","link":"https:\/\/www.biancoscuro.it\/site\/amanda-panezo-allatelier-crespi-di-brera\/","title":{"rendered":"Amanda Panezo all&#8217;Atelier Crespi di Brera"},"content":{"rendered":"<span class=\"span-reading-time rt-reading-time\" style=\"display: block;\"><span class=\"rt-label rt-prefix\">\u23f0 lettura <\/span> <span class=\"rt-time\"> 3<\/span> <span class=\"rt-label rt-postfix\">min. <br><br><\/span><\/span>\n<p><em>A Brera, nel distretto per antonomasia dell&#8217;arte milanese, l&#8217;Atelier Crespi \u2013 testimone e custode dal 1880 del fermento creativo cittadino \u2013 si appresta a ospitare la personale di Amanda Panezo. Dal 22 al 25 maggio 2025, l&#8217;artista sveler\u00e0 al pubblico le sue &#8220;Corone Nomate&#8221;, un ciclo di opere che promette una raffinata incursione nel Neo Pop-Surrealismo, declinato con un&#8217;originale impronta regale e cosmopolita.<\/em><\/p>\n\n\n\n<p><strong>Milano<\/strong> \u2013 L&#8217;attesa \u00e8 palpabile per l&#8217;imminente vernissage di Amanda Panezo, che il prossimo gioved\u00ec 22 maggio inaugurer\u00e0, su invito, la sua mostra personale &#8220;Corone Nomate&#8221; negli storici spazi dell&#8217;Atelier Crespi. Un ritorno significativo per l&#8217;artista, che proprio in questo cenacolo di tradizione, situato in Vicolo Piero Manzoni, aveva approfondito nel 2012 lo studio del disegno e della tecnica classica. Oggi, Panezo presenta una ricerca evoluta, frutto di un maturo percorso empirico, che si condensa in una serie di opere iconiche.<\/p>\n\n\n\n<figure class=\"wp-block-image size-full\"><img loading=\"lazy\" decoding=\"async\" width=\"777\" height=\"779\" src=\"https:\/\/www.biancoscuro.it\/site\/wp-content\/uploads\/2025\/05\/Maxime-_-Collezione-Crown-Corona-Imperatore-Imperatrice-Caratteristiche-Olio-su-tela-Cornice-in-Legno-a-Cassettaimage5.jpg\" alt=\"\" class=\"wp-image-18517\" srcset=\"https:\/\/www.biancoscuro.it\/site\/wp-content\/uploads\/2025\/05\/Maxime-_-Collezione-Crown-Corona-Imperatore-Imperatrice-Caratteristiche-Olio-su-tela-Cornice-in-Legno-a-Cassettaimage5.jpg 777w, https:\/\/www.biancoscuro.it\/site\/wp-content\/uploads\/2025\/05\/Maxime-_-Collezione-Crown-Corona-Imperatore-Imperatrice-Caratteristiche-Olio-su-tela-Cornice-in-Legno-a-Cassettaimage5-300x300.jpg 300w, https:\/\/www.biancoscuro.it\/site\/wp-content\/uploads\/2025\/05\/Maxime-_-Collezione-Crown-Corona-Imperatore-Imperatrice-Caratteristiche-Olio-su-tela-Cornice-in-Legno-a-Cassettaimage5-150x150.jpg 150w, https:\/\/www.biancoscuro.it\/site\/wp-content\/uploads\/2025\/05\/Maxime-_-Collezione-Crown-Corona-Imperatore-Imperatrice-Caratteristiche-Olio-su-tela-Cornice-in-Legno-a-Cassettaimage5-768x770.jpg 768w\" sizes=\"auto, (max-width: 777px) 100vw, 777px\" \/><figcaption class=\"wp-element-caption\"><em>Maxime | Crown Collection &#8211; olio su tela con cornice in legno a cassetta americana dorata opaca. Edizione Limitata<\/em><\/figcaption><\/figure>\n\n\n\n<p>Protagoniste assolute sono le <strong>&#8220;Corone Nomate&#8221;<\/strong>, quattro distinti modelli pittorici proposti in serie numerata: dalla capostipite <em>Nomate<\/em> a <em>Maxime<\/em>, incarnazione dell&#8217;archetipo imperiale espansivo e conquistatore; da <em>Augusta<\/em>, evocazione di figure riflessive e sagge consigliere, fino a <em>Sabrina<\/em> e <em>Altea<\/em>. Ciascuna corona, interpretata attraverso una lente neo pop-surrealista, si staglia su vibranti fondali monocromi, accuratamente scelti per suggerirne l&#8217;intrinseca identit\u00e0 e il carattere.<\/p>\n\n\n\n<p>La singolarit\u00e0 della proposta risiede non solo nel soggetto, ma anche nella peculiare &#8220;tecnica a tratteggio&#8221; tridimensionale a olio, messa a punto dall&#8217;artista stessa. <em>&#8220;\u00c8 nata per intuizione, mentre riempivo la tela con colore denso; quel gesto \u00e8 diventato la mia firma,&#8221; <\/em>confida <strong>Panezo<\/strong>. Un procedimento che conferisce ai dipinti una sorprendente matericit\u00e0 e un&#8217;illusione di vitalit\u00e0, frutto di un processo creativo che esige ore di meticolosa dedizione, bilanciando pazienza, precisione millimetrica e una palpabile passione.<\/p>\n\n\n\n<figure class=\"wp-block-image size-full\"><img loading=\"lazy\" decoding=\"async\" width=\"777\" height=\"785\" src=\"https:\/\/www.biancoscuro.it\/site\/wp-content\/uploads\/2025\/05\/Maxime-_-Collezione-Crown-Corona-Imperatore-Imperatrice-Caratteristiche-Olio-su-tela-Cornice-in-Legno-a-Cassettaimage1.jpg\" alt=\"\" class=\"wp-image-18518\" srcset=\"https:\/\/www.biancoscuro.it\/site\/wp-content\/uploads\/2025\/05\/Maxime-_-Collezione-Crown-Corona-Imperatore-Imperatrice-Caratteristiche-Olio-su-tela-Cornice-in-Legno-a-Cassettaimage1.jpg 777w, https:\/\/www.biancoscuro.it\/site\/wp-content\/uploads\/2025\/05\/Maxime-_-Collezione-Crown-Corona-Imperatore-Imperatrice-Caratteristiche-Olio-su-tela-Cornice-in-Legno-a-Cassettaimage1-297x300.jpg 297w, https:\/\/www.biancoscuro.it\/site\/wp-content\/uploads\/2025\/05\/Maxime-_-Collezione-Crown-Corona-Imperatore-Imperatrice-Caratteristiche-Olio-su-tela-Cornice-in-Legno-a-Cassettaimage1-768x776.jpg 768w\" sizes=\"auto, (max-width: 777px) 100vw, 777px\" \/><figcaption class=\"wp-element-caption\"><em>Maxime | Crown Collection &#8211; olio su tela con cornice in legno a cassetta americana dorata opaca. Edizione Limitata<\/em><\/figcaption><\/figure>\n\n\n\n<p>Al di l\u00e0 della pregevole esecuzione, il nucleo concettuale delle &#8220;Corone Nomate&#8221; affonda le radici in una profonda riflessione sul valore individuale. <em>&#8220;L\u2019idea di dipingere corone nasce dal desiderio di attivare nello spettatore la consapevolezza del proprio valore&#8221; <\/em>afferma l&#8217;artista. <em>&#8220;La corona \u00e8 un archetipo antico: la ricostruisco con segni ritmici, in un linguaggio moderno ricco di significato ed energia, attingendo a un memorandum interiore.&#8221;<\/em> Questa reinterpretazione mira a risvegliare una risonanza intima nell&#8217;osservatore, invitandolo a riconoscere la propria sovranit\u00e0 interiore.<\/p>\n\n\n\n<p>La cura del dettaglio si estende alla presentazione finale delle opere, proposte con due opzioni di incorniciatura di alta manifattura: una raffinata cornice in legno dorato a cassetta americana o un essenziale box in plexiglas di elevata qualit\u00e0. &#8220;<em>Mi piace presentare le opere completamente vestite, anche se sono materiche e ricche di colori&#8221;<\/em> sottolinea Panezo. <em>&#8220;Ritengo che quel dettaglio in pi\u00f9 sia fondamentale: cos\u00ec sono pronte a irradiare energia ed entusiasmo agli spazi.&#8221;<\/em><\/p>\n\n\n\n<figure class=\"wp-block-image size-large\"><img loading=\"lazy\" decoding=\"async\" width=\"1024\" height=\"984\" src=\"https:\/\/www.biancoscuro.it\/site\/wp-content\/uploads\/2025\/05\/Amanda-Panezo-Maxime-_-Collezione-Crown-Corona-Imperatore-Imperatrice-Caratteristiche-Olio-su-tela-Cornice-in-Legno-a-Cassetta-TIP-1024x984.jpg\" alt=\"\" class=\"wp-image-18519\" srcset=\"https:\/\/www.biancoscuro.it\/site\/wp-content\/uploads\/2025\/05\/Amanda-Panezo-Maxime-_-Collezione-Crown-Corona-Imperatore-Imperatrice-Caratteristiche-Olio-su-tela-Cornice-in-Legno-a-Cassetta-TIP-1024x984.jpg 1024w, https:\/\/www.biancoscuro.it\/site\/wp-content\/uploads\/2025\/05\/Amanda-Panezo-Maxime-_-Collezione-Crown-Corona-Imperatore-Imperatrice-Caratteristiche-Olio-su-tela-Cornice-in-Legno-a-Cassetta-TIP-300x288.jpg 300w, https:\/\/www.biancoscuro.it\/site\/wp-content\/uploads\/2025\/05\/Amanda-Panezo-Maxime-_-Collezione-Crown-Corona-Imperatore-Imperatrice-Caratteristiche-Olio-su-tela-Cornice-in-Legno-a-Cassetta-TIP-768x738.jpg 768w, https:\/\/www.biancoscuro.it\/site\/wp-content\/uploads\/2025\/05\/Amanda-Panezo-Maxime-_-Collezione-Crown-Corona-Imperatore-Imperatrice-Caratteristiche-Olio-su-tela-Cornice-in-Legno-a-Cassetta-TIP.jpg 1170w\" sizes=\"auto, (max-width: 1024px) 100vw, 1024px\" \/><figcaption class=\"wp-element-caption\"><em>Amanda Panezo<\/em><\/figcaption><\/figure>\n\n\n\n<p>L&#8217;impegno artistico di <strong>Amanda Panezo trascende la tela<\/strong>, estendendosi dal 2016 al brand Amanda Panezo Studio, che include ricercate collezioni di merchandising d&#8217;arte e una distintiva linea di design <em>pet-friendly<\/em>, a testimonianza di una visione creativa poliedrica e integrata.<\/p>\n\n\n\n<p>La personale <em>&#8220;Corone Nomate&#8221; <\/em>si configura come appuntamento di rilievo nel panorama artistico milanese, ed offre l&#8217;opportunit\u00e0 di apprezzare una ricerca estetica che coniuga sapientemente suggestioni archetipiche, innovazione tecnica e una profonda sensibilit\u00e0 contemporanea.<\/p>\n\n\n\n<pre class=\"wp-block-preformatted\"><strong>INFO<\/strong>\n<em>Corone Nomate<\/em>\n<em>Neo Pop-Surrealismo regale a Brera<\/em>\npersonale di Amanda Panezo.\n\nAtelier Crespi\nVicolo Piero Manzoni, \nBrera-Milano.\n\n<strong>Vernissage (su invito)<\/strong>\nGioved\u00ec 22 maggio 2025, ore 16.30\n\n<strong>Orari<\/strong>\n23 - 25 maggio 2025\nore 10.00 - 18.00.\n\ninfo@amandap-art.com<\/pre>\n","protected":false},"excerpt":{"rendered":"<p><span class=\"span-reading-time rt-reading-time\" style=\"display: block;\"><span class=\"rt-label rt-prefix\">\u23f0 lettura <\/span> <span class=\"rt-time\"> 3<\/span> <span class=\"rt-label rt-postfix\">min. <\/p>\n<p><\/span><\/span>A Brera, nel distretto per antonomasia dell&#8217;arte milanese, l&#8217;Atelier Crespi \u2013 testimone e custode dal 1880 del fermento creativo cittadino \u2013 si appresta a ospitare la personale di Amanda Panezo. Dal 22 al 25 maggio 2025, l&#8217;artista sveler\u00e0 al pubblico le sue &#8220;Corone Nomate&#8221;, un ciclo di opere che promette una raffinata incursione nel Neo&hellip;&nbsp;<a href=\"https:\/\/www.biancoscuro.it\/site\/amanda-panezo-allatelier-crespi-di-brera\/\" rel=\"bookmark\">Leggi tutto &raquo;<span class=\"screen-reader-text\">Amanda Panezo all&#8217;Atelier Crespi di Brera<\/span><\/a><\/p>\n","protected":false},"author":1,"featured_media":18517,"comment_status":"closed","ping_status":"closed","sticky":false,"template":"","format":"standard","meta":{"neve_meta_sidebar":"","neve_meta_container":"","neve_meta_enable_content_width":"","neve_meta_content_width":0,"neve_meta_title_alignment":"","neve_meta_author_avatar":"","neve_post_elements_order":"","neve_meta_disable_header":"","neve_meta_disable_footer":"","neve_meta_disable_title":"","advanced_seo_description":"","jetpack_seo_html_title":"","jetpack_seo_noindex":false,"footnotes":""},"categories":[5],"tags":[2701,2702,2703,2706,2705,2704],"class_list":["post-18516","post","type-post","status-publish","format-standard","has-post-thumbnail","hentry","category-arte","tag-amanda-panezo","tag-atelier-crespi","tag-atelier-crespi-di-brera","tag-crown-collection","tag-maxime","tag-maxime-crown-collection"],"jetpack_featured_media_url":"https:\/\/www.biancoscuro.it\/site\/wp-content\/uploads\/2025\/05\/Maxime-_-Collezione-Crown-Corona-Imperatore-Imperatrice-Caratteristiche-Olio-su-tela-Cornice-in-Legno-a-Cassettaimage5.jpg","jetpack_sharing_enabled":true,"jetpack-related-posts":[{"id":5135,"url":"https:\/\/www.biancoscuro.it\/site\/icones\/","url_meta":{"origin":18516,"position":0},"title":"ICONES","author":"Daniela Malabaila","date":"15 Marzo 2017","format":false,"excerpt":"Le immagini di Robert Doisneau al Forte di Bard Grazie alla collaborazione tra l\u2019Atelier Robert Doisneau di Parigi e l\u2019Associazione Forte di Bard, fino al 1 maggio abbiamo la possibilit\u00e0 di ammirare le opere fotografiche di Robert Doisneau, quelle che maggiormente hanno saputo conquistare l\u2019immaginario collettivo e il grande pubblico,\u2026","rel":"","context":"In &quot;art magazine&quot;","block_context":{"text":"art magazine","link":"https:\/\/www.biancoscuro.it\/site\/category\/art-magazine\/"},"img":{"alt_text":"Le plongeur du Pont d\u2019Iena, Paris 1945 HD Photographies \u00a9 Atelier Robert Doisneau","src":"https:\/\/i0.wp.com\/www.biancoscuro.it\/site\/wp-content\/uploads\/2017\/03\/2000Le-plongeur-du-Pont-dIena-Paris-1945-HD-Photographies-%C2%A9-Atelier-Robert-Doisneau.jpg?resize=350%2C200&ssl=1","width":350,"height":200,"srcset":"https:\/\/i0.wp.com\/www.biancoscuro.it\/site\/wp-content\/uploads\/2017\/03\/2000Le-plongeur-du-Pont-dIena-Paris-1945-HD-Photographies-%C2%A9-Atelier-Robert-Doisneau.jpg?resize=350%2C200&ssl=1 1x, https:\/\/i0.wp.com\/www.biancoscuro.it\/site\/wp-content\/uploads\/2017\/03\/2000Le-plongeur-du-Pont-dIena-Paris-1945-HD-Photographies-%C2%A9-Atelier-Robert-Doisneau.jpg?resize=525%2C300&ssl=1 1.5x, https:\/\/i0.wp.com\/www.biancoscuro.it\/site\/wp-content\/uploads\/2017\/03\/2000Le-plongeur-du-Pont-dIena-Paris-1945-HD-Photographies-%C2%A9-Atelier-Robert-Doisneau.jpg?resize=700%2C400&ssl=1 2x, https:\/\/i0.wp.com\/www.biancoscuro.it\/site\/wp-content\/uploads\/2017\/03\/2000Le-plongeur-du-Pont-dIena-Paris-1945-HD-Photographies-%C2%A9-Atelier-Robert-Doisneau.jpg?resize=1050%2C600&ssl=1 3x, https:\/\/i0.wp.com\/www.biancoscuro.it\/site\/wp-content\/uploads\/2017\/03\/2000Le-plongeur-du-Pont-dIena-Paris-1945-HD-Photographies-%C2%A9-Atelier-Robert-Doisneau.jpg?resize=1400%2C800&ssl=1 4x"},"classes":[]},{"id":9568,"url":"https:\/\/www.biancoscuro.it\/site\/diana-pintaldi-atelier-2\/","url_meta":{"origin":18516,"position":1},"title":"Diana Pintaldi &#8211; Atelier #2","author":"Roberta Melasecca","date":"27 Luglio 2019","format":false,"excerpt":"MACRO\u00a0 - Museo d\u2019Arte Contemporanea Roma Dal 30 luglio al 4 agosto 2019 Diana Pintaldi presenta la sua ultima ricerca artistica all\u2019interno dell\u2019Atelier #2 del MACRO - Museo d\u2019Arte Contemporanea di Roma. Ne parler\u00e0 inoltre anche il 30 luglio 2019 alle ore 18.00 presso la Sala Cinema nel suo Autoritratto.\u00a0\u2026","rel":"","context":"In &quot;arte&quot;","block_context":{"text":"arte","link":"https:\/\/www.biancoscuro.it\/site\/category\/arte\/"},"img":{"alt_text":"","src":"https:\/\/i0.wp.com\/www.biancoscuro.it\/site\/wp-content\/uploads\/2019\/07\/Quickshot-copia.jpg?resize=350%2C200&ssl=1","width":350,"height":200,"srcset":"https:\/\/i0.wp.com\/www.biancoscuro.it\/site\/wp-content\/uploads\/2019\/07\/Quickshot-copia.jpg?resize=350%2C200&ssl=1 1x, https:\/\/i0.wp.com\/www.biancoscuro.it\/site\/wp-content\/uploads\/2019\/07\/Quickshot-copia.jpg?resize=525%2C300&ssl=1 1.5x, https:\/\/i0.wp.com\/www.biancoscuro.it\/site\/wp-content\/uploads\/2019\/07\/Quickshot-copia.jpg?resize=700%2C400&ssl=1 2x"},"classes":[]},{"id":2454,"url":"https:\/\/www.biancoscuro.it\/site\/franco-cenci-ritratti-volanti-8-disegni-di-carta\/","url_meta":{"origin":18516,"position":2},"title":"Franco Cenci. Ritratti volanti, 8 disegni di carta","author":"Scarlett Matassi","date":"7 Aprile 2015","format":false,"excerpt":"FRANCO CENCI Ritratti volanti,\u00a08 disegni di carta Inaugurazione: domenica 12 aprile 2015 dalle ore 09,30 alle 19,00 nell\u2019ambito della festa di inaugurazione dell\u2019Atelier dei Bambini del Museo Nazionale delle Arti e Tradizioni Popolari Esposizione: 12 aprile \u2013 17 maggio 2015 UNO SPAZIO MUSEALE DESTINATO ALL\u2019ILLUSTRAZIONE PER RAGAZZI E ALLA GRAPHIC\u2026","rel":"","context":"In &quot;arte&quot;","block_context":{"text":"arte","link":"https:\/\/www.biancoscuro.it\/site\/category\/arte\/"},"img":{"alt_text":"","src":"https:\/\/i0.wp.com\/www.biancoscuro.it\/site\/wp-content\/uploads\/2015\/04\/cenci.jpg?resize=350%2C200&ssl=1","width":350,"height":200},"classes":[]},{"id":9708,"url":"https:\/\/www.biancoscuro.it\/site\/nino-de-luca-profondi-blu-atelier-2-macro\/","url_meta":{"origin":18516,"position":3},"title":"Nino De Luca &#8211; Profondi blu: #Atelier 2 MACRO","author":"Roberta Melasecca","date":"23 Settembre 2019","format":false,"excerpt":"1 - 6 ottobre 2019 MACRO Museo d\u2019Arte Contemporanea Roma Dal 1 al 6 ottobre 2019 Nino De Luca sar\u00e0 protagonista dell\u2019Atelier 2 del MACRO Museo D\u2019Arte Contemporanea di Roma.\u00a0 Pittore di carriera ormai trentennale, cresciuto lontano da mode e tendenze ma tenacemente legato a una sua idea di arte,\u2026","rel":"","context":"In &quot;arte&quot;","block_context":{"text":"arte","link":"https:\/\/www.biancoscuro.it\/site\/category\/arte\/"},"img":{"alt_text":"","src":"https:\/\/i0.wp.com\/www.biancoscuro.it\/site\/wp-content\/uploads\/2019\/09\/Nino-De-Luca-Ciclo-di-Lampedusa-opera-1-2013-tecnica-mista-e-garza-su-cartone-50x70cm-1.jpg?resize=350%2C200&ssl=1","width":350,"height":200,"srcset":"https:\/\/i0.wp.com\/www.biancoscuro.it\/site\/wp-content\/uploads\/2019\/09\/Nino-De-Luca-Ciclo-di-Lampedusa-opera-1-2013-tecnica-mista-e-garza-su-cartone-50x70cm-1.jpg?resize=350%2C200&ssl=1 1x, https:\/\/i0.wp.com\/www.biancoscuro.it\/site\/wp-content\/uploads\/2019\/09\/Nino-De-Luca-Ciclo-di-Lampedusa-opera-1-2013-tecnica-mista-e-garza-su-cartone-50x70cm-1.jpg?resize=525%2C300&ssl=1 1.5x, https:\/\/i0.wp.com\/www.biancoscuro.it\/site\/wp-content\/uploads\/2019\/09\/Nino-De-Luca-Ciclo-di-Lampedusa-opera-1-2013-tecnica-mista-e-garza-su-cartone-50x70cm-1.jpg?resize=700%2C400&ssl=1 2x"},"classes":[]},{"id":8528,"url":"https:\/\/www.biancoscuro.it\/site\/latelier-di-giuliana-silvestrini\/","url_meta":{"origin":18516,"position":4},"title":"L\u2019Atelier di Giuliana Silvestrini","author":"Roberta Melasecca","date":"15 Gennaio 2019","format":false,"excerpt":"L\u2019Atelier di Giuliana Silvestrini Mostra personale Via Fabio Filzi 40 \u2013 presso La Piazza del Duomo Monterotondo (RM) Dal 19 al 20 gennaio 2019 Giuliana Silvestrini apre il suo Atelier nel centro storico di Monterotondo, in via Fabio Filzi 40, con una personale che rappresenta la sintesi del suo percorso\u2026","rel":"","context":"In &quot;arte&quot;","block_context":{"text":"arte","link":"https:\/\/www.biancoscuro.it\/site\/category\/arte\/"},"img":{"alt_text":"","src":"https:\/\/i0.wp.com\/www.biancoscuro.it\/site\/wp-content\/uploads\/2019\/01\/met-in-giallo-part.jpeg?resize=350%2C200&ssl=1","width":350,"height":200,"srcset":"https:\/\/i0.wp.com\/www.biancoscuro.it\/site\/wp-content\/uploads\/2019\/01\/met-in-giallo-part.jpeg?resize=350%2C200&ssl=1 1x, https:\/\/i0.wp.com\/www.biancoscuro.it\/site\/wp-content\/uploads\/2019\/01\/met-in-giallo-part.jpeg?resize=525%2C300&ssl=1 1.5x, https:\/\/i0.wp.com\/www.biancoscuro.it\/site\/wp-content\/uploads\/2019\/01\/met-in-giallo-part.jpeg?resize=700%2C400&ssl=1 2x, https:\/\/i0.wp.com\/www.biancoscuro.it\/site\/wp-content\/uploads\/2019\/01\/met-in-giallo-part.jpeg?resize=1050%2C600&ssl=1 3x"},"classes":[]},{"id":16961,"url":"https:\/\/www.biancoscuro.it\/site\/mattia-consonni-quando-la-musica-diventa-artelarte-diventa-musica-per-gli-occhi\/","url_meta":{"origin":18516,"position":5},"title":"Mattia Consonni | Quando la musica diventa arte,l\u2019Arte diventa \u201cMusica per gli occhi\u201d","author":"Redazione BIANCOSCURO","date":"7 Febbraio 2024","format":false,"excerpt":"Mattia Consonni, conosciuto dal grande pubblico come \u201cMusica per gli occhi\u201d, \u00e8 un talentuoso artista italiano che ha ottenuto numerosi riconoscimenti per le sue opere d\u2019arte e per le sue installazioni (quasi da record!). Nato a Meda nel 1972, si inserisce nel panorama artistico con una sperimentazione creativa unica che\u2026","rel":"","context":"In &quot;arte&quot;","block_context":{"text":"arte","link":"https:\/\/www.biancoscuro.it\/site\/category\/arte\/"},"img":{"alt_text":"","src":"https:\/\/i0.wp.com\/www.biancoscuro.it\/site\/wp-content\/uploads\/2024\/02\/ATELIER_MattiaConsonni_SFONDO-401786823_2098111977195413_6222411343528191651_n_tavolino.jpg?resize=350%2C200&ssl=1","width":350,"height":200,"srcset":"https:\/\/i0.wp.com\/www.biancoscuro.it\/site\/wp-content\/uploads\/2024\/02\/ATELIER_MattiaConsonni_SFONDO-401786823_2098111977195413_6222411343528191651_n_tavolino.jpg?resize=350%2C200&ssl=1 1x, https:\/\/i0.wp.com\/www.biancoscuro.it\/site\/wp-content\/uploads\/2024\/02\/ATELIER_MattiaConsonni_SFONDO-401786823_2098111977195413_6222411343528191651_n_tavolino.jpg?resize=525%2C300&ssl=1 1.5x, https:\/\/i0.wp.com\/www.biancoscuro.it\/site\/wp-content\/uploads\/2024\/02\/ATELIER_MattiaConsonni_SFONDO-401786823_2098111977195413_6222411343528191651_n_tavolino.jpg?resize=700%2C400&ssl=1 2x, https:\/\/i0.wp.com\/www.biancoscuro.it\/site\/wp-content\/uploads\/2024\/02\/ATELIER_MattiaConsonni_SFONDO-401786823_2098111977195413_6222411343528191651_n_tavolino.jpg?resize=1050%2C600&ssl=1 3x, https:\/\/i0.wp.com\/www.biancoscuro.it\/site\/wp-content\/uploads\/2024\/02\/ATELIER_MattiaConsonni_SFONDO-401786823_2098111977195413_6222411343528191651_n_tavolino.jpg?resize=1400%2C800&ssl=1 4x"},"classes":[]}],"_links":{"self":[{"href":"https:\/\/www.biancoscuro.it\/site\/wp-json\/wp\/v2\/posts\/18516","targetHints":{"allow":["GET"]}}],"collection":[{"href":"https:\/\/www.biancoscuro.it\/site\/wp-json\/wp\/v2\/posts"}],"about":[{"href":"https:\/\/www.biancoscuro.it\/site\/wp-json\/wp\/v2\/types\/post"}],"author":[{"embeddable":true,"href":"https:\/\/www.biancoscuro.it\/site\/wp-json\/wp\/v2\/users\/1"}],"replies":[{"embeddable":true,"href":"https:\/\/www.biancoscuro.it\/site\/wp-json\/wp\/v2\/comments?post=18516"}],"version-history":[{"count":1,"href":"https:\/\/www.biancoscuro.it\/site\/wp-json\/wp\/v2\/posts\/18516\/revisions"}],"predecessor-version":[{"id":18520,"href":"https:\/\/www.biancoscuro.it\/site\/wp-json\/wp\/v2\/posts\/18516\/revisions\/18520"}],"wp:featuredmedia":[{"embeddable":true,"href":"https:\/\/www.biancoscuro.it\/site\/wp-json\/wp\/v2\/media\/18517"}],"wp:attachment":[{"href":"https:\/\/www.biancoscuro.it\/site\/wp-json\/wp\/v2\/media?parent=18516"}],"wp:term":[{"taxonomy":"category","embeddable":true,"href":"https:\/\/www.biancoscuro.it\/site\/wp-json\/wp\/v2\/categories?post=18516"},{"taxonomy":"post_tag","embeddable":true,"href":"https:\/\/www.biancoscuro.it\/site\/wp-json\/wp\/v2\/tags?post=18516"}],"curies":[{"name":"wp","href":"https:\/\/api.w.org\/{rel}","templated":true}]}}