{"id":18602,"date":"2025-06-09T08:41:25","date_gmt":"2025-06-09T06:41:25","guid":{"rendered":"https:\/\/www.biancoscuro.it\/site\/?p=18602"},"modified":"2025-06-20T09:42:29","modified_gmt":"2025-06-20T07:42:29","slug":"inscapes-di-anna-tabellini","status":"publish","type":"post","link":"https:\/\/www.biancoscuro.it\/site\/inscapes-di-anna-tabellini\/","title":{"rendered":"Inscapes di Anna Tabellini"},"content":{"rendered":"<span class=\"span-reading-time rt-reading-time\" style=\"display: block;\"><span class=\"rt-label rt-prefix\">\u23f0 lettura <\/span> <span class=\"rt-time\"> 2<\/span> <span class=\"rt-label rt-postfix\">min. <br><br><\/span><\/span>\n<figure class=\"wp-block-image size-large\"><img loading=\"lazy\" decoding=\"async\" width=\"1024\" height=\"768\" src=\"https:\/\/www.biancoscuro.it\/site\/wp-content\/uploads\/2025\/06\/Inscapes_IIChiassoPerduto-1024x768.jpeg\" alt=\"\" class=\"wp-image-18603\" srcset=\"https:\/\/www.biancoscuro.it\/site\/wp-content\/uploads\/2025\/06\/Inscapes_IIChiassoPerduto-1024x768.jpeg 1024w, https:\/\/www.biancoscuro.it\/site\/wp-content\/uploads\/2025\/06\/Inscapes_IIChiassoPerduto-300x225.jpeg 300w, https:\/\/www.biancoscuro.it\/site\/wp-content\/uploads\/2025\/06\/Inscapes_IIChiassoPerduto-768x576.jpeg 768w, https:\/\/www.biancoscuro.it\/site\/wp-content\/uploads\/2025\/06\/Inscapes_IIChiassoPerduto-1536x1152.jpeg 1536w, https:\/\/www.biancoscuro.it\/site\/wp-content\/uploads\/2025\/06\/Inscapes_IIChiassoPerduto-2048x1536.jpeg 2048w, https:\/\/www.biancoscuro.it\/site\/wp-content\/uploads\/2025\/06\/Inscapes_IIChiassoPerduto-1320x990.jpeg 1320w\" sizes=\"auto, (max-width: 1024px) 100vw, 1024px\" \/><\/figure>\n\n\n\n<p>Inscapes termine usato dal poeta Hopkins si riferisce all&#8217;unicit\u00e0 di ognuno, alla ricerca del proprio paesaggio che diventi appartenenza. Nell&#8217;installazione di Anna Tabellini, il paesaggio diventa una metafora stratificata dell\u2019identit\u00e0: un luogo di costruzione e scoperta, dove le molteplici dimensioni del s\u00e9 si intrecciano in una tensione tra scoperta e appartenenza. L\u2019artista parte da un\u2019urgenza di ricucire frammenti identitari che spesso tendiamo a definire, delimitare e isolare, come avviene nei confini territoriali tracciati da muri e barriere che separano e che finiscono per sottolineare le differenze. Anna mette in discussione questa divisione e pone invece l&#8217;accento sull&#8217;integrazione come condizione essenziale per abitare e riconoscere un\u2019identit\u00e0 in continua trasformazione. Anna \u00e8 nata in Italia ma ha vissuto in tanti luoghi decostruendo cos\u00ec la sua identit\u00e0 per poi considerare la coesistenza di elementi diversi come l&#8217;unica possibilit\u00e0 di paesaggio, di comprensione, dell&#8217;abitare il s\u00e9.<\/p>\n\n\n\n<p>Il suo intervento al Chiasso Perduto si articola in due azioni fondamentali, da una parte scava nel muro per svelare gli strati nascosti, le memorie di altre voci e poi risignificarle in un nuovo paesaggio scultoreo&nbsp;e dall&#8217;altra parte raccoglie frammenti di carta, natura e altro per costruire dei paesaggi sospesi che finiscono per sembrare cartografie aeree, esseri organici e non definitivi, come metafora della nostra appartenenza sempre in divenire.<\/p>\n\n\n\n<p>A cura di Sandra Miranda Pattin &amp; Francesca Morozzi\u00a0<br \/>www.chiassoperduto.com<\/p>\n\n\n\n<figure class=\"wp-block-image size-large\"><img loading=\"lazy\" decoding=\"async\" width=\"1024\" height=\"384\" src=\"https:\/\/www.biancoscuro.it\/site\/wp-content\/uploads\/2025\/06\/DetailsInscapes-1024x384.jpg\" alt=\"\" class=\"wp-image-18604\" srcset=\"https:\/\/www.biancoscuro.it\/site\/wp-content\/uploads\/2025\/06\/DetailsInscapes-1024x384.jpg 1024w, https:\/\/www.biancoscuro.it\/site\/wp-content\/uploads\/2025\/06\/DetailsInscapes-300x113.jpg 300w, https:\/\/www.biancoscuro.it\/site\/wp-content\/uploads\/2025\/06\/DetailsInscapes-768x288.jpg 768w, https:\/\/www.biancoscuro.it\/site\/wp-content\/uploads\/2025\/06\/DetailsInscapes-1536x576.jpg 1536w, https:\/\/www.biancoscuro.it\/site\/wp-content\/uploads\/2025\/06\/DetailsInscapes-2048x768.jpg 2048w, https:\/\/www.biancoscuro.it\/site\/wp-content\/uploads\/2025\/06\/DetailsInscapes-1320x495.jpg 1320w\" sizes=\"auto, (max-width: 1024px) 100vw, 1024px\" \/><\/figure>\n\n\n\n<p><\/p>\n","protected":false},"excerpt":{"rendered":"<p><span class=\"span-reading-time rt-reading-time\" style=\"display: block;\"><span class=\"rt-label rt-prefix\">\u23f0 lettura <\/span> <span class=\"rt-time\"> 2<\/span> <span class=\"rt-label rt-postfix\">min. <\/p>\n<p><\/span><\/span>Inscapes termine usato dal poeta Hopkins si riferisce all&#8217;unicit\u00e0 di ognuno, alla ricerca del proprio paesaggio che diventi appartenenza. Nell&#8217;installazione di Anna Tabellini, il paesaggio diventa una metafora stratificata dell\u2019identit\u00e0: un luogo di costruzione e scoperta, dove le molteplici dimensioni del s\u00e9 si intrecciano in una tensione tra scoperta e appartenenza. L\u2019artista parte da un\u2019urgenza&hellip;&nbsp;<a href=\"https:\/\/www.biancoscuro.it\/site\/inscapes-di-anna-tabellini\/\" rel=\"bookmark\">Leggi tutto &raquo;<span class=\"screen-reader-text\">Inscapes di Anna Tabellini<\/span><\/a><\/p>\n","protected":false},"author":1067,"featured_media":18604,"comment_status":"closed","ping_status":"closed","sticky":false,"template":"","format":"standard","meta":{"neve_meta_sidebar":"","neve_meta_container":"","neve_meta_enable_content_width":"","neve_meta_content_width":0,"neve_meta_title_alignment":"","neve_meta_author_avatar":"","neve_post_elements_order":"","neve_meta_disable_header":"","neve_meta_disable_footer":"","neve_meta_disable_title":"","advanced_seo_description":"","jetpack_seo_html_title":"","jetpack_seo_noindex":false,"footnotes":""},"categories":[5,26,334,24,1553,7],"tags":[2721,461,2726,2724,185,2723,2171,284,2191,782,2722,445,68,2174,2190],"class_list":["post-18602","post","type-post","status-publish","format-standard","has-post-thumbnail","hentry","category-arte","category-eventi","category-installazioni","category-mostre","category-real-art","category-scultura","tag-anna-tabellini","tag-arte-contemporanea","tag-artista-contemporanea","tag-artista-italiana","tag-biancoscuro-art-magazine","tag-cartografia","tag-chiasso-perduto","tag-firenze","tag-francesca-morozzi","tag-inaugurazione","tag-inscapes","tag-installazione","tag-mostra","tag-residenza-artistica","tag-sandra-miranda-pattin"],"jetpack_featured_media_url":"https:\/\/www.biancoscuro.it\/site\/wp-content\/uploads\/2025\/06\/DetailsInscapes-scaled.jpg","jetpack_sharing_enabled":true,"jetpack-related-posts":[{"id":17718,"url":"https:\/\/www.biancoscuro.it\/site\/la-superficie-introvabile-anna-romanello-e-mario-martinelli\/","url_meta":{"origin":18602,"position":0},"title":"La Superficie Introvabile","author":"Roberta Melasecca","date":"14 Ottobre 2024","format":false,"excerpt":"Il Consolato Generale d'Italia a Toronto e l'Istituto Italiano di Cultura, in collaborazione con Villa Charities e con il supporto di Heritage Calabria, sono orgogliosi di presentare la mostra La Superficie Introvabile | The Unfindable Surface.\u00a0 Questa esposizione, che presenta le opere di due rinomati artisti italiani, Anna Romanello e\u2026","rel":"","context":"In &quot;arte&quot;","block_context":{"text":"arte","link":"https:\/\/www.biancoscuro.it\/site\/category\/arte\/"},"img":{"alt_text":"","src":"https:\/\/i0.wp.com\/www.biancoscuro.it\/site\/wp-content\/uploads\/2024\/10\/Invito-La-superficie-introvabile-cov.jpg?resize=350%2C200&ssl=1","width":350,"height":200},"classes":[]},{"id":15728,"url":"https:\/\/www.biancoscuro.it\/site\/anna-o-della-bellezza-altrove-opere-di-anna-romanello\/","url_meta":{"origin":18602,"position":1},"title":"Anna o della bellezza altrove: opere di Anna Romanello","author":"Roberta Melasecca","date":"22 Marzo 2023","format":false,"excerpt":"Il giorno 29 marzo 2023 alle ore 18.00 inaugura negli spazi di Micromega Arte e Cultura di Venezia la mostra Anna o della bellezza altrove con installazioni, opere pittoriche, incisioni e libri d\u2019artista di Anna Romanello. Il progetto espositivo \u00e8 presentato da un testo e dal monologo performativo \"La versione\u2026","rel":"","context":"In &quot;arte&quot;","block_context":{"text":"arte","link":"https:\/\/www.biancoscuro.it\/site\/category\/arte\/"},"img":{"alt_text":"","src":"https:\/\/i0.wp.com\/www.biancoscuro.it\/site\/wp-content\/uploads\/2023\/03\/DSC_2134.jpg?resize=350%2C200&ssl=1","width":350,"height":200,"srcset":"https:\/\/i0.wp.com\/www.biancoscuro.it\/site\/wp-content\/uploads\/2023\/03\/DSC_2134.jpg?resize=350%2C200&ssl=1 1x, https:\/\/i0.wp.com\/www.biancoscuro.it\/site\/wp-content\/uploads\/2023\/03\/DSC_2134.jpg?resize=525%2C300&ssl=1 1.5x, https:\/\/i0.wp.com\/www.biancoscuro.it\/site\/wp-content\/uploads\/2023\/03\/DSC_2134.jpg?resize=700%2C400&ssl=1 2x, https:\/\/i0.wp.com\/www.biancoscuro.it\/site\/wp-content\/uploads\/2023\/03\/DSC_2134.jpg?resize=1050%2C600&ssl=1 3x"},"classes":[]},{"id":19183,"url":"https:\/\/www.biancoscuro.it\/site\/sotto-scritto\/","url_meta":{"origin":18602,"position":2},"title":"Sotto Scritto","author":"Sandra Miranda Pattin","date":"9 Dicembre 2025","format":false,"excerpt":"In questa edizione degli eventi dedicati all\u2019incontro fra arte e moda presentati da Alexandra Marie, ritroviamo ci\u00f2 che ormai \u00e8 parte del suo concetto e della sua ricerca visiva: la collaborazione con artisti,\u00a0che in questa occasione sono stati invitati a scrivere per se stessi, usando la metafora del raccontare qualcosa\u2026","rel":"","context":"In &quot;arte&quot;","block_context":{"text":"arte","link":"https:\/\/www.biancoscuro.it\/site\/category\/arte\/"},"img":{"alt_text":"","src":"https:\/\/i0.wp.com\/www.biancoscuro.it\/site\/wp-content\/uploads\/2025\/12\/WhatsApp-Image-2025-12-11-at-19.49.06.jpeg?resize=350%2C200&ssl=1","width":350,"height":200,"srcset":"https:\/\/i0.wp.com\/www.biancoscuro.it\/site\/wp-content\/uploads\/2025\/12\/WhatsApp-Image-2025-12-11-at-19.49.06.jpeg?resize=350%2C200&ssl=1 1x, https:\/\/i0.wp.com\/www.biancoscuro.it\/site\/wp-content\/uploads\/2025\/12\/WhatsApp-Image-2025-12-11-at-19.49.06.jpeg?resize=525%2C300&ssl=1 1.5x, https:\/\/i0.wp.com\/www.biancoscuro.it\/site\/wp-content\/uploads\/2025\/12\/WhatsApp-Image-2025-12-11-at-19.49.06.jpeg?resize=700%2C400&ssl=1 2x, https:\/\/i0.wp.com\/www.biancoscuro.it\/site\/wp-content\/uploads\/2025\/12\/WhatsApp-Image-2025-12-11-at-19.49.06.jpeg?resize=1050%2C600&ssl=1 3x, https:\/\/i0.wp.com\/www.biancoscuro.it\/site\/wp-content\/uploads\/2025\/12\/WhatsApp-Image-2025-12-11-at-19.49.06.jpeg?resize=1400%2C800&ssl=1 4x"},"classes":[]},{"id":14230,"url":"https:\/\/www.biancoscuro.it\/site\/art-international-zurich\/","url_meta":{"origin":18602,"position":3},"title":"Art International Zurich","author":"Redazione BIANCOSCURO","date":"8 Ottobre 2022","format":false,"excerpt":"La 24\u00aa edizione alla Kongresshaus di Zurigo\u00a0 Dal 13 al 16 ottobre, Art International Zurich torner\u00e0 al Kongresshaus di Zurigo, importante centro congressi sulle rive dell\u2019omonimo e famoso lago.\u00a0 L\u2019Art International Zurich, attivo dal 1999, \u00e8 diventato ormai un evento culturale fisso di Zurigo, per molti visitatori \u00e8 una data\u2026","rel":"","context":"In &quot;arte&quot;","block_context":{"text":"arte","link":"https:\/\/www.biancoscuro.it\/site\/category\/arte\/"},"img":{"alt_text":"","src":"https:\/\/i0.wp.com\/www.biancoscuro.it\/site\/wp-content\/uploads\/2022\/10\/Desbiolles-Orlinski-Kong.jpg?resize=350%2C200&ssl=1","width":350,"height":200,"srcset":"https:\/\/i0.wp.com\/www.biancoscuro.it\/site\/wp-content\/uploads\/2022\/10\/Desbiolles-Orlinski-Kong.jpg?resize=350%2C200&ssl=1 1x, https:\/\/i0.wp.com\/www.biancoscuro.it\/site\/wp-content\/uploads\/2022\/10\/Desbiolles-Orlinski-Kong.jpg?resize=525%2C300&ssl=1 1.5x, https:\/\/i0.wp.com\/www.biancoscuro.it\/site\/wp-content\/uploads\/2022\/10\/Desbiolles-Orlinski-Kong.jpg?resize=700%2C400&ssl=1 2x"},"classes":[]},{"id":9744,"url":"https:\/\/www.biancoscuro.it\/site\/paesaggi-darte-i-dieci-anni-della-land-art-al-furlo-al-macro-di-roma\/","url_meta":{"origin":18602,"position":4},"title":"PAESAGGI D\u2019ARTE: I dieci anni della Land Art al Furlo al MACRO di Roma","author":"Roberta Melasecca","date":"1 Ottobre 2019","format":false,"excerpt":"PAESAGGI D\u2019ARTE I dieci anni della Land Art al Furlo al MACRO di Roma 5 - 6 ottobre 2019 MACRO Museo d\u2019Arte Contemporanea | Via Nizza 138 - Roma In occasione dei dieci anni della Land Art al Furlo, la Casa degli Artisti di Sant\u2019Anna del Furlo, (Marche) presenta, al\u2026","rel":"","context":"In &quot;arte&quot;","block_context":{"text":"arte","link":"https:\/\/www.biancoscuro.it\/site\/category\/arte\/"},"img":{"alt_text":"","src":"https:\/\/i0.wp.com\/www.biancoscuro.it\/site\/wp-content\/uploads\/2019\/09\/land-art-10-anni.jpg?resize=350%2C200&ssl=1","width":350,"height":200,"srcset":"https:\/\/i0.wp.com\/www.biancoscuro.it\/site\/wp-content\/uploads\/2019\/09\/land-art-10-anni.jpg?resize=350%2C200&ssl=1 1x, https:\/\/i0.wp.com\/www.biancoscuro.it\/site\/wp-content\/uploads\/2019\/09\/land-art-10-anni.jpg?resize=525%2C300&ssl=1 1.5x, https:\/\/i0.wp.com\/www.biancoscuro.it\/site\/wp-content\/uploads\/2019\/09\/land-art-10-anni.jpg?resize=700%2C400&ssl=1 2x"},"classes":[]},{"id":14135,"url":"https:\/\/www.biancoscuro.it\/site\/anna-romanello-a-rebours-attraversamenti-di-memorie\/","url_meta":{"origin":18602,"position":5},"title":"Anna Romanello. \u00c0 REBOURS &#8211; Attraversamenti di memorie","author":"Roberta Melasecca","date":"28 Settembre 2022","format":false,"excerpt":"Dall\u201911 ottobre al 9 novembre 2022 l\u2019Istituto Italiano di Cultura di Parigi ospita la mostra di Anna Romanello \u201c\u00c0 Rebours Attraversamenti di memorie. Opere 2022-1985\u201d, a cura di Tiziana Musi. La mostra si avvale del patrocinio dell\u2019Istituto Italiano di Cultura di Parigi con la direzione di Diego Marani e del\u2026","rel":"","context":"In &quot;arte&quot;","block_context":{"text":"arte","link":"https:\/\/www.biancoscuro.it\/site\/category\/arte\/"},"img":{"alt_text":"","src":"https:\/\/i0.wp.com\/www.biancoscuro.it\/site\/wp-content\/uploads\/2022\/09\/IIC-ROMANELLO-INVITATION-copia.jpg?resize=350%2C200&ssl=1","width":350,"height":200,"srcset":"https:\/\/i0.wp.com\/www.biancoscuro.it\/site\/wp-content\/uploads\/2022\/09\/IIC-ROMANELLO-INVITATION-copia.jpg?resize=350%2C200&ssl=1 1x, https:\/\/i0.wp.com\/www.biancoscuro.it\/site\/wp-content\/uploads\/2022\/09\/IIC-ROMANELLO-INVITATION-copia.jpg?resize=525%2C300&ssl=1 1.5x, https:\/\/i0.wp.com\/www.biancoscuro.it\/site\/wp-content\/uploads\/2022\/09\/IIC-ROMANELLO-INVITATION-copia.jpg?resize=700%2C400&ssl=1 2x"},"classes":[]}],"_links":{"self":[{"href":"https:\/\/www.biancoscuro.it\/site\/wp-json\/wp\/v2\/posts\/18602","targetHints":{"allow":["GET"]}}],"collection":[{"href":"https:\/\/www.biancoscuro.it\/site\/wp-json\/wp\/v2\/posts"}],"about":[{"href":"https:\/\/www.biancoscuro.it\/site\/wp-json\/wp\/v2\/types\/post"}],"author":[{"embeddable":true,"href":"https:\/\/www.biancoscuro.it\/site\/wp-json\/wp\/v2\/users\/1067"}],"replies":[{"embeddable":true,"href":"https:\/\/www.biancoscuro.it\/site\/wp-json\/wp\/v2\/comments?post=18602"}],"version-history":[{"count":2,"href":"https:\/\/www.biancoscuro.it\/site\/wp-json\/wp\/v2\/posts\/18602\/revisions"}],"predecessor-version":[{"id":18607,"href":"https:\/\/www.biancoscuro.it\/site\/wp-json\/wp\/v2\/posts\/18602\/revisions\/18607"}],"wp:featuredmedia":[{"embeddable":true,"href":"https:\/\/www.biancoscuro.it\/site\/wp-json\/wp\/v2\/media\/18604"}],"wp:attachment":[{"href":"https:\/\/www.biancoscuro.it\/site\/wp-json\/wp\/v2\/media?parent=18602"}],"wp:term":[{"taxonomy":"category","embeddable":true,"href":"https:\/\/www.biancoscuro.it\/site\/wp-json\/wp\/v2\/categories?post=18602"},{"taxonomy":"post_tag","embeddable":true,"href":"https:\/\/www.biancoscuro.it\/site\/wp-json\/wp\/v2\/tags?post=18602"}],"curies":[{"name":"wp","href":"https:\/\/api.w.org\/{rel}","templated":true}]}}