{"id":18608,"date":"2025-06-19T09:42:36","date_gmt":"2025-06-19T07:42:36","guid":{"rendered":"https:\/\/www.biancoscuro.it\/site\/?p=18608"},"modified":"2025-06-20T11:57:32","modified_gmt":"2025-06-20T09:57:32","slug":"miart-2026-la-svolta-jazz","status":"publish","type":"post","link":"https:\/\/www.biancoscuro.it\/site\/miart-2026-la-svolta-jazz\/","title":{"rendered":"miart 2026: La Svolta Jazz"},"content":{"rendered":"<span class=\"span-reading-time rt-reading-time\" style=\"display: block;\"><span class=\"rt-label rt-prefix\">\u23f0 lettura <\/span> <span class=\"rt-time\"> 2<\/span> <span class=\"rt-label rt-postfix\">min. <br><br><\/span><\/span>\n<h5 class=\"wp-block-heading\"><em>Per la sua trentesima edizione, la fiera d&#8217;arte moderna e contemporanea di Milano si reinventa ispirandosi all&#8217;improvvisazione di Miles Davis e John Coltrane. Un cambio di pelle, di sede e di paradigma che promette di trasformare uno standard consolidato in un territorio di pura innovazione.<\/em><\/h5>\n\n\n\n<figure class=\"wp-block-image size-full\"><img loading=\"lazy\" decoding=\"async\" width=\"999\" height=\"749\" src=\"https:\/\/www.biancoscuro.it\/site\/wp-content\/uploads\/2025\/06\/miart_2026_nicola_ricciardi_IMG_2926.jpg\" alt=\"\" class=\"wp-image-18611\" srcset=\"https:\/\/www.biancoscuro.it\/site\/wp-content\/uploads\/2025\/06\/miart_2026_nicola_ricciardi_IMG_2926.jpg 999w, https:\/\/www.biancoscuro.it\/site\/wp-content\/uploads\/2025\/06\/miart_2026_nicola_ricciardi_IMG_2926-300x225.jpg 300w, https:\/\/www.biancoscuro.it\/site\/wp-content\/uploads\/2025\/06\/miart_2026_nicola_ricciardi_IMG_2926-768x576.jpg 768w\" sizes=\"auto, (max-width: 999px) 100vw, 999px\" \/><\/figure>\n\n\n\n<p><strong>Per la sua trentesima edizione, che si terr\u00e0 dal 17 al 19 aprile 2026<\/strong>, miart non si limita a celebrare un traguardo, ma sceglie la via della rottura visionaria. Abbracciando la lezione immortale di due giganti nati nel 1926, John Coltrane e Miles Davis, la kermesse milanese si appropria del linguaggio del jazz per orchestrare la propria metamorfosi.<\/p>\n\n\n\n<p>Il titolo dell&#8217;edizione 2026, <strong>New Directions<\/strong>, \u00e8 pi\u00f9 di un omaggio all&#8217;omonimo album di Coltrane del 1963; \u00e8 una dichiarazione d&#8217;intenti, un manifesto programmatico. <strong>Presentata il 19 giugno a Basilea<\/strong> durante Art Basel 2025, con il sostegno del MAECI e dell&#8217;Agenzia ICE, la nuova visione di miart, sotto la guida del direttore artistico <strong>Nicola Ricciardi<\/strong>, intende scardinare le metriche consuete. In un mercato dell&#8217;arte sempre pi\u00f9 fluido, che interroga i propri stessi sistemi tra tecnologie emergenti e nuovi modelli di collezionismo, la fiera milanese sente l&#8217;urgenza non solo di affermare la propria identit\u00e0 storica, ma di metterla in discussione, di suonarla in una chiave diversa.<\/p>\n\n\n\n<p>Il segno pi\u00f9 tangibile di questa evoluzione \u00e8 il trasloco. miart abbandona lo spazio consueto per insediarsi nella <strong>South Wing di Allianz MiCo<\/strong>, un&#8217;architettura dal respiro internazionale che si affaccia sul polmone verde e contemporaneo di CityLife. Non un semplice cambio di indirizzo, ma la scelta di una nuova partitura. Un padiglione su tre livelli che funge da pagina bianca, uno spazio fisico che simboleggia uno spazio mentale inedito, pronto ad accogliere una dialettica rinnovata tra sperimentazione e appartenenza, tra l&#8217;inesplorato e il riconoscibile.<\/p>\n\n\n\n<p>Il cuore pulsante della fiera non rinnega le sue fondamenta, ma le rilegge in un nuovo contrappunto. Le sezioni storiche, <strong>Emergent<\/strong> ed <strong>Established<\/strong>, sono confermate, ma poste in un dialogo ancora pi\u00f9 serrato, come due voci soliste che si rincorrono e si sfidano. Da un lato, la sezione curata da Attilia Fattori Franchini, <em>Emergent<\/em>, continua a essere la piattaforma per le gallerie che scommettono sul futuro, un&#8217;incubatrice di talenti e linguaggi audaci. Dall&#8217;altro, <em>Established<\/em> rappresenta la spina dorsale, con le grandi gallerie che, dal Moderno storico agli orizzonti pi\u00f9 attuali del contemporaneo, definiscono il canone del presente.<\/p>\n\n\n\n<p>Queste due colonne portanti diventano la base solida da cui spiccare il volo verso esplorazioni pi\u00f9 ardite. La direzione artistica annuncia infatti l&#8217;arrivo di <strong>progetti curatoriali inediti<\/strong>, che verranno svelati nei prossimi mesi e che promettono di arricchire l&#8217;offerta con innesti originali, pensati per sorprendere tanto il collezionista esigente quanto il pubblico internazionale.<\/p>\n\n\n\n<p>Come in una session jazz, dove l&#8217;armonia nasce dal dialogo tra strumenti diversi, miart 2026 amplificher\u00e0 la sua vocazione collaborativa. Il ciclo <em>Talks Among Friends<\/em>, inaugurato con successo nella scorsa edizione, si evolver\u00e0 in un dialogo ancora pi\u00f9 capillare e anticipato con le istituzioni culturali della citt\u00e0, creando un crescendo di attesa e di contenuti che andr\u00e0 oltre il perimetro fisico della fiera.<\/p>\n\n\n\n<p><strong>miart 2026 si preannuncia come un&#8217;esperienza da vivere<\/strong>. Una fiera che, dopo trent&#8217;anni, dimostra di avere la capacit\u00e0 di mettersi in gioco e <strong>cambiare tempo, per continuare a interpretare il proprio<\/strong>.<\/p>\n\n\n\n<figure class=\"wp-block-image size-full\"><img loading=\"lazy\" decoding=\"async\" width=\"999\" height=\"749\" src=\"https:\/\/www.biancoscuro.it\/site\/wp-content\/uploads\/2025\/06\/miart_2026_IMG_2938.jpg\" alt=\"\" class=\"wp-image-18609\" srcset=\"https:\/\/www.biancoscuro.it\/site\/wp-content\/uploads\/2025\/06\/miart_2026_IMG_2938.jpg 999w, https:\/\/www.biancoscuro.it\/site\/wp-content\/uploads\/2025\/06\/miart_2026_IMG_2938-300x225.jpg 300w, https:\/\/www.biancoscuro.it\/site\/wp-content\/uploads\/2025\/06\/miart_2026_IMG_2938-768x576.jpg 768w\" sizes=\"auto, (max-width: 999px) 100vw, 999px\" \/><\/figure>\n","protected":false},"excerpt":{"rendered":"<p><span class=\"span-reading-time rt-reading-time\" style=\"display: block;\"><span class=\"rt-label rt-prefix\">\u23f0 lettura <\/span> <span class=\"rt-time\"> 2<\/span> <span class=\"rt-label rt-postfix\">min. <\/p>\n<p><\/span><\/span>Per la sua trentesima edizione, la fiera d&#8217;arte moderna e contemporanea di Milano si reinventa ispirandosi all&#8217;improvvisazione di Miles Davis e John Coltrane. Un cambio di pelle, di sede e di paradigma che promette di trasformare uno standard consolidato in un territorio di pura innovazione. Per la sua trentesima edizione, che si terr\u00e0 dal 17&hellip;&nbsp;<a href=\"https:\/\/www.biancoscuro.it\/site\/miart-2026-la-svolta-jazz\/\" rel=\"bookmark\">Leggi tutto &raquo;<span class=\"screen-reader-text\">miart 2026: La Svolta Jazz<\/span><\/a><\/p>\n","protected":false},"author":909,"featured_media":18610,"comment_status":"closed","ping_status":"closed","sticky":false,"template":"","format":"standard","meta":{"neve_meta_sidebar":"","neve_meta_container":"","neve_meta_enable_content_width":"","neve_meta_content_width":0,"neve_meta_title_alignment":"","neve_meta_author_avatar":"","neve_post_elements_order":"","neve_meta_disable_header":"","neve_meta_disable_footer":"","neve_meta_disable_title":"","advanced_seo_description":"","jetpack_seo_html_title":"","jetpack_seo_noindex":false,"footnotes":""},"categories":[26],"tags":[2731,2732,1131,2727,464,2728,2628,2730,2729],"class_list":["post-18608","post","type-post","status-publish","format-standard","has-post-thumbnail","hentry","category-eventi","tag-emergent","tag-established","tag-miart","tag-miart-2026","tag-milano","tag-new-directions","tag-nicola-ricciardi","tag-progetti-curatoriali-inediti","tag-south-wing-di-allianz-mico"],"jetpack_featured_media_url":"https:\/\/www.biancoscuro.it\/site\/wp-content\/uploads\/2025\/06\/miart_2026_nicola_ricciardi_IMG_2928.jpg","jetpack_sharing_enabled":true,"jetpack-related-posts":[{"id":18247,"url":"https:\/\/www.biancoscuro.it\/site\/miart-presenta-talks-among-friends\/","url_meta":{"origin":18608,"position":0},"title":"miart Presenta &#8220;Talks Among Friends&#8221;","author":"Redazione BIANCOSCURO","date":"12 Marzo 2025","format":false,"excerpt":"Milano - miart, la fiera internazionale d'arte moderna e contemporanea organizzata da Fiera Milano, lancia \"Talks Among Friends\", un ciclo di conversazioni che esplorano il profondo legame tra arte, amicizia e le dinamiche collaborative che spesso plasmano il processo creativo. miart 2024 \u00a9 Ph. Nicola Gnesi Studio Realizzato in collaborazione\u2026","rel":"","context":"In &quot;arte&quot;","block_context":{"text":"arte","link":"https:\/\/www.biancoscuro.it\/site\/category\/arte\/"},"img":{"alt_text":"","src":"https:\/\/i0.wp.com\/www.biancoscuro.it\/site\/wp-content\/uploads\/2025\/03\/1003_miart-2024_ph.-Nicola-Gnesi-Studio.jpg?resize=350%2C200&ssl=1","width":350,"height":200,"srcset":"https:\/\/i0.wp.com\/www.biancoscuro.it\/site\/wp-content\/uploads\/2025\/03\/1003_miart-2024_ph.-Nicola-Gnesi-Studio.jpg?resize=350%2C200&ssl=1 1x, https:\/\/i0.wp.com\/www.biancoscuro.it\/site\/wp-content\/uploads\/2025\/03\/1003_miart-2024_ph.-Nicola-Gnesi-Studio.jpg?resize=525%2C300&ssl=1 1.5x, https:\/\/i0.wp.com\/www.biancoscuro.it\/site\/wp-content\/uploads\/2025\/03\/1003_miart-2024_ph.-Nicola-Gnesi-Studio.jpg?resize=700%2C400&ssl=1 2x"},"classes":[]},{"id":10816,"url":"https:\/\/www.biancoscuro.it\/site\/miart-in-digitale-per-il-2020\/","url_meta":{"origin":18608,"position":1},"title":"miart in digitale per il 2020","author":"Redazione BIANCOSCURO","date":"3 Luglio 2020","format":false,"excerpt":"La fiera d\u2019arte milanese posticipata al 2021 miart, la fiera internazionale d\u2019arte moderna e contemporanea di Milano, si terr\u00e0 in digitale dal 10 al 13 settembre 2020 in un appuntamento nuovo e in attesa dell\u2019edizione 2021 che sar\u00e0 sia fisica che online. Quella di settembre sar\u00e0 un\u2019occasione di incontro virtuale\u2026","rel":"","context":"In &quot;arte&quot;","block_context":{"text":"arte","link":"https:\/\/www.biancoscuro.it\/site\/category\/arte\/"},"img":{"alt_text":"","src":"https:\/\/i0.wp.com\/www.biancoscuro.it\/site\/wp-content\/uploads\/2020\/07\/miart-cattelan.jpg?resize=350%2C200&ssl=1","width":350,"height":200,"srcset":"https:\/\/i0.wp.com\/www.biancoscuro.it\/site\/wp-content\/uploads\/2020\/07\/miart-cattelan.jpg?resize=350%2C200&ssl=1 1x, https:\/\/i0.wp.com\/www.biancoscuro.it\/site\/wp-content\/uploads\/2020\/07\/miart-cattelan.jpg?resize=525%2C300&ssl=1 1.5x, https:\/\/i0.wp.com\/www.biancoscuro.it\/site\/wp-content\/uploads\/2020\/07\/miart-cattelan.jpg?resize=700%2C400&ssl=1 2x"},"classes":[]},{"id":8961,"url":"https:\/\/www.biancoscuro.it\/site\/miart-2019-abbi-cara-ogni-cosa\/","url_meta":{"origin":18608,"position":2},"title":"miart 2019: abbi cara ogni cosa","author":"Vincenzo Chetta","date":"3 Aprile 2019","format":false,"excerpt":"La 24\u00aa edizione a fieramilanocity dal 5 al 7 aprile miart 2018 L\u2019edizione 2019 del miart adotta il verso \u201cAbbi cara ogni cosa\u201d, dal poema \u201cHold Everything Dear\u201d di Gareth Evans e invita i visitatori a far proprio il gesto di attenzione con cui l\u2019arte custodisce la realt\u00e0 nel momento\u2026","rel":"","context":"In &quot;arte&quot;","block_context":{"text":"arte","link":"https:\/\/www.biancoscuro.it\/site\/category\/arte\/"},"img":{"alt_text":"","src":"https:\/\/i0.wp.com\/www.biancoscuro.it\/site\/wp-content\/uploads\/2019\/04\/KEV3775top.jpg?resize=350%2C200&ssl=1","width":350,"height":200,"srcset":"https:\/\/i0.wp.com\/www.biancoscuro.it\/site\/wp-content\/uploads\/2019\/04\/KEV3775top.jpg?resize=350%2C200&ssl=1 1x, https:\/\/i0.wp.com\/www.biancoscuro.it\/site\/wp-content\/uploads\/2019\/04\/KEV3775top.jpg?resize=525%2C300&ssl=1 1.5x, https:\/\/i0.wp.com\/www.biancoscuro.it\/site\/wp-content\/uploads\/2019\/04\/KEV3775top.jpg?resize=700%2C400&ssl=1 2x, https:\/\/i0.wp.com\/www.biancoscuro.it\/site\/wp-content\/uploads\/2019\/04\/KEV3775top.jpg?resize=1050%2C600&ssl=1 3x, https:\/\/i0.wp.com\/www.biancoscuro.it\/site\/wp-content\/uploads\/2019\/04\/KEV3775top.jpg?resize=1400%2C800&ssl=1 4x"},"classes":[]},{"id":7128,"url":"https:\/\/www.biancoscuro.it\/site\/miart-2018-qualita-e-rigore-per-una-crescita-continua\/","url_meta":{"origin":18608,"position":3},"title":"miart 2018, qualit\u00e0 e rigore per una crescita continua","author":"Redazione BIANCOSCURO","date":"18 Aprile 2018","format":false,"excerpt":"L'edizione 2018 si \u00e8 conclusa portando importanti vendite e un incremento di presenze da tutto il mondo Gi\u00e0 fissato, dal 5 al 7 aprile 2019, l'appuntamento per la 24\u00aa edizione! \u00a0 Conclusa domenica 15 aprile la ventitreesima edizione di miart, art fair meneghina organizzata da\u00a0Fiera Milano\u00a0e diretta per il secondo\u2026","rel":"","context":"In &quot;arte&quot;","block_context":{"text":"arte","link":"https:\/\/www.biancoscuro.it\/site\/category\/arte\/"},"img":{"alt_text":"","src":"https:\/\/i0.wp.com\/www.biancoscuro.it\/site\/wp-content\/uploads\/2018\/04\/TOP_KEV3833l.jpg?resize=350%2C200&ssl=1","width":350,"height":200,"srcset":"https:\/\/i0.wp.com\/www.biancoscuro.it\/site\/wp-content\/uploads\/2018\/04\/TOP_KEV3833l.jpg?resize=350%2C200&ssl=1 1x, https:\/\/i0.wp.com\/www.biancoscuro.it\/site\/wp-content\/uploads\/2018\/04\/TOP_KEV3833l.jpg?resize=525%2C300&ssl=1 1.5x, https:\/\/i0.wp.com\/www.biancoscuro.it\/site\/wp-content\/uploads\/2018\/04\/TOP_KEV3833l.jpg?resize=700%2C400&ssl=1 2x, https:\/\/i0.wp.com\/www.biancoscuro.it\/site\/wp-content\/uploads\/2018\/04\/TOP_KEV3833l.jpg?resize=1050%2C600&ssl=1 3x, https:\/\/i0.wp.com\/www.biancoscuro.it\/site\/wp-content\/uploads\/2018\/04\/TOP_KEV3833l.jpg?resize=1400%2C800&ssl=1 4x"},"classes":[]},{"id":7083,"url":"https:\/\/www.biancoscuro.it\/site\/miart-2018-il-presente-ha-molte-storie\/","url_meta":{"origin":18608,"position":4},"title":"miart 2018: il presente ha molte storie","author":"Redazione BIANCOSCURO","date":"13 Aprile 2018","format":false,"excerpt":"Inaugurata la ventitreesima edizione.\u00a0A fieramilanocity dal 13 al 15 aprile\u00a0miart ospiter\u00e0 186 gallerie da 19 paesi e 4 continenti. 7 premi e un fondo di acquisizioni da 100.000 euro.\u00a0Oltre 60 curatori, direttori di museo e personalit\u00e0 da tutto il mondo coinvolti nelle sezioni della fiera, nelle giurie dei premi e\u2026","rel":"","context":"In &quot;arte&quot;","block_context":{"text":"arte","link":"https:\/\/www.biancoscuro.it\/site\/category\/arte\/"},"img":{"alt_text":"","src":"https:\/\/i0.wp.com\/www.biancoscuro.it\/site\/wp-content\/uploads\/2018\/04\/a_KEV3747.jpg?resize=350%2C200&ssl=1","width":350,"height":200,"srcset":"https:\/\/i0.wp.com\/www.biancoscuro.it\/site\/wp-content\/uploads\/2018\/04\/a_KEV3747.jpg?resize=350%2C200&ssl=1 1x, https:\/\/i0.wp.com\/www.biancoscuro.it\/site\/wp-content\/uploads\/2018\/04\/a_KEV3747.jpg?resize=525%2C300&ssl=1 1.5x, https:\/\/i0.wp.com\/www.biancoscuro.it\/site\/wp-content\/uploads\/2018\/04\/a_KEV3747.jpg?resize=700%2C400&ssl=1 2x"},"classes":[]},{"id":18353,"url":"https:\/\/www.biancoscuro.it\/site\/miart-2025-vip-preview\/","url_meta":{"origin":18608,"position":5},"title":"miart 2025 Vip Preview [VIDEO]","author":"Redazione BIANCOSCURO","date":"6 Aprile 2025","format":false,"excerpt":"miart 2025 Vip Preview - Art Tour a cura di BIANCOSCURO - Walkthrough & Highlights - 4K https:\/\/www.youtube.com\/watch?v=wGrax0dyDDY&list=PLZebC_Dj3MK6jcZgRaq3GhldGWO0kUZH5&index=1&t=557s BIANCOSCURO vi porta in un ART TOUR alla scoperta del miart 2025, dal 4 al 6 aprile (VIP preview il 3 aprile) all'Allianz MiCo Central in viale Scarampo, Milano. Guardate il video\u2026","rel":"","context":"In &quot;arte&quot;","block_context":{"text":"arte","link":"https:\/\/www.biancoscuro.it\/site\/category\/arte\/"},"img":{"alt_text":"","src":"https:\/\/i0.wp.com\/www.biancoscuro.it\/site\/wp-content\/uploads\/2025\/04\/Copertina_miart_2025_Art-Tour_BIANCOSCURO_Walktrough-sobria.jpg?resize=350%2C200&ssl=1","width":350,"height":200,"srcset":"https:\/\/i0.wp.com\/www.biancoscuro.it\/site\/wp-content\/uploads\/2025\/04\/Copertina_miart_2025_Art-Tour_BIANCOSCURO_Walktrough-sobria.jpg?resize=350%2C200&ssl=1 1x, https:\/\/i0.wp.com\/www.biancoscuro.it\/site\/wp-content\/uploads\/2025\/04\/Copertina_miart_2025_Art-Tour_BIANCOSCURO_Walktrough-sobria.jpg?resize=525%2C300&ssl=1 1.5x"},"classes":[]}],"_links":{"self":[{"href":"https:\/\/www.biancoscuro.it\/site\/wp-json\/wp\/v2\/posts\/18608","targetHints":{"allow":["GET"]}}],"collection":[{"href":"https:\/\/www.biancoscuro.it\/site\/wp-json\/wp\/v2\/posts"}],"about":[{"href":"https:\/\/www.biancoscuro.it\/site\/wp-json\/wp\/v2\/types\/post"}],"author":[{"embeddable":true,"href":"https:\/\/www.biancoscuro.it\/site\/wp-json\/wp\/v2\/users\/909"}],"replies":[{"embeddable":true,"href":"https:\/\/www.biancoscuro.it\/site\/wp-json\/wp\/v2\/comments?post=18608"}],"version-history":[{"count":3,"href":"https:\/\/www.biancoscuro.it\/site\/wp-json\/wp\/v2\/posts\/18608\/revisions"}],"predecessor-version":[{"id":18615,"href":"https:\/\/www.biancoscuro.it\/site\/wp-json\/wp\/v2\/posts\/18608\/revisions\/18615"}],"wp:featuredmedia":[{"embeddable":true,"href":"https:\/\/www.biancoscuro.it\/site\/wp-json\/wp\/v2\/media\/18610"}],"wp:attachment":[{"href":"https:\/\/www.biancoscuro.it\/site\/wp-json\/wp\/v2\/media?parent=18608"}],"wp:term":[{"taxonomy":"category","embeddable":true,"href":"https:\/\/www.biancoscuro.it\/site\/wp-json\/wp\/v2\/categories?post=18608"},{"taxonomy":"post_tag","embeddable":true,"href":"https:\/\/www.biancoscuro.it\/site\/wp-json\/wp\/v2\/tags?post=18608"}],"curies":[{"name":"wp","href":"https:\/\/api.w.org\/{rel}","templated":true}]}}