{"id":18676,"date":"2025-07-11T22:18:49","date_gmt":"2025-07-11T20:18:49","guid":{"rendered":"https:\/\/www.biancoscuro.it\/site\/?p=18676"},"modified":"2025-07-11T22:18:50","modified_gmt":"2025-07-11T20:18:50","slug":"art-monte-carlo-art-tour-video","status":"publish","type":"post","link":"https:\/\/www.biancoscuro.it\/site\/art-monte-carlo-art-tour-video\/","title":{"rendered":"Art MONTE-CARLO &#8211; Art Tour [VIDEO]"},"content":{"rendered":"<span class=\"span-reading-time rt-reading-time\" style=\"display: block;\"><span class=\"rt-label rt-prefix\">\u23f0 lettura <\/span> <span class=\"rt-time\"> &lt; 1<\/span> <span class=\"rt-label rt-postfix\">min. <br><br><\/span><\/span>\n<h3 class=\"wp-block-heading\">Un&#8217;esplorazione in 4K di Art Monte-Carlo durante la Vip Preview, guidata dall&#8217;occhio esperto di BIANCOSCURO Art Magazine.<\/h3>\n\n\n\n<p>Se ti sei perso Art Monte-Carlo non temere&#8230; puoi ancora recuperare. A guidarci in un itinerario esclusivo attraverso le straordinarie opere \u00e8 <strong>BIANCOSCURO<\/strong>, che con il suo format &#8220;Art Tour&#8221; offre al pubblico un&#8217;esperienza digitale di notevole qualit\u00e0, un vero e proprio <strong><em>walkthrough<\/em> in 4K.<\/strong><\/p>\n\n\n\n<p>Un&#8217;opportunit\u00e0 di esplorare le gallerie presenti: 193 Gallery, Almine Rech, Clav\u00e9 Fine Art, Cortesi Gallery, Galerie Georges-Philippe et Nathalie Vallois, Galerie Suzanne Tarasi\u00e8ve, Galleria Continua, Galleria Franco Noero, Gian Enzo Sperone, In Situ &#8211; fabienne leclerc, Mennour, M.F. Toninelli Art Moderne, Moretti Fine Art, Opera Gallery, Robilant+Voena, S\u00e9bastien Bertrand, Semiose, Van de Weghe, Van Horn, Vedovi Gallery, Waddington Custot.<\/p>\n\n\n\n<p> e molti altri&#8230; il tutto attraverso, <strong>attraverso la lente privilegiata<\/strong> offerta da <strong>BIANCOSCURO<\/strong>.<\/p>\n\n\n\n<figure class=\"wp-block-embed is-type-video is-provider-youtube wp-block-embed-youtube wp-embed-aspect-16-9 wp-has-aspect-ratio\"><div class=\"wp-block-embed__wrapper\">\n<div class=\"nv-iframe-embed\"><iframe loading=\"lazy\" title=\"Art Monte-Carlo 2025  Vip Preview - Art Tour  a cura di BIANCOSCURO - Walkthrough &amp; Highlights - 4K\" width=\"1200\" height=\"675\" src=\"https:\/\/www.youtube.com\/embed\/IwCKqLpayw0?feature=oembed\" frameborder=\"0\" allow=\"accelerometer; autoplay; clipboard-write; encrypted-media; gyroscope; picture-in-picture; web-share\" referrerpolicy=\"strict-origin-when-cross-origin\" allowfullscreen><\/iframe><\/div>\n<\/div><\/figure>\n\n\n\n<p><strong>&#x1f60e; SUPPORTA IL CANALE: Entra nel Club YouTube <a href=\"https:\/\/www.youtube.com\/@biancoscuro\">\u202a@biancoscuro\u202c<\/a><\/strong><\/p>\n","protected":false},"excerpt":{"rendered":"<p><span class=\"span-reading-time rt-reading-time\" style=\"display: block;\"><span class=\"rt-label rt-prefix\">\u23f0 lettura <\/span> <span class=\"rt-time\"> &lt; 1<\/span> <span class=\"rt-label rt-postfix\">min. <\/p>\n<p><\/span><\/span>Un&#8217;esplorazione in 4K di Art Monte-Carlo durante la Vip Preview, guidata dall&#8217;occhio esperto di BIANCOSCURO Art Magazine. Se ti sei perso Art Monte-Carlo non temere&#8230; puoi ancora recuperare. A guidarci in un itinerario esclusivo attraverso le straordinarie opere \u00e8 BIANCOSCURO, che con il suo format &#8220;Art Tour&#8221; offre al pubblico un&#8217;esperienza digitale di notevole qualit\u00e0,&hellip;&nbsp;<a href=\"https:\/\/www.biancoscuro.it\/site\/art-monte-carlo-art-tour-video\/\" rel=\"bookmark\">Leggi tutto &raquo;<span class=\"screen-reader-text\">Art MONTE-CARLO &#8211; Art Tour [VIDEO]<\/span><\/a><\/p>\n","protected":false},"author":1,"featured_media":18677,"comment_status":"closed","ping_status":"closed","sticky":false,"template":"","format":"standard","meta":{"neve_meta_sidebar":"","neve_meta_container":"","neve_meta_enable_content_width":"","neve_meta_content_width":0,"neve_meta_title_alignment":"","neve_meta_author_avatar":"","neve_post_elements_order":"","neve_meta_disable_header":"","neve_meta_disable_footer":"","neve_meta_disable_title":"","advanced_seo_description":"","jetpack_seo_html_title":"","jetpack_seo_noindex":false,"footnotes":""},"categories":[2712,5,9],"tags":[2744,2743,2758,2654,449,39,2694,2741,2720,2714,2740,2512,2739,2746,703,705,2747,2685,2755,2717,2751,2756,361,2752,68,2715,2754,2753,2745,2748,2678,2742,2749,2750,2682,2757,2677],"class_list":["post-18676","post","type-post","status-publish","format-standard","has-post-thumbnail","hentry","category-art-tour","category-arte","category-video","tag-193-gallery","tag-almine-rech","tag-art-montecarlo","tag-art-tour","tag-arte","tag-biancoscuro","tag-biancoscuro-mag","tag-clave-fine-art","tag-contemporary-art-painting","tag-contemporary-artists","tag-cortesi-gallery","tag-esposizione","tag-galerie-georges-philippe-et-nathalie-vallois","tag-galerie-suzanne-tarasieve","tag-galleria-continua","tag-galleria-franco-noero","tag-gian-enzo-sperone","tag-highlights","tag-in-situ-fabienne-leclerc","tag-installazioni-artistiche","tag-m-f-toninelli-art-moderne","tag-mennour","tag-michelangelo-pistoletto","tag-moretti-fine-art","tag-mostra","tag-mostre-darte","tag-opera-gallery","tag-robilantvoena","tag-sebastien-bertrand","tag-semiose","tag-tour","tag-van-de-weghe","tag-van-horn","tag-vedovi-gallery","tag-video-tour","tag-waddington-custot","tag-walkthrough"],"jetpack_featured_media_url":"https:\/\/www.biancoscuro.it\/site\/wp-content\/uploads\/2025\/07\/Art-MONTE-CARLO-Art-Tour-VIDEO.jpg","jetpack_sharing_enabled":true,"jetpack-related-posts":[{"id":18639,"url":"https:\/\/www.biancoscuro.it\/site\/art-basel-unlimited-art-tour-video\/","url_meta":{"origin":18676,"position":0},"title":"Art Basel &#8211; Unlimited &#8211; Art Tour [VIDEO]","author":"Redazione BIANCOSCURO","date":"23 Giugno 2025","format":false,"excerpt":"Un'esplorazione in 4K di Art Basel UNLIMITED, la sezione dedicata alle opere MONUMENTALI, guidata dall'occhio esperto di BIANCOSCURO Art Magazine. Art Basel in Basel si \u00e8 da poco conclusa, se te la sei persa non temere... puoi ancora recuperare. A guidarci in un itinerario esclusivo attraverso le gigantesche opere \u00e8\u2026","rel":"","context":"In &quot;Art Tour&quot;","block_context":{"text":"Art Tour","link":"https:\/\/www.biancoscuro.it\/site\/category\/art-tour\/"},"img":{"alt_text":"","src":"https:\/\/i0.wp.com\/www.biancoscuro.it\/site\/wp-content\/uploads\/2025\/06\/ArtBaselUNLIMITED25-IMG_2516SITO.jpg?resize=350%2C200&ssl=1","width":350,"height":200,"srcset":"https:\/\/i0.wp.com\/www.biancoscuro.it\/site\/wp-content\/uploads\/2025\/06\/ArtBaselUNLIMITED25-IMG_2516SITO.jpg?resize=350%2C200&ssl=1 1x, https:\/\/i0.wp.com\/www.biancoscuro.it\/site\/wp-content\/uploads\/2025\/06\/ArtBaselUNLIMITED25-IMG_2516SITO.jpg?resize=525%2C300&ssl=1 1.5x, https:\/\/i0.wp.com\/www.biancoscuro.it\/site\/wp-content\/uploads\/2025\/06\/ArtBaselUNLIMITED25-IMG_2516SITO.jpg?resize=700%2C400&ssl=1 2x"},"classes":[]},{"id":18582,"url":"https:\/\/www.biancoscuro.it\/site\/mattia-consonni-musica-per-gli-occhi-art-tour-video\/","url_meta":{"origin":18676,"position":1},"title":"Mattia Consonni &#8211; Musica per gli Occhi &#8211; Art Tour [VIDEO]","author":"Redazione BIANCOSCURO","date":"4 Giugno 2025","format":false,"excerpt":"Un'esplorazione in 4K della mostra \"Musica per gli Occhi\", tra percezione cromatica e risonanze interiori, guidata dall'occhio esperto di BIANCOSCURO Art Magazine. Il panorama contemporaneo si arricchisce di una nuova, prospettiva grazie alla personale di Mattia Consonni, \"Musica per gli Occhi\", allestita nella prestigiosa cornice del Castello Sforzesco di Vigevano.\u2026","rel":"","context":"In &quot;Art Tour&quot;","block_context":{"text":"Art Tour","link":"https:\/\/www.biancoscuro.it\/site\/category\/art-tour\/"},"img":{"alt_text":"","src":"https:\/\/i0.wp.com\/www.biancoscuro.it\/site\/wp-content\/uploads\/2025\/06\/Copertina_Mattia-Consonni-Musica-per-gli-Occhi_Art-Tour_BIANCOSCURO_Walktrough-Highlights-4K-Schermata-2025-05-31-alle-10.34.28.jpg?resize=350%2C200&ssl=1","width":350,"height":200,"srcset":"https:\/\/i0.wp.com\/www.biancoscuro.it\/site\/wp-content\/uploads\/2025\/06\/Copertina_Mattia-Consonni-Musica-per-gli-Occhi_Art-Tour_BIANCOSCURO_Walktrough-Highlights-4K-Schermata-2025-05-31-alle-10.34.28.jpg?resize=350%2C200&ssl=1 1x, https:\/\/i0.wp.com\/www.biancoscuro.it\/site\/wp-content\/uploads\/2025\/06\/Copertina_Mattia-Consonni-Musica-per-gli-Occhi_Art-Tour_BIANCOSCURO_Walktrough-Highlights-4K-Schermata-2025-05-31-alle-10.34.28.jpg?resize=525%2C300&ssl=1 1.5x, https:\/\/i0.wp.com\/www.biancoscuro.it\/site\/wp-content\/uploads\/2025\/06\/Copertina_Mattia-Consonni-Musica-per-gli-Occhi_Art-Tour_BIANCOSCURO_Walktrough-Highlights-4K-Schermata-2025-05-31-alle-10.34.28.jpg?resize=700%2C400&ssl=1 2x"},"classes":[]},{"id":18390,"url":"https:\/\/www.biancoscuro.it\/site\/paviart-2025-art-tour-video\/","url_meta":{"origin":18676,"position":2},"title":"PaviArt 2025 Art Tour [VIDEO]","author":"Redazione BIANCOSCURO","date":"22 Aprile 2025","format":false,"excerpt":"PaviArt 2025 - Art Tour a cura di BIANCOSCURO - Walkthrough & Highlights - 4K https:\/\/www.youtube.com\/watch?v=kcfr5IHEL-o&list=PLZebC_Dj3MK6jcZgRaq3GhldGWO0kUZH5&index=3 BIANCOSCURO vi porta in un ART TOUR alla scoperta del PaviArt 2025 al Palazzo delle Esposizioni di Pavia. Guardate il video fino in fondo per vedere opere d'arte straordinarie e gallerie eccezionali. \ud83d\ude0e SUPPORTA\u2026","rel":"","context":"In &quot;arte&quot;","block_context":{"text":"arte","link":"https:\/\/www.biancoscuro.it\/site\/category\/arte\/"},"img":{"alt_text":"","src":"https:\/\/i0.wp.com\/www.biancoscuro.it\/site\/wp-content\/uploads\/2025\/04\/Copertina_paviart_2025_Art-Tour_BIANCOSCURO_Walktrough-LOW.jpg?resize=350%2C200&ssl=1","width":350,"height":200,"srcset":"https:\/\/i0.wp.com\/www.biancoscuro.it\/site\/wp-content\/uploads\/2025\/04\/Copertina_paviart_2025_Art-Tour_BIANCOSCURO_Walktrough-LOW.jpg?resize=350%2C200&ssl=1 1x, https:\/\/i0.wp.com\/www.biancoscuro.it\/site\/wp-content\/uploads\/2025\/04\/Copertina_paviart_2025_Art-Tour_BIANCOSCURO_Walktrough-LOW.jpg?resize=525%2C300&ssl=1 1.5x, https:\/\/i0.wp.com\/www.biancoscuro.it\/site\/wp-content\/uploads\/2025\/04\/Copertina_paviart_2025_Art-Tour_BIANCOSCURO_Walktrough-LOW.jpg?resize=700%2C400&ssl=1 2x"},"classes":[]},{"id":18506,"url":"https:\/\/www.biancoscuro.it\/site\/milano-scultura-2025-art-tour-video\/","url_meta":{"origin":18676,"position":3},"title":"MILANO SCULTURA 2025 Art Tour [VIDEO]","author":"Redazione BIANCOSCURO","date":"24 Maggio 2025","format":false,"excerpt":"Immersione Digitale nell'Eccellenza Plastica Contemporanea attraverso l'Obiettivo di BIANCOSCURO Nel panorama effervescente dell'arte contemporanea, Milano Scultura 2025 si conferma appuntamento imprescindibile per tastare il polso della creativit\u00e0 tridimensionale. Quest'anno, la storica cornice di Villa Bagatti Valsecchi a Varedo si \u00e8 nuovamente trasformata in un palcoscenico d'elezione per le pi\u00f9 recenti\u2026","rel":"","context":"In &quot;arte&quot;","block_context":{"text":"arte","link":"https:\/\/www.biancoscuro.it\/site\/category\/arte\/"},"img":{"alt_text":"","src":"https:\/\/i0.wp.com\/www.biancoscuro.it\/site\/wp-content\/uploads\/2025\/05\/Milano-Scultura-Art-Fair-2025-Art-Tour-a-cura-di-BIANCOSCURO-Walkthrough-Highlights-4blow.jpg?resize=350%2C200&ssl=1","width":350,"height":200,"srcset":"https:\/\/i0.wp.com\/www.biancoscuro.it\/site\/wp-content\/uploads\/2025\/05\/Milano-Scultura-Art-Fair-2025-Art-Tour-a-cura-di-BIANCOSCURO-Walkthrough-Highlights-4blow.jpg?resize=350%2C200&ssl=1 1x, https:\/\/i0.wp.com\/www.biancoscuro.it\/site\/wp-content\/uploads\/2025\/05\/Milano-Scultura-Art-Fair-2025-Art-Tour-a-cura-di-BIANCOSCURO-Walkthrough-Highlights-4blow.jpg?resize=525%2C300&ssl=1 1.5x, https:\/\/i0.wp.com\/www.biancoscuro.it\/site\/wp-content\/uploads\/2025\/05\/Milano-Scultura-Art-Fair-2025-Art-Tour-a-cura-di-BIANCOSCURO-Walkthrough-Highlights-4blow.jpg?resize=700%2C400&ssl=1 2x"},"classes":[]},{"id":18470,"url":"https:\/\/www.biancoscuro.it\/site\/art3f-milano-2025-art-tour-video\/","url_meta":{"origin":18676,"position":4},"title":"Art3F Milano 2025 Art Tour [VIDEO]","author":"Redazione BIANCOSCURO","date":"6 Maggio 2025","format":false,"excerpt":"Art3F Milano 2025 - Art Tour a cura di BIANCOSCURO - Walkthrough & Highlights - 4K BIANCOSCURO vi porta in un ART TOUR alla scoperta di Art3F Milano 2025 ospitata negli spazi suggestivi del Parco Esposizioni Novegro - Milano. \ud83d\ude0e SUPPORTA IL CANALE: Entra nel Club \u202a@biancoscuro\u202c","rel":"","context":"In &quot;arte&quot;","block_context":{"text":"arte","link":"https:\/\/www.biancoscuro.it\/site\/category\/arte\/"},"img":{"alt_text":"","src":"https:\/\/i0.wp.com\/www.biancoscuro.it\/site\/wp-content\/uploads\/2025\/05\/Copertina_ART3F-MILANO_2025_Art-Tour_BIANCOSCURO_WalktroughV1LOW.jpg?resize=350%2C200&ssl=1","width":350,"height":200,"srcset":"https:\/\/i0.wp.com\/www.biancoscuro.it\/site\/wp-content\/uploads\/2025\/05\/Copertina_ART3F-MILANO_2025_Art-Tour_BIANCOSCURO_WalktroughV1LOW.jpg?resize=350%2C200&ssl=1 1x, https:\/\/i0.wp.com\/www.biancoscuro.it\/site\/wp-content\/uploads\/2025\/05\/Copertina_ART3F-MILANO_2025_Art-Tour_BIANCOSCURO_WalktroughV1LOW.jpg?resize=525%2C300&ssl=1 1.5x, https:\/\/i0.wp.com\/www.biancoscuro.it\/site\/wp-content\/uploads\/2025\/05\/Copertina_ART3F-MILANO_2025_Art-Tour_BIANCOSCURO_WalktroughV1LOW.jpg?resize=700%2C400&ssl=1 2x"},"classes":[]},{"id":18353,"url":"https:\/\/www.biancoscuro.it\/site\/miart-2025-vip-preview\/","url_meta":{"origin":18676,"position":5},"title":"miart 2025 Vip Preview [VIDEO]","author":"Redazione BIANCOSCURO","date":"6 Aprile 2025","format":false,"excerpt":"miart 2025 Vip Preview - Art Tour a cura di BIANCOSCURO - Walkthrough & Highlights - 4K https:\/\/www.youtube.com\/watch?v=wGrax0dyDDY&list=PLZebC_Dj3MK6jcZgRaq3GhldGWO0kUZH5&index=1&t=557s BIANCOSCURO vi porta in un ART TOUR alla scoperta del miart 2025, dal 4 al 6 aprile (VIP preview il 3 aprile) all'Allianz MiCo Central in viale Scarampo, Milano. Guardate il video\u2026","rel":"","context":"In &quot;arte&quot;","block_context":{"text":"arte","link":"https:\/\/www.biancoscuro.it\/site\/category\/arte\/"},"img":{"alt_text":"","src":"https:\/\/i0.wp.com\/www.biancoscuro.it\/site\/wp-content\/uploads\/2025\/04\/Copertina_miart_2025_Art-Tour_BIANCOSCURO_Walktrough-sobria.jpg?resize=350%2C200&ssl=1","width":350,"height":200,"srcset":"https:\/\/i0.wp.com\/www.biancoscuro.it\/site\/wp-content\/uploads\/2025\/04\/Copertina_miart_2025_Art-Tour_BIANCOSCURO_Walktrough-sobria.jpg?resize=350%2C200&ssl=1 1x, https:\/\/i0.wp.com\/www.biancoscuro.it\/site\/wp-content\/uploads\/2025\/04\/Copertina_miart_2025_Art-Tour_BIANCOSCURO_Walktrough-sobria.jpg?resize=525%2C300&ssl=1 1.5x"},"classes":[]}],"_links":{"self":[{"href":"https:\/\/www.biancoscuro.it\/site\/wp-json\/wp\/v2\/posts\/18676","targetHints":{"allow":["GET"]}}],"collection":[{"href":"https:\/\/www.biancoscuro.it\/site\/wp-json\/wp\/v2\/posts"}],"about":[{"href":"https:\/\/www.biancoscuro.it\/site\/wp-json\/wp\/v2\/types\/post"}],"author":[{"embeddable":true,"href":"https:\/\/www.biancoscuro.it\/site\/wp-json\/wp\/v2\/users\/1"}],"replies":[{"embeddable":true,"href":"https:\/\/www.biancoscuro.it\/site\/wp-json\/wp\/v2\/comments?post=18676"}],"version-history":[{"count":1,"href":"https:\/\/www.biancoscuro.it\/site\/wp-json\/wp\/v2\/posts\/18676\/revisions"}],"predecessor-version":[{"id":18678,"href":"https:\/\/www.biancoscuro.it\/site\/wp-json\/wp\/v2\/posts\/18676\/revisions\/18678"}],"wp:featuredmedia":[{"embeddable":true,"href":"https:\/\/www.biancoscuro.it\/site\/wp-json\/wp\/v2\/media\/18677"}],"wp:attachment":[{"href":"https:\/\/www.biancoscuro.it\/site\/wp-json\/wp\/v2\/media?parent=18676"}],"wp:term":[{"taxonomy":"category","embeddable":true,"href":"https:\/\/www.biancoscuro.it\/site\/wp-json\/wp\/v2\/categories?post=18676"},{"taxonomy":"post_tag","embeddable":true,"href":"https:\/\/www.biancoscuro.it\/site\/wp-json\/wp\/v2\/tags?post=18676"}],"curies":[{"name":"wp","href":"https:\/\/api.w.org\/{rel}","templated":true}]}}