{"id":18852,"date":"2025-09-15T12:59:09","date_gmt":"2025-09-15T10:59:09","guid":{"rendered":"https:\/\/www.biancoscuro.it\/site\/?p=18852"},"modified":"2025-09-16T15:17:53","modified_gmt":"2025-09-16T13:17:53","slug":"art-monaco-tra-realismo-fantastico-e-nuove-prospettive","status":"publish","type":"post","link":"https:\/\/www.biancoscuro.it\/site\/art-monaco-tra-realismo-fantastico-e-nuove-prospettive\/","title":{"rendered":"Art Monaco &#8211; tra realismo fantastico e nuove prospettive"},"content":{"rendered":"<span class=\"span-reading-time rt-reading-time\" style=\"display: block;\"><span class=\"rt-label rt-prefix\">\u23f0 lettura <\/span> <span class=\"rt-time\"> 3<\/span> <span class=\"rt-label rt-postfix\">min. <br><br><\/span><\/span>\n<p>Ci sono luoghi che non sono semplici coordinate geografiche, ma veri e propri stati d\u2019animo. Il <strong>Principato di Monaco<\/strong> \u00e8 uno di questi: <strong>un palcoscenico esigente, abituato all\u2019eccellenza, dove l\u2019arte non \u00e8 un passatempo, ma un linguaggio universale<\/strong>. E quando Monaco chiama, <strong>BIANCOSCURO risponde<\/strong>. Con orgoglio, con una selezione affilata e con la consapevolezza di chi sa che<strong> tornare qui non \u00e8 una ripetizione, ma un\u2019evoluzione<\/strong>.<\/p>\n\n\n\n<p>Dal 19 al 21 settembre 2025, le luci si riaccenderanno su <strong>Art Monaco<\/strong>, la fiera che, sotto la regia impeccabile della francese <strong>Art3f<\/strong>, ha saputo trasformare lo <strong>Chapiteau de Fontvieille<\/strong> in un crocevia pulsante di creativit\u00e0. Non \u00e8 un caso se questo appuntamento \u00e8 diventato una tappa fissa per collezionisti e gallerie di livello: Art3f ha un tocco da Re Mida per gli eventi fieristici, e Monaco \u00e8 la sua tela pi\u00f9 preziosa.<\/p>\n\n\n\n<p>Noi di BIANCOSCURO non veniamo per fare numero. Veniamo per lasciare un segno. A partire dall\u2019adrenalina del<strong> vernissage del 19 settembre<\/strong>, presenteremo la nostra visione dell\u2019arte contemporanea: un\u2019indagine estetica che parte da un <em>fil rouge<\/em> affascinante, quello del <strong>realismo fantastico<\/strong>, per esplorare mondi dove il visibile e l\u2019invisibile dialogano con una potenza sorprendente.<\/p>\n\n\n\n<p>I nostri alfieri, gli artisti che abbiamo scelto per l\u2019esposizione fisica, sono <strong>talenti capaci di creare veri e propri cortocircuiti visivi<\/strong>. Preparatevi a perdervi nelle opere di: <em>Svetlana <\/em><strong><em>Borisova, <\/em><\/strong><em>Amanda <\/em><strong><em>Panezo, <\/em><\/strong><em>Rosanna <\/em><strong><em>Carlini, <\/em><\/strong><em>Marcello <\/em><strong><em>Capretta, <\/em><\/strong><em>Monique <\/em><strong><em>Laville, <\/em><\/strong><em>Massimo <\/em><strong><em>Soldi, <\/em><\/strong><em>Sigrun <\/em><strong><em>Neumann, <\/em><\/strong><em>Umberto <\/em><strong><em>Pettene<\/em><\/strong><em> &#8211; UpArt, Roberto <\/em><strong><em>Parmagnani <\/em><\/strong><em>e Santiago <\/em><strong><em>Subirana Soto.<\/em><\/strong><\/p>\n\n\n\n<h4 class=\"wp-block-heading\"><strong>Il catalogo degli artisti in mostra<\/strong><\/h4>\n\n\n\n<iframe loading=\"lazy\" style=\"border: 1px solid #777;\" src=\"https:\/\/indd.adobe.com\/embed\/f694f3c3-0337-47bc-ad1d-45e847080cb5?startpage=1&#038;allowFullscreen=true\" width=\"1000px\" height=\"709px\" frameborder=\"0\" allowfullscreen=\"\"><\/iframe>\n\n\n\n<figure class=\"wp-block-gallery has-nested-images columns-default is-cropped wp-block-gallery-1 is-layout-flex wp-block-gallery-is-layout-flex\">\n<figure class=\"wp-block-image size-large\"><img loading=\"lazy\" decoding=\"async\" width=\"999\" height=\"1002\" data-id=\"18856\" src=\"https:\/\/www.biancoscuro.it\/site\/wp-content\/uploads\/2025\/09\/Maxime-_-Collezione-Crown-Corona-Imperatore-Imperatrice-Caratteristiche-Olio-su-tela-Cornice-in-Legno-a-Cassettaimage5.jpg\" alt=\"\" class=\"wp-image-18856\" srcset=\"https:\/\/www.biancoscuro.it\/site\/wp-content\/uploads\/2025\/09\/Maxime-_-Collezione-Crown-Corona-Imperatore-Imperatrice-Caratteristiche-Olio-su-tela-Cornice-in-Legno-a-Cassettaimage5.jpg 999w, https:\/\/www.biancoscuro.it\/site\/wp-content\/uploads\/2025\/09\/Maxime-_-Collezione-Crown-Corona-Imperatore-Imperatrice-Caratteristiche-Olio-su-tela-Cornice-in-Legno-a-Cassettaimage5-300x300.jpg 300w, https:\/\/www.biancoscuro.it\/site\/wp-content\/uploads\/2025\/09\/Maxime-_-Collezione-Crown-Corona-Imperatore-Imperatrice-Caratteristiche-Olio-su-tela-Cornice-in-Legno-a-Cassettaimage5-150x150.jpg 150w, https:\/\/www.biancoscuro.it\/site\/wp-content\/uploads\/2025\/09\/Maxime-_-Collezione-Crown-Corona-Imperatore-Imperatrice-Caratteristiche-Olio-su-tela-Cornice-in-Legno-a-Cassettaimage5-768x770.jpg 768w\" sizes=\"auto, (max-width: 999px) 100vw, 999px\" \/><\/figure>\n\n\n\n<figure class=\"wp-block-image size-large\"><img loading=\"lazy\" decoding=\"async\" width=\"721\" height=\"1024\" data-id=\"18864\" src=\"https:\/\/www.biancoscuro.it\/site\/wp-content\/uploads\/2025\/09\/PESCIII-50x70-INK-ON-PAPER-MONOMAX-IMG_1808_105733-721x1024.jpg\" alt=\"\" class=\"wp-image-18864\" srcset=\"https:\/\/www.biancoscuro.it\/site\/wp-content\/uploads\/2025\/09\/PESCIII-50x70-INK-ON-PAPER-MONOMAX-IMG_1808_105733-721x1024.jpg 721w, https:\/\/www.biancoscuro.it\/site\/wp-content\/uploads\/2025\/09\/PESCIII-50x70-INK-ON-PAPER-MONOMAX-IMG_1808_105733-211x300.jpg 211w, https:\/\/www.biancoscuro.it\/site\/wp-content\/uploads\/2025\/09\/PESCIII-50x70-INK-ON-PAPER-MONOMAX-IMG_1808_105733-768x1091.jpg 768w, https:\/\/www.biancoscuro.it\/site\/wp-content\/uploads\/2025\/09\/PESCIII-50x70-INK-ON-PAPER-MONOMAX-IMG_1808_105733.jpg 999w\" sizes=\"auto, (max-width: 721px) 100vw, 721px\" \/><\/figure>\n\n\n\n<figure class=\"wp-block-image size-large\"><img loading=\"lazy\" decoding=\"async\" width=\"773\" height=\"1024\" data-id=\"18865\" src=\"https:\/\/www.biancoscuro.it\/site\/wp-content\/uploads\/2025\/09\/Carlini-Rosanna_Fly-with-me_-50x70-olio-su-tela-anno-2025-773x1024.jpg\" alt=\"\" class=\"wp-image-18865\" srcset=\"https:\/\/www.biancoscuro.it\/site\/wp-content\/uploads\/2025\/09\/Carlini-Rosanna_Fly-with-me_-50x70-olio-su-tela-anno-2025-773x1024.jpg 773w, https:\/\/www.biancoscuro.it\/site\/wp-content\/uploads\/2025\/09\/Carlini-Rosanna_Fly-with-me_-50x70-olio-su-tela-anno-2025-227x300.jpg 227w, https:\/\/www.biancoscuro.it\/site\/wp-content\/uploads\/2025\/09\/Carlini-Rosanna_Fly-with-me_-50x70-olio-su-tela-anno-2025-768x1017.jpg 768w, https:\/\/www.biancoscuro.it\/site\/wp-content\/uploads\/2025\/09\/Carlini-Rosanna_Fly-with-me_-50x70-olio-su-tela-anno-2025.jpg 999w\" sizes=\"auto, (max-width: 773px) 100vw, 773px\" \/><\/figure>\n\n\n\n<figure class=\"wp-block-image size-large\"><img loading=\"lazy\" decoding=\"async\" width=\"754\" height=\"1024\" data-id=\"18863\" src=\"https:\/\/www.biancoscuro.it\/site\/wp-content\/uploads\/2025\/09\/Tiger-754x1024.jpg\" alt=\"\" class=\"wp-image-18863\" srcset=\"https:\/\/www.biancoscuro.it\/site\/wp-content\/uploads\/2025\/09\/Tiger-754x1024.jpg 754w, https:\/\/www.biancoscuro.it\/site\/wp-content\/uploads\/2025\/09\/Tiger-221x300.jpg 221w, https:\/\/www.biancoscuro.it\/site\/wp-content\/uploads\/2025\/09\/Tiger-768x1042.jpg 768w, https:\/\/www.biancoscuro.it\/site\/wp-content\/uploads\/2025\/09\/Tiger.jpg 999w\" sizes=\"auto, (max-width: 754px) 100vw, 754px\" \/><\/figure>\n\n\n\n<figure class=\"wp-block-image size-large\"><img loading=\"lazy\" decoding=\"async\" width=\"684\" height=\"1024\" data-id=\"18858\" src=\"https:\/\/www.biancoscuro.it\/site\/wp-content\/uploads\/2025\/09\/2024_SURREALISMO_ATLANTIDE_OLIO-SU-TELA_CM-120X80-684x1024.jpg\" alt=\"\" class=\"wp-image-18858\" srcset=\"https:\/\/www.biancoscuro.it\/site\/wp-content\/uploads\/2025\/09\/2024_SURREALISMO_ATLANTIDE_OLIO-SU-TELA_CM-120X80-684x1024.jpg 684w, https:\/\/www.biancoscuro.it\/site\/wp-content\/uploads\/2025\/09\/2024_SURREALISMO_ATLANTIDE_OLIO-SU-TELA_CM-120X80-200x300.jpg 200w, https:\/\/www.biancoscuro.it\/site\/wp-content\/uploads\/2025\/09\/2024_SURREALISMO_ATLANTIDE_OLIO-SU-TELA_CM-120X80-768x1150.jpg 768w, https:\/\/www.biancoscuro.it\/site\/wp-content\/uploads\/2025\/09\/2024_SURREALISMO_ATLANTIDE_OLIO-SU-TELA_CM-120X80.jpg 999w\" sizes=\"auto, (max-width: 684px) 100vw, 684px\" \/><\/figure>\n\n\n\n<figure class=\"wp-block-image size-large\"><img loading=\"lazy\" decoding=\"async\" width=\"819\" height=\"1024\" data-id=\"18866\" src=\"https:\/\/www.biancoscuro.it\/site\/wp-content\/uploads\/2025\/09\/IG_SENZA-TITOLO-30-X-40-PARMAGNANI-ROBERTO-819x1024.jpg\" alt=\"\" class=\"wp-image-18866\" srcset=\"https:\/\/www.biancoscuro.it\/site\/wp-content\/uploads\/2025\/09\/IG_SENZA-TITOLO-30-X-40-PARMAGNANI-ROBERTO-819x1024.jpg 819w, https:\/\/www.biancoscuro.it\/site\/wp-content\/uploads\/2025\/09\/IG_SENZA-TITOLO-30-X-40-PARMAGNANI-ROBERTO-240x300.jpg 240w, https:\/\/www.biancoscuro.it\/site\/wp-content\/uploads\/2025\/09\/IG_SENZA-TITOLO-30-X-40-PARMAGNANI-ROBERTO-768x960.jpg 768w, https:\/\/www.biancoscuro.it\/site\/wp-content\/uploads\/2025\/09\/IG_SENZA-TITOLO-30-X-40-PARMAGNANI-ROBERTO.jpg 999w\" sizes=\"auto, (max-width: 819px) 100vw, 819px\" \/><\/figure>\n\n\n\n<figure class=\"wp-block-image size-large\"><img loading=\"lazy\" decoding=\"async\" width=\"786\" height=\"1024\" data-id=\"18861\" src=\"https:\/\/www.biancoscuro.it\/site\/wp-content\/uploads\/2025\/09\/BOUQUET-DE-MIMOSA-65-x-50-2025-786x1024.jpg\" alt=\"\" class=\"wp-image-18861\" srcset=\"https:\/\/www.biancoscuro.it\/site\/wp-content\/uploads\/2025\/09\/BOUQUET-DE-MIMOSA-65-x-50-2025-786x1024.jpg 786w, https:\/\/www.biancoscuro.it\/site\/wp-content\/uploads\/2025\/09\/BOUQUET-DE-MIMOSA-65-x-50-2025-230x300.jpg 230w, https:\/\/www.biancoscuro.it\/site\/wp-content\/uploads\/2025\/09\/BOUQUET-DE-MIMOSA-65-x-50-2025-768x1000.jpg 768w, https:\/\/www.biancoscuro.it\/site\/wp-content\/uploads\/2025\/09\/BOUQUET-DE-MIMOSA-65-x-50-2025.jpg 999w\" sizes=\"auto, (max-width: 786px) 100vw, 786px\" \/><\/figure>\n\n\n\n<figure class=\"wp-block-image size-large\"><img loading=\"lazy\" decoding=\"async\" width=\"999\" height=\"994\" data-id=\"18857\" src=\"https:\/\/www.biancoscuro.it\/site\/wp-content\/uploads\/2025\/09\/La-bella-addormentata-100x100-2005_mod.jpg\" alt=\"\" class=\"wp-image-18857\" srcset=\"https:\/\/www.biancoscuro.it\/site\/wp-content\/uploads\/2025\/09\/La-bella-addormentata-100x100-2005_mod.jpg 999w, https:\/\/www.biancoscuro.it\/site\/wp-content\/uploads\/2025\/09\/La-bella-addormentata-100x100-2005_mod-300x298.jpg 300w, https:\/\/www.biancoscuro.it\/site\/wp-content\/uploads\/2025\/09\/La-bella-addormentata-100x100-2005_mod-150x150.jpg 150w, https:\/\/www.biancoscuro.it\/site\/wp-content\/uploads\/2025\/09\/La-bella-addormentata-100x100-2005_mod-768x764.jpg 768w\" sizes=\"auto, (max-width: 999px) 100vw, 999px\" \/><\/figure>\n\n\n\n<figure class=\"wp-block-image size-large\"><img loading=\"lazy\" decoding=\"async\" width=\"999\" height=\"732\" data-id=\"18859\" src=\"https:\/\/www.biancoscuro.it\/site\/wp-content\/uploads\/2025\/09\/Hommage-an-Amy_2024-copia.jpg\" alt=\"\" class=\"wp-image-18859\" srcset=\"https:\/\/www.biancoscuro.it\/site\/wp-content\/uploads\/2025\/09\/Hommage-an-Amy_2024-copia.jpg 999w, https:\/\/www.biancoscuro.it\/site\/wp-content\/uploads\/2025\/09\/Hommage-an-Amy_2024-copia-300x220.jpg 300w, https:\/\/www.biancoscuro.it\/site\/wp-content\/uploads\/2025\/09\/Hommage-an-Amy_2024-copia-768x563.jpg 768w\" sizes=\"auto, (max-width: 999px) 100vw, 999px\" \/><\/figure>\n\n\n\n<figure class=\"wp-block-image size-large\"><img loading=\"lazy\" decoding=\"async\" width=\"663\" height=\"1024\" data-id=\"18860\" src=\"https:\/\/www.biancoscuro.it\/site\/wp-content\/uploads\/2025\/09\/IL-GIOCOLIERE-70x41x5-2024-663x1024.jpg\" alt=\"\" class=\"wp-image-18860\" srcset=\"https:\/\/www.biancoscuro.it\/site\/wp-content\/uploads\/2025\/09\/IL-GIOCOLIERE-70x41x5-2024-663x1024.jpg 663w, https:\/\/www.biancoscuro.it\/site\/wp-content\/uploads\/2025\/09\/IL-GIOCOLIERE-70x41x5-2024-194x300.jpg 194w, https:\/\/www.biancoscuro.it\/site\/wp-content\/uploads\/2025\/09\/IL-GIOCOLIERE-70x41x5-2024-768x1187.jpg 768w, https:\/\/www.biancoscuro.it\/site\/wp-content\/uploads\/2025\/09\/IL-GIOCOLIERE-70x41x5-2024-994x1536.jpg 994w, https:\/\/www.biancoscuro.it\/site\/wp-content\/uploads\/2025\/09\/IL-GIOCOLIERE-70x41x5-2024.jpg 999w\" sizes=\"auto, (max-width: 663px) 100vw, 663px\" \/><\/figure>\n\n\n\n<figure class=\"wp-block-image size-large\"><img loading=\"lazy\" decoding=\"async\" width=\"773\" height=\"1024\" data-id=\"18862\" src=\"https:\/\/www.biancoscuro.it\/site\/wp-content\/uploads\/2025\/09\/SUBIRANA_Escultura-10-gres-anno-2024-42x23-cm-773x1024.jpg\" alt=\"\" class=\"wp-image-18862\" srcset=\"https:\/\/www.biancoscuro.it\/site\/wp-content\/uploads\/2025\/09\/SUBIRANA_Escultura-10-gres-anno-2024-42x23-cm-773x1024.jpg 773w, https:\/\/www.biancoscuro.it\/site\/wp-content\/uploads\/2025\/09\/SUBIRANA_Escultura-10-gres-anno-2024-42x23-cm-227x300.jpg 227w, https:\/\/www.biancoscuro.it\/site\/wp-content\/uploads\/2025\/09\/SUBIRANA_Escultura-10-gres-anno-2024-42x23-cm-768x1017.jpg 768w, https:\/\/www.biancoscuro.it\/site\/wp-content\/uploads\/2025\/09\/SUBIRANA_Escultura-10-gres-anno-2024-42x23-cm.jpg 999w\" sizes=\"auto, (max-width: 773px) 100vw, 773px\" \/><\/figure>\n<\/figure>\n\n\n\n<div style=\"height:30px\" aria-hidden=\"true\" class=\"wp-block-spacer\"><\/div>\n\n\n\n<p>Un dialogo che prosegue e si amplifica nella <strong>video esposizione<\/strong>, un format che amiamo perch\u00e9 dinamico e inclusivo, capace di dare voce a un coro di prospettive diverse, ma ugualmente potenti. Qui, lo schermo diventer\u00e0 una galleria nella galleria, con i lavori di: <em>Guglielmo <\/em><strong><em>Meltzeid, <\/em><\/strong><em>Rosanna <\/em><strong><em>Carlini, <\/em><\/strong><em>Flora <\/em><strong><em>Castaldi, <\/em><\/strong><em>Luigi <\/em><strong><em>Di Paolo, <\/em><\/strong><em>Giuseppe <\/em><strong><em>Piacenza, <\/em><\/strong><em>Elisa <\/em><strong><em>Campana, <\/em><\/strong><em>Mara <\/em><strong><em>Franchi, <\/em><\/strong><em>Antoinette <\/em><strong><em>Pallesi, <\/em><\/strong><em>Adelaide Giannina <\/em><strong><em>Salvi, <\/em><\/strong><em>Maurizio <\/em><strong><em>Primo, <\/em><\/strong><em>Kinga <\/em>\u0141apot Dzierwa, <em>Orna <\/em><strong><em>L.Brock, <\/em><\/strong><em>Luminita <\/em><strong><em>Petrescu<\/em><\/strong><em> &#8211; <\/em><strong><em>LUMI<\/em><\/strong><em>, Tina <\/em><strong><em>Lupo, <\/em><\/strong><em>Elizabeth <\/em><strong><em>Pospolitak, <\/em><\/strong><em>Claudio <\/em><strong><em>Detto, <\/em><\/strong><em>Dino <\/em><strong><em>Castelvecchi, <\/em><\/strong><em>Martina <\/em><strong><em>Ossanna, <\/em><\/strong><em>Mario <\/em><strong><em>Lo Cascio, <\/em><\/strong><em>Irma <\/em><strong><em>Hinghofer-Szalkay, <\/em><\/strong><em>Roberto <\/em><strong><em>Cavadini.<\/em><\/strong><\/p>\n\n\n\n<h4 class=\"wp-block-heading\"><strong>Gli artisti in Video esposizione<\/strong><\/h4>\n\n\n\n<iframe loading=\"lazy\" src=\"https:\/\/www.facebook.com\/plugins\/video.php?height=314&#038;href=https%3A%2F%2Fwww.facebook.com%2FBiancoscuroArtGallery%2Fvideos%2F761683666495584%2F&#038;show_text=false&#038;width=560&#038;t=0\" width=\"560\" height=\"314\" style=\"border:none;overflow:hidden\" scrolling=\"no\" frameborder=\"0\" allowfullscreen=\"true\" allow=\"autoplay; clipboard-write; encrypted-media; picture-in-picture; web-share\" allowFullScreen=\"true\"><\/iframe>\n\n\n\n<p>Un plauso va ad Art Monaco, che dimostra una saggezza rara nel panorama fieristico. Non si limita a celebrare i nomi consolidati, ma ha <strong>l\u2019intelligenza di dedicare uno spazio vitale alle nuove promesse<\/strong>, quella linfa essenziale che impedisce al sistema dell\u2019arte di diventare autoreferenziale. \u00c8 questo <strong>equilibrio tra maestri affermati e talenti emergenti<\/strong> che rende una fiera non solo bella, ma necessaria. Art Monaco 2025 si preannuncia come un\u2019edizione vibrante, un\u2019occasione per nutrire lo sguardo e la mente. <strong>Per noi di BIANCOSCURO \u00e8 un ritorno a casa<\/strong>, in un luogo che ci sfida a essere migliori. E noi siamo pronti.<\/p>\n\n\n\n<p>Ci vediamo a Fontvieille. Perch\u00e9 Art Monaco, per chi la sa vivere, <strong>non \u00e8 solo una fiera: \u00e8 un\u2019ispirazione.&nbsp;<\/strong><\/p>\n\n\n\n<h4 class=\"wp-block-heading\">Orari e info<\/h4>\n\n\n\n<figure class=\"wp-block-image size-large\"><img loading=\"lazy\" decoding=\"async\" width=\"1024\" height=\"723\" src=\"https:\/\/www.biancoscuro.it\/site\/wp-content\/uploads\/2025\/09\/BIANCOSCURO_ART_MONACO_2025_INFO-1024x723.jpg\" alt=\"\" class=\"wp-image-18855\" srcset=\"https:\/\/www.biancoscuro.it\/site\/wp-content\/uploads\/2025\/09\/BIANCOSCURO_ART_MONACO_2025_INFO-1024x723.jpg 1024w, https:\/\/www.biancoscuro.it\/site\/wp-content\/uploads\/2025\/09\/BIANCOSCURO_ART_MONACO_2025_INFO-300x212.jpg 300w, https:\/\/www.biancoscuro.it\/site\/wp-content\/uploads\/2025\/09\/BIANCOSCURO_ART_MONACO_2025_INFO-768x542.jpg 768w, https:\/\/www.biancoscuro.it\/site\/wp-content\/uploads\/2025\/09\/BIANCOSCURO_ART_MONACO_2025_INFO-1536x1085.jpg 1536w, https:\/\/www.biancoscuro.it\/site\/wp-content\/uploads\/2025\/09\/BIANCOSCURO_ART_MONACO_2025_INFO-1320x932.jpg 1320w, https:\/\/www.biancoscuro.it\/site\/wp-content\/uploads\/2025\/09\/BIANCOSCURO_ART_MONACO_2025_INFO.jpg 1852w\" sizes=\"auto, (max-width: 1024px) 100vw, 1024px\" \/><\/figure>\n\n\n\n<p><strong>Il biglietto \u00e8 scaricabile cliccando qui: <\/strong><a href=\"https:\/\/www.art3f.fr\/form\/fr-monaco-exposant\/?exp=BIANCOSCURO%20GALLERY\" target=\"_blank\" rel=\"noreferrer noopener\">https:\/\/www.art3f.fr\/form\/fr-monaco-exposant\/?exp=BIANCOSCURO%20GALLERY<\/a><\/p>\n","protected":false},"excerpt":{"rendered":"<p><span class=\"span-reading-time rt-reading-time\" style=\"display: block;\"><span class=\"rt-label rt-prefix\">\u23f0 lettura <\/span> <span class=\"rt-time\"> 3<\/span> <span class=\"rt-label rt-postfix\">min. <\/p>\n<p><\/span><\/span>Ci sono luoghi che non sono semplici coordinate geografiche, ma veri e propri stati d\u2019animo. Il Principato di Monaco \u00e8 uno di questi: un palcoscenico esigente, abituato all\u2019eccellenza, dove l\u2019arte non \u00e8 un passatempo, ma un linguaggio universale. E quando Monaco chiama, BIANCOSCURO risponde. Con orgoglio, con una selezione affilata e con la consapevolezza di&hellip;&nbsp;<a href=\"https:\/\/www.biancoscuro.it\/site\/art-monaco-tra-realismo-fantastico-e-nuove-prospettive\/\" rel=\"bookmark\">Leggi tutto &raquo;<span class=\"screen-reader-text\">Art Monaco &#8211; tra realismo fantastico e nuove prospettive<\/span><\/a><\/p>\n","protected":false},"author":1,"featured_media":18856,"comment_status":"closed","ping_status":"closed","sticky":false,"template":"","format":"standard","meta":{"neve_meta_sidebar":"","neve_meta_container":"","neve_meta_enable_content_width":"","neve_meta_content_width":0,"neve_meta_title_alignment":"","neve_meta_author_avatar":"","neve_post_elements_order":"","neve_meta_disable_header":"","neve_meta_disable_footer":"","neve_meta_disable_title":"","advanced_seo_description":"","jetpack_seo_html_title":"","jetpack_seo_noindex":false,"footnotes":""},"categories":[5],"tags":[185,408],"class_list":["post-18852","post","type-post","status-publish","format-standard","has-post-thumbnail","hentry","category-arte","tag-biancoscuro-art-magazine","tag-vincenzo-chetta"],"jetpack_featured_media_url":"https:\/\/www.biancoscuro.it\/site\/wp-content\/uploads\/2025\/09\/Maxime-_-Collezione-Crown-Corona-Imperatore-Imperatrice-Caratteristiche-Olio-su-tela-Cornice-in-Legno-a-Cassettaimage5.jpg","jetpack_sharing_enabled":true,"jetpack-related-posts":[{"id":16477,"url":"https:\/\/www.biancoscuro.it\/site\/art-monaco-ritorno-espositivo-nel-principato\/","url_meta":{"origin":18852,"position":0},"title":"Art Monaco &#8211; ritorno espositivo nel Principato","author":"Redazione BIANCOSCURO","date":"23 Agosto 2023","format":false,"excerpt":"Biancoscuro ritorna a esporre nel Principato di Monaco, e lo fa in grande stile proponendo artisti italiani ed internazionali selezionati con cura dalla nostra commissione critica.ART Monaco, curata dalla francese art3f, specializzata nell\u2019organizzazione di eventi fieristici in tutta Europa giunge nel 2023 alla 4\u00aa edizione. Dopo aver attentamente osservato le\u2026","rel":"","context":"In &quot;arte&quot;","block_context":{"text":"arte","link":"https:\/\/www.biancoscuro.it\/site\/category\/arte\/"},"img":{"alt_text":"","src":"https:\/\/i0.wp.com\/www.biancoscuro.it\/site\/wp-content\/uploads\/2023\/08\/ARTMONACO-1.jpg?resize=350%2C200&ssl=1","width":350,"height":200,"srcset":"https:\/\/i0.wp.com\/www.biancoscuro.it\/site\/wp-content\/uploads\/2023\/08\/ARTMONACO-1.jpg?resize=350%2C200&ssl=1 1x, https:\/\/i0.wp.com\/www.biancoscuro.it\/site\/wp-content\/uploads\/2023\/08\/ARTMONACO-1.jpg?resize=525%2C300&ssl=1 1.5x, https:\/\/i0.wp.com\/www.biancoscuro.it\/site\/wp-content\/uploads\/2023\/08\/ARTMONACO-1.jpg?resize=700%2C400&ssl=1 2x"},"classes":[]},{"id":16283,"url":"https:\/\/www.biancoscuro.it\/site\/art-monaco-lorgoglio-di-presentare-grandi-artisti\/","url_meta":{"origin":18852,"position":1},"title":"Art Monaco | L\u2019orgoglio di presentare grandi Artisti","author":"Redazione BIANCOSCURO","date":"8 Giugno 2023","format":false,"excerpt":"Biancoscuro Art Exhibition, ritorna a esporre nel Principato di Monaco, dopo qualche anno di pausa per cause di forza maggiore. Ricordiamo ancora la spettacolare edizione del 2015 dove Biancoscuro Art Exhibition present\u00f2, nella splendida cornice di Art Monaco, quattro Artisti di fama internazionale: Flora, Mattia Consonni Musica per gli Occhi,\u2026","rel":"","context":"In &quot;arte&quot;","block_context":{"text":"arte","link":"https:\/\/www.biancoscuro.it\/site\/category\/arte\/"},"img":{"alt_text":"","src":"https:\/\/i0.wp.com\/www.biancoscuro.it\/site\/wp-content\/uploads\/2023\/03\/art-monaco-2015-130.jpg?resize=350%2C200&ssl=1","width":350,"height":200,"srcset":"https:\/\/i0.wp.com\/www.biancoscuro.it\/site\/wp-content\/uploads\/2023\/03\/art-monaco-2015-130.jpg?resize=350%2C200&ssl=1 1x, https:\/\/i0.wp.com\/www.biancoscuro.it\/site\/wp-content\/uploads\/2023\/03\/art-monaco-2015-130.jpg?resize=525%2C300&ssl=1 1.5x, https:\/\/i0.wp.com\/www.biancoscuro.it\/site\/wp-content\/uploads\/2023\/03\/art-monaco-2015-130.jpg?resize=700%2C400&ssl=1 2x"},"classes":[]},{"id":18470,"url":"https:\/\/www.biancoscuro.it\/site\/art3f-milano-2025-art-tour-video\/","url_meta":{"origin":18852,"position":2},"title":"Art3F Milano 2025 Art Tour [VIDEO]","author":"Redazione BIANCOSCURO","date":"6 Maggio 2025","format":false,"excerpt":"Art3F Milano 2025 - Art Tour a cura di BIANCOSCURO - Walkthrough & Highlights - 4K BIANCOSCURO vi porta in un ART TOUR alla scoperta di Art3F Milano 2025 ospitata negli spazi suggestivi del Parco Esposizioni Novegro - Milano. \ud83d\ude0e SUPPORTA IL CANALE: Entra nel Club \u202a@biancoscuro\u202c","rel":"","context":"In &quot;arte&quot;","block_context":{"text":"arte","link":"https:\/\/www.biancoscuro.it\/site\/category\/arte\/"},"img":{"alt_text":"","src":"https:\/\/i0.wp.com\/www.biancoscuro.it\/site\/wp-content\/uploads\/2025\/05\/Copertina_ART3F-MILANO_2025_Art-Tour_BIANCOSCURO_WalktroughV1LOW.jpg?resize=350%2C200&ssl=1","width":350,"height":200,"srcset":"https:\/\/i0.wp.com\/www.biancoscuro.it\/site\/wp-content\/uploads\/2025\/05\/Copertina_ART3F-MILANO_2025_Art-Tour_BIANCOSCURO_WalktroughV1LOW.jpg?resize=350%2C200&ssl=1 1x, https:\/\/i0.wp.com\/www.biancoscuro.it\/site\/wp-content\/uploads\/2025\/05\/Copertina_ART3F-MILANO_2025_Art-Tour_BIANCOSCURO_WalktroughV1LOW.jpg?resize=525%2C300&ssl=1 1.5x, https:\/\/i0.wp.com\/www.biancoscuro.it\/site\/wp-content\/uploads\/2025\/05\/Copertina_ART3F-MILANO_2025_Art-Tour_BIANCOSCURO_WalktroughV1LOW.jpg?resize=700%2C400&ssl=1 2x"},"classes":[]},{"id":2672,"url":"https:\/\/www.biancoscuro.it\/site\/opus-eventi-presenta-art-monaco-9-12-luglio-2015\/","url_meta":{"origin":18852,"position":3},"title":"ART Monaco, dal 9 al 12 luglio a Monte-Carlo","author":"Redazione BIANCOSCURO","date":"14 Maggio 2015","format":false,"excerpt":"Sotto la direzione di Johnessco Rodriguez, Opus Eventi avr\u00e0 l\u2019onore di presentare\u00a0la sesta edizione di Art Monaco. Nuova location, a Chapiteau de Fontvieille, ma solita esclusiva selezione di invitati per l\u2019esposizione internazionale che garantir\u00e0 la partecipazione di personaggi VIP, collezionisti e potenziali acquirenti, dal 9 al 12 luglio 2015. Il\u2026","rel":"","context":"In &quot;arte&quot;","block_context":{"text":"arte","link":"https:\/\/www.biancoscuro.it\/site\/category\/arte\/"},"img":{"alt_text":"","src":"https:\/\/i0.wp.com\/www.biancoscuro.it\/site\/wp-content\/uploads\/2015\/05\/ART-MONACO-2015-_-210x297-cm-pinkCLOSEUP.jpg?resize=350%2C200&ssl=1","width":350,"height":200,"srcset":"https:\/\/i0.wp.com\/www.biancoscuro.it\/site\/wp-content\/uploads\/2015\/05\/ART-MONACO-2015-_-210x297-cm-pinkCLOSEUP.jpg?resize=350%2C200&ssl=1 1x, https:\/\/i0.wp.com\/www.biancoscuro.it\/site\/wp-content\/uploads\/2015\/05\/ART-MONACO-2015-_-210x297-cm-pinkCLOSEUP.jpg?resize=525%2C300&ssl=1 1.5x, https:\/\/i0.wp.com\/www.biancoscuro.it\/site\/wp-content\/uploads\/2015\/05\/ART-MONACO-2015-_-210x297-cm-pinkCLOSEUP.jpg?resize=700%2C400&ssl=1 2x"},"classes":[]},{"id":2065,"url":"https:\/\/www.biancoscuro.it\/site\/art-monaco-art-ibiza\/","url_meta":{"origin":18852,"position":4},"title":"ART Monaco &#038; ART IBIZA coming soon&#8230;","author":"Redazione BIANCOSCURO","date":"5 Dicembre 2014","format":false,"excerpt":"Nel 2015, sotto la direzione di\u00a0Johnessco Rodriguez, Opus Eventi avr\u00e0\u00a0l'onore di presentare, come parte del suo repertorio, tre eventi speciali: la sesta edizione di ART MONACO; la prima edizione di ART IBIZA e la prima edizione di MC ART Miami. Sappiamo bene\u00a0che il numero di esposizioni d'arte contemporanea \u00e8 aumentato\u2026","rel":"","context":"In &quot;arte&quot;","block_context":{"text":"arte","link":"https:\/\/www.biancoscuro.it\/site\/category\/arte\/"},"img":{"alt_text":"","src":"https:\/\/i0.wp.com\/www.biancoscuro.it\/site\/wp-content\/uploads\/2014\/12\/YU4A0237.jpg?resize=350%2C200&ssl=1","width":350,"height":200},"classes":[]},{"id":888,"url":"https:\/\/www.biancoscuro.it\/site\/art-monaco-2014-salon-dart-contemporain-par-excellence-cote-dazur\/","url_meta":{"origin":18852,"position":5},"title":"ART Monaco 2014 &#8211; Salon d&#8217;Art Contemporain par excellence | C\u00f4te d&#8217;Azur","author":"Redazione BIANCOSCURO","date":"13 Marzo 2014","format":false,"excerpt":"La mostra internazionale ART Monaco 2014\u00a0ritorna con una nuova edizione presso il Grimaldi Forum a Monte-Carlo (MC) dal \u00a024 al 27 aprile 2014. ART Monaco 2014\u00a0riunisce collezionisti, gallerie e appassionati d'arte provenienti da tutto il mondo. Con una ricerca continua di qualit\u00e0 e stile impegnata a diventare il punto d'incontro\u2026","rel":"","context":"In &quot;arte&quot;","block_context":{"text":"arte","link":"https:\/\/www.biancoscuro.it\/site\/category\/arte\/"},"img":{"alt_text":"ART_MONACO_liberementi_for_biancoscuro_art_magazine","src":"https:\/\/i0.wp.com\/www.biancoscuro.it\/site\/wp-content\/uploads\/2014\/03\/ART_MONACO_liberementi_for_biancoscuro_art_magazine.jpg?resize=350%2C200","width":350,"height":200},"classes":[]}],"_links":{"self":[{"href":"https:\/\/www.biancoscuro.it\/site\/wp-json\/wp\/v2\/posts\/18852","targetHints":{"allow":["GET"]}}],"collection":[{"href":"https:\/\/www.biancoscuro.it\/site\/wp-json\/wp\/v2\/posts"}],"about":[{"href":"https:\/\/www.biancoscuro.it\/site\/wp-json\/wp\/v2\/types\/post"}],"author":[{"embeddable":true,"href":"https:\/\/www.biancoscuro.it\/site\/wp-json\/wp\/v2\/users\/1"}],"replies":[{"embeddable":true,"href":"https:\/\/www.biancoscuro.it\/site\/wp-json\/wp\/v2\/comments?post=18852"}],"version-history":[{"count":10,"href":"https:\/\/www.biancoscuro.it\/site\/wp-json\/wp\/v2\/posts\/18852\/revisions"}],"predecessor-version":[{"id":18879,"href":"https:\/\/www.biancoscuro.it\/site\/wp-json\/wp\/v2\/posts\/18852\/revisions\/18879"}],"wp:featuredmedia":[{"embeddable":true,"href":"https:\/\/www.biancoscuro.it\/site\/wp-json\/wp\/v2\/media\/18856"}],"wp:attachment":[{"href":"https:\/\/www.biancoscuro.it\/site\/wp-json\/wp\/v2\/media?parent=18852"}],"wp:term":[{"taxonomy":"category","embeddable":true,"href":"https:\/\/www.biancoscuro.it\/site\/wp-json\/wp\/v2\/categories?post=18852"},{"taxonomy":"post_tag","embeddable":true,"href":"https:\/\/www.biancoscuro.it\/site\/wp-json\/wp\/v2\/tags?post=18852"}],"curies":[{"name":"wp","href":"https:\/\/api.w.org\/{rel}","templated":true}]}}