{"id":18889,"date":"2025-09-17T20:37:20","date_gmt":"2025-09-17T18:37:20","guid":{"rendered":"https:\/\/www.biancoscuro.it\/site\/?p=18889"},"modified":"2025-11-04T18:28:52","modified_gmt":"2025-11-04T17:28:52","slug":"in-diretta-da-monte-carlo-cerimonia-biancoscuro-art-contest-2025","status":"publish","type":"post","link":"https:\/\/www.biancoscuro.it\/site\/in-diretta-da-monte-carlo-cerimonia-biancoscuro-art-contest-2025\/","title":{"rendered":"in DIRETTA DA MONTE-CARLO | Cerimonia BIANCOSCURO Art Contest 2025"},"content":{"rendered":"<span class=\"span-reading-time rt-reading-time\" style=\"display: block;\"><span class=\"rt-label rt-prefix\">\u23f0 lettura <\/span> <span class=\"rt-time\"> &lt; 1<\/span> <span class=\"rt-label rt-postfix\">min. <br><br><\/span><\/span>\n<h3 class=\"wp-block-heading\">&#x1f534; VENERDI&#8217; 19 alle ore 16 IN DIRETTA DALL&#8217;ESPACE FONTVIEILLE DI MONTE-CARLO! &#x1f534; <\/h3>\n\n\n\n<p><strong>Cerimonia ufficiale del BIANCOSCURO Art Contest 2025<\/strong><br \/>Seguite con noi, minuto per minuto, l&#8217;evento che svela i grandi talenti dell&#8217;arte contemporanea. In questa diretta esclusiva assisterete a: <br \/>&#x2728; La presentazione ufficiale del nuovissimo Catalogo BAC&#8217;25, un volume che raccoglie il meglio della ricerca artistica attuale. <br \/>&#x1f5bc;&#xfe0f; La proiezione delle opere finaliste: un&#8217;occasione unica per ammirare i lavori che hanno conquistato la giuria e scoprire le nuove tendenze. <br \/>Un appuntamento imperdibile per artisti, collezionisti, galleristi e per tutti gli amanti dell&#8217;arte. <\/p>\n\n\n\n<p>#BIANCOSCURO #BiancoscuroArtContest #LiveArte #MonteCarlo #Presentazione #arte &#x1f44d;<\/p>\n\n\n\n<figure class=\"wp-block-embed is-type-video is-provider-youtube wp-block-embed-youtube wp-embed-aspect-16-9 wp-has-aspect-ratio\"><div class=\"wp-block-embed__wrapper\">\n<div class=\"nv-iframe-embed\"><iframe loading=\"lazy\" title=\"in DIRETTA DA MONTE-CARLO | Cerimonia BIANCOSCURO Art Contest 2025\" width=\"1200\" height=\"675\" src=\"https:\/\/www.youtube.com\/embed\/AVsXr-yLKRE?feature=oembed\" frameborder=\"0\" allow=\"accelerometer; autoplay; clipboard-write; encrypted-media; gyroscope; picture-in-picture; web-share\" referrerpolicy=\"strict-origin-when-cross-origin\" allowfullscreen><\/iframe><\/div>\n<\/div><\/figure>\n","protected":false},"excerpt":{"rendered":"<p><span class=\"span-reading-time rt-reading-time\" style=\"display: block;\"><span class=\"rt-label rt-prefix\">\u23f0 lettura <\/span> <span class=\"rt-time\"> &lt; 1<\/span> <span class=\"rt-label rt-postfix\">min. <\/p>\n<p><\/span><\/span>&#x1f534; VENERDI&#8217; 19 alle ore 16 IN DIRETTA DALL&#8217;ESPACE FONTVIEILLE DI MONTE-CARLO! &#x1f534; Cerimonia ufficiale del BIANCOSCURO Art Contest 2025Seguite con noi, minuto per minuto, l&#8217;evento che svela i grandi talenti dell&#8217;arte contemporanea. In questa diretta esclusiva assisterete a: &#x2728; La presentazione ufficiale del nuovissimo Catalogo BAC&#8217;25, un volume che raccoglie il meglio della ricerca&hellip;&nbsp;<a href=\"https:\/\/www.biancoscuro.it\/site\/in-diretta-da-monte-carlo-cerimonia-biancoscuro-art-contest-2025\/\" rel=\"bookmark\">Leggi tutto &raquo;<span class=\"screen-reader-text\">in DIRETTA DA MONTE-CARLO | Cerimonia BIANCOSCURO Art Contest 2025<\/span><\/a><\/p>\n","protected":false},"author":1,"featured_media":18890,"comment_status":"closed","ping_status":"closed","sticky":false,"template":"","format":"standard","meta":{"neve_meta_sidebar":"","neve_meta_container":"","neve_meta_enable_content_width":"","neve_meta_content_width":0,"neve_meta_title_alignment":"","neve_meta_author_avatar":"","neve_post_elements_order":"","neve_meta_disable_header":"","neve_meta_disable_footer":"","neve_meta_disable_title":"","advanced_seo_description":"","jetpack_seo_html_title":"","jetpack_seo_noindex":false,"footnotes":""},"categories":[2670,470,21,2672],"tags":[40,39,185,2120],"class_list":["post-18889","post","type-post","status-publish","format-standard","has-post-thumbnail","hentry","category-art-contest","category-art-magazine","category-catalogo-darte","category-montecarlo","tag-art-magazine","tag-biancoscuro","tag-biancoscuro-art-magazine","tag-rivista-darte"],"jetpack_featured_media_url":"https:\/\/www.biancoscuro.it\/site\/wp-content\/uploads\/2025\/09\/CopertinaYT-BAC25mc.jpg","jetpack_sharing_enabled":true,"jetpack-related-posts":[{"id":17605,"url":"https:\/\/www.biancoscuro.it\/site\/cerimonia-finale-nel-principato-di-monaco-per-il-bac24\/","url_meta":{"origin":18889,"position":0},"title":"Cerimonia finale nel Principato di Monaco per il BAC&#8217;24","author":"Redazione BIANCOSCURO","date":"19 Settembre 2024","format":false,"excerpt":"11\u00aa edizione del BIANCOSCURO Art Contest Premiazione al Monte-Carlo Bay in diretta live streaming su Facebook Sabato 21 settembre 2024 nella sala Sincerity del Monte-Carlo Bay, resort di lusso nel Principato di Monaco, si terr\u00e0 la Cerimonia di Premiazione del BIANCOSCURO Art Contest \/ Monte-Carlo edition 2024. Durante la Cerimonia,\u00a0Vincenzo\u2026","rel":"","context":"In &quot;art magazine&quot;","block_context":{"text":"art magazine","link":"https:\/\/www.biancoscuro.it\/site\/category\/art-magazine\/"},"img":{"alt_text":"","src":"https:\/\/i0.wp.com\/www.biancoscuro.it\/site\/wp-content\/uploads\/2024\/09\/StD-BACme-2024-Monte-Carlo-Bay-Luxury-resort-900.jpg?resize=350%2C200&ssl=1","width":350,"height":200,"srcset":"https:\/\/i0.wp.com\/www.biancoscuro.it\/site\/wp-content\/uploads\/2024\/09\/StD-BACme-2024-Monte-Carlo-Bay-Luxury-resort-900.jpg?resize=350%2C200&ssl=1 1x, https:\/\/i0.wp.com\/www.biancoscuro.it\/site\/wp-content\/uploads\/2024\/09\/StD-BACme-2024-Monte-Carlo-Bay-Luxury-resort-900.jpg?resize=525%2C300&ssl=1 1.5x, https:\/\/i0.wp.com\/www.biancoscuro.it\/site\/wp-content\/uploads\/2024\/09\/StD-BACme-2024-Monte-Carlo-Bay-Luxury-resort-900.jpg?resize=700%2C400&ssl=1 2x"},"classes":[]},{"id":16527,"url":"https:\/\/www.biancoscuro.it\/site\/cerimonia-finale-nel-principato-di-monaco-per-il-bac23\/","url_meta":{"origin":18889,"position":1},"title":"Cerimonia finale nel Principato di Monaco per il BAC&#8217;23","author":"Redazione BIANCOSCURO","date":"11 Settembre 2023","format":false,"excerpt":"10\u00aa edizione del BIANCOSCURO Art Contest Premiazione al Monte-Carlo Bay in diretta live streaming su Facebook Sabato 16 settembre 2023 nella sala Sincerity del Monte-Carlo Bay, resort di lusso nel Principato di Monaco, si terr\u00e0 la Cerimonia di Premiazione del BIANCOSCURO Art Contest \/ Monte-Carlo edition 2023. Durante la Cerimonia,\u00a0Vincenzo\u2026","rel":"","context":"In &quot;art magazine&quot;","block_context":{"text":"art magazine","link":"https:\/\/www.biancoscuro.it\/site\/category\/art-magazine\/"},"img":{"alt_text":"","src":"https:\/\/i0.wp.com\/www.biancoscuro.it\/site\/wp-content\/uploads\/2023\/09\/StD-BACme-2023-Monte-Carlo-Bay-Luxury-resort-1.jpg?resize=350%2C200&ssl=1","width":350,"height":200,"srcset":"https:\/\/i0.wp.com\/www.biancoscuro.it\/site\/wp-content\/uploads\/2023\/09\/StD-BACme-2023-Monte-Carlo-Bay-Luxury-resort-1.jpg?resize=350%2C200&ssl=1 1x, https:\/\/i0.wp.com\/www.biancoscuro.it\/site\/wp-content\/uploads\/2023\/09\/StD-BACme-2023-Monte-Carlo-Bay-Luxury-resort-1.jpg?resize=525%2C300&ssl=1 1.5x, https:\/\/i0.wp.com\/www.biancoscuro.it\/site\/wp-content\/uploads\/2023\/09\/StD-BACme-2023-Monte-Carlo-Bay-Luxury-resort-1.jpg?resize=700%2C400&ssl=1 2x, https:\/\/i0.wp.com\/www.biancoscuro.it\/site\/wp-content\/uploads\/2023\/09\/StD-BACme-2023-Monte-Carlo-Bay-Luxury-resort-1.jpg?resize=1050%2C600&ssl=1 3x"},"classes":[]},{"id":18486,"url":"https:\/\/www.biancoscuro.it\/site\/biancoscuro-art-contest-12a-edizione\/","url_meta":{"origin":18889,"position":2},"title":"BIANCOSCURO Art Contest 12\u00aa edizione","author":"Redazione BIANCOSCURO","date":"7 Maggio 2025","format":false,"excerpt":"Festeggiamo i 12 anni del nostro BIANCOSCURO Art Contest Monte-Carlo Edition! In palio la COPERTINA sul nostro bimestrale, esposizioni a Monte-Carlo (Principato di Monaco), Parigi (Francia) e Innsbruck (Austria). La cerimonia si terr\u00e0 il 19 settembre a Monte-Carlo (Principato di Monaco). Tutti gli iscritti potranno partecipare alla cerimonia ufficiale a\u2026","rel":"","context":"In &quot;art contest&quot;","block_context":{"text":"art contest","link":"https:\/\/www.biancoscuro.it\/site\/category\/art-contest\/"},"img":{"alt_text":"","src":"https:\/\/i0.wp.com\/www.biancoscuro.it\/site\/wp-content\/uploads\/2025\/05\/LogoBAC2025-MonteCarloEdition-1000px.gif?resize=350%2C200&ssl=1","width":350,"height":200,"srcset":"https:\/\/i0.wp.com\/www.biancoscuro.it\/site\/wp-content\/uploads\/2025\/05\/LogoBAC2025-MonteCarloEdition-1000px.gif?resize=350%2C200&ssl=1 1x, https:\/\/i0.wp.com\/www.biancoscuro.it\/site\/wp-content\/uploads\/2025\/05\/LogoBAC2025-MonteCarloEdition-1000px.gif?resize=525%2C300&ssl=1 1.5x, https:\/\/i0.wp.com\/www.biancoscuro.it\/site\/wp-content\/uploads\/2025\/05\/LogoBAC2025-MonteCarloEdition-1000px.gif?resize=700%2C400&ssl=1 2x"},"classes":[]},{"id":3275,"url":"https:\/\/www.biancoscuro.it\/site\/premio-biennale-oscar-per-le-arti-visive-e-premiazione-biancoscuro-art-contest\/","url_meta":{"origin":18889,"position":3},"title":"Premio Biennale Oscar per le Arti Visive e premiazione BIANCOSCURO Art Contest","author":"Redazione BIANCOSCURO","date":"19 Ottobre 2015","format":false,"excerpt":"L'appuntamento Biennale dell\u2019Arte, giunto ormai alla ottava edizione, Oscar per le Arti Visive\u00a0si svolger\u00e0 \u00a0Sabato 24 Ottobre 2015 Monte-Carlo Bay, Principato di Monaco. Il Premio conferito da ArtExp\u00f2 Gallery, \u00e8 il giusto riconoscimento per la professionalit\u00e0, ricerca e creativit\u00e0. La prima edizione della cerimonia risale al febbraio 2001 ed al\u2026","rel":"","context":"In &quot;arte&quot;","block_context":{"text":"arte","link":"https:\/\/www.biancoscuro.it\/site\/category\/arte\/"},"img":{"alt_text":"","src":"https:\/\/i0.wp.com\/www.biancoscuro.it\/site\/wp-content\/uploads\/2015\/09\/Monte-Carlo2.jpg?resize=350%2C200&ssl=1","width":350,"height":200,"srcset":"https:\/\/i0.wp.com\/www.biancoscuro.it\/site\/wp-content\/uploads\/2015\/09\/Monte-Carlo2.jpg?resize=350%2C200&ssl=1 1x, https:\/\/i0.wp.com\/www.biancoscuro.it\/site\/wp-content\/uploads\/2015\/09\/Monte-Carlo2.jpg?resize=525%2C300&ssl=1 1.5x, https:\/\/i0.wp.com\/www.biancoscuro.it\/site\/wp-content\/uploads\/2015\/09\/Monte-Carlo2.jpg?resize=700%2C400&ssl=1 2x"},"classes":[]},{"id":3069,"url":"https:\/\/www.biancoscuro.it\/site\/biancoscuro-art-contest-2a-edizione-i-vincitori-delledizione-2015\/","url_meta":{"origin":18889,"position":4},"title":"Biancoscuro Art Contest 2\u00aa edizione: i vincitori dell&#8217;edizione 2015!","author":"Redazione BIANCOSCURO","date":"4 Settembre 2015","format":false,"excerpt":"Biancoscuro ha espresso il suo\u00a0verdetto. La giuria\u00a0BIANCOSCURO,\u00a0composta da:\u00a0Vincenzo Chetta,\u00a0Mariarosaria\u00a0Belgiovine, Danilo Giusino, Francesco Chetta, Elena Cicchetti, Ernesto Galizia, Gian Paolo Curti, Daniela Malabaila, Massimo Basile, Luca Caricato, Claudio Raccagni, Oxana Albot, ha decretato i vincitori! Ogni artista vincitore\u00a0ricever\u00e0 lettera del Presidente con comunicazione ufficiale di premio e relative indicazioni su come\u2026","rel":"","context":"In &quot;arte&quot;","block_context":{"text":"arte","link":"https:\/\/www.biancoscuro.it\/site\/category\/arte\/"},"img":{"alt_text":"","src":"https:\/\/i0.wp.com\/www.biancoscuro.it\/site\/wp-content\/uploads\/2015\/09\/DSC_9291-1000x662.jpg?resize=350%2C200&ssl=1","width":350,"height":200,"srcset":"https:\/\/i0.wp.com\/www.biancoscuro.it\/site\/wp-content\/uploads\/2015\/09\/DSC_9291-1000x662.jpg?resize=350%2C200&ssl=1 1x, https:\/\/i0.wp.com\/www.biancoscuro.it\/site\/wp-content\/uploads\/2015\/09\/DSC_9291-1000x662.jpg?resize=525%2C300&ssl=1 1.5x, https:\/\/i0.wp.com\/www.biancoscuro.it\/site\/wp-content\/uploads\/2015\/09\/DSC_9291-1000x662.jpg?resize=700%2C400&ssl=1 2x"},"classes":[]},{"id":1670,"url":"https:\/\/www.biancoscuro.it\/site\/biancoscuro-art-contest-i-vincitori\/","url_meta":{"origin":18889,"position":5},"title":"Biancoscuro Art Contest: i vincitori!","author":"Redazione BIANCOSCURO","date":"7 Agosto 2014","format":false,"excerpt":"Biancoscuro ha espresso il suo\u00a0verdetto. La giuria\u00a0BIANCOSCURO,\u00a0composta da:\u00a0Vincenzo Chetta,\u00a0Mariarosaria\u00a0Belgiovine, Danilo Giusino, Francesco Chetta, Elena Cicchetti, Ernesto Galizia, Gian Paolo Curti, Daniela Malabaila, Claudio Raccagni, Oxana Albot, ha decretato i vincitori! Ogni artista vincitore\u00a0ricever\u00e0 lettera del Presidente con comunicazione ufficiale di premio e relative indicazioni su come procedere. http:\/\/artcontest.biancoscuro.it\/vincitori\/ Premio \u201cAssoluto\u201d\u2026","rel":"","context":"In &quot;arte&quot;","block_context":{"text":"arte","link":"https:\/\/www.biancoscuro.it\/site\/category\/arte\/"},"img":{"alt_text":"biancoscuro art contest - biancoscuro art magazine","src":"https:\/\/i0.wp.com\/artcontest.biancoscuro.it\/site\/wp-content\/uploads\/2014\/06\/DeRosa_20140207_144346-1-156x300.jpg?resize=350%2C200","width":350,"height":200},"classes":[]}],"_links":{"self":[{"href":"https:\/\/www.biancoscuro.it\/site\/wp-json\/wp\/v2\/posts\/18889","targetHints":{"allow":["GET"]}}],"collection":[{"href":"https:\/\/www.biancoscuro.it\/site\/wp-json\/wp\/v2\/posts"}],"about":[{"href":"https:\/\/www.biancoscuro.it\/site\/wp-json\/wp\/v2\/types\/post"}],"author":[{"embeddable":true,"href":"https:\/\/www.biancoscuro.it\/site\/wp-json\/wp\/v2\/users\/1"}],"replies":[{"embeddable":true,"href":"https:\/\/www.biancoscuro.it\/site\/wp-json\/wp\/v2\/comments?post=18889"}],"version-history":[{"count":1,"href":"https:\/\/www.biancoscuro.it\/site\/wp-json\/wp\/v2\/posts\/18889\/revisions"}],"predecessor-version":[{"id":18891,"href":"https:\/\/www.biancoscuro.it\/site\/wp-json\/wp\/v2\/posts\/18889\/revisions\/18891"}],"wp:featuredmedia":[{"embeddable":true,"href":"https:\/\/www.biancoscuro.it\/site\/wp-json\/wp\/v2\/media\/18890"}],"wp:attachment":[{"href":"https:\/\/www.biancoscuro.it\/site\/wp-json\/wp\/v2\/media?parent=18889"}],"wp:term":[{"taxonomy":"category","embeddable":true,"href":"https:\/\/www.biancoscuro.it\/site\/wp-json\/wp\/v2\/categories?post=18889"},{"taxonomy":"post_tag","embeddable":true,"href":"https:\/\/www.biancoscuro.it\/site\/wp-json\/wp\/v2\/tags?post=18889"}],"curies":[{"name":"wp","href":"https:\/\/api.w.org\/{rel}","templated":true}]}}