{"id":19007,"date":"2025-11-04T18:35:25","date_gmt":"2025-11-04T17:35:25","guid":{"rendered":"https:\/\/www.biancoscuro.it\/site\/?p=19007"},"modified":"2025-12-02T17:32:54","modified_gmt":"2025-12-02T16:32:54","slug":"mimmo-germana","status":"publish","type":"post","link":"https:\/\/www.biancoscuro.it\/site\/mimmo-germana\/","title":{"rendered":"Mimmo German\u00e0"},"content":{"rendered":"<span class=\"span-reading-time rt-reading-time\" style=\"display: block;\"><span class=\"rt-label rt-prefix\">\u23f0 lettura <\/span> <span class=\"rt-time\"> 6<\/span> <span class=\"rt-label rt-postfix\">min. <br><br><\/span><\/span>\n<h2 class=\"wp-block-heading\"><em>Il <\/em><strong><em>Pictor Segretus<\/em><\/strong><em> ritrovato&nbsp;<\/em><\/h2>\n\n\n\n<p>Pi\u00f9 che di <em>\u201criscoperta\u201d<\/em>, per Mimmo German\u00e0 \u00e8 opportuno parlare di <em>\u201critrovo\u201d<\/em>. Questo <strong>\u201cpictor segretus\u201d <\/strong>non \u00e8 mai sparito dai radar del collezionismo pi\u00f9 attento, ma ha atteso, defilato, il momento per svelarsi appieno. <strong>German\u00e0<\/strong> \u00e8 un pittore dalla complessit\u00e0 ingannevole; le sue opere, come quelle pubblicate in queste pagine, richiedono un\u2019immersione meditativa nel suo caveau di riferimenti culturali, che spazia tra musica, poesia e pittura.<\/p>\n\n\n\n<p>Le sue tele esplodono in una <strong>tavolozza fauve e siciliana<\/strong>, vibrante di colori primari e pennellate dense, quasi un magma espressivo. Ammiriamo figure femminili che si librano, come la donna dai capelli rossi e il corpo giallo-verde adagiata tra forme stilizzate che ricordano foglie o fiamme rosse. Altre si mostrano immerse in mari di colori iridescenti, o adagiate tra onde cariche di materia, con sguardi profondi, come la figura eterea in blu, il cui riflesso dorato si specchia in un\u2019acqua profonda e misteriosa, accanto a foglie lussureggianti. I suoi ritratti, come l <strong>\u201cVolto\u201d <\/strong>del 1988, catturano con uno sguardo intenso e penetrante, un\u2019espressione quasi malinconica incorniciata da capelli vivaci verdi e rossi.<\/p>\n\n\n\n<p>Le tele di German\u00e0 sono anche popolate da animali fantastici: vediamo due canidi, simili a volpi, uno rosso-arancio e l\u2019altro giallo-verde, accoccolati in un prato smeraldo sotto un cielo infuocato di gialli e aranci <strong>(\u201cMir\u00f2\u201d)<\/strong>. In un\u2019altra composizione, una donna dalla pelle gialla e dai capelli blu interagisce con un cagnolino, richiamando un dialogo ancestrale con la natura <strong>(\u201cMir\u00f2 stravede\u201d)<\/strong>. Troviamo anche figure sinuose, come contorni dorati di un corpo o di una madre con il suo bambino, delineate su sfondi blu tumultuosi e vibranti, dove il colore sembra danzare tra l\u2019astratto ed il figurativo <strong>(\u201cSenza Titolo\u201d)<\/strong>. Un uomo emerge dall\u2019acqua accanto ad un cane giallo, in una scena onirica contro un orizzonte dai toni caldi <strong>(\u201cFontana\u201d)<\/strong>, mentre in un\u2019altra tela una donna dal corpo arancione si adagia nelle acque azzurre, il suo sguardo diretto allo spettatore <strong>(\u201cSera\u201d)<\/strong>. Queste visioni, intrisi di sensualit\u00e0 e psicologia, richiamano la poesia di Andr\u00e9 Breton, le suggestioni epiche di \u010cajkovskij e l\u2019immaginario fiabesco di Chagall, valendogli l\u2019appellativo di <strong><em>Chagall italiano<\/em><\/strong>.<\/p>\n\n\n\n<figure class=\"wp-block-image size-large\"><img loading=\"lazy\" decoding=\"async\" width=\"971\" height=\"1024\" src=\"https:\/\/www.biancoscuro.it\/site\/wp-content\/uploads\/2025\/11\/germana_043-971x1024.jpg\" alt=\"\" class=\"wp-image-19008\" srcset=\"https:\/\/www.biancoscuro.it\/site\/wp-content\/uploads\/2025\/11\/germana_043-971x1024.jpg 971w, https:\/\/www.biancoscuro.it\/site\/wp-content\/uploads\/2025\/11\/germana_043-284x300.jpg 284w, https:\/\/www.biancoscuro.it\/site\/wp-content\/uploads\/2025\/11\/germana_043-768x810.jpg 768w, https:\/\/www.biancoscuro.it\/site\/wp-content\/uploads\/2025\/11\/germana_043.jpg 999w\" sizes=\"auto, (max-width: 971px) 100vw, 971px\" \/><figcaption class=\"wp-element-caption\"><em><\/em><em><strong>Mimmo Germana<\/strong>, \u201cMir\u00f2\u201d, 1990, olio su tela, 170&#215;160 cm.<\/em><\/figcaption><\/figure>\n\n\n\n<p>L\u2019arte di German\u00e0, autodidatta ma assetata di studio e sperimentazione, si confronta gi\u00e0 tra i Sessanta ed i Settanta con Chia e Clemente, pur tracciando una terza via originalissima. Achille Bonito Oliva lo include nella sezione <strong><em>\u201cAperto \u201880\u201d<\/em><\/strong> della Biennale di Venezia del 1980, consacrando la Transavanguardia. Proprio<strong> Bonito Oliva<\/strong> descrisse la sua pittura come retta da <em>\u201cun ritmo scorrevole, con spessore e pennellate dense, di colori cupi e di materie forti\u201d<\/em>, elementi distintivi che lo collocano unicamente nel dream team.<\/p>\n\n\n\n<p>La sua \u00e8 una vera <strong>Transavanguardia Poetica<\/strong>, dove il pennello \u00e8 un plettro e la tela una chitarra che sprigiona note-colore.<\/p>\n\n\n\n<p><strong>A lungo frainteso, percepito in un limbo <\/strong>tra i grandi dell\u2019arte italiana del dopoguerra e le espressioni pi\u00f9 naif, German\u00e0 merita oggi una nuova, profonda analisi. Il suo stile onirico e trasognato, che ha saputo cogliere la <em>\u201cvena rapida e immediata del rapporto con la luce\u201d <\/em>di Monet, con la forza cromatica di Matisse e Pechstein, \u00e8 <strong>una sintassi rigorosa di espressionismo<\/strong>. L\u2019imminente uscita del primo volume del <strong>Catalogo Ragionato<\/strong>, curato da <strong>Carlo Lioce<\/strong> e <strong>Cristiano Ragni<\/strong> per l\u2019<strong>Archivio Mimmo German\u00e0<\/strong>, \u00e8 un evento cruciale. \u00c8 tempo di comprendere la pittura vera, quella che prima di essere vista va capita, e di ritrovare in German\u00e0 il maestro che era l\u00ec, ad aspettarci.<\/p>\n\n\n\n<p>Per approfondire ulteriormente la figura di Mimmo German\u00e0 e il percorso di valorizzazione della sua opera, abbiamo avuto il piacere di confrontarci con <strong>Cristiano Ragni<\/strong>, curatore dell\u2019Archivio <strong>Mimmo German\u00e0<\/strong>. Le sue intuizioni e la sua profonda conoscenza dell\u2019artista sono fondamentali per gettare nuova luce su questo <strong>\u201cPictor Segretus\u201d<\/strong>.&nbsp;<\/p>\n\n\n\n<figure class=\"wp-block-image size-full is-resized\"><img loading=\"lazy\" decoding=\"async\" width=\"777\" height=\"562\" src=\"https:\/\/www.biancoscuro.it\/site\/wp-content\/uploads\/2025\/11\/germana_032.jpg\" alt=\"\" class=\"wp-image-19009\" style=\"object-fit:cover;width:854px;height:auto\" srcset=\"https:\/\/www.biancoscuro.it\/site\/wp-content\/uploads\/2025\/11\/germana_032.jpg 777w, https:\/\/www.biancoscuro.it\/site\/wp-content\/uploads\/2025\/11\/germana_032-300x217.jpg 300w, https:\/\/www.biancoscuro.it\/site\/wp-content\/uploads\/2025\/11\/germana_032-768x555.jpg 768w\" sizes=\"auto, (max-width: 777px) 100vw, 777px\" \/><figcaption class=\"wp-element-caption\"><em><strong>Mimmo German\u00e0<\/strong>, \u201cFontana\u201d, 1988, olio su tela, 50&#215;70 cm.<\/em> <\/figcaption><\/figure>\n\n\n\n<p><strong>Vincenzo Chetta: <\/strong>Cristiano, l\u2019imminente Catalogo Ragionato \u00e8 un\u2019iniziativa di grande importanza. Quali nuove prospettive o scoperte si prefigge di portare alla luce riguardo all\u2019evoluzione stilistica e tematica di German\u00e0?<\/p>\n\n\n\n<p><strong><em>Cristiano Ragni: <\/em><\/strong><em>Buongiorno Vincenzo, innanzitutto \u00e8 un piacere fare questa chiacchierata insieme e ti ringrazio. Il <\/em><strong><em>Catalogo Ragionato di Mimmo German\u00e0<\/em><\/strong><em> \u00e8 un\u2019iniziativa che, in qualit\u00e0 di Archivio Generale, era in cantiere da tempo, ma non si erano ancora create le giuste condizioni per intraprendere questo progetto. Oggi invece ritengo che sia giunto il momento di dare \u201cordine\u201d al lavoro di un grande Maestro come German\u00e0, cercando di lavorare al meglio per <\/em><strong><em>donare nuovamente lustro ad un Artista che ci ha lasciato troppo giovane.<\/em><\/strong><\/p>\n\n\n\n<p><strong>V.C.: <\/strong>Ho avuto piacere di leggere il testo introduttivo del catalogo <strong><em>\u201cMimmo German\u00e0, Transavanguardia Poetica\u201d<\/em><\/strong>, scritto da Fabrizio Guerrini, che suggerisce che German\u00e0 non vada tanto <em>\u201criscoperto\u201d <\/em>quanto \u201critrovato\u201d. Quali sono le principali sfide e gli obiettivi che l\u2019Archivio Mimmo German\u00e0 si pone per questa rilettura e ricollocazione critica dell\u2019artista?<\/p>\n\n\n\n<p><strong><em>C.R.: <\/em><\/strong><em>Esattamente come scritto da Fabrizio Guerrini, <\/em><strong><em>Mimmo German\u00e0 \u00e8 un artista che non ha bisogno di essere riscoperto<\/em><\/strong><em>, essendo stato uno dei grandi del passato ed apprezzato a 360\u00b0 da operatori e amanti dell\u2019arte, avendo comunque lavorato per le pi\u00f9 grandi gallerie d\u2019arte al mondo. <\/em><strong><em>Il nostro obiettivo \u00e8 quello di renderlo stabilmente usufruibile a chi ne apprezza veramente la ricerca artistica<\/em><\/strong><em> e proporlo a chi ancora non lo conosce, riportandolo ad essere, come merita, un riferimento stabile all\u2019interno di questo mondo.<\/em><\/p>\n\n\n\n<p><strong>V.C.: <\/strong>Nel testo si definisce German\u00e0 come <em>\u201cil frainteso\u201d<\/em>, spesso in un limbo tra la Transavanguardia e altre espressioni. Come curate la narrazione intorno alla sua unicit\u00e0, specie in relazione al suo stile <em>\u201csuadente, seduttivo, ma non facile\u201d<\/em>?<\/p>\n\n\n\n<p><strong><em>C.R.: <\/em><\/strong><em>Essendo stato un <\/em><strong><em>precursore della Transavanguardia, German\u00e0<\/em><\/strong><em> merita di essere considerato come esponente di questo movimento, ma allo stesso tempo la sua libert\u00e0 artistica non lo ha vincolato in uno stile con dettami ben precisi, anzi \u00e8 proprio questa la sua forza e la sua unicit\u00e0. Come gi\u00e0 detto prima <\/em><strong><em>purtroppo German\u00e0 \u00e8 morto troppo giovane<\/em><\/strong><em> e chiss\u00e0 oggi cosa ci avrebbe riservato la sua ricerca&#8230;<\/em><\/p>\n\n\n\n<p><strong>V.C.: <\/strong>German\u00e0 fu presente all\u2019Aperto \u201880 della Biennale di Venezia. La descrizione di <strong>Achille Bonito Oliva <\/strong>delle sue pennellate dense, di colori cupi e di materie forti, sembra distinguerlo dagli altri membri del dream team. Potresti approfondire la sua posizione peculiare all\u2019interno della Transavanguardia, che Fabrizio Guerrini definisce <em>\u201cpoetica\u201d<\/em>?<\/p>\n\n\n\n<p><strong><em>C.R.: <\/em><\/strong><em>Mimmo <\/em><strong><em>German\u00e0 non amava essere incatenato in definizione ben precise<\/em><\/strong><em> o sottostare ad imposizioni, difatti era un artista libero, pensante e dotato di una creativit\u00e0 che unita alla sua cultura partorivano le sue grandi opere. <\/em><strong><em>Questo tratto distintivo lo posizionava sicuramente come esponente importante della Transavanguardia<\/em><\/strong><em>, avendo ispirato i suoi \u201dcolleghi\u201d in un primo momento e collaborando con essi successivamente, distanziandosi per\u00f2 dallo scopo pi\u00f9 commerciale dello stesso movimento artistico.<\/em><\/p>\n\n\n\n<figure class=\"wp-block-image size-full\"><img loading=\"lazy\" decoding=\"async\" width=\"999\" height=\"596\" src=\"https:\/\/www.biancoscuro.it\/site\/wp-content\/uploads\/2025\/11\/germana_042.jpg\" alt=\"\" class=\"wp-image-19010\" srcset=\"https:\/\/www.biancoscuro.it\/site\/wp-content\/uploads\/2025\/11\/germana_042.jpg 999w, https:\/\/www.biancoscuro.it\/site\/wp-content\/uploads\/2025\/11\/germana_042-300x179.jpg 300w, https:\/\/www.biancoscuro.it\/site\/wp-content\/uploads\/2025\/11\/germana_042-768x458.jpg 768w\" sizes=\"auto, (max-width: 999px) 100vw, 999px\" \/><figcaption class=\"wp-element-caption\"><em><strong>Mimmo German\u00e0<\/strong> \u201cSenza titolo\u201d, 1986, olio su tela, 60&#215;100 cm.<\/em><\/figcaption><\/figure>\n\n\n\n<p><strong>V.C.:&nbsp; <\/strong>L\u2019opera di German\u00e0 \u00e8 intrisa di riferimenti culturali profondi, dalla poesia di <strong>Breton<\/strong> alle sinfonie di <strong>\u010cajkovskij<\/strong>, fino all\u2019influenza di <strong>Chagall<\/strong>, <strong>Matisse<\/strong> e <strong>Franz Marc<\/strong>. In che modo l\u2019archivio sta esplorando e documentando queste complesse intersezioni, che Guerrini descrive come un <em>\u201ccaveau di riferimenti\u201d<\/em>?<\/p>\n\n\n\n<p><strong><em>C.R.: <\/em><\/strong><em>Tutte queste influenze sono ben visibili nelle opere dell\u2019Artista e giustamente come scrive Guerrini le sue opere sono un caveau di riferimenti da studiare e analizzare. <\/em><strong><em>Come Archivio, abbiamo raccolto cataloghi e testi critici delle sue mostre sia personali che collettive<\/em><\/strong><em>, avendo esposto molto anche all\u2019estero, oltre a testimonianze dirette di persone vicine a lui, per fornire una panoramica completa e approfondita del suo lavoro a chi ne vorr\u00e0 usufruire.<\/em><\/p>\n\n\n\n<p><strong>V.C.: <\/strong>Nelle recenti mostre personali di Mimmo German\u00e0 nelle gallerie <strong>Lara, Alberto e Rino Costa <\/strong>e<strong> SEA Contemporary Art<\/strong>, ora allestita negli spazi della <strong>galleria Bonioni Arte<\/strong>, abbiamo osservato dipinti con figure femminili dagli sguardi intensi, talvolta melanconici, come il <em>\u201cVolto\u201d <\/em>del 1988, o adagiate in acque misteriose&nbsp; come l\u2019opera <em>\u201cSera\u201d<\/em>. Nel testo introduttivo del catalogo, si parla di una <em>\u201csensualit\u00e0 piena e carnale ma anche ondivaga, pansessuale\u201d<\/em>. Come questi ritratti specifici contribuiscono a definire la percezione dell\u2019universo intimo e sognante di German\u00e0?<\/p>\n\n\n\n<p><strong><em>C.R.: <\/em><\/strong><em>Nelle opere di German\u00e0 tendenzialmente viene rappresentata la sua sfera di legami affettivi. <\/em><strong><em>Tutti questi riferimenti vengono dipinti con questo suo tratto molto personale<\/em><\/strong><em>, rendendo ogni opera un racconto di un piccolo scorcio della sua vita, che ci viene raccontata in maniera molto intima, <\/em><strong><em>facendoci rivivere, a modo suo, ci\u00f2 che lui amava<\/em><\/strong><em>.&nbsp;<\/em><\/p>\n\n\n\n<p><strong>V.C.: <\/strong>In mostra ho visto anche la ricorrenza di animali, in particolare figure simili a volpi, sia singolarmente che in interazione con le figure umane, immerse in paesaggi vibranti <strong>(\u201cMir\u00f2 e Mir\u00f2 Stravede\u201d)<\/strong>. Qual \u00e8 il significato di questi motivi zoomorfi nell\u2019iconografia di German\u00e0 e come si legano al suo <em>\u201csubconscio millenario\u201d <\/em>e alla sua <em>\u201cSicilia trasfigurata\u201d<\/em>?<\/p>\n\n\n\n<p><strong><em>C.R.: <\/em><\/strong><em>Come detto prima <\/em><strong><em>German\u00e0 rappresentava ci\u00f2 a cui era profondamente legato, ovvero la sua terra nat\u00eca<\/em><\/strong><em> (la Sicilia); sua madre, a cui si ispirano le sue iconiche figure femminili; ed il suo cane Mir\u00f2, che ritroviamo in molti dipinti. La diversificazione degli stessi soggetti rende ogni opera unica e da scoprire.<\/em><\/p>\n\n\n\n<p><strong>V.C.: Considerando l\u2019attuale dinamismo del mercato dell\u2019arte<\/strong> verso artisti storicamente sottovalutati ma di grande spessore, <strong>come vedi il potenziale di Mimmo German\u00e0<\/strong> sia in termini di valorizzazione critica che di apprezzamento commerciale?<\/p>\n\n\n\n<p><strong><em>C.R.: <\/em><\/strong><em>L\u2019opera di <\/em><strong><em>German\u00e0 non pu\u00f2 altro che crescere di valutazione<\/em><\/strong><em>, visti sia i risultati d\u2019asta che si sono concretizzati nell\u2019ultimo anno, sia proprio per l\u2019interesse mostrato dalle stesse gallerie d\u2019arte che hanno mostrato un forte impegno nell\u2019esporre mostre personali e nel presentare progetti in fiere nazionali ed internazionali. <\/em><strong><em>Tutto ci\u00f2 non pu\u00f2 far altro che accrescere il valore commerciale di Mimmo German\u00e0<\/em><\/strong><em>, ovviamente il tutto coadiuvato dall\u2019Archivio Generale e dalla prossima pubblicazione del Catalogo Generale.<\/em><\/p>\n\n\n\n<p>Grazie all\u2019impegno dell\u2019<strong>Archivio<\/strong> e all\u2019imminente <strong>Catalogo Ragionato<\/strong>, il <em>\u201critrovo\u201d<\/em> di <strong>Mimmo German\u00e0<\/strong> si compie, restituendo al Maestro non solo il suo posto nella storia, ma anche lo slancio verso il futuro che <strong>la sua arte potente e poetica merita<\/strong>. &nbsp;<\/p>\n\n\n\n<pre class=\"wp-block-preformatted\"><strong>INFO<\/strong>\nArchivio German\u00e0\ninfo@archiviogermana.com\nwww.archiviogermana.com<\/pre>\n","protected":false},"excerpt":{"rendered":"<p><span class=\"span-reading-time rt-reading-time\" style=\"display: block;\"><span class=\"rt-label rt-prefix\">\u23f0 lettura <\/span> <span class=\"rt-time\"> 6<\/span> <span class=\"rt-label rt-postfix\">min. <\/p>\n<p><\/span><\/span>Il Pictor Segretus ritrovato&nbsp; Pi\u00f9 che di \u201criscoperta\u201d, per Mimmo German\u00e0 \u00e8 opportuno parlare di \u201critrovo\u201d. Questo \u201cpictor segretus\u201d non \u00e8 mai sparito dai radar del collezionismo pi\u00f9 attento, ma ha atteso, defilato, il momento per svelarsi appieno. German\u00e0 \u00e8 un pittore dalla complessit\u00e0 ingannevole; le sue opere, come quelle pubblicate in queste pagine, richiedono&hellip;&nbsp;<a href=\"https:\/\/www.biancoscuro.it\/site\/mimmo-germana\/\" rel=\"bookmark\">Leggi tutto &raquo;<span class=\"screen-reader-text\">Mimmo German\u00e0<\/span><\/a><\/p>\n","protected":false},"author":909,"featured_media":19008,"comment_status":"closed","ping_status":"closed","sticky":false,"template":"","format":"standard","meta":{"neve_meta_sidebar":"","neve_meta_container":"","neve_meta_enable_content_width":"","neve_meta_content_width":0,"neve_meta_title_alignment":"","neve_meta_author_avatar":"","neve_post_elements_order":"","neve_meta_disable_header":"","neve_meta_disable_footer":"","neve_meta_disable_title":"","advanced_seo_description":"","jetpack_seo_html_title":"","jetpack_seo_noindex":false,"footnotes":""},"categories":[5],"tags":[],"class_list":["post-19007","post","type-post","status-publish","format-standard","has-post-thumbnail","hentry","category-arte"],"jetpack_featured_media_url":"https:\/\/www.biancoscuro.it\/site\/wp-content\/uploads\/2025\/11\/germana_043.jpg","jetpack_sharing_enabled":true,"jetpack-related-posts":[{"id":7476,"url":"https:\/\/www.biancoscuro.it\/site\/a-bottega-brera-il-27-giugno-le-limited-editions-skira-di-paladino-sugimoto-moriyama-orsi\/","url_meta":{"origin":19007,"position":0},"title":"A Bottega Brera il 27 giugno le Limited Editions Skira  Paladino, Sugimoto, Moriyama, Orsi","author":"Chiara","date":"20 Giugno 2018","format":false,"excerpt":"Il 27 giugno dalle 18 alla Bottega Brera, il nuovo bookstore Skira alla Pinacoteca di Brera (Via Brera 28 pianoterra) Brindisi e musica per festeggiare l\u2019estate e le nuove prestigiose Limited Editions. L\u2019artista Mimmo Paladino e i fotografi Daido Moriyama, Carlo Orsi, Hiroshi Sugimoto sono i protagonisti di splendide edizioni\u2026","rel":"","context":"In &quot;arte&quot;","block_context":{"text":"arte","link":"https:\/\/www.biancoscuro.it\/site\/category\/arte\/"},"img":{"alt_text":"","src":"https:\/\/i0.wp.com\/www.biancoscuro.it\/site\/wp-content\/uploads\/2018\/06\/5_Moriyama.jpg?resize=350%2C200&ssl=1","width":350,"height":200,"srcset":"https:\/\/i0.wp.com\/www.biancoscuro.it\/site\/wp-content\/uploads\/2018\/06\/5_Moriyama.jpg?resize=350%2C200&ssl=1 1x, https:\/\/i0.wp.com\/www.biancoscuro.it\/site\/wp-content\/uploads\/2018\/06\/5_Moriyama.jpg?resize=525%2C300&ssl=1 1.5x, https:\/\/i0.wp.com\/www.biancoscuro.it\/site\/wp-content\/uploads\/2018\/06\/5_Moriyama.jpg?resize=700%2C400&ssl=1 2x"},"classes":[]},{"id":7546,"url":"https:\/\/www.biancoscuro.it\/site\/frammento-794\/","url_meta":{"origin":19007,"position":1},"title":"FRAMMENTO 794","author":"Roberta Melasecca","date":"9 Luglio 2018","format":false,"excerpt":"Il \u00a012 luglio 2018 alle ore 19.00, Officinenove, in collaborazione con Horti Lamiani Bettiv\u00f2, presenta la collettiva Frammento 794, a cura di Domenico Giglio. In mostra le opere di Sergio Angeli, Mauro Cuppone, Corrado Delfini, Gianfranco D\u2019Alonzo, Nino De Luca, Domenico Giglio, Fabio Mariani, Mimmo Paladino, Vincenzo Pennacchi e Monika\u2026","rel":"","context":"In &quot;arte&quot;","block_context":{"text":"arte","link":"https:\/\/www.biancoscuro.it\/site\/category\/arte\/"},"img":{"alt_text":"","src":"https:\/\/i0.wp.com\/www.biancoscuro.it\/site\/wp-content\/uploads\/2018\/07\/COPERTINA-FRAMMENTO.jpg?resize=350%2C200&ssl=1","width":350,"height":200,"srcset":"https:\/\/i0.wp.com\/www.biancoscuro.it\/site\/wp-content\/uploads\/2018\/07\/COPERTINA-FRAMMENTO.jpg?resize=350%2C200&ssl=1 1x, https:\/\/i0.wp.com\/www.biancoscuro.it\/site\/wp-content\/uploads\/2018\/07\/COPERTINA-FRAMMENTO.jpg?resize=525%2C300&ssl=1 1.5x, https:\/\/i0.wp.com\/www.biancoscuro.it\/site\/wp-content\/uploads\/2018\/07\/COPERTINA-FRAMMENTO.jpg?resize=700%2C400&ssl=1 2x, https:\/\/i0.wp.com\/www.biancoscuro.it\/site\/wp-content\/uploads\/2018\/07\/COPERTINA-FRAMMENTO.jpg?resize=1050%2C600&ssl=1 3x, https:\/\/i0.wp.com\/www.biancoscuro.it\/site\/wp-content\/uploads\/2018\/07\/COPERTINA-FRAMMENTO.jpg?resize=1400%2C800&ssl=1 4x"},"classes":[]},{"id":4000,"url":"https:\/\/www.biancoscuro.it\/site\/interno-14-camere-oscure-germano-serafini\/","url_meta":{"origin":19007,"position":2},"title":"Interno 14: \u201cCamere Oscure\u201d di Germano Serafini","author":"Roberta Melasecca","date":"1 Giugno 2016","format":false,"excerpt":"Interno 14: \u201cCamere Oscure\u201d di Germano Serafini a cura di Lorenzo Canova 7 giugno 2016 ore 18:30 | Interno 14 | Via Carlo Alberto 63 Roma \u00a0 Il giorno 7 giugno 2016 alle ore 18.30 Interno 14_lo spazio dell\u2019AIAC \u2013 Associazione Italiana di Architettura e Critica presenta \u201cCamere Oscure\u201d, un\u2026","rel":"","context":"In &quot;arte&quot;","block_context":{"text":"arte","link":"https:\/\/www.biancoscuro.it\/site\/category\/arte\/"},"img":{"alt_text":"","src":"https:\/\/i0.wp.com\/www.biancoscuro.it\/site\/wp-content\/uploads\/2016\/06\/camere_oscure_serafini-Copia.jpg?resize=350%2C200&ssl=1","width":350,"height":200,"srcset":"https:\/\/i0.wp.com\/www.biancoscuro.it\/site\/wp-content\/uploads\/2016\/06\/camere_oscure_serafini-Copia.jpg?resize=350%2C200&ssl=1 1x, https:\/\/i0.wp.com\/www.biancoscuro.it\/site\/wp-content\/uploads\/2016\/06\/camere_oscure_serafini-Copia.jpg?resize=525%2C300&ssl=1 1.5x"},"classes":[]},{"id":18639,"url":"https:\/\/www.biancoscuro.it\/site\/art-basel-unlimited-art-tour-video\/","url_meta":{"origin":19007,"position":3},"title":"Art Basel &#8211; Unlimited &#8211; Art Tour [VIDEO]","author":"Redazione BIANCOSCURO","date":"23 Giugno 2025","format":false,"excerpt":"Un'esplorazione in 4K di Art Basel UNLIMITED, la sezione dedicata alle opere MONUMENTALI, guidata dall'occhio esperto di BIANCOSCURO Art Magazine. Art Basel in Basel si \u00e8 da poco conclusa, se te la sei persa non temere... puoi ancora recuperare. A guidarci in un itinerario esclusivo attraverso le gigantesche opere \u00e8\u2026","rel":"","context":"In &quot;Art Tour&quot;","block_context":{"text":"Art Tour","link":"https:\/\/www.biancoscuro.it\/site\/category\/art-tour\/"},"img":{"alt_text":"","src":"https:\/\/i0.wp.com\/www.biancoscuro.it\/site\/wp-content\/uploads\/2025\/06\/ArtBaselUNLIMITED25-IMG_2516SITO.jpg?resize=350%2C200&ssl=1","width":350,"height":200,"srcset":"https:\/\/i0.wp.com\/www.biancoscuro.it\/site\/wp-content\/uploads\/2025\/06\/ArtBaselUNLIMITED25-IMG_2516SITO.jpg?resize=350%2C200&ssl=1 1x, https:\/\/i0.wp.com\/www.biancoscuro.it\/site\/wp-content\/uploads\/2025\/06\/ArtBaselUNLIMITED25-IMG_2516SITO.jpg?resize=525%2C300&ssl=1 1.5x, https:\/\/i0.wp.com\/www.biancoscuro.it\/site\/wp-content\/uploads\/2025\/06\/ArtBaselUNLIMITED25-IMG_2516SITO.jpg?resize=700%2C400&ssl=1 2x"},"classes":[]},{"id":11840,"url":"https:\/\/www.biancoscuro.it\/site\/beuys-il-film-lartista-come-provocatore\/","url_meta":{"origin":19007,"position":4},"title":"Beuys, il film | L&#8217;artista come provocatore","author":"Redazione BIANCOSCURO","date":"12 Maggio 2021","format":false,"excerpt":"Beta Cinema - Beuys \u00a9 Zero One Film - BKP \/ Ernst von Siemens Kunststiftung - Stiftung Museum Schloss Moyland Ph. Ute Klophaus Sky Arte celebra il centenario della nascita di Joseph Beuys (1921 \u2013 1985) con un docu-film sulla vita del visionario artista tedesco che ha segnato la storia\u2026","rel":"","context":"In &quot;arte&quot;","block_context":{"text":"arte","link":"https:\/\/www.biancoscuro.it\/site\/category\/arte\/"},"img":{"alt_text":"","src":"https:\/\/i0.wp.com\/www.biancoscuro.it\/site\/wp-content\/uploads\/2021\/05\/05_BetaCinema_Beuys_copyright_zeroonefilm_bpk_ErnstvonSiemensKunststiftung_StiftungMuseumSchlossMoyland_Foto_UteKlophaus.jpg?resize=350%2C200&ssl=1","width":350,"height":200,"srcset":"https:\/\/i0.wp.com\/www.biancoscuro.it\/site\/wp-content\/uploads\/2021\/05\/05_BetaCinema_Beuys_copyright_zeroonefilm_bpk_ErnstvonSiemensKunststiftung_StiftungMuseumSchlossMoyland_Foto_UteKlophaus.jpg?resize=350%2C200&ssl=1 1x, https:\/\/i0.wp.com\/www.biancoscuro.it\/site\/wp-content\/uploads\/2021\/05\/05_BetaCinema_Beuys_copyright_zeroonefilm_bpk_ErnstvonSiemensKunststiftung_StiftungMuseumSchlossMoyland_Foto_UteKlophaus.jpg?resize=525%2C300&ssl=1 1.5x, https:\/\/i0.wp.com\/www.biancoscuro.it\/site\/wp-content\/uploads\/2021\/05\/05_BetaCinema_Beuys_copyright_zeroonefilm_bpk_ErnstvonSiemensKunststiftung_StiftungMuseumSchlossMoyland_Foto_UteKlophaus.jpg?resize=700%2C400&ssl=1 2x"},"classes":[]},{"id":11667,"url":"https:\/\/www.biancoscuro.it\/site\/matteo-montani-nel-rovescio-della-palpebra\/","url_meta":{"origin":19007,"position":5},"title":"Matteo Montani. Nel rovescio della palpebra","author":"OTTO Gallery","date":"24 Aprile 2021","format":false,"excerpt":"Dopo le personali A cielo aperto (2010) e Matteo Montani \u2013 Peter Flaccus (2014) MATTEO MONTANI torna ad esporre alla OTTO Gallery con una nuova serie di opere inedite realizzate appositamente per l\u2019occasione. La produzione si focalizza sull\u2019immagine colta nel suo sorgere e dissolversi in un luogo peculiare \u2013 tra\u2026","rel":"","context":"In &quot;arte&quot;","block_context":{"text":"arte","link":"https:\/\/www.biancoscuro.it\/site\/category\/arte\/"},"img":{"alt_text":"","src":"https:\/\/i0.wp.com\/www.biancoscuro.it\/site\/wp-content\/uploads\/2021\/04\/Matteo-Montani-mostra-Bologna.jpg?resize=350%2C200&ssl=1","width":350,"height":200,"srcset":"https:\/\/i0.wp.com\/www.biancoscuro.it\/site\/wp-content\/uploads\/2021\/04\/Matteo-Montani-mostra-Bologna.jpg?resize=350%2C200&ssl=1 1x, https:\/\/i0.wp.com\/www.biancoscuro.it\/site\/wp-content\/uploads\/2021\/04\/Matteo-Montani-mostra-Bologna.jpg?resize=525%2C300&ssl=1 1.5x"},"classes":[]}],"_links":{"self":[{"href":"https:\/\/www.biancoscuro.it\/site\/wp-json\/wp\/v2\/posts\/19007","targetHints":{"allow":["GET"]}}],"collection":[{"href":"https:\/\/www.biancoscuro.it\/site\/wp-json\/wp\/v2\/posts"}],"about":[{"href":"https:\/\/www.biancoscuro.it\/site\/wp-json\/wp\/v2\/types\/post"}],"author":[{"embeddable":true,"href":"https:\/\/www.biancoscuro.it\/site\/wp-json\/wp\/v2\/users\/909"}],"replies":[{"embeddable":true,"href":"https:\/\/www.biancoscuro.it\/site\/wp-json\/wp\/v2\/comments?post=19007"}],"version-history":[{"count":2,"href":"https:\/\/www.biancoscuro.it\/site\/wp-json\/wp\/v2\/posts\/19007\/revisions"}],"predecessor-version":[{"id":19012,"href":"https:\/\/www.biancoscuro.it\/site\/wp-json\/wp\/v2\/posts\/19007\/revisions\/19012"}],"wp:featuredmedia":[{"embeddable":true,"href":"https:\/\/www.biancoscuro.it\/site\/wp-json\/wp\/v2\/media\/19008"}],"wp:attachment":[{"href":"https:\/\/www.biancoscuro.it\/site\/wp-json\/wp\/v2\/media?parent=19007"}],"wp:term":[{"taxonomy":"category","embeddable":true,"href":"https:\/\/www.biancoscuro.it\/site\/wp-json\/wp\/v2\/categories?post=19007"},{"taxonomy":"post_tag","embeddable":true,"href":"https:\/\/www.biancoscuro.it\/site\/wp-json\/wp\/v2\/tags?post=19007"}],"curies":[{"name":"wp","href":"https:\/\/api.w.org\/{rel}","templated":true}]}}