{"id":19041,"date":"2025-11-14T11:20:37","date_gmt":"2025-11-14T10:20:37","guid":{"rendered":"https:\/\/www.biancoscuro.it\/site\/?p=19041"},"modified":"2025-11-18T19:15:00","modified_gmt":"2025-11-18T18:15:00","slug":"liberticidio-joseph-de-felici-e-ferdinando-gatta","status":"publish","type":"post","link":"https:\/\/www.biancoscuro.it\/site\/liberticidio-joseph-de-felici-e-ferdinando-gatta\/","title":{"rendered":"LIBERTICIDIO: Joseph De Felici e Ferdinando Gatta"},"content":{"rendered":"<span class=\"span-reading-time rt-reading-time\" style=\"display: block;\"><span class=\"rt-label rt-prefix\">\u23f0 lettura <\/span> <span class=\"rt-time\"> 3<\/span> <span class=\"rt-label rt-postfix\">min. <br><br><\/span><\/span>\n<figure class=\"wp-block-image size-full\"><img decoding=\"async\" src=\"https:\/\/www.biancoscuro.it\/site\/wp-content\/uploads\/2025\/11\/Invito-Liberticidio.jpeg\" alt=\"\" class=\"wp-image-19042\"\/><\/figure>\n\n\n\n<p>Sabato 22 novembre 2025 alle ore 18.00, inaugura presso gli spazi di <em>MOLO22<\/em>, al Porto turistico di Pescara, la mostra <strong>Liberticidio<\/strong> di <strong>Joseph De Felici <\/strong>e <strong>Ferdinando Gatta<\/strong>, a cura di <strong>Nadia Di Bernardo<\/strong> e <strong>Francesca Perti<\/strong>: un progetto che indaga attraverso il medium della fotografia il&nbsp;concetto complesso della <strong><em>libert\u00e0<\/em><\/strong>.<\/p>\n\n\n\n<p>\u00abLa mostra LIBERT\u00c0 nasce dell&#8217;interazione di De Felici e Gatta\u00bb, scrive <em>Francesca Perti<\/em>, \u00abche diventano un unico corpo e un&#8217;unica voce, attraverso fotografie in bianco e nero, che sembrano irradiare scariche elettriche ad alta tensione, non freddamente impersonali, ma impregnate della sensibilit\u00e0 degli artisti: vibrano di un fremito interno e colpiscono direttamente al cuore.Fotografie che non danno scampo e che ci costringono ad immergerci nel profondo, ci assorbono all&#8217;interno del loro centro gravitazionale, ci inchiodano spalle al muro, costretti&nbsp; a ripensare in modo nuovo alla parola libert\u00e0 e al suo contrario. I due fotografi ci fanno riflettere sulla necessit\u00e0 di denunciare le menzogne che ci vengono raccontate, spesso con l&#8217;accondiscendenza dei mass media, che ci impediscono di vedere la realt\u00e0 cos\u00ec come \u00e8, creando una forma di illusione collettiva. [\u2026] Nell&#8217;opera di De Felici e Gatta la fotografia diventa un mezzo di espressione personale e di ricerca critica, in grado di esplorare le diverse sfaccettature della libert\u00e0&nbsp; ma anche le sue contraddizioni. Gi\u00e0 dai titoli delle loro opere, TORTURE, DNA RICODIFICATO, MODIFICAZIONE CEREBRALE, i due fotografi affrontano temi spinosi e controversi, sempre in un continuo dialogo tra di loro, un dialogo che diventa fare artistico e poetico.\u00bb<\/p>\n\n\n\n<p>Mentre <em>Nadia Di Bernardo<\/em> nella sua presentazione sottolinea: \u00abNon si fanno illusioni, Joseph De Felici e Ferdinando Gatta, sulla destinazione del pensiero libero, riflessione che li accomuna e che urlano attraverso le inquadrature dei loro obiettivi fotografici, trasponendo attraverso stili sia pur diversi ma compenetranti, la propria visione. Negli scatti apparentemente manca o si riduce l\u2019elemento umano, che si esplicita invece nelle forme, convertite in barriere appositamente progettate per manipolare, distorcere, modificare e omologare il pensiero collettivo, in nome di un ordine contenitore dei diritti umani, strumenti pensati e manipolati per limitare gli individui stessi. [\u2026] Inquietanti costruzioni prive di finestre, dove non filtra luce dall\u2019esterno e diventano cieche prigioni fisiche e dell\u2019anima. E ancora, mani tese in le cui forme perdono sostanza, quasi evaporando, in immagini distopiche di individui deprivati di qualsiasi altro pensiero, se non quello della immediata sopravvivenza. Esperimenti di mutagenesi, in nome del progresso e della scienza, manipolazioni destinate a influenzare le masse, manipolazioni perpetuate con la complicit\u00e0 delle lobby. Ed ecco che allora tutto ci\u00f2 diventa tortura, deprivazione dello spazio vitale, limitazione e mortalit\u00e0 delle libert\u00e0 individuali, crimini diffusi sia fisici che morali, dei liberticidi.<\/p>\n\n\n\n<figure class=\"wp-block-gallery has-nested-images columns-2 is-cropped wp-block-gallery-1 is-layout-flex wp-block-gallery-is-layout-flex\">\n<figure class=\"wp-block-image size-large\"><img loading=\"lazy\" decoding=\"async\" width=\"1024\" height=\"764\" data-id=\"19043\" src=\"https:\/\/www.biancoscuro.it\/site\/wp-content\/uploads\/2025\/11\/Joseph-De-Felici-1-1024x764.jpeg\" alt=\"\" class=\"wp-image-19043\" srcset=\"https:\/\/www.biancoscuro.it\/site\/wp-content\/uploads\/2025\/11\/Joseph-De-Felici-1-1024x764.jpeg 1024w, https:\/\/www.biancoscuro.it\/site\/wp-content\/uploads\/2025\/11\/Joseph-De-Felici-1-300x224.jpeg 300w, https:\/\/www.biancoscuro.it\/site\/wp-content\/uploads\/2025\/11\/Joseph-De-Felici-1-768x573.jpeg 768w, https:\/\/www.biancoscuro.it\/site\/wp-content\/uploads\/2025\/11\/Joseph-De-Felici-1-1320x985.jpeg 1320w, https:\/\/www.biancoscuro.it\/site\/wp-content\/uploads\/2025\/11\/Joseph-De-Felici-1.jpeg 1345w\" sizes=\"auto, (max-width: 1024px) 100vw, 1024px\" \/><figcaption class=\"wp-element-caption\">De Felici<\/figcaption><\/figure>\n\n\n\n<figure class=\"wp-block-image size-large\"><img loading=\"lazy\" decoding=\"async\" width=\"1024\" height=\"767\" data-id=\"19044\" src=\"https:\/\/www.biancoscuro.it\/site\/wp-content\/uploads\/2025\/11\/Joseph-De-Felici-2-1024x767.jpeg\" alt=\"\" class=\"wp-image-19044\" srcset=\"https:\/\/www.biancoscuro.it\/site\/wp-content\/uploads\/2025\/11\/Joseph-De-Felici-2-1024x767.jpeg 1024w, https:\/\/www.biancoscuro.it\/site\/wp-content\/uploads\/2025\/11\/Joseph-De-Felici-2-300x225.jpeg 300w, https:\/\/www.biancoscuro.it\/site\/wp-content\/uploads\/2025\/11\/Joseph-De-Felici-2-768x575.jpeg 768w, https:\/\/www.biancoscuro.it\/site\/wp-content\/uploads\/2025\/11\/Joseph-De-Felici-2-1320x989.jpeg 1320w, https:\/\/www.biancoscuro.it\/site\/wp-content\/uploads\/2025\/11\/Joseph-De-Felici-2.jpeg 1348w\" sizes=\"auto, (max-width: 1024px) 100vw, 1024px\" \/><figcaption class=\"wp-element-caption\">De Felici<\/figcaption><\/figure>\n\n\n\n<figure class=\"wp-block-image size-large\"><img loading=\"lazy\" decoding=\"async\" width=\"1024\" height=\"682\" data-id=\"19046\" src=\"https:\/\/www.biancoscuro.it\/site\/wp-content\/uploads\/2025\/11\/Ferdinando-Gatta-1-1024x682.jpeg\" alt=\"\" class=\"wp-image-19046\" srcset=\"https:\/\/www.biancoscuro.it\/site\/wp-content\/uploads\/2025\/11\/Ferdinando-Gatta-1-1024x682.jpeg 1024w, https:\/\/www.biancoscuro.it\/site\/wp-content\/uploads\/2025\/11\/Ferdinando-Gatta-1-300x200.jpeg 300w, https:\/\/www.biancoscuro.it\/site\/wp-content\/uploads\/2025\/11\/Ferdinando-Gatta-1-768x511.jpeg 768w, https:\/\/www.biancoscuro.it\/site\/wp-content\/uploads\/2025\/11\/Ferdinando-Gatta-1-930x620.jpeg 930w, https:\/\/www.biancoscuro.it\/site\/wp-content\/uploads\/2025\/11\/Ferdinando-Gatta-1-1320x879.jpeg 1320w, https:\/\/www.biancoscuro.it\/site\/wp-content\/uploads\/2025\/11\/Ferdinando-Gatta-1.jpeg 1520w\" sizes=\"auto, (max-width: 1024px) 100vw, 1024px\" \/><figcaption class=\"wp-element-caption\">Gatta<\/figcaption><\/figure>\n\n\n\n<figure class=\"wp-block-image size-large\"><img loading=\"lazy\" decoding=\"async\" width=\"1024\" height=\"678\" data-id=\"19045\" src=\"https:\/\/www.biancoscuro.it\/site\/wp-content\/uploads\/2025\/11\/Ferdinando-Gatta-2-1024x678.jpeg\" alt=\"\" class=\"wp-image-19045\" srcset=\"https:\/\/www.biancoscuro.it\/site\/wp-content\/uploads\/2025\/11\/Ferdinando-Gatta-2-1024x678.jpeg 1024w, https:\/\/www.biancoscuro.it\/site\/wp-content\/uploads\/2025\/11\/Ferdinando-Gatta-2-300x199.jpeg 300w, https:\/\/www.biancoscuro.it\/site\/wp-content\/uploads\/2025\/11\/Ferdinando-Gatta-2-768x509.jpeg 768w, https:\/\/www.biancoscuro.it\/site\/wp-content\/uploads\/2025\/11\/Ferdinando-Gatta-2-1320x874.jpeg 1320w, https:\/\/www.biancoscuro.it\/site\/wp-content\/uploads\/2025\/11\/Ferdinando-Gatta-2.jpeg 1413w\" sizes=\"auto, (max-width: 1024px) 100vw, 1024px\" \/><figcaption class=\"wp-element-caption\">Gatta<\/figcaption><\/figure>\n<\/figure>\n\n\n\n<pre class=\"wp-block-preformatted\"><strong>INFO<\/strong>\n\n<strong>LIBERTICIDIO\nJoseph De Felici\u00a0 Ferdinando Gatta\n<\/strong>A cura di Nadia Di Bernardo e Francesca Perti\n\n<strong>Inaugurazione 22 novembre 2025 ore 18.00\nFino all\u201911 dicembre 2025\nOrar<\/strong>i: da luned\u00ec a sabato 16.30 - 18.30; domenica\n\n<strong>MOLO22\nDirezione artistica: KK\n<\/strong>Porto turistico - Pescara<\/pre>\n","protected":false},"excerpt":{"rendered":"<p><span class=\"span-reading-time rt-reading-time\" style=\"display: block;\"><span class=\"rt-label rt-prefix\">\u23f0 lettura <\/span> <span class=\"rt-time\"> 3<\/span> <span class=\"rt-label rt-postfix\">min. <\/p>\n<p><\/span><\/span>Sabato 22 novembre 2025 alle ore 18.00, inaugura presso gli spazi di MOLO22, al Porto turistico di Pescara, la mostra Liberticidio di Joseph De Felici e Ferdinando Gatta, a cura di Nadia Di Bernardo e Francesca Perti: un progetto che indaga attraverso il medium della fotografia il&nbsp;concetto complesso della libert\u00e0. \u00abLa mostra LIBERT\u00c0 nasce dell&#8217;interazione&hellip;&nbsp;<a href=\"https:\/\/www.biancoscuro.it\/site\/liberticidio-joseph-de-felici-e-ferdinando-gatta\/\" rel=\"bookmark\">Leggi tutto &raquo;<span class=\"screen-reader-text\">LIBERTICIDIO: Joseph De Felici e Ferdinando Gatta<\/span><\/a><\/p>\n","protected":false},"author":980,"featured_media":19042,"comment_status":"closed","ping_status":"closed","sticky":false,"template":"","format":"standard","meta":{"neve_meta_sidebar":"","neve_meta_container":"","neve_meta_enable_content_width":"","neve_meta_content_width":0,"neve_meta_title_alignment":"","neve_meta_author_avatar":"","neve_post_elements_order":"","neve_meta_disable_header":"","neve_meta_disable_footer":"","neve_meta_disable_title":"","advanced_seo_description":"","jetpack_seo_html_title":"","jetpack_seo_noindex":false,"footnotes":""},"categories":[1072,8,24],"tags":[],"class_list":["post-19041","post","type-post","status-publish","format-standard","has-post-thumbnail","hentry","category-foto","category-fotografia","category-mostre"],"jetpack_featured_media_url":"https:\/\/www.biancoscuro.it\/site\/wp-content\/uploads\/2025\/11\/Invito-Liberticidio-e1763489650396.jpeg","jetpack_sharing_enabled":true,"jetpack-related-posts":[{"id":2689,"url":"https:\/\/www.biancoscuro.it\/site\/interferenze-4-il-pozzo-berardinelli_gatta\/","url_meta":{"origin":19041,"position":0},"title":"INTERFERENZE #4: IL POZZO | Berardinelli_Gatta","author":"Redazione BIANCOSCURO","date":"15 Maggio 2015","format":false,"excerpt":"Con il Patrocinio del Regione Umbria, Provincia di Perugia, Comune di Spoleto, Comune di Perugia INTERFERENZE #4: IL POZZO | Berardinelli_Gatta a cura di Alessia Vergari e Lorenzo Rossi Vernissage domenica 24 maggio ore 18:30 Arriva al suo ultimo appuntamento il progetto \"Interferenze\" con la mostra di Berardinelli_Gatta a cura\u2026","rel":"","context":"In &quot;arte&quot;","block_context":{"text":"arte","link":"https:\/\/www.biancoscuro.it\/site\/category\/arte\/"},"img":{"alt_text":"","src":"https:\/\/i0.wp.com\/www.biancoscuro.it\/site\/wp-content\/uploads\/2015\/05\/il-pozzo.jpg?resize=350%2C200&ssl=1","width":350,"height":200,"srcset":"https:\/\/i0.wp.com\/www.biancoscuro.it\/site\/wp-content\/uploads\/2015\/05\/il-pozzo.jpg?resize=350%2C200&ssl=1 1x, https:\/\/i0.wp.com\/www.biancoscuro.it\/site\/wp-content\/uploads\/2015\/05\/il-pozzo.jpg?resize=525%2C300&ssl=1 1.5x, https:\/\/i0.wp.com\/www.biancoscuro.it\/site\/wp-content\/uploads\/2015\/05\/il-pozzo.jpg?resize=700%2C400&ssl=1 2x, https:\/\/i0.wp.com\/www.biancoscuro.it\/site\/wp-content\/uploads\/2015\/05\/il-pozzo.jpg?resize=1050%2C600&ssl=1 3x, https:\/\/i0.wp.com\/www.biancoscuro.it\/site\/wp-content\/uploads\/2015\/05\/il-pozzo.jpg?resize=1400%2C800&ssl=1 4x"},"classes":[]},{"id":15282,"url":"https:\/\/www.biancoscuro.it\/site\/roberto-stephenson-city-trips-la-rotonda-e-dintorni\/","url_meta":{"origin":19041,"position":1},"title":"Roberto Stephenson &#8211; City trips \/ La Rotonda e dintorni","author":"Roberta Melasecca","date":"8 Dicembre 2022","format":false,"excerpt":"Il 15 dicembre 2022 alle ore 18.00 inaugura, presso lo Studio Compagnucci, la mostra fotografica City trips \/ La Rotonda e dintorni di Roberto Stephenson, a cura di Francesca Perti.\u00a0 \u201cRoberto Stephenson, artista italo-haitiano, racchiude in s\u00e9 molteplici anime, quella dell'esploratore, del viaggiatore e quella del poeta. [...] Per Stephenson\u2026","rel":"","context":"In &quot;arte&quot;","block_context":{"text":"arte","link":"https:\/\/www.biancoscuro.it\/site\/category\/arte\/"},"img":{"alt_text":"","src":"https:\/\/i0.wp.com\/www.biancoscuro.it\/site\/wp-content\/uploads\/2022\/12\/Invito-City-trips-copia-e1670854384699.jpeg?resize=350%2C200&ssl=1","width":350,"height":200,"srcset":"https:\/\/i0.wp.com\/www.biancoscuro.it\/site\/wp-content\/uploads\/2022\/12\/Invito-City-trips-copia-e1670854384699.jpeg?resize=350%2C200&ssl=1 1x, https:\/\/i0.wp.com\/www.biancoscuro.it\/site\/wp-content\/uploads\/2022\/12\/Invito-City-trips-copia-e1670854384699.jpeg?resize=525%2C300&ssl=1 1.5x"},"classes":[]},{"id":13637,"url":"https:\/\/www.biancoscuro.it\/site\/anna-del-vecchio-ponti\/","url_meta":{"origin":19041,"position":2},"title":"Anna Del Vecchio &#8211; Ponti","author":"Roberta Melasecca","date":"6 Giugno 2022","format":false,"excerpt":"Il giorno 10 giugno 2022 alle ore 18.00 la galleria Horti Lamiani Bettiv\u00f2 presenta la mostra personale Ponti di Anna Del Vecchio a cura di Francesca Perti: in esposizione trentatr\u00e9 fotografie che hanno come fonte di ispirazione uno dei pi\u00f9 noti dipinti di Monet, la Cattedrale di Rouen, ritratto dall\u2019artista\u2026","rel":"","context":"In &quot;arte&quot;","block_context":{"text":"arte","link":"https:\/\/www.biancoscuro.it\/site\/category\/arte\/"},"img":{"alt_text":"Copertina-anna-Del-Vecchio","src":"https:\/\/i0.wp.com\/www.biancoscuro.it\/site\/wp-content\/uploads\/2022\/06\/Copertina-anna-Del-Vecchio.jpeg?resize=350%2C200&ssl=1","width":350,"height":200,"srcset":"https:\/\/i0.wp.com\/www.biancoscuro.it\/site\/wp-content\/uploads\/2022\/06\/Copertina-anna-Del-Vecchio.jpeg?resize=350%2C200&ssl=1 1x, https:\/\/i0.wp.com\/www.biancoscuro.it\/site\/wp-content\/uploads\/2022\/06\/Copertina-anna-Del-Vecchio.jpeg?resize=525%2C300&ssl=1 1.5x, https:\/\/i0.wp.com\/www.biancoscuro.it\/site\/wp-content\/uploads\/2022\/06\/Copertina-anna-Del-Vecchio.jpeg?resize=700%2C400&ssl=1 2x, https:\/\/i0.wp.com\/www.biancoscuro.it\/site\/wp-content\/uploads\/2022\/06\/Copertina-anna-Del-Vecchio.jpeg?resize=1050%2C600&ssl=1 3x"},"classes":[]},{"id":9113,"url":"https:\/\/www.biancoscuro.it\/site\/anna-del-vecchio-il-blu-e-linafferrabile\/","url_meta":{"origin":19041,"position":3},"title":"Anna Del Vecchio &#8211; Il blu e l&#8217;inafferrabile","author":"Roberta Melasecca","date":"5 Maggio 2019","format":false,"excerpt":"Anna Del Vecchio Il blu e l'inafferrabile a cura di Francesca Perti Inaugurazione 7 maggio 2019 ore 17.30 | Galleria Il Laboratorio -\u00a0 Via del Moro 49 Roma Fino al 12 maggio\u00a02019 Il giorno 7 maggio 2019 alle ore 17.30, presso la Galleria Il Laboratorio, Anna Del Vecchio presenta il\u2026","rel":"","context":"In &quot;arte&quot;","block_context":{"text":"arte","link":"https:\/\/www.biancoscuro.it\/site\/category\/arte\/"},"img":{"alt_text":"","src":"https:\/\/i0.wp.com\/www.biancoscuro.it\/site\/wp-content\/uploads\/2019\/05\/Anna-Del-Vecchio.jpg?resize=350%2C200&ssl=1","width":350,"height":200,"srcset":"https:\/\/i0.wp.com\/www.biancoscuro.it\/site\/wp-content\/uploads\/2019\/05\/Anna-Del-Vecchio.jpg?resize=350%2C200&ssl=1 1x, https:\/\/i0.wp.com\/www.biancoscuro.it\/site\/wp-content\/uploads\/2019\/05\/Anna-Del-Vecchio.jpg?resize=525%2C300&ssl=1 1.5x, https:\/\/i0.wp.com\/www.biancoscuro.it\/site\/wp-content\/uploads\/2019\/05\/Anna-Del-Vecchio.jpg?resize=700%2C400&ssl=1 2x, https:\/\/i0.wp.com\/www.biancoscuro.it\/site\/wp-content\/uploads\/2019\/05\/Anna-Del-Vecchio.jpg?resize=1050%2C600&ssl=1 3x, https:\/\/i0.wp.com\/www.biancoscuro.it\/site\/wp-content\/uploads\/2019\/05\/Anna-Del-Vecchio.jpg?resize=1400%2C800&ssl=1 4x"},"classes":[]},{"id":14668,"url":"https:\/\/www.biancoscuro.it\/site\/litalia-di-magnum-da-robert-capa-a-paolo-pellegrin\/","url_meta":{"origin":19041,"position":4},"title":"L&#8217;Italia di Magnum. Da Robert Capa a Paolo Pellegrin","author":"Elena Seno","date":"2 Novembre 2022","format":false,"excerpt":"\"Magnum \u00e8 una comunit\u00e0 di pensiero, una qualit\u00e0 umana condivisa, una curiosit\u00e0 su ci\u00f2 che sta accadendo nel mondo, un rispetto per ci\u00f2 che sta succedendo e il desiderio di trascriverlo visivamente\" affermava Henri Cartier-Bresson. La Magnum Photos, una delle pi\u00f9 importanti agenzie fotografiche del mondo con sede a Parigi,\u2026","rel":"","context":"In &quot;foto&quot;","block_context":{"text":"foto","link":"https:\/\/www.biancoscuro.it\/site\/category\/foto\/"},"img":{"alt_text":"","src":"https:\/\/i0.wp.com\/www.biancoscuro.it\/site\/wp-content\/uploads\/2022\/11\/Duomo-Milan-Italy-1986-%C2%A9-Martin-Parr-Magnum-Photos.jpg?resize=350%2C200&ssl=1","width":350,"height":200,"srcset":"https:\/\/i0.wp.com\/www.biancoscuro.it\/site\/wp-content\/uploads\/2022\/11\/Duomo-Milan-Italy-1986-%C2%A9-Martin-Parr-Magnum-Photos.jpg?resize=350%2C200&ssl=1 1x, https:\/\/i0.wp.com\/www.biancoscuro.it\/site\/wp-content\/uploads\/2022\/11\/Duomo-Milan-Italy-1986-%C2%A9-Martin-Parr-Magnum-Photos.jpg?resize=525%2C300&ssl=1 1.5x, https:\/\/i0.wp.com\/www.biancoscuro.it\/site\/wp-content\/uploads\/2022\/11\/Duomo-Milan-Italy-1986-%C2%A9-Martin-Parr-Magnum-Photos.jpg?resize=700%2C400&ssl=1 2x"},"classes":[]},{"id":16987,"url":"https:\/\/www.biancoscuro.it\/site\/viaggio-nellinconsueto-ovvero-del-bizzarro-in-arte\/","url_meta":{"origin":19041,"position":5},"title":"Viaggio nell\u2019inconsueto ovvero del bizzarro in arte","author":"Roberta Melasecca","date":"7 Febbraio 2024","format":false,"excerpt":"Sabato 17 febbraio 2024 alle ore 11.00, presso Palazzo Chigi - Albani a Soriano nel Cimino, inaugura la mostra Viaggio nell\u2019inconsueto ovvero del bizzarro in arte, a cura di\u00a0Francesca\u00a0Perti, con il contributo e il patrocinio del comune di Soriano nel Cimino. Saranno esposte le opere di Luigi Ambrosetti, Lidia Bachis,\u2026","rel":"","context":"In &quot;eventi&quot;","block_context":{"text":"eventi","link":"https:\/\/www.biancoscuro.it\/site\/category\/eventi\/"},"img":{"alt_text":"","src":"https:\/\/i0.wp.com\/www.biancoscuro.it\/site\/wp-content\/uploads\/2024\/02\/Locandina-BIZZAROinARTE-cop.jpg?resize=350%2C200&ssl=1","width":350,"height":200},"classes":[]}],"_links":{"self":[{"href":"https:\/\/www.biancoscuro.it\/site\/wp-json\/wp\/v2\/posts\/19041","targetHints":{"allow":["GET"]}}],"collection":[{"href":"https:\/\/www.biancoscuro.it\/site\/wp-json\/wp\/v2\/posts"}],"about":[{"href":"https:\/\/www.biancoscuro.it\/site\/wp-json\/wp\/v2\/types\/post"}],"author":[{"embeddable":true,"href":"https:\/\/www.biancoscuro.it\/site\/wp-json\/wp\/v2\/users\/980"}],"replies":[{"embeddable":true,"href":"https:\/\/www.biancoscuro.it\/site\/wp-json\/wp\/v2\/comments?post=19041"}],"version-history":[{"count":5,"href":"https:\/\/www.biancoscuro.it\/site\/wp-json\/wp\/v2\/posts\/19041\/revisions"}],"predecessor-version":[{"id":19072,"href":"https:\/\/www.biancoscuro.it\/site\/wp-json\/wp\/v2\/posts\/19041\/revisions\/19072"}],"wp:featuredmedia":[{"embeddable":true,"href":"https:\/\/www.biancoscuro.it\/site\/wp-json\/wp\/v2\/media\/19042"}],"wp:attachment":[{"href":"https:\/\/www.biancoscuro.it\/site\/wp-json\/wp\/v2\/media?parent=19041"}],"wp:term":[{"taxonomy":"category","embeddable":true,"href":"https:\/\/www.biancoscuro.it\/site\/wp-json\/wp\/v2\/categories?post=19041"},{"taxonomy":"post_tag","embeddable":true,"href":"https:\/\/www.biancoscuro.it\/site\/wp-json\/wp\/v2\/tags?post=19041"}],"curies":[{"name":"wp","href":"https:\/\/api.w.org\/{rel}","templated":true}]}}