{"id":19062,"date":"2025-11-15T12:42:07","date_gmt":"2025-11-15T11:42:07","guid":{"rendered":"https:\/\/www.biancoscuro.it\/site\/?p=19062"},"modified":"2025-11-18T19:15:49","modified_gmt":"2025-11-18T18:15:49","slug":"anna-izzo-resilienza","status":"publish","type":"post","link":"https:\/\/www.biancoscuro.it\/site\/anna-izzo-resilienza\/","title":{"rendered":"Anna Izzo &#8211; Resilienza"},"content":{"rendered":"<span class=\"span-reading-time rt-reading-time\" style=\"display: block;\"><span class=\"rt-label rt-prefix\">\u23f0 lettura <\/span> <span class=\"rt-time\"> 3<\/span> <span class=\"rt-label rt-postfix\">min. <br><br><\/span><\/span>\n<figure class=\"wp-block-image size-large\"><img decoding=\"async\" src=\"https:\/\/www.biancoscuro.it\/site\/wp-content\/uploads\/2025\/11\/Locandina-Anna-Izzo-Resilienza-copia-733x1024.jpg\" alt=\"\" class=\"wp-image-19063\"\/><\/figure>\n\n\n\n<p class=\"has-text-align-center\"><\/p>\n\n\n\n<p>Il giorno <strong>23 novembre 2025 alle ore 11.00<\/strong>, in occasione della <em>Giornata internazionale per l&#8217;eliminazione della violenza contro le donne<\/em>, il Comune di Citt\u00e0 della Pieve presenta la mostra personale <strong>Resilienza<\/strong> di <strong>Anna Izzo <\/strong>a cura di <strong>Roberta Melasecca<\/strong>: un corpus di <strong>15 sculture <\/strong>allestite nel Chiostro al piano terra di Palazzo della Corgna. L\u2019esposizione sar\u00e0 inaugurata alla presenza, oltre che dell\u2019artista, del Sindaco di Citt\u00e0 della Pieve, <em>Fausto Risini<\/em>, e di diverse personalit\u00e0 del mondo della cultura e della politica.&nbsp;<\/p>\n\n\n\n<p>\u00abDi fronte alla violenza contro le donne non possiamo pi\u00f9 permetterci silenzi.\u00bb, scrive <strong><em>Fausto Risini<\/em><\/strong>, Sindaco di Citt\u00e0 della Pieve, \u00abOgni storia spezzata ci appartiene, ci riguarda, ci chiama a un\u2019assunzione profonda di responsabilit\u00e0 umana. Le opere di Anna Izzo ci ricordano che la fragilit\u00e0 e la forza convivono in ciascuno di noi, e che solo riconoscendole possiamo costruire comunit\u00e0 pi\u00f9 attente e pi\u00f9 giuste. Vorrei che questo spazio, oggi, fosse un luogo in cui fermarsi, ascoltare e sentire davvero.\u00bb<\/p>\n\n\n\n<p>Mentre l\u2019artista, <strong><em>Anna Izzo<\/em><\/strong>: \u00abDonne trafitte, uccise, torturate ma sempre fiere, mai piegate, libere nella loro anima: urlano la loro dignit\u00e0, guardano il cielo con coraggio: il loro seno materno, seppur incatenato, parla di vita, di amore, di tenerezza.\u00bb<\/p>\n\n\n\n<p>Dal testo critico di <strong><em>Roberta Melasecca<\/em><\/strong>: \u00abAnno dopo anno reiteriamo le narrazioni del momento storico in cui viviamo. Anno dopo anno, ogni<em> Giornata internazionale per l&#8217;eliminazione della violenza contro le donne <\/em>si svolge allo stesso identico modo. Siamo sdegnati, addolorati, arrabbiati, impotenti di fronte alle continue uccisioni. Organizziamo eventi, mostre, cortei, conferenze ma, poi, tutto rimane immobile. Le narrazioni rimangono identiche e rimane statica la nostra mano. E ci domandiamo quale significato possa avere ancora commemorare questa giornata e quale azioni da compiere possano modificare gli accadimenti di ogni giorno. I telegiornali, incessantemente, ci mettono di fronte alla pornografia del dolore, della morte, con i pi\u00f9 strazianti particolari, con i punti di vista di psichiatri, psicologi e criminologi, politici e comunicatori, con nuove proposte di legge e amplificazione dei sistemi repressivi, tutto dato in pasto all\u2019ora del pasto, come se fosse quasi \u201cnormale\u201d assistere\u201d alla strage quotidiana.&nbsp;<\/p>\n\n\n\n<p>Ogni anno anche io mi chiedo se l\u2019arte possa essere ancora uno strumento di \u201ceducazione&#8221;. S\u00ec, di educazione perch\u00e9 basta, basta usare la parola \u201csensibilizzazione\u201d. La societ\u00e0 alla deriva impone un impegno diverso. Dobbiamo ricominciare ad educare, attraverso lo scardinamento delle convenzioni, quelle che impediscono di parlare di sentimenti, di emozioni, di perdite, di vulnerabilit\u00e0. Scardiniamo la societ\u00e0 della prestazione, la societ\u00e0 del successo, la societ\u00e0 dove ognuno di noi deve necessariamente mantenere il proprio ruolo. Scardiniamo le concezioni della donna e dell\u2019uomo che ci vogliono rispettivamente vittima e carnefice, che ci pongono da una parte e dall\u2019altra della barricata. Perch\u00e9 questa non \u00e8 una guerra e noi non dobbiamo indossare nessuna armatura. Scardiniamo le stesse parole che cuciono addosso a noi il vestito delle ere, del patriarcato, del tempo del consumismo, del tempo del sessismo, del tempo di chi non ha pi\u00f9 tempo per ascoltare. Scardiniamo quegli atteggiamenti che ci impediscono di prendere per mano i nostri figli, guardarli negli occhi e dire: <em>ti voglio bene e mi piaci cos\u00ec come sei, con tutte le tue paure e fragilit\u00e0, con tutte le tue bellezze e particolarit\u00e0, non voglio nulla da te.<\/em> Guardiamo gli altri con <em>compassione<\/em> (etimologicamente: <em>patire con<\/em>, ovvero soffrire con l\u2019altro, gioire con l\u2019altro). Educare, dunque. E provare compassione.&nbsp;<\/p>\n\n\n\n<p>Credo che l\u2019arte possa essere uno strumento di educazione e di compassione. Ogni artista pu\u00f2 utilizzare il proprio percorso artistico, con la propria e specifica sensibilit\u00e0, e tentare di modificare le narrazioni del presente e forse, spero, anche del futuro. Le opere di Anna Izzo, esposte al Palazzo della Corgna di Citt\u00e0 della Pieve, provano a fare proprio questo. Mediante immagini estetiche, che sono identificative della ricerca artistica di Anna, ci mettono di fronte ad una scelta. \u00c8 una scelta libera ma necessaria. Anna utilizza materiali non facili: non la dolce e dura pietra, non la stoffa dei ricami, non la viscosit\u00e0 delle resine. Utilizza il ferro, il materiale delle prime scoperte ingegneristiche, il bronzo scelto nelle costruzioni architettoniche per la durabilit\u00e0 e resistenza, che non sono pelle ma struttura. Le 15 sculture attraversano la fragilit\u00e0 come spazio generativo, la caduta come gesto di ricomposizione, la ferita come soglia di rinascita: non cercano la consolazione, ma la consapevolezza. La materia \u00e8 specchio del corpo sociale e in esso riconosciamo la possibilit\u00e0 di un lento, concreto cambiamento, di un rinnovato paradigma di pensiero. Le 15 sculture indicano un tragitto attraverso simbologie antiche e metafore contemporanee, ed \u00e8 un percorso non nuovo, non diverso. Una linea che si svolge e che ci riporta a noi e solo a noi. Noi unici protagonisti del nostro tempo, unici fautori della nostra vita e della nostra morte, unici responsabili di quello che costruiamo e plasmiamo. Noi che ci proviamo, pur in mezzo a continue cadute e innumerevoli fallimenti.&nbsp;<\/p>\n\n\n\n<p>Allora, solo un invito pu\u00f2 terminare questo testo: un invito ad alzare gli occhi, guardare intorno, \u201csentire\u201d cosa accade. Ci potremo ritrovare in due, riuniti, oppure in 10, in 100, in 1000. Non \u00e8 il numero che conta. Vi invito, allora, il 23 novembre 2025 alle ore 11.00, nel cortile di Palazzo della Corgna, per una giornata di confronto, aperta, orizzontale, resiliente, dove scambiare proposte, proponimenti, speranze. Il pensiero di ognuno andr\u00e0 a completare il progetto espositivo per questa <em>Giornata internazionale per l&#8217;eliminazione della violenza contro le donne.<\/em> Vi aspettiamo.\u00bb<\/p>\n\n\n\n<p><\/p>\n\n\n\n<pre class=\"wp-block-preformatted\"><strong>INFO<\/strong>\n\n<strong><em>Giornata internazionale per l'eliminazione della violenza contro le donne<\/em><\/strong>\n\n<strong>Anna Izzo - Resilienza<\/strong>\n<strong>Inaugurazione 23 novembre 2025 ore 11.00\nFino al 30 aprile 2026\nOrari<\/strong>: dal luned\u00ec alla domenica 10.00 - 19.00\n\n<strong>Chiostro Palazzo della Corgna - piano terra<\/strong>\nPiazza Antonio Gramsci - Citt\u00e0 della Pieve (PG)\ncomunicazione@cittadellapieve.org<\/pre>\n","protected":false},"excerpt":{"rendered":"<p><span class=\"span-reading-time rt-reading-time\" style=\"display: block;\"><span class=\"rt-label rt-prefix\">\u23f0 lettura <\/span> <span class=\"rt-time\"> 3<\/span> <span class=\"rt-label rt-postfix\">min. <\/p>\n<p><\/span><\/span>Il giorno 23 novembre 2025 alle ore 11.00, in occasione della Giornata internazionale per l&#8217;eliminazione della violenza contro le donne, il Comune di Citt\u00e0 della Pieve presenta la mostra personale Resilienza di Anna Izzo a cura di Roberta Melasecca: un corpus di 15 sculture allestite nel Chiostro al piano terra di Palazzo della Corgna. L\u2019esposizione&hellip;&nbsp;<a href=\"https:\/\/www.biancoscuro.it\/site\/anna-izzo-resilienza\/\" rel=\"bookmark\">Leggi tutto &raquo;<span class=\"screen-reader-text\">Anna Izzo &#8211; Resilienza<\/span><\/a><\/p>\n","protected":false},"author":980,"featured_media":19064,"comment_status":"closed","ping_status":"closed","sticky":false,"template":"","format":"standard","meta":{"neve_meta_sidebar":"","neve_meta_container":"","neve_meta_enable_content_width":"","neve_meta_content_width":0,"neve_meta_title_alignment":"","neve_meta_author_avatar":"","neve_post_elements_order":"","neve_meta_disable_header":"","neve_meta_disable_footer":"","neve_meta_disable_title":"","advanced_seo_description":"","jetpack_seo_html_title":"","jetpack_seo_noindex":false,"footnotes":""},"categories":[26,334,27],"tags":[],"class_list":["post-19062","post","type-post","status-publish","format-standard","has-post-thumbnail","hentry","category-eventi","category-installazioni","category-manifestazione"],"jetpack_featured_media_url":"https:\/\/www.biancoscuro.it\/site\/wp-content\/uploads\/2025\/11\/Invito-Resilienza-copia-e1763489284821.jpg","jetpack_sharing_enabled":true,"jetpack-related-posts":[{"id":12600,"url":"https:\/\/www.biancoscuro.it\/site\/la-violenza-non-e-amore-installazione-di-anna-izzo\/","url_meta":{"origin":19062,"position":0},"title":"La violenza non \u00e8 amore &#8211; Installazione di Anna Izzo","author":"Roberta Melasecca","date":"23 Novembre 2021","format":false,"excerpt":"Il giorno 25 novembre 2021 alle ore 18.00, in occasione della Giornata internazionale per l'eliminazione della violenza contro le donne, verr\u00e0 presentata, nello spazio di ingresso della Rocca Perugina di Citt\u00e0 della Pieve, l\u2019installazione scultorea La violenza non \u00e8 amore di Anna Izzo.La scultura monumentale verr\u00e0 inaugurata alla presenza, oltre\u2026","rel":"","context":"In &quot;arte&quot;","block_context":{"text":"arte","link":"https:\/\/www.biancoscuro.it\/site\/category\/arte\/"},"img":{"alt_text":"","src":"https:\/\/i0.wp.com\/www.biancoscuro.it\/site\/wp-content\/uploads\/2021\/11\/Anna-Izzo-La-violenza-non-e%CC%80-amore-1-ph-%40Fabiana-Bellini-e1637922722637.jpg?resize=350%2C200&ssl=1","width":350,"height":200,"srcset":"https:\/\/i0.wp.com\/www.biancoscuro.it\/site\/wp-content\/uploads\/2021\/11\/Anna-Izzo-La-violenza-non-e%CC%80-amore-1-ph-%40Fabiana-Bellini-e1637922722637.jpg?resize=350%2C200&ssl=1 1x, https:\/\/i0.wp.com\/www.biancoscuro.it\/site\/wp-content\/uploads\/2021\/11\/Anna-Izzo-La-violenza-non-e%CC%80-amore-1-ph-%40Fabiana-Bellini-e1637922722637.jpg?resize=525%2C300&ssl=1 1.5x, https:\/\/i0.wp.com\/www.biancoscuro.it\/site\/wp-content\/uploads\/2021\/11\/Anna-Izzo-La-violenza-non-e%CC%80-amore-1-ph-%40Fabiana-Bellini-e1637922722637.jpg?resize=700%2C400&ssl=1 2x"},"classes":[]},{"id":16815,"url":"https:\/\/www.biancoscuro.it\/site\/linstallazione-la-violenza-non-e-amore-di-anna-izzo-arriva-ad-orvieto\/","url_meta":{"origin":19062,"position":1},"title":"&#8220;La violenza non \u00e8 amore&#8221; di Anna Izzo ad Orvieto","author":"Roberta Melasecca","date":"11 Novembre 2023","format":false,"excerpt":"Il giorno 25 novembre 2023 alle ore 11.30, in occasione della Giornata internazionale per l'eliminazione della violenza contro le donne, verr\u00e0 presentata, presso la Biblioteca Comunale \u201cLuigi Fumi\u201d, Piazza Febei - Orvieto, l\u2019installazione La violenza non \u00e8 amore di Anna Izzo, a cura di Roberta Melasecca e con il patrocinio\u2026","rel":"","context":"In &quot;eventi&quot;","block_context":{"text":"eventi","link":"https:\/\/www.biancoscuro.it\/site\/category\/eventi\/"},"img":{"alt_text":"","src":"https:\/\/i0.wp.com\/www.biancoscuro.it\/site\/wp-content\/uploads\/2023\/11\/anna-izzo-2-ph.-marco-mandini.jpg?resize=350%2C200&ssl=1","width":350,"height":200,"srcset":"https:\/\/i0.wp.com\/www.biancoscuro.it\/site\/wp-content\/uploads\/2023\/11\/anna-izzo-2-ph.-marco-mandini.jpg?resize=350%2C200&ssl=1 1x, https:\/\/i0.wp.com\/www.biancoscuro.it\/site\/wp-content\/uploads\/2023\/11\/anna-izzo-2-ph.-marco-mandini.jpg?resize=525%2C300&ssl=1 1.5x, https:\/\/i0.wp.com\/www.biancoscuro.it\/site\/wp-content\/uploads\/2023\/11\/anna-izzo-2-ph.-marco-mandini.jpg?resize=700%2C400&ssl=1 2x, https:\/\/i0.wp.com\/www.biancoscuro.it\/site\/wp-content\/uploads\/2023\/11\/anna-izzo-2-ph.-marco-mandini.jpg?resize=1050%2C600&ssl=1 3x"},"classes":[]},{"id":18212,"url":"https:\/\/www.biancoscuro.it\/site\/la-violenza-e-una-gabbia-installazione-monumentale-di-anna-izzo\/","url_meta":{"origin":19062,"position":2},"title":"La Violenza \u00e8 una Gabbia","author":"Roberta Melasecca","date":"28 Febbraio 2025","format":false,"excerpt":"La Violenza \u00e8 una GabbiaInstallazione monumentale di Anna IzzoSvelamento e presentazione\u00a0 Venerd\u00ec 7 marzo 2025 alle ore 10,30 la Citt\u00e0 di Grottaferrata presenta l\u2019installazione monumentale La Violenza \u00e8 una Gabbia di Anna Izzo, a cura di Roberta Melasecca. Lo svelamento e l\u2019inaugurazione, nella Piazzetta Eugenio Conti antistante la sede comunale,\u2026","rel":"","context":"In &quot;arte&quot;","block_context":{"text":"arte","link":"https:\/\/www.biancoscuro.it\/site\/category\/arte\/"},"img":{"alt_text":"","src":"https:\/\/i0.wp.com\/www.biancoscuro.it\/site\/wp-content\/uploads\/2025\/02\/la-violenza-e-una-gabbia-anna-izzo-grottaferrata-copia.jpeg?resize=350%2C200&ssl=1","width":350,"height":200,"srcset":"https:\/\/i0.wp.com\/www.biancoscuro.it\/site\/wp-content\/uploads\/2025\/02\/la-violenza-e-una-gabbia-anna-izzo-grottaferrata-copia.jpeg?resize=350%2C200&ssl=1 1x, https:\/\/i0.wp.com\/www.biancoscuro.it\/site\/wp-content\/uploads\/2025\/02\/la-violenza-e-una-gabbia-anna-izzo-grottaferrata-copia.jpeg?resize=525%2C300&ssl=1 1.5x, https:\/\/i0.wp.com\/www.biancoscuro.it\/site\/wp-content\/uploads\/2025\/02\/la-violenza-e-una-gabbia-anna-izzo-grottaferrata-copia.jpeg?resize=700%2C400&ssl=1 2x"},"classes":[]},{"id":17863,"url":"https:\/\/www.biancoscuro.it\/site\/femminando-una-scultura-di-anna-izzo\/","url_meta":{"origin":19062,"position":3},"title":"Femminando, una scultura di Anna Izzo","author":"Roberta Melasecca","date":"13 Novembre 2024","format":false,"excerpt":"Domenica 24 novembre 2024 alle ore 11.00, presso il Palazzo Comunale di San Casciano dei Bagni, verr\u00e0 inaugurata l\u2019opera scultorea in bronzo Femminando di Anna Izzo, a cura di Roberta Melasecca, alla presenza della Sindaca di San Casciano dei Bagni, Agnese Carletti, e alla Presidente del Servizio Associato Pari Opportunit\u00e0\u2026","rel":"","context":"In &quot;arte&quot;","block_context":{"text":"arte","link":"https:\/\/www.biancoscuro.it\/site\/category\/arte\/"},"img":{"alt_text":"","src":"https:\/\/i0.wp.com\/www.biancoscuro.it\/site\/wp-content\/uploads\/2024\/11\/annaizzo.jpg?resize=350%2C200&ssl=1","width":350,"height":200,"srcset":"https:\/\/i0.wp.com\/www.biancoscuro.it\/site\/wp-content\/uploads\/2024\/11\/annaizzo.jpg?resize=350%2C200&ssl=1 1x, https:\/\/i0.wp.com\/www.biancoscuro.it\/site\/wp-content\/uploads\/2024\/11\/annaizzo.jpg?resize=525%2C300&ssl=1 1.5x"},"classes":[]},{"id":17162,"url":"https:\/\/www.biancoscuro.it\/site\/concorso-internazionale-del-ritratto-dedicato-a-tiziano-vecellio\/","url_meta":{"origin":19062,"position":4},"title":"Concorso Internazionale del Ritratto Tiziano Vecellio","author":"Sandra Miranda Pattin","date":"10 Aprile 2024","format":false,"excerpt":"Mostra dei finalisti\u00a0 Un evento di arte contemporanea e di valorizzazione delle pratiche interculturali: \u201cConcorso Internazionale del Ritratto dedicato a Tiziano Vecellio\u201d\u00a0 Ancora oggi, nelle opere degli artisti contemporanei, possiamo riconoscere l'eredit\u00e0 ancora viva lasciata da un grande maestro della pittura, quale \u00e8 stato Tiziano Vecellio. Prima del XX secolo\u2026","rel":"","context":"In &quot;acquerelli&quot;","block_context":{"text":"acquerelli","link":"https:\/\/www.biancoscuro.it\/site\/category\/acquerelli\/"},"img":{"alt_text":"","src":"https:\/\/i0.wp.com\/www.biancoscuro.it\/site\/wp-content\/uploads\/2024\/04\/lr_titian_finalist-scaled.jpg?resize=350%2C200&ssl=1","width":350,"height":200,"srcset":"https:\/\/i0.wp.com\/www.biancoscuro.it\/site\/wp-content\/uploads\/2024\/04\/lr_titian_finalist-scaled.jpg?resize=350%2C200&ssl=1 1x, https:\/\/i0.wp.com\/www.biancoscuro.it\/site\/wp-content\/uploads\/2024\/04\/lr_titian_finalist-scaled.jpg?resize=525%2C300&ssl=1 1.5x, https:\/\/i0.wp.com\/www.biancoscuro.it\/site\/wp-content\/uploads\/2024\/04\/lr_titian_finalist-scaled.jpg?resize=700%2C400&ssl=1 2x, https:\/\/i0.wp.com\/www.biancoscuro.it\/site\/wp-content\/uploads\/2024\/04\/lr_titian_finalist-scaled.jpg?resize=1050%2C600&ssl=1 3x, https:\/\/i0.wp.com\/www.biancoscuro.it\/site\/wp-content\/uploads\/2024\/04\/lr_titian_finalist-scaled.jpg?resize=1400%2C800&ssl=1 4x"},"classes":[]},{"id":9860,"url":"https:\/\/www.biancoscuro.it\/site\/se-fosse-un-angelo-di-leonardo-larcangelo-gabriele-di-san-gennaro-in-lucchesia-e-il-suo-restauro\/","url_meta":{"origin":19062,"position":5},"title":"Se fosse un angelo di Leonardo\u2026 L\u2019Arcangelo Gabriele di San Gennaro in Lucchesia e il suo restauro","author":"Elena Lanzanova","date":"29 Ottobre 2019","format":false,"excerpt":"Attribuito da Ragghianti alla scuola del Verrocchio e da Pedretti al giovane Leonardo da Vinci, l\u2019Angelo Annunciante \u00e8 la pi\u00f9 grande fra le sculture ascritte al genio del Rinascimento. L\u2019opera, recentemente, \u00e8 stata restaurata dall\u2019Opificio delle Pietre Dure di Firenze.","rel":"","context":"In &quot;arte&quot;","block_context":{"text":"arte","link":"https:\/\/www.biancoscuro.it\/site\/category\/arte\/"},"img":{"alt_text":"","src":"https:\/\/i0.wp.com\/www.biancoscuro.it\/site\/wp-content\/uploads\/2019\/10\/02.jpg?resize=350%2C200&ssl=1","width":350,"height":200,"srcset":"https:\/\/i0.wp.com\/www.biancoscuro.it\/site\/wp-content\/uploads\/2019\/10\/02.jpg?resize=350%2C200&ssl=1 1x, https:\/\/i0.wp.com\/www.biancoscuro.it\/site\/wp-content\/uploads\/2019\/10\/02.jpg?resize=525%2C300&ssl=1 1.5x, https:\/\/i0.wp.com\/www.biancoscuro.it\/site\/wp-content\/uploads\/2019\/10\/02.jpg?resize=700%2C400&ssl=1 2x"},"classes":[]}],"_links":{"self":[{"href":"https:\/\/www.biancoscuro.it\/site\/wp-json\/wp\/v2\/posts\/19062","targetHints":{"allow":["GET"]}}],"collection":[{"href":"https:\/\/www.biancoscuro.it\/site\/wp-json\/wp\/v2\/posts"}],"about":[{"href":"https:\/\/www.biancoscuro.it\/site\/wp-json\/wp\/v2\/types\/post"}],"author":[{"embeddable":true,"href":"https:\/\/www.biancoscuro.it\/site\/wp-json\/wp\/v2\/users\/980"}],"replies":[{"embeddable":true,"href":"https:\/\/www.biancoscuro.it\/site\/wp-json\/wp\/v2\/comments?post=19062"}],"version-history":[{"count":2,"href":"https:\/\/www.biancoscuro.it\/site\/wp-json\/wp\/v2\/posts\/19062\/revisions"}],"predecessor-version":[{"id":19069,"href":"https:\/\/www.biancoscuro.it\/site\/wp-json\/wp\/v2\/posts\/19062\/revisions\/19069"}],"wp:featuredmedia":[{"embeddable":true,"href":"https:\/\/www.biancoscuro.it\/site\/wp-json\/wp\/v2\/media\/19064"}],"wp:attachment":[{"href":"https:\/\/www.biancoscuro.it\/site\/wp-json\/wp\/v2\/media?parent=19062"}],"wp:term":[{"taxonomy":"category","embeddable":true,"href":"https:\/\/www.biancoscuro.it\/site\/wp-json\/wp\/v2\/categories?post=19062"},{"taxonomy":"post_tag","embeddable":true,"href":"https:\/\/www.biancoscuro.it\/site\/wp-json\/wp\/v2\/tags?post=19062"}],"curies":[{"name":"wp","href":"https:\/\/api.w.org\/{rel}","templated":true}]}}