{"id":19074,"date":"2025-11-19T17:01:40","date_gmt":"2025-11-19T16:01:40","guid":{"rendered":"https:\/\/www.biancoscuro.it\/site\/?p=19074"},"modified":"2025-11-24T17:40:53","modified_gmt":"2025-11-24T16:40:53","slug":"soglie-del-visibile-gaia-adducchio-%c2%b7-luisa-briganti-%c2%b7-simona-caprioli","status":"publish","type":"post","link":"https:\/\/www.biancoscuro.it\/site\/soglie-del-visibile-gaia-adducchio-%c2%b7-luisa-briganti-%c2%b7-simona-caprioli\/","title":{"rendered":"Soglie del visibile"},"content":{"rendered":"<span class=\"span-reading-time rt-reading-time\" style=\"display: block;\"><span class=\"rt-label rt-prefix\">\u23f0 lettura <\/span> <span class=\"rt-time\"> 2<\/span> <span class=\"rt-label rt-postfix\">min. <br><br><\/span><\/span>\n<h2 class=\"wp-block-heading\">Gaia Adducchio \u00b7 Luisa Briganti \u00b7 Simona Caprioli<\/h2>\n\n\n\n<figure class=\"wp-block-image size-full\"><img loading=\"lazy\" decoding=\"async\" width=\"850\" height=\"792\" src=\"https:\/\/www.biancoscuro.it\/site\/wp-content\/uploads\/2025\/11\/Invito-Soglie-del-visibile-copia-2.jpg\" alt=\"\" class=\"wp-image-19075\" srcset=\"https:\/\/www.biancoscuro.it\/site\/wp-content\/uploads\/2025\/11\/Invito-Soglie-del-visibile-copia-2.jpg 850w, https:\/\/www.biancoscuro.it\/site\/wp-content\/uploads\/2025\/11\/Invito-Soglie-del-visibile-copia-2-300x280.jpg 300w, https:\/\/www.biancoscuro.it\/site\/wp-content\/uploads\/2025\/11\/Invito-Soglie-del-visibile-copia-2-768x716.jpg 768w\" sizes=\"auto, (max-width: 850px) 100vw, 850px\" \/><\/figure>\n\n\n\n<p>Il giorno 29 novembre 2025 alle ore 16.30, la Galleria Zema presenta la mostra <strong>Soglie del visibile \/ Thresholds of the Visible <\/strong>con le opere fotografiche di <strong>Gaia Adducchio, Luisa Briganti, Simona Caprioli<\/strong>, a cura di<strong> Emanuela Zamparelli<\/strong>: tre ricerche che &#8211; scrive la curatrice &#8211; condividono una stessa tensione, riconnettere l\u2019immagine al corpo, alla materia e al tempo, restituendo alla fotografia la sua essenza pi\u00f9 profonda &#8211; quella di essere atto percettivo, forma di contatto, esperienza sensibile del mondo.<\/p>\n\n\n\n<p>\u00abC\u2019\u00e8 un punto fragile e luminoso in cui la fotografia smette di essere mera rappresentazione e diventa esperienza. \u00c8 in questo spazio interiore che si incontrano i percorsi di Gaia Adducchio, Luisa Briganti e Simona Caprioli: tre sguardi che, attraverso linguaggi differenti, esplorano la possibilit\u00e0 di rendere visibile la propria visione e di restituire al corpo e alla materia la loro voce silenziosa. Le loro opere non descrivono il mondo: lo attraversano con sensibilit\u00e0. Ogni immagine \u00e8 una soglia in cui la realt\u00e0 si trasforma in percezione, il corpo in linguaggio, la luce in materia viva. \u00c8 in questa partecipazione profonda che si collocano i loro sguardi, nella capacit\u00e0 di far emergere ci\u00f2 che vibra sotto la superficie, di toccare attraverso lo sguardo.<\/p>\n\n\n\n<p>Nelle polaroid di <em>Gaia Adducchio<\/em>, la fotografia si libera dalla rappresentazione e diventa gesto, colore, respiro. L\u2019emulsione si muove come sostanza organica, generando forme che sembrano affiorare da una memoria ancestrale. \u00c8 un atto di fiducia nella materia e nel suo potere trasformativo.<\/p>\n\n\n\n<p>Le immagini di <em>Luisa Briganti<\/em> sono attraversate dal ritmo del corpo. La danza infrange la staticit\u00e0 e apre un varco nel tempo. Il desiderio si fa movimento, la pelle diventa linguaggio. Nei suoi scatti, la fotografia non congela: prolunga, trattiene, fa vibrare l\u2019attimo fino a renderlo eterno.<\/p>\n\n\n\n<p>Con <em>Simona Caprioli<\/em>, lo sguardo si fa passo lento e contemplazione. Le sue immagini in bianco e nero si muovono tra luce e ombra, presenza e dissolvenza. \u00c8 un cammino visivo che esplora la soglia tra reale e immaginato, tra spazio e memoria, fino a trasformare il paesaggio in eco interiore.\u00bb<br \/>(dal testo critico di Emanuela Zamparelli)<\/p>\n\n\n\n<pre class=\"wp-block-preformatted\"><strong>INFO<\/strong>\n\n<strong>Soglie del visibile \/ Thresholds of the Visible\n<\/strong>Gaia Adducchio \u00b7 Luisa Briganti \u00b7 Simona Caprioli\na cura di Emanuela Zamparelli\n\n<strong>Inaugurazione 29 novembre 2025 ore 16.30<\/strong>\n<strong>Fino al 10 gennaio 2026<\/strong>\n<strong>Orari<\/strong>: \nmarted\u00ec ore 16:00 - 19:30, \ndal mercoled\u00ec al sabato ore 15:00 - 19:30&nbsp;\n\n<strong>Galleria Zema\n<\/strong>Via Giulia 201 - Roma\ninfo@galleriazema.it\nwww.galleriazema.it<\/pre>\n","protected":false},"excerpt":{"rendered":"<p><span class=\"span-reading-time rt-reading-time\" style=\"display: block;\"><span class=\"rt-label rt-prefix\">\u23f0 lettura <\/span> <span class=\"rt-time\"> 2<\/span> <span class=\"rt-label rt-postfix\">min. <\/p>\n<p><\/span><\/span>Gaia Adducchio \u00b7 Luisa Briganti \u00b7 Simona Caprioli Il giorno 29 novembre 2025 alle ore 16.30, la Galleria Zema presenta la mostra Soglie del visibile \/ Thresholds of the Visible con le opere fotografiche di Gaia Adducchio, Luisa Briganti, Simona Caprioli, a cura di Emanuela Zamparelli: tre ricerche che &#8211; scrive la curatrice &#8211; condividono&hellip;&nbsp;<a href=\"https:\/\/www.biancoscuro.it\/site\/soglie-del-visibile-gaia-adducchio-%c2%b7-luisa-briganti-%c2%b7-simona-caprioli\/\" rel=\"bookmark\">Leggi tutto &raquo;<span class=\"screen-reader-text\">Soglie del visibile<\/span><\/a><\/p>\n","protected":false},"author":980,"featured_media":19075,"comment_status":"closed","ping_status":"closed","sticky":false,"template":"","format":"standard","meta":{"neve_meta_sidebar":"","neve_meta_container":"","neve_meta_enable_content_width":"","neve_meta_content_width":0,"neve_meta_title_alignment":"","neve_meta_author_avatar":"","neve_post_elements_order":"","neve_meta_disable_header":"","neve_meta_disable_footer":"","neve_meta_disable_title":"","advanced_seo_description":"","jetpack_seo_html_title":"","jetpack_seo_noindex":false,"footnotes":""},"categories":[26,8,27,24],"tags":[],"class_list":["post-19074","post","type-post","status-publish","format-standard","has-post-thumbnail","hentry","category-eventi","category-fotografia","category-manifestazione","category-mostre"],"jetpack_featured_media_url":"https:\/\/www.biancoscuro.it\/site\/wp-content\/uploads\/2025\/11\/Invito-Soglie-del-visibile-copia-2.jpg","jetpack_sharing_enabled":true,"jetpack-related-posts":[{"id":13754,"url":"https:\/\/www.biancoscuro.it\/site\/luisa-valeriani-snapshots\/","url_meta":{"origin":19074,"position":0},"title":"Luisa Valeriani | Snapshots","author":"Roberta Melasecca","date":"6 Luglio 2022","format":false,"excerpt":"SNAPSHOTS \u00e8 la nuova mostra personale di Luisa Valeriani ospitata da SPAZIO LIGHTSKY a Roma dal 14 al 28 luglio 2022 e curata da Massimo Rossi Ruben con Francesco Giulio Farachi.\u00a0 In esposizione le ultime opere dell\u2019autrice realizzate durante il biennio 2020\/22. Luisa Valeriani ha introdotto nella sua ricerca e\u2026","rel":"","context":"In &quot;arte&quot;","block_context":{"text":"arte","link":"https:\/\/www.biancoscuro.it\/site\/category\/arte\/"},"img":{"alt_text":"Luisa Valeriani | Snapshots","src":"https:\/\/i0.wp.com\/www.biancoscuro.it\/site\/wp-content\/uploads\/2022\/07\/Luisa-Valeriani-_-Snapshots.jpg?resize=350%2C200&ssl=1","width":350,"height":200},"classes":[]},{"id":7443,"url":"https:\/\/www.biancoscuro.it\/site\/mostra-e-cerimonia-di-premiazione-artisti-selezionati-al-canova-prize-2018\/","url_meta":{"origin":19074,"position":1},"title":"Mostra e cerimonia di premiazione Artisti selezionati al Canova Prize 2018","author":"Roberta Melasecca","date":"17 Giugno 2018","format":false,"excerpt":"Mostra e cerimonia di premiazione Artisti selezionati al Canova Prize 2018 20 giugno 2018 ore 18.30 | Pop Up Space | 393 Broadway - New York\u00a0 La giuria del Canova Prize, composta da Angelo Crespi, Lucrezia De Domizio Durini, Marisa del Re, Alessandra Frosini, Emanuele Lamaro, Helidon Xhixha, Sun Yue,\u2026","rel":"","context":"In &quot;arte&quot;","block_context":{"text":"arte","link":"https:\/\/www.biancoscuro.it\/site\/category\/arte\/"},"img":{"alt_text":"","src":"https:\/\/i0.wp.com\/www.biancoscuro.it\/site\/wp-content\/uploads\/2018\/06\/OPENING.jpg?resize=350%2C200&ssl=1","width":350,"height":200,"srcset":"https:\/\/i0.wp.com\/www.biancoscuro.it\/site\/wp-content\/uploads\/2018\/06\/OPENING.jpg?resize=350%2C200&ssl=1 1x, https:\/\/i0.wp.com\/www.biancoscuro.it\/site\/wp-content\/uploads\/2018\/06\/OPENING.jpg?resize=525%2C300&ssl=1 1.5x, https:\/\/i0.wp.com\/www.biancoscuro.it\/site\/wp-content\/uploads\/2018\/06\/OPENING.jpg?resize=700%2C400&ssl=1 2x, https:\/\/i0.wp.com\/www.biancoscuro.it\/site\/wp-content\/uploads\/2018\/06\/OPENING.jpg?resize=1050%2C600&ssl=1 3x, https:\/\/i0.wp.com\/www.biancoscuro.it\/site\/wp-content\/uploads\/2018\/06\/OPENING.jpg?resize=1400%2C800&ssl=1 4x"},"classes":[]},{"id":18188,"url":"https:\/\/www.biancoscuro.it\/site\/finissage-iosonovulnerabile-di-sergio-mario-illuminato-il-progetto-volge-alla-conclusione\/","url_meta":{"origin":19074,"position":2},"title":"Finissage IOSONOVULNERABILE","author":"Roberta Melasecca","date":"19 Febbraio 2025","format":false,"excerpt":"Il progetto IOSONOVULNERABILE di Sergio Mario Illuminato volge alla conclusione Il 23 febbraio 2025 segner\u00e0 la conclusione di un\u2019esperienza che ha toccato le corde pi\u00f9 intime di chi l\u2019ha vissuta: IOSONOVULNERABILE di Sergio Mario Illuminato ha trasformato le sale del Museo di Villa Altieri in uno spazio dove pittura-scultura, cinema\u2026","rel":"","context":"In &quot;arte&quot;","block_context":{"text":"arte","link":"https:\/\/www.biancoscuro.it\/site\/category\/arte\/"},"img":{"alt_text":"","src":"https:\/\/i0.wp.com\/www.biancoscuro.it\/site\/wp-content\/uploads\/2025\/02\/Catalogo-6299-scaled-1.jpg?resize=350%2C200&ssl=1","width":350,"height":200,"srcset":"https:\/\/i0.wp.com\/www.biancoscuro.it\/site\/wp-content\/uploads\/2025\/02\/Catalogo-6299-scaled-1.jpg?resize=350%2C200&ssl=1 1x, https:\/\/i0.wp.com\/www.biancoscuro.it\/site\/wp-content\/uploads\/2025\/02\/Catalogo-6299-scaled-1.jpg?resize=525%2C300&ssl=1 1.5x, https:\/\/i0.wp.com\/www.biancoscuro.it\/site\/wp-content\/uploads\/2025\/02\/Catalogo-6299-scaled-1.jpg?resize=700%2C400&ssl=1 2x, https:\/\/i0.wp.com\/www.biancoscuro.it\/site\/wp-content\/uploads\/2025\/02\/Catalogo-6299-scaled-1.jpg?resize=1050%2C600&ssl=1 3x, https:\/\/i0.wp.com\/www.biancoscuro.it\/site\/wp-content\/uploads\/2025\/02\/Catalogo-6299-scaled-1.jpg?resize=1400%2C800&ssl=1 4x"},"classes":[]},{"id":8509,"url":"https:\/\/www.biancoscuro.it\/site\/una-vita-da-scienziata-i-volti-delleccellenza-femminile-della-scienza-negli-scatti-di-gerald-bruneau\/","url_meta":{"origin":19074,"position":3},"title":"Una vita da scienziata. I volti dell&#8217;eccellenza femminile della scienza negli scatti di Gerald Bruneau","author":"Chiara","date":"14 Gennaio 2019","format":false,"excerpt":"FONDAZIONE BRACCO\u00a0realizza una mostra per presentare volti e competenze di alcune delle scienziate del progetto\u00a0#100esperte, nato per valorizzare l\u2019expertise femminile in settori percepiti ancora come dominio maschile.\u00a0 La mostra\u00a0\u201cUNA VITA DA SCIENZIATA\", con gli scatti del celebre fotografo Gerald Bruneau,\u00a0inaugura il 15 gennaio 2019 a Milano presso il CDI -\u2026","rel":"","context":"In &quot;arte&quot;","block_context":{"text":"arte","link":"https:\/\/www.biancoscuro.it\/site\/category\/arte\/"},"img":{"alt_text":"","src":"https:\/\/i0.wp.com\/www.biancoscuro.it\/site\/wp-content\/uploads\/2019\/01\/4.-Dejana-foto-Gerald-Bruneau-%C2%A9Fondazione-Bracco.jpg?resize=350%2C200&ssl=1","width":350,"height":200,"srcset":"https:\/\/i0.wp.com\/www.biancoscuro.it\/site\/wp-content\/uploads\/2019\/01\/4.-Dejana-foto-Gerald-Bruneau-%C2%A9Fondazione-Bracco.jpg?resize=350%2C200&ssl=1 1x, https:\/\/i0.wp.com\/www.biancoscuro.it\/site\/wp-content\/uploads\/2019\/01\/4.-Dejana-foto-Gerald-Bruneau-%C2%A9Fondazione-Bracco.jpg?resize=525%2C300&ssl=1 1.5x, https:\/\/i0.wp.com\/www.biancoscuro.it\/site\/wp-content\/uploads\/2019\/01\/4.-Dejana-foto-Gerald-Bruneau-%C2%A9Fondazione-Bracco.jpg?resize=700%2C400&ssl=1 2x, https:\/\/i0.wp.com\/www.biancoscuro.it\/site\/wp-content\/uploads\/2019\/01\/4.-Dejana-foto-Gerald-Bruneau-%C2%A9Fondazione-Bracco.jpg?resize=1050%2C600&ssl=1 3x"},"classes":[]},{"id":8752,"url":"https:\/\/www.biancoscuro.it\/site\/i-percorsi-dellanima\/","url_meta":{"origin":19074,"position":4},"title":"I Percorsi dell&#8217;Anima","author":"Claudia Migliore","date":"24 Febbraio 2019","format":false,"excerpt":"I Percorsi dell'Anima, mostra fotografica collettiva, giunge alla sua ultima esposizione dopo un \u201cpercorso\u201d durato quasi nove mesi e partito da lontano. L'idea iniziale nasce da un progetto, per il Photofestival 2018, esposto per la prima volta in Acquario Civico a Milano e successivamente, con implementazione continua di fotografi ed\u2026","rel":"","context":"In &quot;arte&quot;","block_context":{"text":"arte","link":"https:\/\/www.biancoscuro.it\/site\/category\/arte\/"},"img":{"alt_text":"","src":"https:\/\/i0.wp.com\/www.biancoscuro.it\/site\/wp-content\/uploads\/2019\/02\/Transition-room-1000.jpg?resize=350%2C200&ssl=1","width":350,"height":200,"srcset":"https:\/\/i0.wp.com\/www.biancoscuro.it\/site\/wp-content\/uploads\/2019\/02\/Transition-room-1000.jpg?resize=350%2C200&ssl=1 1x, https:\/\/i0.wp.com\/www.biancoscuro.it\/site\/wp-content\/uploads\/2019\/02\/Transition-room-1000.jpg?resize=525%2C300&ssl=1 1.5x, https:\/\/i0.wp.com\/www.biancoscuro.it\/site\/wp-content\/uploads\/2019\/02\/Transition-room-1000.jpg?resize=700%2C400&ssl=1 2x, https:\/\/i0.wp.com\/www.biancoscuro.it\/site\/wp-content\/uploads\/2019\/02\/Transition-room-1000.jpg?resize=1050%2C600&ssl=1 3x"},"classes":[]},{"id":5422,"url":"https:\/\/www.biancoscuro.it\/site\/al-mast-bologna-la-forza-delle-immagini\/","url_meta":{"origin":19074,"position":5},"title":"Al MAST a Bologna LA FORZA DELLE IMMAGINI","author":"Chiara","date":"3 Maggio 2017","format":false,"excerpt":"La Fondazione MAST presenta dal 3 maggio al 24 settembre una nuova grande mostra tratta dalla propria collezione di fotografia industriale, LA FORZA DELLE IMMAGINI, a cura di Urs Stahel. Sessanta autori dagli anni venti a oggi mostrano con oltre cento opere - alcune costituite da decine di scatti -\u2026","rel":"","context":"In &quot;eventi&quot;","block_context":{"text":"eventi","link":"https:\/\/www.biancoscuro.it\/site\/category\/eventi\/"},"img":{"alt_text":"","src":"https:\/\/i0.wp.com\/www.biancoscuro.it\/site\/wp-content\/uploads\/2017\/05\/6.-Re%CC%81my-Markowitsch.jpg?resize=350%2C200&ssl=1","width":350,"height":200,"srcset":"https:\/\/i0.wp.com\/www.biancoscuro.it\/site\/wp-content\/uploads\/2017\/05\/6.-Re%CC%81my-Markowitsch.jpg?resize=350%2C200&ssl=1 1x, https:\/\/i0.wp.com\/www.biancoscuro.it\/site\/wp-content\/uploads\/2017\/05\/6.-Re%CC%81my-Markowitsch.jpg?resize=525%2C300&ssl=1 1.5x, https:\/\/i0.wp.com\/www.biancoscuro.it\/site\/wp-content\/uploads\/2017\/05\/6.-Re%CC%81my-Markowitsch.jpg?resize=700%2C400&ssl=1 2x"},"classes":[]}],"_links":{"self":[{"href":"https:\/\/www.biancoscuro.it\/site\/wp-json\/wp\/v2\/posts\/19074","targetHints":{"allow":["GET"]}}],"collection":[{"href":"https:\/\/www.biancoscuro.it\/site\/wp-json\/wp\/v2\/posts"}],"about":[{"href":"https:\/\/www.biancoscuro.it\/site\/wp-json\/wp\/v2\/types\/post"}],"author":[{"embeddable":true,"href":"https:\/\/www.biancoscuro.it\/site\/wp-json\/wp\/v2\/users\/980"}],"replies":[{"embeddable":true,"href":"https:\/\/www.biancoscuro.it\/site\/wp-json\/wp\/v2\/comments?post=19074"}],"version-history":[{"count":3,"href":"https:\/\/www.biancoscuro.it\/site\/wp-json\/wp\/v2\/posts\/19074\/revisions"}],"predecessor-version":[{"id":19092,"href":"https:\/\/www.biancoscuro.it\/site\/wp-json\/wp\/v2\/posts\/19074\/revisions\/19092"}],"wp:featuredmedia":[{"embeddable":true,"href":"https:\/\/www.biancoscuro.it\/site\/wp-json\/wp\/v2\/media\/19075"}],"wp:attachment":[{"href":"https:\/\/www.biancoscuro.it\/site\/wp-json\/wp\/v2\/media?parent=19074"}],"wp:term":[{"taxonomy":"category","embeddable":true,"href":"https:\/\/www.biancoscuro.it\/site\/wp-json\/wp\/v2\/categories?post=19074"},{"taxonomy":"post_tag","embeddable":true,"href":"https:\/\/www.biancoscuro.it\/site\/wp-json\/wp\/v2\/tags?post=19074"}],"curies":[{"name":"wp","href":"https:\/\/api.w.org\/{rel}","templated":true}]}}