{"id":19122,"date":"2025-11-26T09:59:50","date_gmt":"2025-11-26T08:59:50","guid":{"rendered":"https:\/\/www.biancoscuro.it\/site\/?p=19122"},"modified":"2025-11-26T09:59:52","modified_gmt":"2025-11-26T08:59:52","slug":"antonio-tropiano-ad-vacuum","status":"publish","type":"post","link":"https:\/\/www.biancoscuro.it\/site\/antonio-tropiano-ad-vacuum\/","title":{"rendered":"Antonio Tropiano &#8211; Ad Vacuum"},"content":{"rendered":"<span class=\"span-reading-time rt-reading-time\" style=\"display: block;\"><span class=\"rt-label rt-prefix\">\u23f0 lettura <\/span> <span class=\"rt-time\"> 3<\/span> <span class=\"rt-label rt-postfix\">min. <br><br><\/span><\/span>\n<figure class=\"wp-block-image size-large\"><img loading=\"lazy\" decoding=\"async\" width=\"1024\" height=\"683\" src=\"https:\/\/www.biancoscuro.it\/site\/wp-content\/uploads\/2025\/11\/SE-QUESTO-HO-UN-UOMO-gorilla-1024x683.jpg\" alt=\"\" class=\"wp-image-19123\" srcset=\"https:\/\/www.biancoscuro.it\/site\/wp-content\/uploads\/2025\/11\/SE-QUESTO-HO-UN-UOMO-gorilla-1024x683.jpg 1024w, https:\/\/www.biancoscuro.it\/site\/wp-content\/uploads\/2025\/11\/SE-QUESTO-HO-UN-UOMO-gorilla-300x200.jpg 300w, https:\/\/www.biancoscuro.it\/site\/wp-content\/uploads\/2025\/11\/SE-QUESTO-HO-UN-UOMO-gorilla-768x512.jpg 768w, https:\/\/www.biancoscuro.it\/site\/wp-content\/uploads\/2025\/11\/SE-QUESTO-HO-UN-UOMO-gorilla-930x620.jpg 930w, https:\/\/www.biancoscuro.it\/site\/wp-content\/uploads\/2025\/11\/SE-QUESTO-HO-UN-UOMO-gorilla.jpg 1200w\" sizes=\"auto, (max-width: 1024px) 100vw, 1024px\" \/><\/figure>\n\n\n\n<p><strong>ANTONIO TROPIANO<\/strong><br \/><strong>AD VACUUM<\/strong><br \/>A cura di Alberto Dambruoso<br \/><strong>Inaugurazione 4 dicembre 2025 ore 18.00<br \/>PROSA_contemporanea<\/strong><br \/>Via Marin Sanudo 24 &#8211; Roma<br \/><strong><em>Fino al 23 gennaio 2026<\/em><\/strong><\/p>\n\n\n\n<p>Il giorno 4 dicembre 2025 alle ore 18.00 <strong>PROSA_contemporanea<\/strong> presenta la mostra personale <strong>Ad Vacuum<\/strong> di <strong>Antonio Tropiano<\/strong> a cura di <strong>Alberto Dambruoso<\/strong>: in esposizione <strong>7 sculture <\/strong>che fondono etica ed estetica, pensieri e riflessioni profonde sull\u2019uomo e sulla societ\u00e0 in cui oggi viviamo.&nbsp;<\/p>\n\n\n\n<p>Infatti, come scrive Alberto Dambruoso: \u00abLe opere nascono tutte dal concetto greco di \u201csymbolon\u201d (che significa mettere insieme le cose, tenerle unite), e diventano metafore della condizione esistenziale dell\u2019uomo e pi\u00f9 in generale del mondo e della societ\u00e0 in cui viviamo. Il ricorso ad una forma di linguaggio (simbolo) che unisce il visibile all\u2019invisibile \u00e8 quindi uno dei tratti caratteristici del suo modus operandi. Questo aspetto, legato al linguaggio metaforico, va messo in relazione anche ai trascorsi di Tropiano, che ha avuto una formazione da filologo medievale e rinascimentale, avvezzo quindi a scovare i significati pi\u00f9 reconditi e finanche segreti, celati nei manoscritti antichi. Una delle chiavi d\u2019accesso alle sue opere si trova nei titoli che Tropiano d\u00e0 alle sue sculture. In principio \u00e8 dunque il verbo, il punto di partenza dal quale muove la sua ricerca. \u00c8 la curiosit\u00e0 di scoprire l\u2019origine dei diversi lemmi, dei detti popolari, delle lingue antiche che hanno, fin dalla tenera et\u00e0, interessato l\u2019artista. \u201c<em>\u00c8 dalle parole che parto<\/em>\u201d &#8211; afferma lo scultore &#8211; \u201c<em>quando do abbrivio ad una scultura: negli interstizi del termine rintraccio infatti quella modulazione dei significati, quel tessuto connettivo concettuale che informa la figura scelta<\/em>\u201d.&nbsp;<\/p>\n\n\n\n<p><em>Ad Vacuum<\/em> (Verso il vuoto) il titolo che Tropiano ha dato alla sua mostra, intende riflettere la sua concezione del fare scultura. Per millenni, sostiene l\u2019artista, l&#8217;uomo si \u00e8 domandato se in natura potesse esistere il vuoto e di cosa fosse non-composto. Secondo Tropiano il vuoto non \u00e8 assenza di materia o mancanza di esistenza come sosteneva Aristotele ma, al contrario, \u00e8 il luogo dove tutto \u00e8 contenuto, dove ogni cosa ha la possibilit\u00e0 di incontrare qualsiasi altra e mutare assieme ad essa, divenendo cos\u00ec, secondo una felice locuzione trovata dall\u2019artista, \u201cil nascondiglio dell\u2019eventuale\u201d. Nell&#8217;immaginario comune, dice Tropiano, la vacuit\u00e0 \u00e8 sinonimo di inutilit\u00e0, di mancanza di significato e di funzione; e una cosa \u00e8 &#8220;a vuoto&#8221; quando non corrisponde alla sua finalit\u00e0 o, peggio, non qualifica la sua esistenza. \u201c<em>Nella scultura<\/em>\u201d &#8211; afferma Tropiano &#8211; \u201c<em>le cose sono assai differenti: lavorando &#8220;per levare&#8221;&nbsp; la figura che rimane rappresenta senz&#8217;altro il pieno (statua\/statuere= collocare, occupare uno spazio), mentre le schegge che cadono sotto i colpi dello scalpello sono la vera carne del vuoto: perch\u00e9 contengono in s\u00e9 tutte le figure che non sono state scelte dall&#8217;artista (nelle quali sarebbero state invece il &#8216;pieno&#8217; o come si dice in gergo il &#8216;buono&#8217;). Se ne deduce quindi che il vuoto per uno scultore \u00e8 quel luogo delle cose in cui tutto esiste per compiere la libert\u00e0 del suo gesto<\/em>\u201d.\u00bb<\/p>\n\n\n\n<p><strong>BIOGRAFIE<\/strong><\/p>\n\n\n\n<p><strong>Antonio Tropiano. <\/strong>Nato in Calabria nel 1976, vive e lavora tra Roma e S. Caterina dello Ionio (CZ). Compie i suoi studi tra Bologna e Firenze, dove prosegue le sue ricerche nel campo della&nbsp;filologia medievale e rinascimentale. Collabora con una nota casa editrice come saggista nel campo della storia dell\u2019arte e delle lettere umanistiche. Fin da ragazzo mostra una certa predilezione per la&nbsp;creazione plastica e per la naturale versatilit\u00e0 del legno, che proprio nella scultura sembrano trovare il giusto grado di conciliazione. Sotto l\u2019impulso di un\u2019assidua ricerca linguistica, mette a punto una cifra stilistica personale, capace di operare una sintesi tra l\u2019ispirazione metaforica di matrice letteraria e la resa figurativa di una fenomenologia dell\u2019agire umano. Ha avviato da tempo un\u2019accorta attivit\u00e0 espositiva, partecipando a numerose collettive e tenendo mostre personali con installazioni site-specific in diverse sedi italiane, come il&nbsp;Castello Estense di Ferrara, Spazio Mondadori a Venezia, il Milano Art Galley Pavilion sempre a Venezia o il Palazzo San Bernardino a Rossano (CS); oltre al Borgo Ferri e alla Torre S. Antonio di S. Caterina dello Ionio.&nbsp;Nel 2022 il Museo Marca di Catanzaro gli ha dedicato un&#8217;importante mostra personale curata da Alessandro Romanini; collabora, inoltre, con diverse gallerie d\u2019arte contemporanea.<\/p>\n\n\n\n<p><strong>PROSA_contemporanea <\/strong>\u00e8 un progetto di <strong>PROSA_studiolab<\/strong> ideato da Valeria Palermo, Amelia Roccatelli e Stefano Salvi. Nato dal recupero di una ex pasticceria, PROSA ospita uno studio di architettura, un luogo di lavoro condiviso, uno spazio espositivo con l\u2019intenzione di aprirsi alla ricerca contemporanea sul confine tra arte e design.<\/p>\n\n\n\n<p><strong>INFO&nbsp;<\/strong><\/p>\n\n\n\n<p><strong>ANTONIO TROPIANO<\/strong><br \/><strong>AD VACUUM<br \/><\/strong>A cura di Alberto Dambruoso<br \/><strong>Inaugurazione 4 dicembre 2025 ore 18.00<\/strong><br \/><strong>Fino al 23 gennaio 2026<\/strong><br \/><strong>Orari<\/strong>: dal marted\u00ec al venerd\u00ec 16.00 &#8211; 19.00; sabato su appuntamento. Ingresso libero.\u00a0<\/p>\n\n\n\n<p><strong>PROSA_contemporanea<\/strong><br \/>Via Marin Sanudo 24 &#8211; Roma<br \/><a href=\"mailto:prosa.studiolab@gmail.com\">prosa.studiolab@gmail.com<\/a><br \/><a href=\"http:\/\/www.instagram.com\/prosa_studiolab\">instagram \u00a0 prosa_studiolab<\/a> &#8211; <a href=\"https:\/\/www.instagram.com\/prosa_contemporanea\/\">prosa_contemporanea<\/a><br \/>tel. 338 4858 398<\/p>\n\n\n\n<p><strong>Ufficio Stampa<\/strong><br \/><strong>Roberta Melasecca Melasecca PressOffice &#8211; blowart<\/strong><br \/>tel 3494945612 &#8211; <a href=\"mailto:roberta.melasecca@gmail.com\">roberta.melasecca@gmail.com<\/a><br \/>cartella stampa su <a href=\"http:\/\/www.melaseccapressoffice.it\">www.melaseccapressoffice.it<\/a><\/p>\n","protected":false},"excerpt":{"rendered":"<p><span class=\"span-reading-time rt-reading-time\" style=\"display: block;\"><span class=\"rt-label rt-prefix\">\u23f0 lettura <\/span> <span class=\"rt-time\"> 3<\/span> <span class=\"rt-label rt-postfix\">min. <\/p>\n<p><\/span><\/span>ANTONIO TROPIANOAD VACUUMA cura di Alberto DambruosoInaugurazione 4 dicembre 2025 ore 18.00PROSA_contemporaneaVia Marin Sanudo 24 &#8211; RomaFino al 23 gennaio 2026 Il giorno 4 dicembre 2025 alle ore 18.00 PROSA_contemporanea presenta la mostra personale Ad Vacuum di Antonio Tropiano a cura di Alberto Dambruoso: in esposizione 7 sculture che fondono etica ed estetica, pensieri e&hellip;&nbsp;<a href=\"https:\/\/www.biancoscuro.it\/site\/antonio-tropiano-ad-vacuum\/\" rel=\"bookmark\">Leggi tutto &raquo;<span class=\"screen-reader-text\">Antonio Tropiano &#8211; Ad Vacuum<\/span><\/a><\/p>\n","protected":false},"author":980,"featured_media":19124,"comment_status":"closed","ping_status":"closed","sticky":false,"template":"","format":"standard","meta":{"neve_meta_sidebar":"","neve_meta_container":"","neve_meta_enable_content_width":"","neve_meta_content_width":0,"neve_meta_title_alignment":"","neve_meta_author_avatar":"","neve_post_elements_order":"","neve_meta_disable_header":"","neve_meta_disable_footer":"","neve_meta_disable_title":"","advanced_seo_description":"","jetpack_seo_html_title":"","jetpack_seo_noindex":false,"footnotes":""},"categories":[24,7],"tags":[],"class_list":["post-19122","post","type-post","status-publish","format-standard","has-post-thumbnail","hentry","category-mostre","category-scultura"],"jetpack_featured_media_url":"https:\/\/www.biancoscuro.it\/site\/wp-content\/uploads\/2025\/11\/Locandina-Antonio-Tropiano-Ad-Vacuum.jpg","jetpack_sharing_enabled":true,"jetpack-related-posts":[{"id":15393,"url":"https:\/\/www.biancoscuro.it\/site\/fiorenzo-zaffina-crisalide\/","url_meta":{"origin":19122,"position":0},"title":"Fiorenzo Zaffina &#8211; Crisalide","author":"Roberta Melasecca","date":"26 Gennaio 2023","format":false,"excerpt":"Il giorno 9 febbraio 2023 alle ore 18.30, all\u2019interno delle Celebrazioni del Bicentenario della morte di Antonio Canova, inaugura presso Canova22, l\u2019antica Fornace del Canova, \u201cCRISALIDE\u201d di Fiorenzo Zaffina a cura di Alberto Dambruoso. La mostra \u00e8 accompagnata da un catalogo edito da Bordeaux edizioni, con i testi di Alberto\u2026","rel":"","context":"In &quot;arte&quot;","block_context":{"text":"arte","link":"https:\/\/www.biancoscuro.it\/site\/category\/arte\/"},"img":{"alt_text":"","src":"https:\/\/i0.wp.com\/www.biancoscuro.it\/site\/wp-content\/uploads\/2023\/01\/FOTO-UFFICIALE-CRISALIDE-copia.jpg?resize=350%2C200&ssl=1","width":350,"height":200,"srcset":"https:\/\/i0.wp.com\/www.biancoscuro.it\/site\/wp-content\/uploads\/2023\/01\/FOTO-UFFICIALE-CRISALIDE-copia.jpg?resize=350%2C200&ssl=1 1x, https:\/\/i0.wp.com\/www.biancoscuro.it\/site\/wp-content\/uploads\/2023\/01\/FOTO-UFFICIALE-CRISALIDE-copia.jpg?resize=525%2C300&ssl=1 1.5x, https:\/\/i0.wp.com\/www.biancoscuro.it\/site\/wp-content\/uploads\/2023\/01\/FOTO-UFFICIALE-CRISALIDE-copia.jpg?resize=700%2C400&ssl=1 2x"},"classes":[]},{"id":8255,"url":"https:\/\/www.biancoscuro.it\/site\/antonella-privitera-il-mondo-a-pezzi\/","url_meta":{"origin":19122,"position":1},"title":"Antonella Privitera &#8211; Il Mondo a Pezzi","author":"Roberta Melasecca","date":"27 Novembre 2018","format":false,"excerpt":"Inaugurazione 1 dicembre 2018 ore 18.00Auditorium Parco della Musica - Sala Stampa | Via De Coubertin 30 | Roma Fino al 4 dicembre 2018 Sabato 1 dicembre 2018 alle ore 18.00, presso la Sala Stampa dell\u2019Auditorium Parco della Musica, inaugurer\u00e0 la mostra personale Il Mondo a Pezzi di Antonella Privitera,\u2026","rel":"","context":"In &quot;arte&quot;","block_context":{"text":"arte","link":"https:\/\/www.biancoscuro.it\/site\/category\/arte\/"},"img":{"alt_text":"","src":"https:\/\/i0.wp.com\/www.biancoscuro.it\/site\/wp-content\/uploads\/2018\/11\/1.jpg?resize=350%2C200&ssl=1","width":350,"height":200,"srcset":"https:\/\/i0.wp.com\/www.biancoscuro.it\/site\/wp-content\/uploads\/2018\/11\/1.jpg?resize=350%2C200&ssl=1 1x, https:\/\/i0.wp.com\/www.biancoscuro.it\/site\/wp-content\/uploads\/2018\/11\/1.jpg?resize=525%2C300&ssl=1 1.5x, https:\/\/i0.wp.com\/www.biancoscuro.it\/site\/wp-content\/uploads\/2018\/11\/1.jpg?resize=700%2C400&ssl=1 2x, https:\/\/i0.wp.com\/www.biancoscuro.it\/site\/wp-content\/uploads\/2018\/11\/1.jpg?resize=1050%2C600&ssl=1 3x"},"classes":[]},{"id":18253,"url":"https:\/\/www.biancoscuro.it\/site\/laura-federici-steam-shadow\/","url_meta":{"origin":19122,"position":2},"title":"Laura Federici &#8211; Steam shadow","author":"Roberta Melasecca","date":"13 Marzo 2025","format":false,"excerpt":"Il giorno 21 marzo 2025 alle ore 18.00, negli spazi della Sala Santa Rita, inaugura la mostra Steam Shadow di Laura Federici a cura di Alberto Dambruoso.\u00a0 La mostra \u00e8 promossa da Roma Capitale Assessorato alla Cultura-Dipartimento Attivit\u00e0 Culturali. \u00abL\u2019artista ha sviluppato questo nuovo progetto espositivo partendo da una sua\u2026","rel":"","context":"In &quot;arte&quot;","block_context":{"text":"arte","link":"https:\/\/www.biancoscuro.it\/site\/category\/arte\/"},"img":{"alt_text":"","src":"https:\/\/i0.wp.com\/www.biancoscuro.it\/site\/wp-content\/uploads\/2025\/03\/Laura-Federici-Steam-shadow.jpg?resize=350%2C200&ssl=1","width":350,"height":200,"srcset":"https:\/\/i0.wp.com\/www.biancoscuro.it\/site\/wp-content\/uploads\/2025\/03\/Laura-Federici-Steam-shadow.jpg?resize=350%2C200&ssl=1 1x, https:\/\/i0.wp.com\/www.biancoscuro.it\/site\/wp-content\/uploads\/2025\/03\/Laura-Federici-Steam-shadow.jpg?resize=525%2C300&ssl=1 1.5x, https:\/\/i0.wp.com\/www.biancoscuro.it\/site\/wp-content\/uploads\/2025\/03\/Laura-Federici-Steam-shadow.jpg?resize=700%2C400&ssl=1 2x"},"classes":[]},{"id":19196,"url":"https:\/\/www.biancoscuro.it\/site\/lenin-in-campo-boario-materiali-darte-e-di-guerriglia\/","url_meta":{"origin":19122,"position":3},"title":"Lenin in Campo Boario. Materiali d&#8217;arte e di guerriglia","author":"Roberta Melasecca","date":"12 Dicembre 2025","format":false,"excerpt":"Due giorni esclusivi allo Studio Campo Boario per riscoprire i maestri del secondo Novecento. Da Guttuso a De Filippi, una mostra (e un\u2019occasione di collezionismo) nel segno dell\u2019impegno civile e della critica di Antonio Del Guercio. Un flash di due giorni per immergersi nella storia recente dell'arte italiana, tra pittura,\u2026","rel":"","context":"In &quot;arte&quot;","block_context":{"text":"arte","link":"https:\/\/www.biancoscuro.it\/site\/category\/arte\/"},"img":{"alt_text":"","src":"https:\/\/i0.wp.com\/www.biancoscuro.it\/site\/wp-content\/uploads\/2025\/12\/locandina-copia.jpg?resize=350%2C200&ssl=1","width":350,"height":200,"srcset":"https:\/\/i0.wp.com\/www.biancoscuro.it\/site\/wp-content\/uploads\/2025\/12\/locandina-copia.jpg?resize=350%2C200&ssl=1 1x, https:\/\/i0.wp.com\/www.biancoscuro.it\/site\/wp-content\/uploads\/2025\/12\/locandina-copia.jpg?resize=525%2C300&ssl=1 1.5x, https:\/\/i0.wp.com\/www.biancoscuro.it\/site\/wp-content\/uploads\/2025\/12\/locandina-copia.jpg?resize=700%2C400&ssl=1 2x"},"classes":[]},{"id":7253,"url":"https:\/\/www.biancoscuro.it\/site\/fata-morgana-la-fonte-sospesa-installazione-scultorea-di-alberto-timossi\/","url_meta":{"origin":19122,"position":4},"title":"Fata Morgana\/La fonte sospesa. Installazione scultorea di Alberto Timossi","author":"Roberta Melasecca","date":"16 Maggio 2018","format":false,"excerpt":"Fata Morgana\/La fonte sospesa Installazione scultorea di Alberto Timossi A cura di Marcello Barbanera\u00a0 18 maggio 2018 ore 11 |\u00a0 Fontana della Minerva - Sapienza Universit\u00e0 di Roma Fino al 16 giugno 2018 Il giorno 18 maggio 2018 alle ore 11.00 presso la Fontana della Minerva della Sapienza Universit\u00e0 di\u2026","rel":"","context":"In &quot;arte&quot;","block_context":{"text":"arte","link":"https:\/\/www.biancoscuro.it\/site\/category\/arte\/"},"img":{"alt_text":"","src":"https:\/\/i0.wp.com\/www.biancoscuro.it\/site\/wp-content\/uploads\/2018\/05\/Fata-MorganaLa-fonte-sospesa-.jpg?resize=350%2C200&ssl=1","width":350,"height":200,"srcset":"https:\/\/i0.wp.com\/www.biancoscuro.it\/site\/wp-content\/uploads\/2018\/05\/Fata-MorganaLa-fonte-sospesa-.jpg?resize=350%2C200&ssl=1 1x, https:\/\/i0.wp.com\/www.biancoscuro.it\/site\/wp-content\/uploads\/2018\/05\/Fata-MorganaLa-fonte-sospesa-.jpg?resize=525%2C300&ssl=1 1.5x, https:\/\/i0.wp.com\/www.biancoscuro.it\/site\/wp-content\/uploads\/2018\/05\/Fata-MorganaLa-fonte-sospesa-.jpg?resize=700%2C400&ssl=1 2x, https:\/\/i0.wp.com\/www.biancoscuro.it\/site\/wp-content\/uploads\/2018\/05\/Fata-MorganaLa-fonte-sospesa-.jpg?resize=1050%2C600&ssl=1 3x, https:\/\/i0.wp.com\/www.biancoscuro.it\/site\/wp-content\/uploads\/2018\/05\/Fata-MorganaLa-fonte-sospesa-.jpg?resize=1400%2C800&ssl=1 4x"},"classes":[]},{"id":13791,"url":"https:\/\/www.biancoscuro.it\/site\/weberism-albert-weber\/","url_meta":{"origin":19122,"position":5},"title":"Weberism | Albert Weber","author":"Redazione BIANCOSCURO","date":"20 Maggio 2022","format":false,"excerpt":"Coloria, 2014, scultura in poliestere con pittura a olio, 54x21x23 cm Il pittore e scultore svizzero Albert Weber continua a sorprendere ancora una volta il mondo dell'arte internazionale con le sue installazioni e sculture di genere, tra cui \"Coloria\". Yes we can, 2012, scultura in poliestere con pittura a olio,\u2026","rel":"","context":"In &quot;arte&quot;","block_context":{"text":"arte","link":"https:\/\/www.biancoscuro.it\/site\/category\/arte\/"},"img":{"alt_text":"Albert-Weber-COLORIA-343","src":"https:\/\/i0.wp.com\/www.biancoscuro.it\/site\/wp-content\/uploads\/2022\/07\/Albert-Weber-COLORIA-343.jpg?resize=350%2C200&ssl=1","width":350,"height":200,"srcset":"https:\/\/i0.wp.com\/www.biancoscuro.it\/site\/wp-content\/uploads\/2022\/07\/Albert-Weber-COLORIA-343.jpg?resize=350%2C200&ssl=1 1x, https:\/\/i0.wp.com\/www.biancoscuro.it\/site\/wp-content\/uploads\/2022\/07\/Albert-Weber-COLORIA-343.jpg?resize=525%2C300&ssl=1 1.5x, https:\/\/i0.wp.com\/www.biancoscuro.it\/site\/wp-content\/uploads\/2022\/07\/Albert-Weber-COLORIA-343.jpg?resize=700%2C400&ssl=1 2x"},"classes":[]}],"_links":{"self":[{"href":"https:\/\/www.biancoscuro.it\/site\/wp-json\/wp\/v2\/posts\/19122","targetHints":{"allow":["GET"]}}],"collection":[{"href":"https:\/\/www.biancoscuro.it\/site\/wp-json\/wp\/v2\/posts"}],"about":[{"href":"https:\/\/www.biancoscuro.it\/site\/wp-json\/wp\/v2\/types\/post"}],"author":[{"embeddable":true,"href":"https:\/\/www.biancoscuro.it\/site\/wp-json\/wp\/v2\/users\/980"}],"replies":[{"embeddable":true,"href":"https:\/\/www.biancoscuro.it\/site\/wp-json\/wp\/v2\/comments?post=19122"}],"version-history":[{"count":1,"href":"https:\/\/www.biancoscuro.it\/site\/wp-json\/wp\/v2\/posts\/19122\/revisions"}],"predecessor-version":[{"id":19125,"href":"https:\/\/www.biancoscuro.it\/site\/wp-json\/wp\/v2\/posts\/19122\/revisions\/19125"}],"wp:featuredmedia":[{"embeddable":true,"href":"https:\/\/www.biancoscuro.it\/site\/wp-json\/wp\/v2\/media\/19124"}],"wp:attachment":[{"href":"https:\/\/www.biancoscuro.it\/site\/wp-json\/wp\/v2\/media?parent=19122"}],"wp:term":[{"taxonomy":"category","embeddable":true,"href":"https:\/\/www.biancoscuro.it\/site\/wp-json\/wp\/v2\/categories?post=19122"},{"taxonomy":"post_tag","embeddable":true,"href":"https:\/\/www.biancoscuro.it\/site\/wp-json\/wp\/v2\/tags?post=19122"}],"curies":[{"name":"wp","href":"https:\/\/api.w.org\/{rel}","templated":true}]}}