{"id":19259,"date":"2026-01-21T11:08:09","date_gmt":"2026-01-21T10:08:09","guid":{"rendered":"https:\/\/www.biancoscuro.it\/site\/?p=19259"},"modified":"2026-01-22T17:32:55","modified_gmt":"2026-01-22T16:32:55","slug":"una-visione-internazionale-libri-dartista-omaggio-a-hendrik-christian-andersen","status":"publish","type":"post","link":"https:\/\/www.biancoscuro.it\/site\/una-visione-internazionale-libri-dartista-omaggio-a-hendrik-christian-andersen\/","title":{"rendered":"Utopie di carta tra Roma e Los Angeles"},"content":{"rendered":"<span class=\"span-reading-time rt-reading-time\" style=\"display: block;\"><span class=\"rt-label rt-prefix\">\u23f0 lettura <\/span> <span class=\"rt-time\"> 2<\/span> <span class=\"rt-label rt-postfix\">min. <br><br><\/span><\/span>\n<h3 class=\"wp-block-heading\">Venti libri d&#8217;artista omaggiano Hendrik Christian Andersen<\/h3>\n\n\n\n<figure class=\"wp-block-image size-large\"><img loading=\"lazy\" decoding=\"async\" width=\"1024\" height=\"683\" src=\"https:\/\/www.biancoscuro.it\/site\/wp-content\/uploads\/2026\/01\/02-VITO-CAPONE_02-1024x683.jpg\" alt=\"\" class=\"wp-image-19260\" srcset=\"https:\/\/www.biancoscuro.it\/site\/wp-content\/uploads\/2026\/01\/02-VITO-CAPONE_02-1024x683.jpg 1024w, https:\/\/www.biancoscuro.it\/site\/wp-content\/uploads\/2026\/01\/02-VITO-CAPONE_02-300x200.jpg 300w, https:\/\/www.biancoscuro.it\/site\/wp-content\/uploads\/2026\/01\/02-VITO-CAPONE_02-768x512.jpg 768w, https:\/\/www.biancoscuro.it\/site\/wp-content\/uploads\/2026\/01\/02-VITO-CAPONE_02-930x620.jpg 930w, https:\/\/www.biancoscuro.it\/site\/wp-content\/uploads\/2026\/01\/02-VITO-CAPONE_02.jpg 1200w\" sizes=\"auto, (max-width: 1024px) 100vw, 1024px\" \/><\/figure>\n\n\n\n<p><strong>Dopo l&#8217;anteprima in California, approda alla Casa Museo di Villa Helene la mostra &#8220;Una visione internazionale&#8221;. Venti artisti rileggono l\u2019eredit\u00e0 dello scultore norvegese-americano attraverso il medium del libro.<\/strong><\/p>\n\n\n\n<p>C&#8217;\u00e8 un filo sottile che lega la Citt\u00e0 Eterna alla West Coast americana, un filo fatto di carta, materia e sogni utopici. <strong>Dal 16 febbraio al 19 aprile 2026<\/strong>, la <strong>Casa Museo Hendrik Christian Andersen<\/strong> di Roma ospita la collettiva <em>Una visione internazionale &#8211; Libri d\u2019artista &#8211; Omaggio a Hendrik Christian Andersen<\/em>, un progetto che celebra la doppia anima \u2014 europea e statunitense \u2014 dell&#8217;artista che scelse Roma come patria elettiva.<br \/>L&#8217;esposizione, afferente all\u2019istituto Pantheon e Castel Sant\u2019Angelo (Direzione Musei Nazionali della Citt\u00e0 di Roma), \u00e8 coordinata da <strong>Maria Giuseppina Di Monte<\/strong> e vede una curatela &#8220;bipartisan&#8221;: <strong>John David O\u2019Brien<\/strong> per il versante americano e <strong>Stefania Severi<\/strong> per quello italiano, con la collaborazione di <strong>Veronica Brancati<\/strong>.<\/p>\n\n\n\n<p>La scelta del libro d&#8217;artista non \u00e8 casuale, ma affonda le radici nella biografia stessa di Hendrik Christian Andersen (Bergen, 1872 \u2013 Roma, 1940). Scultore, pittore, ma soprattutto visionario urbanista, Andersen dedic\u00f2 gran parte della sua vita al progetto monumentale del <em>Centro Mondiale della Comunicazione<\/em>. Un&#8217;utopia di pace e conoscenza che, sebbene mai edificata in pietra, trov\u00f2 la sua forma pi\u00f9 compiuta proprio in un prezioso volume: <em>Creation of a World Centre of Communication<\/em>. Quel tomo, ricco di mappe e disegni oggi conservati a Villa Helene, \u00e8 la pietra angolare concettuale da cui muove l&#8217;intera mostra.<br \/>L&#8217;esposizione arriva a Roma dopo una prima tappa di successo alla Biblioteca dell\u2019Art Center di Los Angeles (novembre-dicembre 2025), chiudendo idealmente il cerchio geografico della vita di Andersen. In mostra, venti opere uniche esplorano il confine tra parola e forma. Dieci artisti di <strong>Los Angeles<\/strong> e dieci di <strong>Roma<\/strong> sono stati invitati a confrontarsi con la <em>vis<\/em> creativa, la biografia e le ossessioni di Andersen. Ne \u00e8 scaturita una biblioteca di oggetti d&#8217;arte eterogenei per materiali e tecniche, ma uniti da una comune tensione narrativa: un viaggio avventuroso tra le pieghe di un&#8217;utopia moderna.<\/p>\n\n\n\n<p>I protagonisti del dialogo sono: <strong>Dall&#8217;Italia:<\/strong> Letizia Ardillo, Vito Capone, Antonella Cappuccio, Francesca Cataldi, Elisabetta Diamanti, Luigi Manciocco, Roberto Mannino, Lucia Pagliuca, Riccardo Pieroni, Maria Grazia Tata. <strong>Dagli USA:<\/strong> Dawn Arrowsmith, Margaret Griffith, Alex Kritselis, Jonna Lee, Mark Licari, Erika Liz\u00e9e, John David O\u2019Brien, Carolie Parker, Jody Zellen, Alexis Zoto.<\/p>\n\n\n\n<p>La mostra, accompagnata da un catalogo bilingue edito da <strong>Bertoni Editore<\/strong>, ribadisce il ruolo della Casa Museo non solo come luogo della memoria, ma come laboratorio attivo di confronto contemporaneo. Sostenuto da partner come la <strong>Cooperativa Sociale Apriti Sesamo<\/strong>, la <strong>Galleria Sinopia<\/strong> e la <strong>FUIS<\/strong> (Federazione Unitaria Italiana Scrittori), l&#8217;evento sar\u00e0 arricchito da un programma di appuntamenti collaterali volti ad approfondire le tematiche del libro come spazio di creazione.<br \/>Un omaggio che dimostra come, a quasi un secolo di distanza, il sogno di una &#8220;comunicazione mondiale&#8221; di Andersen continui a viaggiare, trasformandosi pagina dopo pagina.<\/p>\n\n\n\n<pre class=\"wp-block-preformatted\"><strong>INFO<\/strong><br \/><br \/><strong>UNA VISIONE INTERNAZIONALE \u2013 LIBRI D\u2019ARTISTA<br \/>Omaggio a Hendrik Christian Andersen<\/strong><br \/>Mostra a cura di<br \/>Maria Giuseppina Di Monte, John David O\u2019 Brien, Stefania Severi<br \/><br \/><strong>Casa Museo Hendrik Christian Andersen<br \/><\/strong>Via Pasquale Stanislao Mancini, 20 - Roma<br \/><br \/><strong>Inaugurazione 16 febbraio 2026 ore 16.30<\/strong><br \/>16 febbraio \u2013 19 aprile 2026<br \/><br \/>IG: <a href=\"https:\/\/www.instagram.com\/casamuseoandersen\/\">https:\/\/www.instagram.com\/casamuseoandersen\/<\/a><\/pre>\n","protected":false},"excerpt":{"rendered":"<p><span class=\"span-reading-time rt-reading-time\" style=\"display: block;\"><span class=\"rt-label rt-prefix\">\u23f0 lettura <\/span> <span class=\"rt-time\"> 2<\/span> <span class=\"rt-label rt-postfix\">min. <\/p>\n<p><\/span><\/span>Venti libri d&#8217;artista omaggiano Hendrik Christian Andersen Dopo l&#8217;anteprima in California, approda alla Casa Museo di Villa Helene la mostra &#8220;Una visione internazionale&#8221;. Venti artisti rileggono l\u2019eredit\u00e0 dello scultore norvegese-americano attraverso il medium del libro. C&#8217;\u00e8 un filo sottile che lega la Citt\u00e0 Eterna alla West Coast americana, un filo fatto di carta, materia e&hellip;&nbsp;<a href=\"https:\/\/www.biancoscuro.it\/site\/una-visione-internazionale-libri-dartista-omaggio-a-hendrik-christian-andersen\/\" rel=\"bookmark\">Leggi tutto &raquo;<span class=\"screen-reader-text\">Utopie di carta tra Roma e Los Angeles<\/span><\/a><\/p>\n","protected":false},"author":980,"featured_media":19260,"comment_status":"closed","ping_status":"closed","sticky":false,"template":"","format":"standard","meta":{"neve_meta_sidebar":"","neve_meta_container":"","neve_meta_enable_content_width":"","neve_meta_content_width":0,"neve_meta_title_alignment":"","neve_meta_author_avatar":"","neve_post_elements_order":"","neve_meta_disable_header":"","neve_meta_disable_footer":"","neve_meta_disable_title":"","advanced_seo_description":"","jetpack_seo_html_title":"","jetpack_seo_noindex":false,"footnotes":""},"categories":[5,27,24],"tags":[],"class_list":["post-19259","post","type-post","status-publish","format-standard","has-post-thumbnail","hentry","category-arte","category-manifestazione","category-mostre"],"jetpack_featured_media_url":"https:\/\/www.biancoscuro.it\/site\/wp-content\/uploads\/2026\/01\/02-VITO-CAPONE_02.jpg","jetpack_sharing_enabled":true,"jetpack-related-posts":[{"id":18428,"url":"https:\/\/www.biancoscuro.it\/site\/vincenzo-scolamiero-come-sogni-perduti\/","url_meta":{"origin":19259,"position":0},"title":"Vincenzo Scolamiero &#8211; Come sogni perduti","author":"Roberta Melasecca","date":"2 Maggio 2025","format":false,"excerpt":"Il 12 maggio si apre, alla Casa Museo Hendrik Christian Andersen afferente all\u2019Istituto Pantheon e Castel Sant\u2019Angelo \u2013 Direzione Musei Nazionali della Citt\u00e0 di Roma, in collaborazione con l\u2019Accademia di Belle Arti di Roma, la mostra personale di Vincenzo Scolamiero, Come sogni perduti, a cura di Maria Giuseppina Di Monte\u2026","rel":"","context":"In &quot;arte&quot;","block_context":{"text":"arte","link":"https:\/\/www.biancoscuro.it\/site\/category\/arte\/"},"img":{"alt_text":"","src":"https:\/\/i0.wp.com\/www.biancoscuro.it\/site\/wp-content\/uploads\/2025\/05\/Vincenzo-Scolamiero-Come-sogni-perduti.jpg?resize=350%2C200&ssl=1","width":350,"height":200,"srcset":"https:\/\/i0.wp.com\/www.biancoscuro.it\/site\/wp-content\/uploads\/2025\/05\/Vincenzo-Scolamiero-Come-sogni-perduti.jpg?resize=350%2C200&ssl=1 1x, https:\/\/i0.wp.com\/www.biancoscuro.it\/site\/wp-content\/uploads\/2025\/05\/Vincenzo-Scolamiero-Come-sogni-perduti.jpg?resize=525%2C300&ssl=1 1.5x, https:\/\/i0.wp.com\/www.biancoscuro.it\/site\/wp-content\/uploads\/2025\/05\/Vincenzo-Scolamiero-Come-sogni-perduti.jpg?resize=700%2C400&ssl=1 2x"},"classes":[]},{"id":3203,"url":"https:\/\/www.biancoscuro.it\/site\/zero-in-the-mirror-christian-megert-nanda-vigo\/","url_meta":{"origin":19259,"position":1},"title":"ZERO IN THE MIRROR. Christian Megert &#038; Nanda Vigo","author":"Redazione BIANCOSCURO","date":"25 Settembre 2015","format":false,"excerpt":"La mostra di CHRISTIAN MEGERT E NANDA VIGO ZERO IN THE MIRROR Lissone (MB) - Museo d\u2019Arte Contemporanea Dal 26 settembre al 29 novembre 2015 Dal 26 settembre al 29 novembre 2015, il Museo d\u2019Arte Contemporanea di Lissone (MB) ospiter\u00e0 Zero in the Mirror, il progetto itinerante ideato da Christian\u2026","rel":"","context":"In &quot;arte&quot;","block_context":{"text":"arte","link":"https:\/\/www.biancoscuro.it\/site\/category\/arte\/"},"img":{"alt_text":"","src":"https:\/\/i0.wp.com\/www.biancoscuro.it\/site\/wp-content\/uploads\/2015\/09\/Nanda-Vigo-Deep-Space-2015-Foto-Emilio-Tremolada.jpg?resize=350%2C200&ssl=1","width":350,"height":200,"srcset":"https:\/\/i0.wp.com\/www.biancoscuro.it\/site\/wp-content\/uploads\/2015\/09\/Nanda-Vigo-Deep-Space-2015-Foto-Emilio-Tremolada.jpg?resize=350%2C200&ssl=1 1x, https:\/\/i0.wp.com\/www.biancoscuro.it\/site\/wp-content\/uploads\/2015\/09\/Nanda-Vigo-Deep-Space-2015-Foto-Emilio-Tremolada.jpg?resize=525%2C300&ssl=1 1.5x, https:\/\/i0.wp.com\/www.biancoscuro.it\/site\/wp-content\/uploads\/2015\/09\/Nanda-Vigo-Deep-Space-2015-Foto-Emilio-Tremolada.jpg?resize=700%2C400&ssl=1 2x, https:\/\/i0.wp.com\/www.biancoscuro.it\/site\/wp-content\/uploads\/2015\/09\/Nanda-Vigo-Deep-Space-2015-Foto-Emilio-Tremolada.jpg?resize=1050%2C600&ssl=1 3x, https:\/\/i0.wp.com\/www.biancoscuro.it\/site\/wp-content\/uploads\/2015\/09\/Nanda-Vigo-Deep-Space-2015-Foto-Emilio-Tremolada.jpg?resize=1400%2C800&ssl=1 4x"},"classes":[]},{"id":11712,"url":"https:\/\/www.biancoscuro.it\/site\/nessuno-escluso-alla-fabbrica-del-vapore-a-milano-lo-sguardo-di-christian-tasso-sulla-disabilita\/","url_meta":{"origin":19259,"position":2},"title":"Nessuno escluso. Christian Tasso alla Fabbrica del Vapore | Milano","author":"Chiara","date":"28 Aprile 2021","format":false,"excerpt":"Il 5 maggio apre alla Fabbrica del Vapore a Milano, nella Sala delle Colonne, la mostra NESSUNO ESCLUSO, con i lavori fotografici di Christian Tasso (Macerata, 1986), artista e regista che vive e lavora tra l'Italia e la Svizzera. La mostra NESSUNO ESCLUSO, curata da Adelina von F\u00fcrstenberg e\u00a0prodotta da\u2026","rel":"","context":"In &quot;arte&quot;","block_context":{"text":"arte","link":"https:\/\/www.biancoscuro.it\/site\/category\/arte\/"},"img":{"alt_text":"","src":"https:\/\/i0.wp.com\/www.biancoscuro.it\/site\/wp-content\/uploads\/2021\/04\/4.-Kampong-Cham-Cambogia-2016-%C2%A9Christian-Tasso.jpg?resize=350%2C200&ssl=1","width":350,"height":200,"srcset":"https:\/\/i0.wp.com\/www.biancoscuro.it\/site\/wp-content\/uploads\/2021\/04\/4.-Kampong-Cham-Cambogia-2016-%C2%A9Christian-Tasso.jpg?resize=350%2C200&ssl=1 1x, https:\/\/i0.wp.com\/www.biancoscuro.it\/site\/wp-content\/uploads\/2021\/04\/4.-Kampong-Cham-Cambogia-2016-%C2%A9Christian-Tasso.jpg?resize=525%2C300&ssl=1 1.5x, https:\/\/i0.wp.com\/www.biancoscuro.it\/site\/wp-content\/uploads\/2021\/04\/4.-Kampong-Cham-Cambogia-2016-%C2%A9Christian-Tasso.jpg?resize=700%2C400&ssl=1 2x"},"classes":[]},{"id":11667,"url":"https:\/\/www.biancoscuro.it\/site\/matteo-montani-nel-rovescio-della-palpebra\/","url_meta":{"origin":19259,"position":3},"title":"Matteo Montani. Nel rovescio della palpebra","author":"OTTO Gallery","date":"24 Aprile 2021","format":false,"excerpt":"Dopo le personali A cielo aperto (2010) e Matteo Montani \u2013 Peter Flaccus (2014) MATTEO MONTANI torna ad esporre alla OTTO Gallery con una nuova serie di opere inedite realizzate appositamente per l\u2019occasione. La produzione si focalizza sull\u2019immagine colta nel suo sorgere e dissolversi in un luogo peculiare \u2013 tra\u2026","rel":"","context":"In &quot;arte&quot;","block_context":{"text":"arte","link":"https:\/\/www.biancoscuro.it\/site\/category\/arte\/"},"img":{"alt_text":"","src":"https:\/\/i0.wp.com\/www.biancoscuro.it\/site\/wp-content\/uploads\/2021\/04\/Matteo-Montani-mostra-Bologna.jpg?resize=350%2C200&ssl=1","width":350,"height":200,"srcset":"https:\/\/i0.wp.com\/www.biancoscuro.it\/site\/wp-content\/uploads\/2021\/04\/Matteo-Montani-mostra-Bologna.jpg?resize=350%2C200&ssl=1 1x, https:\/\/i0.wp.com\/www.biancoscuro.it\/site\/wp-content\/uploads\/2021\/04\/Matteo-Montani-mostra-Bologna.jpg?resize=525%2C300&ssl=1 1.5x"},"classes":[]},{"id":3922,"url":"https:\/\/www.biancoscuro.it\/site\/antonella-nardi-giuliana-silvestrini-vincitori-oltre-libri-larte-del-presente-incontra-libri-del-passato-biblioteca-angelica-roma\/","url_meta":{"origin":19259,"position":4},"title":"Antonella Nardi e Giuliana Silvestrini tra i vincitori di \u201cOltre i libri \u2013 l\u2019arte del presente incontra i libri del passato\u201d \u2013 Biblioteca Angelica Roma","author":"Roberta Melasecca","date":"18 Maggio 2016","format":false,"excerpt":"Antonella Nardi, Scritture infinite e mappature nascoste, particolare \u00a0 Antonella Nardi e Giuliana Silvestrini tra i vincitori di \u201cOltre i libri \u2013 l\u2019arte del presente incontra i libri del passato\u201d \u2013 Biblioteca Angelica Roma Inaugurazione mostra: 26 maggio 2016 ore 18.30 | Biblioteca Angelica | Roma \u00a0 Antonella Nardi e\u2026","rel":"","context":"In &quot;arte&quot;","block_context":{"text":"arte","link":"https:\/\/www.biancoscuro.it\/site\/category\/arte\/"},"img":{"alt_text":"","src":"https:\/\/i0.wp.com\/www.biancoscuro.it\/site\/wp-content\/uploads\/2016\/05\/scritture-infinite-e-mappature-nascoste-particolare-web.jpg?resize=350%2C200&ssl=1","width":350,"height":200,"srcset":"https:\/\/i0.wp.com\/www.biancoscuro.it\/site\/wp-content\/uploads\/2016\/05\/scritture-infinite-e-mappature-nascoste-particolare-web.jpg?resize=350%2C200&ssl=1 1x, https:\/\/i0.wp.com\/www.biancoscuro.it\/site\/wp-content\/uploads\/2016\/05\/scritture-infinite-e-mappature-nascoste-particolare-web.jpg?resize=525%2C300&ssl=1 1.5x"},"classes":[]},{"id":1735,"url":"https:\/\/www.biancoscuro.it\/site\/sculture-vestite-bressani-museo-dellauto-torino\/","url_meta":{"origin":19259,"position":5},"title":"Le &#8220;Sculture vestite&#8221; di Bressani al Museo dell&#8217;auto di Torino","author":"Redazione BIANCOSCURO","date":"31 Agosto 2014","format":false,"excerpt":"Le \"Sculture vestite\" di Stefano Bressani al Museo dell'auto di Torino Venerd\u00ec 5 settembre alle ore 18,30 al Museo Nazionale dell'Automobile \u201cAvv. Giovanni Agnelli\u201d di Torino ci sar\u00e0 il vernissage della mostra personale di Stefano Bressani, artista presente sull'attuale copertina di BIANCOSCURO. L'artista ha saputo\u00a0distinguersi grazie a un modo del\u2026","rel":"","context":"In &quot;arte&quot;","block_context":{"text":"arte","link":"https:\/\/www.biancoscuro.it\/site\/category\/arte\/"},"img":{"alt_text":"rivista d'arte biancoscuro art magazine","src":"https:\/\/scontent-a-fra.xx.fbcdn.net\/hphotos-xaf1\/v\/t1.0-9\/s720x720\/10610609_10204642112161975_8717337299011330738_n.jpg?oh=4a128bbcb4d776aeb20f49726d4a7576&oe=5482155D","width":350,"height":200},"classes":[]}],"_links":{"self":[{"href":"https:\/\/www.biancoscuro.it\/site\/wp-json\/wp\/v2\/posts\/19259","targetHints":{"allow":["GET"]}}],"collection":[{"href":"https:\/\/www.biancoscuro.it\/site\/wp-json\/wp\/v2\/posts"}],"about":[{"href":"https:\/\/www.biancoscuro.it\/site\/wp-json\/wp\/v2\/types\/post"}],"author":[{"embeddable":true,"href":"https:\/\/www.biancoscuro.it\/site\/wp-json\/wp\/v2\/users\/980"}],"replies":[{"embeddable":true,"href":"https:\/\/www.biancoscuro.it\/site\/wp-json\/wp\/v2\/comments?post=19259"}],"version-history":[{"count":2,"href":"https:\/\/www.biancoscuro.it\/site\/wp-json\/wp\/v2\/posts\/19259\/revisions"}],"predecessor-version":[{"id":19266,"href":"https:\/\/www.biancoscuro.it\/site\/wp-json\/wp\/v2\/posts\/19259\/revisions\/19266"}],"wp:featuredmedia":[{"embeddable":true,"href":"https:\/\/www.biancoscuro.it\/site\/wp-json\/wp\/v2\/media\/19260"}],"wp:attachment":[{"href":"https:\/\/www.biancoscuro.it\/site\/wp-json\/wp\/v2\/media?parent=19259"}],"wp:term":[{"taxonomy":"category","embeddable":true,"href":"https:\/\/www.biancoscuro.it\/site\/wp-json\/wp\/v2\/categories?post=19259"},{"taxonomy":"post_tag","embeddable":true,"href":"https:\/\/www.biancoscuro.it\/site\/wp-json\/wp\/v2\/tags?post=19259"}],"curies":[{"name":"wp","href":"https:\/\/api.w.org\/{rel}","templated":true}]}}