{"id":19348,"date":"2026-03-03T06:50:37","date_gmt":"2026-03-03T05:50:37","guid":{"rendered":"https:\/\/www.biancoscuro.it\/site\/?p=19348"},"modified":"2026-03-06T23:59:07","modified_gmt":"2026-03-06T22:59:07","slug":"raffaella-de-chirico-arte-contemporanea-e-a-head-project-presentano-la-mostra-libera-circolazione-entro-fragili-confini-di-angelo-gallo","status":"publish","type":"post","link":"https:\/\/www.biancoscuro.it\/site\/raffaella-de-chirico-arte-contemporanea-e-a-head-project-presentano-la-mostra-libera-circolazione-entro-fragili-confini-di-angelo-gallo\/","title":{"rendered":"Anatomie di un&#8217;attesa: l&#8217;arte di Angelo Gallo sbarca a Milano con A-HEAD Project"},"content":{"rendered":"<span class=\"span-reading-time rt-reading-time\" style=\"display: block;\"><span class=\"rt-label rt-prefix\">\u23f0 lettura <\/span> <span class=\"rt-time\"> 2<\/span> <span class=\"rt-label rt-postfix\">min. <br><br><\/span><\/span><div class=\"wp-block-image\">\n<figure class=\"aligncenter size-full\"><img loading=\"lazy\" decoding=\"async\" width=\"480\" height=\"640\" src=\"https:\/\/www.biancoscuro.it\/site\/wp-content\/uploads\/2026\/03\/Lucidi-di-Cammina-Toco-Credits-Angelo-Gallo.jpg\" alt=\"\" class=\"wp-image-19349\" srcset=\"https:\/\/www.biancoscuro.it\/site\/wp-content\/uploads\/2026\/03\/Lucidi-di-Cammina-Toco-Credits-Angelo-Gallo.jpg 480w, https:\/\/www.biancoscuro.it\/site\/wp-content\/uploads\/2026\/03\/Lucidi-di-Cammina-Toco-Credits-Angelo-Gallo-225x300.jpg 225w\" sizes=\"auto, (max-width: 480px) 100vw, 480px\" \/><\/figure>\n<\/div>\n\n\n<p><strong>Dopo Cosenza, Roma e Matera, il progetto che unisce arte contemporanea e salute mentale approda alla Galleria Raffaella De Chirico. Dal 11 marzo un percorso immersivo tra calcografie, suoni e installazioni luminose.<\/strong><\/p>\n\n\n\n<p>Ci sono confini fisici e confini psicologici, fratture del corpo e sospensioni dell&#8217;anima. Su queste linee di faglia si muove la ricerca di <strong>Angelo Gallo<\/strong>, artista calabrese che dal <strong>11 marzo al 9 maggio 2026<\/strong> sar\u00e0 protagonista della sua prima personale milanese: <em>Libera circolazione entro fragili confini<\/em>.<\/p>\n\n\n\n<p>Ospitata negli spazi della <strong>Galleria Raffaella De Chirico Arte Contemporanea<\/strong> (nel cuore di Brera), la mostra \u00e8 il nuovo capitolo del percorso promosso da <strong>A-HEAD Project<\/strong> (Angelo Azzurro Onlus), la realt\u00e0 fondata dalla famiglia Calapai che utilizza la potenza dell&#8217;arte contemporanea per contrastare lo stigma sui disturbi mentali e favorire processi di riabilitazione.<\/p>\n\n\n\n<p>Curato da Raffaella De Chirico, il progetto espositivo rifiuta la logica della sequenza cronologica per farsi ecosistema unitario. L&#8217;esposizione si snoda attraverso due sale comunicanti, concepite come tappe di un&#8217;unica esperienza percettiva che parte dall&#8217;origine del trauma per aprirsi all&#8217;ascolto e all&#8217;attesa.<\/p>\n\n\n\n<p><strong>La prima sala: l&#8217;origine della frattura<\/strong> Il percorso inizia con il nucleo storico delle <em>Anatomie Forzate<\/em>. Al centro domina la calcografia <em>Uccello senza ali #020072<\/em>, matrice concettuale di tutta la mostra, che restituisce l&#8217;immagine potente di un corpo privato della possibilit\u00e0 del volo.<\/p>\n\n\n\n<p>A fare da contrappunto, una teca custodisce una lettera del progetto <em>Random Recipient<\/em>: un&#8217;azione relazionale che nei giorni precedenti l&#8217;opening vedr\u00e0 l&#8217;artista disperdere lettere nello spazio urbano di Milano. La lettera in galleria \u00e8 l&#8217;unica traccia fisica di questa semina cittadina. L&#8217;ambiente \u00e8 infine saturato dal quadro sonoro <em>Memoria<\/em> (della serie <em>Anatomie Sensibili<\/em>), che funge da ponte uditivo verso la seconda stanza.<\/p>\n\n\n\n<p><strong>La seconda sala: la luce, l&#8217;ascolto, l&#8217;attesa<\/strong> Qui il dialogo tra le anatomie forzate e quelle sensibili tocca il suo apice. Lo spazio \u00e8 dominato dall&#8217;installazione interattiva <em>Waiting<\/em>, che trasforma il sentimento dell&#8217;attesa in un&#8217;esperienza condivisa col pubblico. Intorno, quattro nuove calcografie (acquaforte, acquatinta e photogravure) sovrappongono scheletri di uccelli senza ali a corpi femminili, generando una fortissima tensione visiva. Ma Gallo va oltre il risultato finale: accanto a ogni stampa posiziona un &#8220;quadro luminoso&#8221; realizzato con i lucidi di lavorazione. La luce svela cos\u00ec il processo, la stratificazione e la fragilit\u00e0 insite nel fare artistico.<\/p>\n\n\n\n<p>La coerenza formale e concettuale di Gallo affonda le radici nella sua biografia. Con un passato di studi in informatica, l&#8217;artista unisce oggi il rigore razionale della programmazione all&#8217;istinto libero della pittura e della scultura interattiva. Il risultato \u00e8 una ricerca etica e visiva in continua evoluzione, che indaga il corpo e il tempo come strumenti di conoscenza.<\/p>\n\n\n\n<p>Incrociando due momenti nevralgici della primavera meneghina \u2014 la <strong>Milano Art Week<\/strong> e la <strong>Milano Design Week<\/strong> \u2014 <em>Libera circolazione entro fragili confini<\/em> si candida a essere una delle tappe pi\u00f9 intense della stagione, confermando l&#8217;impegno di A-HEAD Project e della Galleria De Chirico nel sostenere un&#8217;arte capace di profonda responsabilit\u00e0 sociale e culturale.<\/p>\n\n\n\n<hr class=\"wp-block-separator has-alpha-channel-opacity\"\/>\n\n\n\n<h3 class=\"wp-block-heading\"><strong>INFO <\/strong><\/h3>\n\n\n\n<p><strong>Mostra:<\/strong> ANGELO GALLO | <em>Libera circolazione entro fragili confini<\/em> <br \/><strong>A cura di:<\/strong> Raffaella De Chirico <br \/><strong>Promossa da:<\/strong> A-HEAD Project \u2013 Angelo Azzurro ONLUS <br \/><strong>Main Partner:<\/strong> Archivio Collezione Angelo Gallo<br \/><strong>Sede:<\/strong> Galleria Raffaella De Chirico Arte Contemporanea <br \/><strong>Indirizzo:<\/strong> Via Monte di Piet\u00e0 1A, Milano (Quartiere Brera)<\/p>\n\n\n\n<p><strong>Opening:<\/strong> Mercoled\u00ec 11 marzo 2026, ore 18:00 \u2013 21:00 <strong>Date di apertura:<\/strong> Dall&#8217;11 marzo al 9 maggio 2026<\/p>\n\n\n\n<p><strong>Orari di visita:<\/strong> Mercoled\u00ec e Gioved\u00ec: 15:00 \u2013 19:00<\/p>\n\n\n\n<p><strong>Contatti:<\/strong> infoangeloazzurro@gmail.com<\/p>\n","protected":false},"excerpt":{"rendered":"<p><span class=\"span-reading-time rt-reading-time\" style=\"display: block;\"><span class=\"rt-label rt-prefix\">\u23f0 lettura <\/span> <span class=\"rt-time\"> 2<\/span> <span class=\"rt-label rt-postfix\">min. <\/p>\n<p><\/span><\/span>Dopo Cosenza, Roma e Matera, il progetto che unisce arte contemporanea e salute mentale approda alla Galleria Raffaella De Chirico. Dal 11 marzo un percorso immersivo tra calcografie, suoni e installazioni luminose. Ci sono confini fisici e confini psicologici, fratture del corpo e sospensioni dell&#8217;anima. Su queste linee di faglia si muove la ricerca di&hellip;&nbsp;<a href=\"https:\/\/www.biancoscuro.it\/site\/raffaella-de-chirico-arte-contemporanea-e-a-head-project-presentano-la-mostra-libera-circolazione-entro-fragili-confini-di-angelo-gallo\/\" rel=\"bookmark\">Leggi tutto &raquo;<span class=\"screen-reader-text\">Anatomie di un&#8217;attesa: l&#8217;arte di Angelo Gallo sbarca a Milano con A-HEAD Project<\/span><\/a><\/p>\n","protected":false},"author":980,"featured_media":19349,"comment_status":"closed","ping_status":"closed","sticky":false,"template":"","format":"standard","meta":{"neve_meta_sidebar":"","neve_meta_container":"","neve_meta_enable_content_width":"","neve_meta_content_width":0,"neve_meta_title_alignment":"","neve_meta_author_avatar":"","neve_post_elements_order":"","neve_meta_disable_header":"","neve_meta_disable_footer":"","neve_meta_disable_title":"","advanced_seo_description":"","jetpack_seo_html_title":"","jetpack_seo_noindex":false,"footnotes":""},"categories":[5,24],"tags":[],"class_list":["post-19348","post","type-post","status-publish","format-standard","has-post-thumbnail","hentry","category-arte","category-mostre"],"jetpack_featured_media_url":"https:\/\/www.biancoscuro.it\/site\/wp-content\/uploads\/2026\/03\/Lucidi-di-Cammina-Toco-Credits-Angelo-Gallo.jpg","jetpack_sharing_enabled":true,"jetpack-related-posts":[{"id":9039,"url":"https:\/\/www.biancoscuro.it\/site\/tetsuro-shimizu-espansione\/","url_meta":{"origin":19348,"position":0},"title":"Tetsuro Shimizu \u6e05\u6c34\u54f2\u90ce Espansione","author":"Galleria di Paolo","date":"12 Aprile 2019","format":false,"excerpt":"Un viaggio attraverso la pittura dell\u2019essenza dell\u2019anima La Galleria Di Paolo Arte\u00a0\u00e8 lieta di presentare la mostra personale dell\u2019artista giapponese Tetsuro Shimizu. Italiano di adozione e insegnante di pittura presso l\u2019Accademia di Brera, egli frequenta da anni gli ambienti milanesi ed \u00e8 ben affermato nel panorama dell\u2019arte nazionale ed internazionale\u2026","rel":"","context":"In &quot;arte&quot;","block_context":{"text":"arte","link":"https:\/\/www.biancoscuro.it\/site\/category\/arte\/"},"img":{"alt_text":"","src":"https:\/\/i0.wp.com\/www.biancoscuro.it\/site\/wp-content\/uploads\/2019\/04\/copertina400.jpg?resize=350%2C200&ssl=1","width":350,"height":200},"classes":[]},{"id":1031,"url":"https:\/\/www.biancoscuro.it\/site\/mi-art-148-gallerie-internazionali-per-la-primavera-dellarte-3\/","url_meta":{"origin":19348,"position":1},"title":"mi art &#8211; 148 Gallerie internazionali per la primavera dell\u2019arte","author":"Redazione BIANCOSCURO","date":"27 Marzo 2014","format":false,"excerpt":"Torna la primavera dell\u2019arte a Milano con\u00a0miart 2014. Quattro le sezioni della fiera internazionale d\u2019arte moderna e contemporanea:\u00a0Established\u00a0(suddivisa al suo interno in Master, Contemporary e la nuova First Step per la gallerie giovani)\u00a0presenta una selezione delle pi\u00f9 importanti gallerie d\u2019arte moderna e contemporanea;\u00a0Emergent, per le gallerie d\u2019avanguardia focalizzate sulla ricerca\u2026","rel":"","context":"In &quot;arte&quot;","block_context":{"text":"arte","link":"https:\/\/www.biancoscuro.it\/site\/category\/arte\/"},"img":{"alt_text":"mi art - biancoscuro art magazine - rivista d arte","src":"https:\/\/i0.wp.com\/www.miart.it\/sites\/default\/files\/rassegna\/miart2014.nuova_immagine2.jpg?resize=350%2C200","width":350,"height":200},"classes":[]},{"id":17205,"url":"https:\/\/www.biancoscuro.it\/site\/17205-2\/","url_meta":{"origin":19348,"position":2},"title":"A-Head Project | Angelo Gallo","author":"Roberta Melasecca","date":"30 Aprile 2024","format":false,"excerpt":"Venerd\u00ec 10 maggio 2024 alle ore 17.30, A-HEAD Project di Angelo Azzurro ONLUSinaugura, negli spazi di Villa Altieri - Citt\u00e0 Metropolitana di Roma Capitale, il progetto Opera Unica* di Angelo Gallo, a cura di Simona Spinella e con i testi critici di Simona Spinella e Giuseppe Capparelli, con il patrocinio\u2026","rel":"","context":"In &quot;arte&quot;","block_context":{"text":"arte","link":"https:\/\/www.biancoscuro.it\/site\/category\/arte\/"},"img":{"alt_text":"","src":"https:\/\/i0.wp.com\/www.biancoscuro.it\/site\/wp-content\/uploads\/2024\/05\/INVITO-Angelo-Gallo-Opera-Unica-copia.jpeg?resize=350%2C200&ssl=1","width":350,"height":200,"srcset":"https:\/\/i0.wp.com\/www.biancoscuro.it\/site\/wp-content\/uploads\/2024\/05\/INVITO-Angelo-Gallo-Opera-Unica-copia.jpeg?resize=350%2C200&ssl=1 1x, https:\/\/i0.wp.com\/www.biancoscuro.it\/site\/wp-content\/uploads\/2024\/05\/INVITO-Angelo-Gallo-Opera-Unica-copia.jpeg?resize=525%2C300&ssl=1 1.5x, https:\/\/i0.wp.com\/www.biancoscuro.it\/site\/wp-content\/uploads\/2024\/05\/INVITO-Angelo-Gallo-Opera-Unica-copia.jpeg?resize=700%2C400&ssl=1 2x"},"classes":[]},{"id":1011,"url":"https:\/\/www.biancoscuro.it\/site\/step-art-fair-ingresso-gratuito-per-larte-contemporanea-alla-fabbrica-del-vapore\/","url_meta":{"origin":19348,"position":3},"title":"Step Art Fair l&#8217;arte contemporanea alla Fabbrica del Vapore","author":"Redazione BIANCOSCURO","date":"27 Marzo 2014","format":false,"excerpt":"Da domani 28 marzio alle 17, sino al 30 marzo 2014 alle ore 19, alla Fabbrica del Vapore di Milano (via Giulio Procaccini 4) in scena STEP ART FAIR. L\u2019edizione 2014 rafforza la propria identit\u00e0, orientata al contemporaneo emergente, puntando i riflettori soprattutto su proposte di artisti giovani.\u00a0In linea di\u2026","rel":"","context":"In &quot;arte&quot;","block_context":{"text":"arte","link":"https:\/\/www.biancoscuro.it\/site\/category\/arte\/"},"img":{"alt_text":"step art fair milano rivista d'arte biancoscuro art magazine","src":"https:\/\/i0.wp.com\/www.stepartfair.com\/images\/02.jpg?resize=350%2C200","width":350,"height":200,"srcset":"https:\/\/i0.wp.com\/www.stepartfair.com\/images\/02.jpg?resize=350%2C200 1x, https:\/\/i0.wp.com\/www.stepartfair.com\/images\/02.jpg?resize=525%2C300 1.5x"},"classes":[]},{"id":3030,"url":"https:\/\/www.biancoscuro.it\/site\/art-parma-fair-arte-forli-contemporanea-2\/","url_meta":{"origin":19348,"position":4},"title":"Art Parma Fair &#038; Arte Forl\u00ec CONTEMPORANEA","author":"Redazione BIANCOSCURO","date":"20 Agosto 2015","format":false,"excerpt":"BIANCOSCURO Media Partner ufficiale di Romagna Fiere,\u00a0in collaborazione con\u00a0ArteExp\u00f2 Gallery,\u00a0propone \u00a0ad artisti meritevoli la possibilit\u00e0 di partecipare ad ART PARMA FAIR 2015\u00a0e ARTE FORLI' CONTEMPORANEA 2015! Per maggiori informazioni o ricevere il bando di partecipazione contattaci subito allo 0382.1902778 oppure scrivi\u00a0info@biancoscuro.it Informiamo che sono in corso le\u00a0selezioni per esposizioni riservate\u2026","rel":"","context":"In &quot;arte&quot;","block_context":{"text":"arte","link":"https:\/\/www.biancoscuro.it\/site\/category\/arte\/"},"img":{"alt_text":"","src":"https:\/\/i0.wp.com\/www.biancoscuro.it\/site\/wp-content\/uploads\/2014\/02\/Schermata-2015-08-20-alle-11.05.57.png?resize=350%2C200&ssl=1","width":350,"height":200,"srcset":"https:\/\/i0.wp.com\/www.biancoscuro.it\/site\/wp-content\/uploads\/2014\/02\/Schermata-2015-08-20-alle-11.05.57.png?resize=350%2C200&ssl=1 1x, https:\/\/i0.wp.com\/www.biancoscuro.it\/site\/wp-content\/uploads\/2014\/02\/Schermata-2015-08-20-alle-11.05.57.png?resize=525%2C300&ssl=1 1.5x"},"classes":[]},{"id":840,"url":"https:\/\/www.biancoscuro.it\/site\/11o-art-karlsruhe-una-calamita-per-gli-artisti-di-rilievo\/","url_meta":{"origin":19348,"position":5},"title":"11\u00ba art KARLSRUHE &#8211; calamita per figure di rilievo nel mondo dell&#8217;arte","author":"Redazione BIANCOSCURO","date":"5 Marzo 2014","format":false,"excerpt":"art KARLSRUHE\u00a0\u00e8 arrivata all'undicesima edizione e si riconferma come fiera d'eccellenza per l'arte moderna e contemporanea. (Karlsruhe \u00e8 una citt\u00e0 \u00a0del Baden-W\u00fcrttemberg, in Germania; dopo Stoccarda, \u00e8 la seconda citt\u00e0 pi\u00f9 grande del Land).\u00a0Soddisfatti sia gli espositori che i visitatori, riceve consensi da parte dei media, non c'\u00e8 da stupirsi\u2026","rel":"","context":"In &quot;arte&quot;","block_context":{"text":"arte","link":"https:\/\/www.biancoscuro.it\/site\/category\/arte\/"},"img":{"alt_text":"artKARLSRUHE_biancoscuro art magazine - rivista d'arte","src":"https:\/\/i0.wp.com\/www.biancoscuro.it\/site\/wp-content\/uploads\/2014\/03\/art_Karlsruhe_2013__0931web.jpg?resize=350%2C200","width":350,"height":200},"classes":[]}],"_links":{"self":[{"href":"https:\/\/www.biancoscuro.it\/site\/wp-json\/wp\/v2\/posts\/19348","targetHints":{"allow":["GET"]}}],"collection":[{"href":"https:\/\/www.biancoscuro.it\/site\/wp-json\/wp\/v2\/posts"}],"about":[{"href":"https:\/\/www.biancoscuro.it\/site\/wp-json\/wp\/v2\/types\/post"}],"author":[{"embeddable":true,"href":"https:\/\/www.biancoscuro.it\/site\/wp-json\/wp\/v2\/users\/980"}],"replies":[{"embeddable":true,"href":"https:\/\/www.biancoscuro.it\/site\/wp-json\/wp\/v2\/comments?post=19348"}],"version-history":[{"count":3,"href":"https:\/\/www.biancoscuro.it\/site\/wp-json\/wp\/v2\/posts\/19348\/revisions"}],"predecessor-version":[{"id":19360,"href":"https:\/\/www.biancoscuro.it\/site\/wp-json\/wp\/v2\/posts\/19348\/revisions\/19360"}],"wp:featuredmedia":[{"embeddable":true,"href":"https:\/\/www.biancoscuro.it\/site\/wp-json\/wp\/v2\/media\/19349"}],"wp:attachment":[{"href":"https:\/\/www.biancoscuro.it\/site\/wp-json\/wp\/v2\/media?parent=19348"}],"wp:term":[{"taxonomy":"category","embeddable":true,"href":"https:\/\/www.biancoscuro.it\/site\/wp-json\/wp\/v2\/categories?post=19348"},{"taxonomy":"post_tag","embeddable":true,"href":"https:\/\/www.biancoscuro.it\/site\/wp-json\/wp\/v2\/tags?post=19348"}],"curies":[{"name":"wp","href":"https:\/\/api.w.org\/{rel}","templated":true}]}}