{"id":19351,"date":"2026-03-05T06:54:12","date_gmt":"2026-03-05T05:54:12","guid":{"rendered":"https:\/\/www.biancoscuro.it\/site\/?p=19351"},"modified":"2026-03-06T23:59:40","modified_gmt":"2026-03-06T22:59:40","slug":"a-head-project-promuove-la-seconda-residenza-artistica-di-claudia-virginia-vitari-presso-il-centro-gnosis-informare","status":"publish","type":"post","link":"https:\/\/www.biancoscuro.it\/site\/a-head-project-promuove-la-seconda-residenza-artistica-di-claudia-virginia-vitari-presso-il-centro-gnosis-informare\/","title":{"rendered":"L\u2019arte di rendere visibile l\u2019invisibile: Claudia Virginia VitariA"},"content":{"rendered":"<span class=\"span-reading-time rt-reading-time\" style=\"display: block;\"><span class=\"rt-label rt-prefix\">\u23f0 lettura <\/span> <span class=\"rt-time\"> 3<\/span> <span class=\"rt-label rt-postfix\">min. <br><br><\/span><\/span><div class=\"wp-block-image\">\n<figure class=\"aligncenter size-full\"><img loading=\"lazy\" decoding=\"async\" width=\"600\" height=\"762\" src=\"https:\/\/www.biancoscuro.it\/site\/wp-content\/uploads\/2026\/03\/image1.jpeg\" alt=\"\" class=\"wp-image-19352\" srcset=\"https:\/\/www.biancoscuro.it\/site\/wp-content\/uploads\/2026\/03\/image1.jpeg 600w, https:\/\/www.biancoscuro.it\/site\/wp-content\/uploads\/2026\/03\/image1-236x300.jpeg 236w\" sizes=\"auto, (max-width: 600px) 100vw, 600px\" \/><\/figure>\n<\/div>\n\n\n<p><strong>Ha preso il via a Roma la seconda fase della residenza artistica promossa da Angelo Azzurro Onlus in collaborazione con la Galleria Raffaella De Chirico. Un progetto dove il &#8220;fare insieme&#8221; trasforma la fragilit\u00e0 adolescenziale in un&#8217;opera aperta.<\/strong><\/p>\n\n\n\n<p>Come si d\u00e0 forma a un&#8217;identit\u00e0 in bilico? Come si racconta la marginalit\u00e0 senza cadere nella trappola della spettacolarizzazione del dolore? \u00c8 da questi interrogativi urgenti che riparte il percorso romano di <strong>Claudia Virginia Vitari<\/strong>, artista visiva da anni impegnata nell&#8217;indagine del rapporto tra individuo e istituzioni totali.<\/p>\n\n\n\n<p>Dopo i primi semi gettati nel 2025, prende ufficialmente il via la <strong>seconda Residenza artistica<\/strong> di Vitari presso il Centro Diurno Terapeutico per l\u2019Et\u00e0 Adolescenziale <strong>Gnosis \u201cINFORMARE\u201d<\/strong>. Un&#8217;iniziativa dal forte impatto sociale e culturale, promossa da <strong>A-HEAD Project<\/strong> (costola artistica di Angelo Azzurro Onlus presieduta da Stefania Calapai) in stretta collaborazione con la <strong>Galleria Raffaella De Chirico Arte Contemporanea<\/strong> e l&#8217;\u00e9quipe clinica della struttura.<\/p>\n\n\n\n<p>Il lavoro di Claudia Virginia Vitari si \u00e8 sempre mosso nei luoghi marginali della societ\u00e0: carceri, ospedali psichiatrici, centri per richiedenti asilo. Anche in questo caso, la residenza non \u00e8 una calata dall&#8217;alto, ma un&#8217;immersione orizzontale. L&#8217;artista torna nel Centro Diurno per consolidare la relazione con i ragazzi, gli operatori e i referenti clinici (la Dott.ssa Laura Di Felice e il Dott. Bruno Pinkus), attivando laboratori di disegno, pittura e stampa serigrafica. In questo ecosistema, l&#8217;arte sospende il giudizio. Diventa uno strumento di inclusione e co-creazione, dove la teoria critica si mescola alla testimonianza diretta.<\/p>\n\n\n\n<p>Le narrazioni e le esperienze raccolte durante i laboratori non restano confinate nelle stanze del Centro, ma diventano la linfa vitale di una nuova produzione scultorea e installativa. I vissuti dei ragazzi confluiranno in moduli realizzati in <strong>vetro, carta di riso e ferro<\/strong>. La scelta dei materiali \u00e8 squisitamente metaforica: la trasparenza e la stratificazione riflettono un&#8217;identit\u00e0 complessa, fragile e mai univoca. Attraverso la tecnica della serigrafia, l&#8217;artista imprimer\u00e0 su queste superfici traslucide testi, ritratti e segni grafici. <em>\u00abIl mio obiettivo non \u00e8 documentare la sofferenza, ma creare un coro di voci che possa ampliare la consapevolezza dello spettatore\u00bb<\/em>, spiega Vitari. <em>\u00abL\u2019arte pu\u00f2 essere uno spazio in cui si apre la possibilit\u00e0 di una comprensione pi\u00f9 profonda della societ\u00e0 in cui viviamo\u00bb<\/em>.<\/p>\n\n\n\n<p>Il processo culminer\u00e0 prossimamente in una grande mostra a Roma. I nuovi lavori, nati dal confronto con gli adolescenti del Centro Gnosis, dialogheranno con alcuni moduli del celebre ciclo <em>Le Citt\u00e0 Invisibili<\/em> (gi\u00e0 esposti a Torino e Barcellona). Sar\u00e0 l&#8217;occasione per offrire al pubblico una riflessione tangibile sull&#8217;autodeterminazione e sull&#8217;istituzionalizzazione, confermando la missione di A-HEAD Project: utilizzare la creativit\u00e0 e la bellezza come motori generatori di sanit\u00e0 e consapevolezza collettiva.<\/p>\n\n\n\n<hr class=\"wp-block-separator has-alpha-channel-opacity\"\/>\n\n\n\n<p><strong>Progetto:<\/strong> Seconda Residenza Artistica presso Centro Diurno Gnosis &#8220;INFORMARE&#8221; <strong>Artista:<\/strong> Claudia Virginia Vitari <strong>Promosso da:<\/strong> A-HEAD Project \u2013 Angelo Azzurro ONLUS <strong>In collaborazione con:<\/strong> Galleria Raffaella De Chirico Arte Contemporanea e Gnosis Cooperativa Sociale Onlus<\/p>\n\n\n\n<p><strong>I Protagonisti:<\/strong><\/p>\n\n\n\n<ul class=\"wp-block-list\">\n<li><strong>Claudia Virginia Vitari:<\/strong> Artista torinese di base a Berlino, specializzata nell&#8217;analisi artistica delle istituzioni totali. Le sue installazioni multimediali restituiscono voce a comunit\u00e0 ai margini (carceri, centri di salute mentale, migranti). Rappresentata dalla Galleria Raffaella De Chirico.<\/li>\n\n\n\n<li><strong>A-HEAD Project:<\/strong> Nato nel 2017 per volere della famiglia Calapai (Angelo Azzurro ONLUS), mira a combattere lo stigma dei disturbi mentali sostenendo l&#8217;arte contemporanea. I ricavati finanziano progetti riabilitativi attraverso lo sviluppo di capacit\u00e0 creative e lavorative.<\/li>\n\n\n\n<li><strong>Galleria Raffaella De Chirico:<\/strong> Fondata a Torino nel 2011 e dal 2021 attiva a Milano (Brera). Si distingue per un programma focalizzato sul minimalismo concettuale, la fotografia sociale e la costante ricerca di un dialogo &#8220;then\/now&#8221; tra artisti storicizzati e nuove generazioni.<\/li>\n<\/ul>\n\n\n<div class=\"wp-block-image\">\n<figure class=\"aligncenter size-large\"><img loading=\"lazy\" decoding=\"async\" width=\"610\" height=\"1024\" src=\"https:\/\/www.biancoscuro.it\/site\/wp-content\/uploads\/2026\/03\/image0-610x1024.jpeg\" alt=\"\" class=\"wp-image-19353\" srcset=\"https:\/\/www.biancoscuro.it\/site\/wp-content\/uploads\/2026\/03\/image0-610x1024.jpeg 610w, https:\/\/www.biancoscuro.it\/site\/wp-content\/uploads\/2026\/03\/image0-179x300.jpeg 179w, https:\/\/www.biancoscuro.it\/site\/wp-content\/uploads\/2026\/03\/image0-768x1289.jpeg 768w, https:\/\/www.biancoscuro.it\/site\/wp-content\/uploads\/2026\/03\/image0-915x1536.jpeg 915w, https:\/\/www.biancoscuro.it\/site\/wp-content\/uploads\/2026\/03\/image0.jpeg 1220w\" sizes=\"auto, (max-width: 610px) 100vw, 610px\" \/><\/figure>\n<\/div>","protected":false},"excerpt":{"rendered":"<p><span class=\"span-reading-time rt-reading-time\" style=\"display: block;\"><span class=\"rt-label rt-prefix\">\u23f0 lettura <\/span> <span class=\"rt-time\"> 3<\/span> <span class=\"rt-label rt-postfix\">min. <\/p>\n<p><\/span><\/span>Ha preso il via a Roma la seconda fase della residenza artistica promossa da Angelo Azzurro Onlus in collaborazione con la Galleria Raffaella De Chirico. Un progetto dove il &#8220;fare insieme&#8221; trasforma la fragilit\u00e0 adolescenziale in un&#8217;opera aperta. Come si d\u00e0 forma a un&#8217;identit\u00e0 in bilico? Come si racconta la marginalit\u00e0 senza cadere nella trappola&hellip;&nbsp;<a href=\"https:\/\/www.biancoscuro.it\/site\/a-head-project-promuove-la-seconda-residenza-artistica-di-claudia-virginia-vitari-presso-il-centro-gnosis-informare\/\" rel=\"bookmark\">Leggi tutto &raquo;<span class=\"screen-reader-text\">L\u2019arte di rendere visibile l\u2019invisibile: Claudia Virginia VitariA<\/span><\/a><\/p>\n","protected":false},"author":980,"featured_media":19352,"comment_status":"closed","ping_status":"closed","sticky":false,"template":"","format":"standard","meta":{"neve_meta_sidebar":"","neve_meta_container":"","neve_meta_enable_content_width":"","neve_meta_content_width":0,"neve_meta_title_alignment":"","neve_meta_author_avatar":"","neve_post_elements_order":"","neve_meta_disable_header":"","neve_meta_disable_footer":"","neve_meta_disable_title":"","advanced_seo_description":"","jetpack_seo_html_title":"","jetpack_seo_noindex":false,"footnotes":""},"categories":[5,2762],"tags":[],"class_list":["post-19351","post","type-post","status-publish","format-standard","has-post-thumbnail","hentry","category-arte","category-arte-per-il-sociale"],"jetpack_featured_media_url":"https:\/\/www.biancoscuro.it\/site\/wp-content\/uploads\/2026\/03\/image1.jpeg","jetpack_sharing_enabled":true,"jetpack-related-posts":[{"id":15406,"url":"https:\/\/www.biancoscuro.it\/site\/claudia-lima-fragmetos-de-arte-pura\/","url_meta":{"origin":19351,"position":0},"title":"Cl\u00e1udia Lima &#8211; Fragmetos de Arte Pura","author":"Roberta Melasecca","date":"29 Gennaio 2023","format":false,"excerpt":"Un\u2019esplorazione di tessiture e geografie a partire da materiali organici Il 1 febbraio 2023 inaugura presso Spazio Veredas, lo spazio espositivo dell'Ambasciata del Brasile all'interno dell'Instituto Guimar\u00e3es Rosa in Piazza Navona, la mostra Fragmentos de Arte Pura dell'artista brasiliana Cl\u00e1udia Lima, a cura di Lu\u00eds Neves.\u00a0 La mostra presenta otto\u2026","rel":"","context":"In &quot;arte&quot;","block_context":{"text":"arte","link":"https:\/\/www.biancoscuro.it\/site\/category\/arte\/"},"img":{"alt_text":"","src":"https:\/\/i0.wp.com\/www.biancoscuro.it\/site\/wp-content\/uploads\/2023\/01\/Claudia_Lima_100x100x35_Tecnica-Mista-copia.jpg?resize=350%2C200&ssl=1","width":350,"height":200,"srcset":"https:\/\/i0.wp.com\/www.biancoscuro.it\/site\/wp-content\/uploads\/2023\/01\/Claudia_Lima_100x100x35_Tecnica-Mista-copia.jpg?resize=350%2C200&ssl=1 1x, https:\/\/i0.wp.com\/www.biancoscuro.it\/site\/wp-content\/uploads\/2023\/01\/Claudia_Lima_100x100x35_Tecnica-Mista-copia.jpg?resize=525%2C300&ssl=1 1.5x"},"classes":[]},{"id":7180,"url":"https:\/\/www.biancoscuro.it\/site\/rm-la-contesti-contexts-mostra-internazionale-del-libro-dartista\/","url_meta":{"origin":19351,"position":1},"title":"RM \u2013 LA \/ CONTESTI &#8211; CONTEXTS. Mostra internazionale del Libro d\u2019Artista","author":"Roberta Melasecca","date":"1 Maggio 2018","format":false,"excerpt":"RM \u2013 LA \/ CONTESTI - CONTEXTS Opere e Dialoghi ROMA - LOS ANGELES Mostra internazionale del Libro d\u2019Artista da un\u2019idea di John David O\u2019Brien e Lydia Predominato a cura di Stefania Severi Inaugurazione 3 maggio 2018 ore 17.00 | Galleria Sinopia | Roma Ore 18.00 performance dell\u2019artista Justin Randolph\u2026","rel":"","context":"In &quot;arte&quot;","block_context":{"text":"arte","link":"https:\/\/www.biancoscuro.it\/site\/category\/arte\/"},"img":{"alt_text":"","src":"https:\/\/i0.wp.com\/www.biancoscuro.it\/site\/wp-content\/uploads\/2018\/05\/Contesti-web-2.jpg?resize=350%2C200&ssl=1","width":350,"height":200,"srcset":"https:\/\/i0.wp.com\/www.biancoscuro.it\/site\/wp-content\/uploads\/2018\/05\/Contesti-web-2.jpg?resize=350%2C200&ssl=1 1x, https:\/\/i0.wp.com\/www.biancoscuro.it\/site\/wp-content\/uploads\/2018\/05\/Contesti-web-2.jpg?resize=525%2C300&ssl=1 1.5x, https:\/\/i0.wp.com\/www.biancoscuro.it\/site\/wp-content\/uploads\/2018\/05\/Contesti-web-2.jpg?resize=700%2C400&ssl=1 2x"},"classes":[]},{"id":6614,"url":"https:\/\/www.biancoscuro.it\/site\/arte-femminile-un-cambiamento-radicale\/","url_meta":{"origin":19351,"position":2},"title":"\u2028L&#8217;arte femminile: un cambiamento radicale","author":"Redazione BIANCOSCURO","date":"6 Marzo 2018","format":false,"excerpt":"In occasione della Festa della donna, Res Publica \u2013 Galleria d'Arte Democratica organizza la mostra\u00a0L'arte femminile: un cambiamento radicale, una mostra che intende valorizzare la ricerca di alcune interessanti esponenti del panorama artistico nazionale e internazionale. Linguaggi diversi che, nella forza che emanano, riescono a dialogare sommessamente come in un\u2026","rel":"","context":"In &quot;arte&quot;","block_context":{"text":"arte","link":"https:\/\/www.biancoscuro.it\/site\/category\/arte\/"},"img":{"alt_text":"","src":"https:\/\/i0.wp.com\/www.biancoscuro.it\/site\/wp-content\/uploads\/2018\/03\/Larte-femminile-Res-Publica400.jpg?resize=350%2C200&ssl=1","width":350,"height":200},"classes":[]},{"id":6149,"url":"https:\/\/www.biancoscuro.it\/site\/biancoscuro-art-exhibition-montreux-art-gallery-2017\/","url_meta":{"origin":19351,"position":3},"title":"BIANCOSCURO Art Exhibition | Montreux Art Gallery 2017","author":"Redazione BIANCOSCURO","date":"6 Novembre 2017","format":false,"excerpt":"13\u00ba Salone d\u2019Arte Contemporanea di Montreux 8\u00a0al\u00a012\u00a0novembre 2017 Il MAG (Montreux Art Gallery) \u00e8 la mostra mercato che da oltre 13 anni si rivolge\u00a0ai collezionisti della Svizzera francese. L'edizione 2016 ha riscosso notevoli riscontri confermando le scelte fatte dal Presidente Jean-Fran\u00e7ois Gailloud. Un grande successo di visitatori; la presenza di\u2026","rel":"","context":"In &quot;arte&quot;","block_context":{"text":"arte","link":"https:\/\/www.biancoscuro.it\/site\/category\/arte\/"},"img":{"alt_text":"","src":"https:\/\/i0.wp.com\/www.biancoscuro.it\/site\/wp-content\/uploads\/2015\/08\/Schermata-2015-08-20-alle-10.08.26.png?resize=350%2C200&ssl=1","width":350,"height":200,"srcset":"https:\/\/i0.wp.com\/www.biancoscuro.it\/site\/wp-content\/uploads\/2015\/08\/Schermata-2015-08-20-alle-10.08.26.png?resize=350%2C200&ssl=1 1x, https:\/\/i0.wp.com\/www.biancoscuro.it\/site\/wp-content\/uploads\/2015\/08\/Schermata-2015-08-20-alle-10.08.26.png?resize=525%2C300&ssl=1 1.5x, https:\/\/i0.wp.com\/www.biancoscuro.it\/site\/wp-content\/uploads\/2015\/08\/Schermata-2015-08-20-alle-10.08.26.png?resize=700%2C400&ssl=1 2x, https:\/\/i0.wp.com\/www.biancoscuro.it\/site\/wp-content\/uploads\/2015\/08\/Schermata-2015-08-20-alle-10.08.26.png?resize=1050%2C600&ssl=1 3x"},"classes":[]},{"id":6352,"url":"https:\/\/www.biancoscuro.it\/site\/fiorenzo-zaffina-claudia-quintieri-apparenze\/","url_meta":{"origin":19351,"position":4},"title":"Fiorenzo Zaffina \/ Claudia Quintieri. \u201cApparenze\u201d","author":"Roberta Melasecca","date":"17 Gennaio 2018","format":false,"excerpt":"\u00a0 Fiorenzo Zaffina \/ Claudia Quintieri. \u201cApparenze\u201d 23 gennaio 2018 ore 19.00 | Borghini ArteContemporanea | Roma Marted\u00ec 23 gennaio 2018 alle ore 19.00 la galleria Borghini Arte Contemporanea inaugura la doppia personale \u201cAPPARENZE\u201d di Fiorenzo Zaffina e Claudia Quintieri, accompagnata dal testo critico di Lorenzo Canova e introduzione al\u2026","rel":"","context":"In &quot;arte&quot;","block_context":{"text":"arte","link":"https:\/\/www.biancoscuro.it\/site\/category\/arte\/"},"img":{"alt_text":"","src":"https:\/\/i0.wp.com\/www.biancoscuro.it\/site\/wp-content\/uploads\/2018\/01\/APPARENZEinvito-copia.jpg?resize=350%2C200&ssl=1","width":350,"height":200,"srcset":"https:\/\/i0.wp.com\/www.biancoscuro.it\/site\/wp-content\/uploads\/2018\/01\/APPARENZEinvito-copia.jpg?resize=350%2C200&ssl=1 1x, https:\/\/i0.wp.com\/www.biancoscuro.it\/site\/wp-content\/uploads\/2018\/01\/APPARENZEinvito-copia.jpg?resize=525%2C300&ssl=1 1.5x"},"classes":[]},{"id":10663,"url":"https:\/\/www.biancoscuro.it\/site\/concorso-assonanze-discordanze-forme-e-liberta-di-movimento-al-tempo-del-nuovo-rinascimento\/","url_meta":{"origin":19351,"position":5},"title":"&#8220;Assonanze, discordanze, forme e libert\u00e0 di movimento al tempo del Nuovo Rinascimento&#8221;","author":"Claudia Migliore","date":"28 Maggio 2020","format":false,"excerpt":"L\u2019Associazione culturale AmAMi, in questo periodo che ha obbligato tutti, artisti ed operatori ad uno stop forzato, insieme con la curatrice Claudia Migliore hanno ideato un concorso artistico dal titolo accattivante:\"Assonanze, discordanze, forme e libert\u00e0 di movimento al tempo del Nuovo Rinascimento\".Finora oltre 111 (centoundici) artisti, suddivisi per le differenti\u2026","rel":"","context":"In &quot;acquerelli&quot;","block_context":{"text":"acquerelli","link":"https:\/\/www.biancoscuro.it\/site\/category\/acquerelli\/"},"img":{"alt_text":"","src":"https:\/\/i0.wp.com\/www.biancoscuro.it\/site\/wp-content\/uploads\/2020\/05\/Alemani.jpg?resize=350%2C200&ssl=1","width":350,"height":200,"srcset":"https:\/\/i0.wp.com\/www.biancoscuro.it\/site\/wp-content\/uploads\/2020\/05\/Alemani.jpg?resize=350%2C200&ssl=1 1x, https:\/\/i0.wp.com\/www.biancoscuro.it\/site\/wp-content\/uploads\/2020\/05\/Alemani.jpg?resize=525%2C300&ssl=1 1.5x"},"classes":[]}],"_links":{"self":[{"href":"https:\/\/www.biancoscuro.it\/site\/wp-json\/wp\/v2\/posts\/19351","targetHints":{"allow":["GET"]}}],"collection":[{"href":"https:\/\/www.biancoscuro.it\/site\/wp-json\/wp\/v2\/posts"}],"about":[{"href":"https:\/\/www.biancoscuro.it\/site\/wp-json\/wp\/v2\/types\/post"}],"author":[{"embeddable":true,"href":"https:\/\/www.biancoscuro.it\/site\/wp-json\/wp\/v2\/users\/980"}],"replies":[{"embeddable":true,"href":"https:\/\/www.biancoscuro.it\/site\/wp-json\/wp\/v2\/comments?post=19351"}],"version-history":[{"count":2,"href":"https:\/\/www.biancoscuro.it\/site\/wp-json\/wp\/v2\/posts\/19351\/revisions"}],"predecessor-version":[{"id":19358,"href":"https:\/\/www.biancoscuro.it\/site\/wp-json\/wp\/v2\/posts\/19351\/revisions\/19358"}],"wp:featuredmedia":[{"embeddable":true,"href":"https:\/\/www.biancoscuro.it\/site\/wp-json\/wp\/v2\/media\/19352"}],"wp:attachment":[{"href":"https:\/\/www.biancoscuro.it\/site\/wp-json\/wp\/v2\/media?parent=19351"}],"wp:term":[{"taxonomy":"category","embeddable":true,"href":"https:\/\/www.biancoscuro.it\/site\/wp-json\/wp\/v2\/categories?post=19351"},{"taxonomy":"post_tag","embeddable":true,"href":"https:\/\/www.biancoscuro.it\/site\/wp-json\/wp\/v2\/tags?post=19351"}],"curies":[{"name":"wp","href":"https:\/\/api.w.org\/{rel}","templated":true}]}}