{"id":19507,"date":"2026-04-28T09:40:47","date_gmt":"2026-04-28T07:40:47","guid":{"rendered":"https:\/\/www.biancoscuro.it\/site\/?p=19507"},"modified":"2026-04-28T09:40:48","modified_gmt":"2026-04-28T07:40:48","slug":"maria-pacheco-cibils-in-mostra-a-openartcode-florence","status":"publish","type":"post","link":"https:\/\/www.biancoscuro.it\/site\/maria-pacheco-cibils-in-mostra-a-openartcode-florence\/","title":{"rendered":"Maria Pacheco Cibils in mostra a\u00a0OPENARTCODE FLORENCE"},"content":{"rendered":"<span class=\"span-reading-time rt-reading-time\" style=\"display: block;\"><span class=\"rt-label rt-prefix\">\u23f0 lettura <\/span> <span class=\"rt-time\"> 3<\/span> <span class=\"rt-label rt-postfix\">min. <br><br><\/span><\/span>\n<figure class=\"wp-block-image size-large\"><img loading=\"lazy\" decoding=\"async\" width=\"1024\" height=\"683\" src=\"https:\/\/www.biancoscuro.it\/site\/wp-content\/uploads\/2026\/04\/Opere-in-mostra-Maria-Pacheco-Cibils-copia-1024x683.jpg\" alt=\"\" class=\"wp-image-19508\" srcset=\"https:\/\/www.biancoscuro.it\/site\/wp-content\/uploads\/2026\/04\/Opere-in-mostra-Maria-Pacheco-Cibils-copia-1024x683.jpg 1024w, https:\/\/www.biancoscuro.it\/site\/wp-content\/uploads\/2026\/04\/Opere-in-mostra-Maria-Pacheco-Cibils-copia-300x200.jpg 300w, https:\/\/www.biancoscuro.it\/site\/wp-content\/uploads\/2026\/04\/Opere-in-mostra-Maria-Pacheco-Cibils-copia-768x512.jpg 768w, https:\/\/www.biancoscuro.it\/site\/wp-content\/uploads\/2026\/04\/Opere-in-mostra-Maria-Pacheco-Cibils-copia-930x620.jpg 930w, https:\/\/www.biancoscuro.it\/site\/wp-content\/uploads\/2026\/04\/Opere-in-mostra-Maria-Pacheco-Cibils-copia.jpg 1200w\" sizes=\"auto, (max-width: 1024px) 100vw, 1024px\" \/><\/figure>\n\n\n\n<p><strong>Maria Pacheco Cibils in mostra a\u00a0<\/strong><br \/><strong>OPENARTCODE FLORENCE<\/strong><br \/><strong><em>Mostra collettiva<\/em><\/strong><br \/><strong><em><br \/><\/em>Vernissage 14 maggio 2026 ore 18.30<br \/>Palazzo Rosselli Del Turco<\/strong><br \/><strong>Via dei Serragli 17 &#8211; Firenze<\/strong><br \/><em>Dal 14 al 19 maggio 2026\u00a0<\/em><\/p>\n\n\n\n<p>La designer e artista visiva argentino-portoghese <strong>Maria Pacheco Cibils <\/strong>sar\u00e0 uno dei protagonisti della mostra collettiva internazionale <strong>OPENARTCODE FLORENCE<\/strong> promossa dal Collettivo Open Art Code e che inaugura presso Palazzo Rosselli Del Turco, a Firenze, il 14 maggio 2026 alle ore 18.30.&nbsp;<\/p>\n\n\n\n<p>Il progetto, nella tappa primaverile fiorentina, coinvolge <strong>22 artisti internazionali: <\/strong><em>Trond Are Berge<\/em><em>,&nbsp;<\/em><em>Lloyd Brooks<\/em><em>,&nbsp;<\/em><em>David Harry<\/em><em>,&nbsp;<\/em><em>Evelyne Huet<\/em><em>,&nbsp;<\/em><em>Sumio Inoue<\/em><em>,&nbsp;<\/em><em>Maz Jackson<\/em><em>,&nbsp;<\/em><em>Catharina Johansson Berg<\/em><em>,&nbsp;<\/em><em>Beanie Kaman<\/em><em>,&nbsp;<\/em><em>Clara Kim<\/em><em>,&nbsp;<\/em><em>Gunilla Lindberg<\/em><em>,&nbsp;<\/em><em>Jean Nestares<\/em><em>,&nbsp;<\/em><em>Maria Pacheco Cibils<\/em><em>,&nbsp;<\/em><em>Sara Palleria<\/em><em>,&nbsp;<\/em><em>Anna Parish<\/em><em>,&nbsp;<\/em><em>Youngsook Park<\/em><em>,&nbsp;<\/em><em>Jeannette Rein<\/em><em>,&nbsp;<\/em><em>Marco Aurelio Rey<\/em><em>,&nbsp;<\/em><em>Wayne Stoner<\/em><em>,&nbsp;<\/em><em>Anne de Su\u00e8de<\/em><em>,&nbsp;<\/em><em>Max Werner<\/em><em>,&nbsp;<\/em><em>Michael Freitas Wood<\/em><em>,&nbsp;<\/em><em>Yucen.&nbsp;<\/em><\/p>\n\n\n\n<p><strong><em>Open Art Code <\/em><\/strong>\u00e8 un collettivo internazionale composto da artisti di riconosciuta fama, accomunati da una grande variet\u00e0 di linguaggi tecnici e percorsi formativi eterogenei. La ricchezza e la diversit\u00e0 delle loro pratiche artistiche costituiscono il tratto distintivo del gruppo, che ha saputo unire competenze e visioni in un progetto espositivo condiviso. Nel corso degli anni, Open Art Code ha presentato le proprie opere in prestigiose sedi internazionali, tra cui il Grand Palais di Parigi, l\u2019Auditorium Rainier III di Monaco, la Oxo Gallery sul Tamigi a Londra, la Pudong Library e la CEIBS a Shanghai, Palazzo Cavalli Franchetti a Venezia, la Gare Maritime di Cannes, la Chiesa di San Lorenzo e Palazzo Rosselli del Turco a Firenze, il Tokyo Metropolitan Art Museum a Tokyo, Studio Art Unlimited e Artium Gallery a Ginevra, la Galleria Comunale d\u2019Arte Contemporanea di Gaeta, il Real C\u00edrculo Art\u00edstico di Barcellona e il Museo Bolivariano de Arte Contempor\u00e1neo di Santa Marta, in Colombia.<\/p>\n\n\n\n<p>Maria Pacheco Cibils presenta per l\u2019occasione due opere appartenenti al ciclo espositivo \u201c<strong><em>Il colore dei sentimenti<\/em><\/strong>\u201d, presentato alla Galleria della Biblioteca Angelica ad ottobre 2024. Come scrive la curatrice Francesca Barbi Marinetti: \u00abLa sperimentazione dell\u2019artista argentino-portoghese Pacheco Cibils si muove da anni in direzione di un superamento della concezione tradizionale di forma, con impasti cromatici corposi e accesi, che si sforza di offrire un\u2019indagine delle energie che governano la materia in una concezione dell\u2019arte sempre pi\u00f9 olistica. I temi che la ispirano rientrano prevalentemente nella sfera della conoscenza ancestrale e archetipica: gli elementi principali della vita, terra, fuoco, aria e acqua in macro e microcosmi, i dualismi fondanti dell\u2019esistenza, come luce e buio o maschile e femminile. Le opere di Maria Pacheco Cibils sono uno spaccato di figure archetipiche dell\u2019amore, ognuna rappresentativa di quel concentrato di festa, passione o smarrimento. Connettersi, riconoscersi, rilanciarsi \u00e8 il dovuto omaggio soggettivo che ognuno \u00e8 chiamato a fare, a completamento di un discorso, interiore e universale insieme, che trascende e trascender\u00e0 sempre ogni tendenza della storia.\u00bb&nbsp;<\/p>\n\n\n\n<p><strong>Maria Pacheco Cibils <\/strong>\u00e8 designer e artista visiva argentino-portoghese. Le sue opere spaziano tra architettura d\u2019interni, scenografie, ambientazioni, design di oggetti d\u2019arte, pittura ed installazione. Ha collaborato con prestigiose riviste, giornali e canali televisivi. Ha organizzato mostre di artisti e fotografi, spettacoli di teatro e danza contemporanea. Curatrice di diversi brand, ha sviluppato prototipi e grafica degli stessi in Argentina, Paraguay e Italia. Le sue ricerche artistiche sono incentrate su temi primordiali e archetipici, indagando i quattro elementi della natura, radice di tutte le cose immutabili ed eterne e dei processi di trasformazione dell\u2019essere umano. Ha partecipato a numerose mostre personali e collettive in Spagna, Germania, Austria, USA, Croazia, Regno Unito e Italia. Vincitrice del Primo Premio di Pittura \u201cLorenzo il Magnifico\u201d a Florence Biennale 2023; Florence Biennale 2025 Premio &#8220;Lorenzo il Magnifico\u201d, Installation Art Special Commendation from the President; Menzione al merito Luxembourg Art Prize 2021-2022-2024-2025. Attualmente vive e lavora tra l\u2019Italia e l\u2019Argentina.&nbsp;<\/p>\n\n\n\n<figure class=\"wp-block-image size-large\"><img loading=\"lazy\" decoding=\"async\" width=\"1024\" height=\"1024\" src=\"https:\/\/www.biancoscuro.it\/site\/wp-content\/uploads\/2026\/04\/INVITO-OAC-Florence-14-29-maggio-2026-1024x1024.jpg\" alt=\"\" class=\"wp-image-19509\" srcset=\"https:\/\/www.biancoscuro.it\/site\/wp-content\/uploads\/2026\/04\/INVITO-OAC-Florence-14-29-maggio-2026-1024x1024.jpg 1024w, https:\/\/www.biancoscuro.it\/site\/wp-content\/uploads\/2026\/04\/INVITO-OAC-Florence-14-29-maggio-2026-300x300.jpg 300w, https:\/\/www.biancoscuro.it\/site\/wp-content\/uploads\/2026\/04\/INVITO-OAC-Florence-14-29-maggio-2026-150x150.jpg 150w, https:\/\/www.biancoscuro.it\/site\/wp-content\/uploads\/2026\/04\/INVITO-OAC-Florence-14-29-maggio-2026-768x768.jpg 768w, https:\/\/www.biancoscuro.it\/site\/wp-content\/uploads\/2026\/04\/INVITO-OAC-Florence-14-29-maggio-2026.jpg 1080w\" sizes=\"auto, (max-width: 1024px) 100vw, 1024px\" \/><\/figure>\n\n\n\n<p><strong>INFO<\/strong><\/p>\n\n\n\n<p><strong>Maria Pacheco Cibils in mostra a\u00a0<\/strong><br \/><strong>OPENARTCODE FLORENCE<\/strong><br \/><strong><em>Mostra collettiva<br \/><\/em>Vernissage 14 maggio 2026 ore 18.30<\/strong><br \/><strong>Palazzo Rosselli Del Turco<\/strong><br \/>Via dei Serragli 17 &#8211; Firenze<\/p>\n\n\n\n<p><strong>Dal 14 al 19 maggio 2026<br \/><\/strong><a href=\"https:\/\/www.openartcode.com\/florence-2026\/\">https:\/\/www.openartcode.com\/florence-2026\/<\/a><\/p>\n\n\n\n<p><strong>Maria Pacheco Cibils<br \/><\/strong><a href=\"mailto:romastudio2@gmail.com\">romastudio2@gmail.com<\/a> <a href=\"http:\/\/www.mpachecocibils.com\">www.mpachecocibils.com<\/a> @<a href=\"https:\/\/www.instagram.com\/mpachecocibils\/\">mpcachecocibils<\/a><\/p>\n\n\n\n<p><strong>Ufficio Stampa per l\u2019artista<br \/>Roberta Melasecca &#8211; <\/strong>Melasecca PressOffice \u2013 Interno 14 next &#8211; blowart<br \/>tel 349 494 5612 &#8211; <a href=\"mailto:roberta.melasecca@gmail.com\">roberta.melasecca@gmail.com<\/a><br \/>Cartella stampa su <a href=\"https:\/\/www.melaseccapressoffice.it\/\">www.melaseccapressoffice.it<\/a><\/p>\n","protected":false},"excerpt":{"rendered":"<p><span class=\"span-reading-time rt-reading-time\" style=\"display: block;\"><span class=\"rt-label rt-prefix\">\u23f0 lettura <\/span> <span class=\"rt-time\"> 3<\/span> <span class=\"rt-label rt-postfix\">min. <\/p>\n<p><\/span><\/span>Maria Pacheco Cibils in mostra a\u00a0OPENARTCODE FLORENCEMostra collettivaVernissage 14 maggio 2026 ore 18.30Palazzo Rosselli Del TurcoVia dei Serragli 17 &#8211; FirenzeDal 14 al 19 maggio 2026\u00a0 La designer e artista visiva argentino-portoghese Maria Pacheco Cibils sar\u00e0 uno dei protagonisti della mostra collettiva internazionale OPENARTCODE FLORENCE promossa dal Collettivo Open Art Code e che inaugura presso&hellip;&nbsp;<a href=\"https:\/\/www.biancoscuro.it\/site\/maria-pacheco-cibils-in-mostra-a-openartcode-florence\/\" rel=\"bookmark\">Leggi tutto &raquo;<span class=\"screen-reader-text\">Maria Pacheco Cibils in mostra a\u00a0OPENARTCODE FLORENCE<\/span><\/a><\/p>\n","protected":false},"author":980,"featured_media":19508,"comment_status":"closed","ping_status":"closed","sticky":false,"template":"","format":"standard","meta":{"neve_meta_sidebar":"","neve_meta_container":"","neve_meta_enable_content_width":"","neve_meta_content_width":0,"neve_meta_title_alignment":"","neve_meta_author_avatar":"","neve_post_elements_order":"","neve_meta_disable_header":"","neve_meta_disable_footer":"","neve_meta_disable_title":"","advanced_seo_description":"","jetpack_seo_html_title":"","jetpack_seo_noindex":false,"footnotes":""},"categories":[5,27,24],"tags":[],"class_list":["post-19507","post","type-post","status-publish","format-standard","has-post-thumbnail","hentry","category-arte","category-manifestazione","category-mostre"],"jetpack_featured_media_url":"https:\/\/www.biancoscuro.it\/site\/wp-content\/uploads\/2026\/04\/Opere-in-mostra-Maria-Pacheco-Cibils-copia.jpg","jetpack_sharing_enabled":true,"jetpack-related-posts":[{"id":5526,"url":"https:\/\/www.biancoscuro.it\/site\/maria-pacheco-cibils-fuoco-della-rigenerazione\/","url_meta":{"origin":19507,"position":0},"title":"Maria Pacheco Cibils. \u201cFuoco o della Rigenerazione\u201d","author":"Roberta Melasecca","date":"21 Maggio 2017","format":false,"excerpt":"Maria Pacheco Cibils. \u201cFuoco o della Rigenerazione\u201d Testo critico in catalogo di Barbara Martusciello 24 maggio 2017 ore 18.00 | Biblioteca Angelica \u2013 Galleria | Roma Mercoled\u00ec 24 maggio 2017 alle ore 18.00 si inaugura a Roma la mostra di pittura \u201cFuoco o della Rigenerazione\u201d dell\u2019artista argentino-portoghese Maria Pacheco Cibils,\u2026","rel":"","context":"In &quot;arte&quot;","block_context":{"text":"arte","link":"https:\/\/www.biancoscuro.it\/site\/category\/arte\/"},"img":{"alt_text":"","src":"https:\/\/i0.wp.com\/www.biancoscuro.it\/site\/wp-content\/uploads\/2017\/05\/Maria-Pacheco-Cibils-Fuoco-web-1.jpg?resize=350%2C200&ssl=1","width":350,"height":200,"srcset":"https:\/\/i0.wp.com\/www.biancoscuro.it\/site\/wp-content\/uploads\/2017\/05\/Maria-Pacheco-Cibils-Fuoco-web-1.jpg?resize=350%2C200&ssl=1 1x, https:\/\/i0.wp.com\/www.biancoscuro.it\/site\/wp-content\/uploads\/2017\/05\/Maria-Pacheco-Cibils-Fuoco-web-1.jpg?resize=525%2C300&ssl=1 1.5x"},"classes":[]},{"id":18917,"url":"https:\/\/www.biancoscuro.it\/site\/maria-pacheco-cibils-fractura\/","url_meta":{"origin":19507,"position":1},"title":"Maria pacheco Cibils &#8211; Fractura","author":"Roberta Melasecca","date":"2 Ottobre 2025","format":false,"excerpt":"Il giorno 13 ottobre 2025 alle ore 18.00 inaugura la mostra Fractura di Maria Pacheco Cibils,, a cura di Francesca Barbi Marinetti, accompagnata dai testi di Barbara Volpi e Maria Pacheco Cibils, presso le sale della Galleria della Biblioteca Angelica (MiBACT), prestigioso spazio espositivo adibito alle mostre di arte contemporanea.\u00a0\u2026","rel":"","context":"In &quot;mostre&quot;","block_context":{"text":"mostre","link":"https:\/\/www.biancoscuro.it\/site\/category\/mostre\/"},"img":{"alt_text":"","src":"https:\/\/i0.wp.com\/www.biancoscuro.it\/site\/wp-content\/uploads\/2025\/10\/invito-e1759907841594.jpeg?resize=350%2C200&ssl=1","width":350,"height":200,"srcset":"https:\/\/i0.wp.com\/www.biancoscuro.it\/site\/wp-content\/uploads\/2025\/10\/invito-e1759907841594.jpeg?resize=350%2C200&ssl=1 1x, https:\/\/i0.wp.com\/www.biancoscuro.it\/site\/wp-content\/uploads\/2025\/10\/invito-e1759907841594.jpeg?resize=525%2C300&ssl=1 1.5x, https:\/\/i0.wp.com\/www.biancoscuro.it\/site\/wp-content\/uploads\/2025\/10\/invito-e1759907841594.jpeg?resize=700%2C400&ssl=1 2x"},"classes":[]},{"id":17673,"url":"https:\/\/www.biancoscuro.it\/site\/maria-pacheco-cibils-i-colori-dei-sentimenti\/","url_meta":{"origin":19507,"position":2},"title":"Maria Pacheco Cibils &#8211; I colori dei sentimenti","author":"Roberta Melasecca","date":"3 Ottobre 2024","format":false,"excerpt":"Il 14 ottobre 2024 alle ore 18.00 inaugura la mostra I colori dei sentimenti di Maria Pacheco Cibils, a cura di Francesca Barbi Marinetti econ i testi di Francesca Barbi Marinetti e Barbara Volpi, presso le sale della Galleria della Biblioteca Angelica (MiBACT), prestigioso spazio espositivo adibito alle mostre di\u2026","rel":"","context":"In &quot;arte&quot;","block_context":{"text":"arte","link":"https:\/\/www.biancoscuro.it\/site\/category\/arte\/"},"img":{"alt_text":"","src":"https:\/\/i0.wp.com\/www.biancoscuro.it\/site\/wp-content\/uploads\/2024\/10\/Invito-I-colori-dei-sentimenti-copia-e1728307043466.jpeg?resize=350%2C200&ssl=1","width":350,"height":200},"classes":[]},{"id":17833,"url":"https:\/\/www.biancoscuro.it\/site\/maria-pacheco-cibils-in-mostra-a-silenzi-e-pause\/","url_meta":{"origin":19507,"position":3},"title":"Maria Pacheco Cibils in mostra a\u00a0SILENZI E PAUSE","author":"Roberta Melasecca","date":"4 Novembre 2024","format":false,"excerpt":"La designer e artista visiva argentino-portoghese Maria Pacheco Cibils sar\u00e0 uno dei protagonisti della mostra SILENZI E PAUSE - Del suono nel concetto artistico di pieno e vuoto, a cura di Antonio Vastano, promossa da Ritrov\u2019Arte, con il patrocinio del Comune di Fiano Romano, che inaugura il giorno 9 novembre\u2026","rel":"","context":"In &quot;arte&quot;","block_context":{"text":"arte","link":"https:\/\/www.biancoscuro.it\/site\/category\/arte\/"},"img":{"alt_text":"","src":"https:\/\/i0.wp.com\/www.biancoscuro.it\/site\/wp-content\/uploads\/2024\/11\/Maria-Pacheco-Cibils-Flusso-di-vita-dittico-180x360-acrilico-su-tela-2020.jpg?resize=350%2C200&ssl=1","width":350,"height":200,"srcset":"https:\/\/i0.wp.com\/www.biancoscuro.it\/site\/wp-content\/uploads\/2024\/11\/Maria-Pacheco-Cibils-Flusso-di-vita-dittico-180x360-acrilico-su-tela-2020.jpg?resize=350%2C200&ssl=1 1x, https:\/\/i0.wp.com\/www.biancoscuro.it\/site\/wp-content\/uploads\/2024\/11\/Maria-Pacheco-Cibils-Flusso-di-vita-dittico-180x360-acrilico-su-tela-2020.jpg?resize=525%2C300&ssl=1 1.5x, https:\/\/i0.wp.com\/www.biancoscuro.it\/site\/wp-content\/uploads\/2024\/11\/Maria-Pacheco-Cibils-Flusso-di-vita-dittico-180x360-acrilico-su-tela-2020.jpg?resize=700%2C400&ssl=1 2x, https:\/\/i0.wp.com\/www.biancoscuro.it\/site\/wp-content\/uploads\/2024\/11\/Maria-Pacheco-Cibils-Flusso-di-vita-dittico-180x360-acrilico-su-tela-2020.jpg?resize=1050%2C600&ssl=1 3x"},"classes":[]},{"id":18922,"url":"https:\/\/www.biancoscuro.it\/site\/maria-pacheco-cibils-alla-xv-edizione-di-florence-biennale\/","url_meta":{"origin":19507,"position":4},"title":"Maria Pacheco Cibils alla XV edizione di Florence Biennale\u00a0","author":"Roberta Melasecca","date":"8 Ottobre 2025","format":false,"excerpt":"L\u2019artista argentino-portoghese Maria Pacheco Cibilsalla XV edizione di Florence Biennale\u00a0con l\u2019installazione multisensoriale Dimensioni Parallele 18-26 ottobre 2025Fortezza da Basso - Firenze La designer e artista visiva argentino-portoghese Maria Pacheco Cibils sar\u00e0 presente alla XV edizione di Florence Biennale, che si svolger\u00e0 dal 18 al 26 ottobre 2025 alla Fortezza da\u2026","rel":"","context":"In &quot;arte&quot;","block_context":{"text":"arte","link":"https:\/\/www.biancoscuro.it\/site\/category\/arte\/"},"img":{"alt_text":"","src":"https:\/\/i0.wp.com\/www.biancoscuro.it\/site\/wp-content\/uploads\/2025\/10\/Dimensione-parallele-Biblioteca-Angelica-2.jpg?resize=350%2C200&ssl=1","width":350,"height":200,"srcset":"https:\/\/i0.wp.com\/www.biancoscuro.it\/site\/wp-content\/uploads\/2025\/10\/Dimensione-parallele-Biblioteca-Angelica-2.jpg?resize=350%2C200&ssl=1 1x, https:\/\/i0.wp.com\/www.biancoscuro.it\/site\/wp-content\/uploads\/2025\/10\/Dimensione-parallele-Biblioteca-Angelica-2.jpg?resize=525%2C300&ssl=1 1.5x, https:\/\/i0.wp.com\/www.biancoscuro.it\/site\/wp-content\/uploads\/2025\/10\/Dimensione-parallele-Biblioteca-Angelica-2.jpg?resize=700%2C400&ssl=1 2x, https:\/\/i0.wp.com\/www.biancoscuro.it\/site\/wp-content\/uploads\/2025\/10\/Dimensione-parallele-Biblioteca-Angelica-2.jpg?resize=1050%2C600&ssl=1 3x"},"classes":[]},{"id":17567,"url":"https:\/\/www.biancoscuro.it\/site\/maria-pacheco-cibils-in-mostra-a-look-at-art\/","url_meta":{"origin":19507,"position":5},"title":"Maria Pacheco Cibils in mostra a LOOK AT ART","author":"Roberta Melasecca","date":"3 Settembre 2024","format":false,"excerpt":"La designer e artista visiva argentino-portoghese Maria Pacheco Cibils sar\u00e0 uno dei protagonisti di LOOK AT ART - Contemporary Art Exhibition, progetto promosso da Jelmoni Studio Gallery, a cura di Elena Jelmoni, che inaugura il giorno 27 settembre 2024 alle ore 18.00 presso il Centro Culturale di Milano.\u00a0 L'arte si\u2026","rel":"","context":"In &quot;arte&quot;","block_context":{"text":"arte","link":"https:\/\/www.biancoscuro.it\/site\/category\/arte\/"},"img":{"alt_text":"","src":"https:\/\/i0.wp.com\/www.biancoscuro.it\/site\/wp-content\/uploads\/2024\/09\/LOOK-AT-ART-INVITO-DIGITALE-e1726133376464.jpg?resize=350%2C200&ssl=1","width":350,"height":200},"classes":[]}],"_links":{"self":[{"href":"https:\/\/www.biancoscuro.it\/site\/wp-json\/wp\/v2\/posts\/19507","targetHints":{"allow":["GET"]}}],"collection":[{"href":"https:\/\/www.biancoscuro.it\/site\/wp-json\/wp\/v2\/posts"}],"about":[{"href":"https:\/\/www.biancoscuro.it\/site\/wp-json\/wp\/v2\/types\/post"}],"author":[{"embeddable":true,"href":"https:\/\/www.biancoscuro.it\/site\/wp-json\/wp\/v2\/users\/980"}],"replies":[{"embeddable":true,"href":"https:\/\/www.biancoscuro.it\/site\/wp-json\/wp\/v2\/comments?post=19507"}],"version-history":[{"count":1,"href":"https:\/\/www.biancoscuro.it\/site\/wp-json\/wp\/v2\/posts\/19507\/revisions"}],"predecessor-version":[{"id":19510,"href":"https:\/\/www.biancoscuro.it\/site\/wp-json\/wp\/v2\/posts\/19507\/revisions\/19510"}],"wp:featuredmedia":[{"embeddable":true,"href":"https:\/\/www.biancoscuro.it\/site\/wp-json\/wp\/v2\/media\/19508"}],"wp:attachment":[{"href":"https:\/\/www.biancoscuro.it\/site\/wp-json\/wp\/v2\/media?parent=19507"}],"wp:term":[{"taxonomy":"category","embeddable":true,"href":"https:\/\/www.biancoscuro.it\/site\/wp-json\/wp\/v2\/categories?post=19507"},{"taxonomy":"post_tag","embeddable":true,"href":"https:\/\/www.biancoscuro.it\/site\/wp-json\/wp\/v2\/tags?post=19507"}],"curies":[{"name":"wp","href":"https:\/\/api.w.org\/{rel}","templated":true}]}}