{"id":1968,"date":"2014-11-21T12:22:25","date_gmt":"2014-11-21T12:22:25","guid":{"rendered":"http:\/\/www.biancoscuro.it\/site\/?p=1968"},"modified":"2015-05-05T17:14:31","modified_gmt":"2015-05-05T17:14:31","slug":"polo-museale-fiorentino","status":"publish","type":"post","link":"https:\/\/www.biancoscuro.it\/site\/polo-museale-fiorentino\/","title":{"rendered":"Polo Museale Fiorentino, tutte le mostre del fine settimana"},"content":{"rendered":"<span class=\"span-reading-time rt-reading-time\" style=\"display: block;\"><span class=\"rt-label rt-prefix\">\u23f0 lettura <\/span> <span class=\"rt-time\"> 4<\/span> <span class=\"rt-label rt-postfix\">min. <br><br><\/span><\/span><h3>Tutte le mostre del fine settimana<br \/>\ndel Polo Museale Fiorentino,<\/h3>\n<p>Nei musei del Polo Fiorentino sono ben nove le mostre visibili durante questo fine settimana 21-22-23 novembre. Di seguito un utile riepilogo degli appuntamenti.<\/p>\n<p><strong>Galleria degli Uffizi<\/strong><br \/>\n\u00c8 stata prorogata fino al prossimo 6 gennaio 2015 nella <strong>Galleria degli Uffizi<\/strong> la mostra <strong>Puro semplice e naturale nell&#8217;arte a Firenze tra Cinque e Seicento<\/strong>, che punta ad illustrare l\u2019identit\u00e0 dell\u2019arte fiorentina, attraverso un ricco e serrato contrappunto tra pittura e scultura, articolato in nove sezioni che raggruppano circa 80 opere di 35 artisti.<\/p>\n<figure id=\"attachment_1969\" aria-describedby=\"caption-attachment-1969\" style=\"width: 500px\" class=\"wp-caption alignnone\"><img loading=\"lazy\" decoding=\"async\" class=\"wp-image-1969 size-full\" src=\"http:\/\/www.biancoscuro.it\/site\/wp-content\/uploads\/2014\/11\/Uffizi-Sala-Botticelli-con-Venere500p.jpg\" alt=\"Uffizi-Sala-Botticelli-con-Venere biancoscuro art magazine\" width=\"500\" height=\"332\" srcset=\"https:\/\/www.biancoscuro.it\/site\/wp-content\/uploads\/2014\/11\/Uffizi-Sala-Botticelli-con-Venere500p.jpg 500w, https:\/\/www.biancoscuro.it\/site\/wp-content\/uploads\/2014\/11\/Uffizi-Sala-Botticelli-con-Venere500p-300x199.jpg 300w\" sizes=\"auto, (max-width: 500px) 100vw, 500px\" \/><figcaption id=\"caption-attachment-1969\" class=\"wp-caption-text\">Firenze, Uffizi, Sala Botticelli con La Nascita di Venere<\/figcaption><\/figure>\n<p><strong>Galleria dell\u2019Accademia<\/strong><br \/>\nInteressante opportunit\u00e0 alla Galleria dell\u2019Accademia dove sono addirittura due le esposizioni da ammirare in questo periodo. <strong>Prosegue fino all\u20198 dicembre La fortuna dei Primitivi<\/strong>. Tesori d&#8217;arte dalle collezioni italiane fra Sette e Ottocento, la prima mostra che si propone di offrire un punto critico-bibliografico sull\u2019importante fenomeno culturale riguardante la storia del gusto e del collezionismo in Italia, tra la fine del Sette e l\u2018inizio dell\u2019Ottocento, che esercit\u00f2 tra l\u2019altro una rilevante influenza diretta sulla formazione delle grandi raccolte d\u2019arte pubbliche nei maggiori paesi europei.<!--more--><br \/>\nNella Gipsoteca della Galleria protagonista d&#8217;eccellenza di una piccola ma preziosa mostra (fino all\u20198 febbraio 2015) \u00e8 una statua in marmo raffigurante la\u00a0<strong>Ninfa Arnina<\/strong>, di squisita fattura per opera dello scultore pratese Lorenzo Bartolini, rinvenuta in una collezione privata inglese dallo studioso John Kenworthy-Browne. L\u2019opera, inedita, viene quindi esposta per la prima volta al pubblico affiancata dal suo bellissimo calco in gesso, di propriet\u00e0 della stessa Galleria dell&#8217;Accademia, rientrato dopo essere stato depositato per alcuni decenni presso il Museo Civico di Prato, ed insieme ad alcuni documenti volti ad evocare la complessa vicenda dell\u2019opera bartoliniana che, in questa versione, riporta la dedica a Giovanni degli Alessandri, personaggio di spicco nella vita culturale fiorentina del primo Ottocento.<\/p>\n<figure id=\"attachment_1970\" aria-describedby=\"caption-attachment-1970\" style=\"width: 500px\" class=\"wp-caption alignnone\"><img loading=\"lazy\" decoding=\"async\" class=\"wp-image-1970 size-full\" src=\"http:\/\/www.biancoscuro.it\/site\/wp-content\/uploads\/2014\/11\/Galleria-Accademia-Arnina.jpg\" alt=\"Galleria-Accademia,-Arnina biancoscuro art magazine\" width=\"500\" height=\"667\" srcset=\"https:\/\/www.biancoscuro.it\/site\/wp-content\/uploads\/2014\/11\/Galleria-Accademia-Arnina.jpg 500w, https:\/\/www.biancoscuro.it\/site\/wp-content\/uploads\/2014\/11\/Galleria-Accademia-Arnina-224x300.jpg 224w, https:\/\/www.biancoscuro.it\/site\/wp-content\/uploads\/2014\/11\/Galleria-Accademia-Arnina-300x400.jpg 300w\" sizes=\"auto, (max-width: 500px) 100vw, 500px\" \/><figcaption id=\"caption-attachment-1970\" class=\"wp-caption-text\">La Ninfa Arnina, dello scultore pratese Lorenzo Bartolini<\/figcaption><\/figure>\n<p><strong>Galleria d\u2019arte moderna<\/strong><br \/>\nAlla Galleria d\u2019arte moderna si \u00e8 inaugurata da poco (e proseguir\u00e0 fino all\u20198 marzo 2015) la mostra Luci sul \u2019900. Il centenario della Galleria d\u2019arte moderna di Palazzo Pitti, 1914-2014. Per celebrare il centenario della sua fondazione la Galleria d&#8217;arte moderna di Palazzo Pitti ha voluto dedicare una mostra alle collezioni novecentesche possedute dal museo. Infatti nonostante la Galleria d&#8217;arte moderna sia nota soprattutto per essere il museo che vanta la pi\u00f9 vasta e importante, storicamente e qualitativamente, collezione di dipinti macchiaioli al mondo, \u00e8 probabile che non tutti conoscano l&#8217;interessante raccolta di opere novecentesche fino ad oggi relegata nei depositi, che gli pervennero nel corso del secolo stesso con donazioni e acquisti.<\/p>\n<p>Da segnalare che da marted\u00ec 25 novembre nell\u2019Andito degli Angiolini di Palazzo Pitti si aprir\u00e0 la mostra Il colore dell\u2019ombra. Dalla mostra internazionale del bianco e nero. Acquisti per le gallerie fiorentine. Firenze 1914, che si inserisce nell\u2019ambito delle manifestazioni volte a celebrare il centenario dell\u2019inaugurazione della Galleria d\u2019arte moderna di Firenze, si collega strettamente a \u201cLuci sul \u2018900\u201d e propone la selezione di un centinaio di opere dal folto nucleo acquisito dalle Gallerie, articolato in nove sezioni, dai ritratti dei protagonisti ai paesaggi, dalle immagini oniriche figlie del simbolismo internazionale all\u2019universo femminile, dalle grandi cattedrali urbane al mondo del lavoro, e intende restituire un clima, far percepire il \u201ccolore\u201d di un mezzo espressivo per definizione in \u201cbianco e nero\u201d, in realt\u00e0 quanto mai vario e ricco di sfumature. Ingresso con il biglietto della Galleria d&#8217;arte moderna.<\/p>\n<p><strong>Galleria Palatina<\/strong><br \/>\nNella Sala delle Nicchie della Galleria Palatina di Palazzo Pitti, fino al 1\u00b0 febraio 2015 \u00e8 visibile la mostra Ritratti di paesi, mari e citt\u00e0, esposizione che nasce con l&#8217;intento di valorizzare i depositi del museo, la cui Direzione ha studiato un\u2019esposizione il cui filo conduttore \u00e8 costituito dalla rappresentazione fedele della realt\u00e0 circostante in alcune mappe, carte geografiche, immagini del territorio e di eventi storici quali feste e battaglie. Ingresso con il biglietto della Galleria Palatina, valido anche per la Galleria d\u2019arte moderna. Da segnalare che sono previste visite guidate gratuite alla mostra a cura del personale museale, tutti i giorni alle ore 11 e alle ore 16.<br \/>\nGalleria del Costume<br \/>\nNella sala da ballo della Galleria del Costume fino all\u201911 gennaio 2015 \u00e8 visibile la mostra Omaggio al Maestro Piero Tosi. L\u2019arte dei costumi di scena dalla donazione Tirelli. Si tratta di una suggestiva esposizione-dedica a Piero Tosi nell\u2019anno del suo conseguimento del \u00a0premio Oscar alla carriera. Il maestro ha lavorato come costumista teatrale, ma affermandosi soprattutto nel cinema a fianco di grandi registi fra i quali citiamo Luchino Visconti ed altri che hanno contribuito a fare la storia del cinema italiano quali Vittorio De Sica, Mauro Bolognini,\u00a0 Liliana\u00a0 Cavani, Franco Zeffirelli o Pier Paolo Pasolini.<\/p>\n<p><strong>Le altre mostre<\/strong><br \/>\nDa segnalare altre tre mostre visitabili gratuitamente durante il fine settimana. Al Museo di Casa Martelli (via Zannetti 8, Firenze) prosegue fino al 30 gennaio 2015 la mostra Voyage en Orient. L\u2019\u00c9gypte du photographe \u00c9mile B\u00e9chard\u00a0vers 1870-1880, che fa seguito a quella proposta dal museo di Casa Martelli nel 2013 intitolata\u00a0&#8220;Viaggio in Oriente.\u00a0Fotografie dall\u2019Africa a Casa Martelli&#8221;,\u00a0della quale riprende il contenuto, integrato da opere e oggetti d&#8217;antiquariato relativi ai fondi esposti.<br \/>\nAlla Villa medicea di Poggio a Caiano (PO) prosegue fino al 14 dicembre la mostra\u00a0Pergamene fiorite. Pitture di fiori dalle collezioni medicee, ovvero dipinti su pergamena che coprono un arco cronologico all\u2019incirca di un secolo, dai primi decenni del Seicento ai primi decenni del Settecento e mostrano un aspetto particolare e raffinato del vasto panorama della natura morta toscana.<br \/>\nInfine gli spazi della Villa medicea di Cerreto Guidi ospitano fino al 18 gennaio 2015 la mostra A caccia con Cosimo I. Armi medicee in villa. L\u2019esposizione propone un percorso attraverso una ventina di opere provenienti da sette diversi musei e istituzioni. Il leit motiv \u00e8 costituito sia dalla caccia, sia dalla villa stessa di Cerreto Guidi, amata da Cosimo I, dalla figlia Isabella e poi da tutti gli altri componenti della dinastia medicea. Infatti \u00e8 importante ricordare le ragioni della realizzazione della Villa, luogo ideale per le partenze delle cacce, e di vedere uno dei tipi di arredo, quali gli arazzi, di cui un tempo la villa era sontuosamente ornata.<\/p>\n<p>&nbsp;<\/p>\n<p><strong>INFO<\/strong><br \/>\n<strong>www.polomuseale.firenze.it<\/strong><\/p>\n","protected":false},"excerpt":{"rendered":"<p><span class=\"span-reading-time rt-reading-time\" style=\"display: block;\"><span class=\"rt-label rt-prefix\">\u23f0 lettura <\/span> <span class=\"rt-time\"> 4<\/span> <span class=\"rt-label rt-postfix\">min. <\/p>\n<p><\/span><\/span>Tutte le mostre del fine settimana del Polo Museale Fiorentino, Nei musei del Polo Fiorentino sono ben nove le mostre visibili durante questo fine settimana 21-22-23 novembre. Di seguito un utile riepilogo degli appuntamenti. Galleria degli Uffizi \u00c8 stata prorogata fino al prossimo 6 gennaio 2015 nella Galleria degli Uffizi la mostra Puro semplice e&hellip;&nbsp;<a href=\"https:\/\/www.biancoscuro.it\/site\/polo-museale-fiorentino\/\" rel=\"bookmark\">Leggi tutto &raquo;<span class=\"screen-reader-text\">Polo Museale Fiorentino, tutte le mostre del fine settimana<\/span><\/a><\/p>\n","protected":false},"author":1,"featured_media":1969,"comment_status":"closed","ping_status":"closed","sticky":false,"template":"","format":"standard","meta":{"neve_meta_sidebar":"","neve_meta_container":"","neve_meta_enable_content_width":"","neve_meta_content_width":0,"neve_meta_title_alignment":"","neve_meta_author_avatar":"","neve_post_elements_order":"","neve_meta_disable_header":"","neve_meta_disable_footer":"","neve_meta_disable_title":"","advanced_seo_description":"","jetpack_seo_html_title":"","jetpack_seo_noindex":false,"footnotes":""},"categories":[5,26,24],"tags":[39,284,282,283,287,288,286,285,289],"class_list":["post-1968","post","type-post","status-publish","format-standard","has-post-thumbnail","hentry","category-arte","category-eventi","category-mostre","tag-biancoscuro","tag-firenze","tag-galleria-degli-uffizi","tag-galleria-dellaccademia","tag-galleria-darte-moderna","tag-galleria-palatina","tag-lorenzo-bartolini","tag-ninfa-arnina","tag-www-polomuseale-firenze-it"],"jetpack_featured_media_url":"https:\/\/www.biancoscuro.it\/site\/wp-content\/uploads\/2014\/11\/Uffizi-Sala-Botticelli-con-Venere500p.jpg","jetpack_sharing_enabled":true,"jetpack-related-posts":[{"id":2311,"url":"https:\/\/www.biancoscuro.it\/site\/luci-sul-900-cento-anni-di-arte-moderna-a-palazzo-pitti\/","url_meta":{"origin":1968,"position":0},"title":"Luci sul \u2018900 Cento anni di Arte Moderna a Palazzo Pitti","author":"Redazione BIANCOSCURO","date":"14 Febbraio 2015","format":false,"excerpt":"A\u00a0Palazzo Pitti si festeggia un compleanno importante, il centenario della Galleria d\u2019Arte Moderna, ospitata dal 1914 nelle sale al secondo piano del Polo Museale fiorentino. In occasione di questa speciale ricorrenza si \u00e8 deciso di esporre al pubblico le collezioni novecentesche possedute dal museo, finora rimaste chiuse nei depositi per\u2026","rel":"","context":"In &quot;arte&quot;","block_context":{"text":"arte","link":"https:\/\/www.biancoscuro.it\/site\/category\/arte\/"},"img":{"alt_text":"","src":"https:\/\/i0.wp.com\/www.biancoscuro.it\/site\/wp-content\/uploads\/2015\/02\/pittiFI1.jpg?resize=350%2C200&ssl=1","width":350,"height":200},"classes":[]},{"id":12044,"url":"https:\/\/www.biancoscuro.it\/site\/al-museo-della-citta-di-livorno-una-grande-mostra-su-mario-puccini-un-van-gogh-involontario\/","url_meta":{"origin":1968,"position":1},"title":"Al Museo della Citt\u00e0 di Livorno una grande mostra su Mario Puccini, un &#8220;Van Gogh&#8221; involontario","author":"Chiara","date":"1 Luglio 2021","format":false,"excerpt":"\"Un Van Gogh involontario\". Cos\u00ec il noto critico d'arte Emilio Cecchi definiva nel 1913 il pittore Mario Puccini (Livorno 1869 - Firenze 1920), artista di grande caratura, nel solco dei Macchiaioli, al quale oggi il Museo della Citt\u00e0 di Livorno dedica una importante mostra monografica che nasce dalla riscoperta di\u2026","rel":"","context":"In &quot;arte&quot;","block_context":{"text":"arte","link":"https:\/\/www.biancoscuro.it\/site\/category\/arte\/"},"img":{"alt_text":"","src":"https:\/\/i0.wp.com\/www.biancoscuro.it\/site\/wp-content\/uploads\/2021\/07\/9.Puccini-Il-Lazzaretto-di-Livorno-scaled.jpg?resize=350%2C200&ssl=1","width":350,"height":200,"srcset":"https:\/\/i0.wp.com\/www.biancoscuro.it\/site\/wp-content\/uploads\/2021\/07\/9.Puccini-Il-Lazzaretto-di-Livorno-scaled.jpg?resize=350%2C200&ssl=1 1x, https:\/\/i0.wp.com\/www.biancoscuro.it\/site\/wp-content\/uploads\/2021\/07\/9.Puccini-Il-Lazzaretto-di-Livorno-scaled.jpg?resize=525%2C300&ssl=1 1.5x, https:\/\/i0.wp.com\/www.biancoscuro.it\/site\/wp-content\/uploads\/2021\/07\/9.Puccini-Il-Lazzaretto-di-Livorno-scaled.jpg?resize=700%2C400&ssl=1 2x, https:\/\/i0.wp.com\/www.biancoscuro.it\/site\/wp-content\/uploads\/2021\/07\/9.Puccini-Il-Lazzaretto-di-Livorno-scaled.jpg?resize=1050%2C600&ssl=1 3x"},"classes":[]},{"id":16496,"url":"https:\/\/www.biancoscuro.it\/site\/liu-bolin-hiding-in-florence\/","url_meta":{"origin":1968,"position":2},"title":"Liu Bolin | Hiding in Florence","author":"Redazione BIANCOSCURO","date":"30 Agosto 2023","format":false,"excerpt":"Fino al 18 settembre 2023, \"l'uomo invisibile\" sar\u00e0 \"visibile\" presso La Sala d\u2019Arme di Palazzo Vecchio di Firenze, nella mostra personale realizzata in collaborazione con il Comune di Firenze, promossa dalla Galleria Gaburro e curata da Marco Bazzini. Liu Bolin, Piazza della Signoria, Firenze, 2022 Artista di fama internazionale, nato\u2026","rel":"","context":"In &quot;art magazine&quot;","block_context":{"text":"art magazine","link":"https:\/\/www.biancoscuro.it\/site\/category\/art-magazine\/"},"img":{"alt_text":"","src":"https:\/\/i0.wp.com\/www.biancoscuro.it\/site\/wp-content\/uploads\/2023\/08\/6.-Piazza-della-Signoria-Firenze.jpg?resize=350%2C200&ssl=1","width":350,"height":200,"srcset":"https:\/\/i0.wp.com\/www.biancoscuro.it\/site\/wp-content\/uploads\/2023\/08\/6.-Piazza-della-Signoria-Firenze.jpg?resize=350%2C200&ssl=1 1x, https:\/\/i0.wp.com\/www.biancoscuro.it\/site\/wp-content\/uploads\/2023\/08\/6.-Piazza-della-Signoria-Firenze.jpg?resize=525%2C300&ssl=1 1.5x, https:\/\/i0.wp.com\/www.biancoscuro.it\/site\/wp-content\/uploads\/2023\/08\/6.-Piazza-della-Signoria-Firenze.jpg?resize=700%2C400&ssl=1 2x"},"classes":[]},{"id":8275,"url":"https:\/\/www.biancoscuro.it\/site\/a-lezione-con-caravaggio\/","url_meta":{"origin":1968,"position":3},"title":"A lezione con Caravaggio al Museo della Permanente","author":"Chiara","date":"7 Dicembre 2018","format":false,"excerpt":"Marted\u00ec 11 dicembre alle 18.30 al Museo della Permanente a Milano - dove \u00e8 in corso la spettacolare mostra immersiva Caravaggio Oltre la tela -\u00a0si terr\u00e0 una lezione del docente e storico dell'arte STEFANO ZUFFI, autore del volume Nel segno di CARAVAGGIO edito da Skira. Pittore e assassino sullo sfondo\u2026","rel":"","context":"In &quot;arte&quot;","block_context":{"text":"arte","link":"https:\/\/www.biancoscuro.it\/site\/category\/arte\/"},"img":{"alt_text":"","src":"https:\/\/i0.wp.com\/www.biancoscuro.it\/site\/wp-content\/uploads\/2018\/12\/2a.-Caravaggio-Bacco-Galleria-Uffizi-Firenze.jpg?resize=350%2C200&ssl=1","width":350,"height":200},"classes":[]},{"id":12925,"url":"https:\/\/www.biancoscuro.it\/site\/a-palazzo-reale-a-milano-la-mostra-fotografica-ritratte-direttrici-di-musei-italiani\/","url_meta":{"origin":1968,"position":4},"title":"A Palazzo Reale a Milano la mostra fotografica &#8216;Ritratte Direttrici di Musei italiani&#8217;","author":"Chiara","date":"26 Febbraio 2022","format":false,"excerpt":"Sono 22 le protagoniste della mostra fotografica Ritratte Direttrici di musei italiani in apertura il 3 marzo a Palazzo Reale a Milano (Sale degli Arazzi), fino al 3 aprile, prodotta e promossa da Palazzo Reale, Comune di Milano Cultura e Fondazione Bracco. 22 Direttrici di alcune delle pi\u00f9 importanti istituzioni\u2026","rel":"","context":"In &quot;arte&quot;","block_context":{"text":"arte","link":"https:\/\/www.biancoscuro.it\/site\/category\/arte\/"},"img":{"alt_text":"","src":"https:\/\/i0.wp.com\/www.biancoscuro.it\/site\/wp-content\/uploads\/2022\/02\/Edith-Gabrielli-Ministero-della-Cultura-Istituto-Vittoriano-e-Palazzo-Venezia-ViVe-Roma-WEB.jpg?resize=350%2C200&ssl=1","width":350,"height":200,"srcset":"https:\/\/i0.wp.com\/www.biancoscuro.it\/site\/wp-content\/uploads\/2022\/02\/Edith-Gabrielli-Ministero-della-Cultura-Istituto-Vittoriano-e-Palazzo-Venezia-ViVe-Roma-WEB.jpg?resize=350%2C200&ssl=1 1x, https:\/\/i0.wp.com\/www.biancoscuro.it\/site\/wp-content\/uploads\/2022\/02\/Edith-Gabrielli-Ministero-della-Cultura-Istituto-Vittoriano-e-Palazzo-Venezia-ViVe-Roma-WEB.jpg?resize=525%2C300&ssl=1 1.5x, https:\/\/i0.wp.com\/www.biancoscuro.it\/site\/wp-content\/uploads\/2022\/02\/Edith-Gabrielli-Ministero-della-Cultura-Istituto-Vittoriano-e-Palazzo-Venezia-ViVe-Roma-WEB.jpg?resize=700%2C400&ssl=1 2x"},"classes":[]},{"id":7188,"url":"https:\/\/www.biancoscuro.it\/site\/libri-darte-in-galleria-alla-libreria-bocca-a-milano-dal-4-al-13-maggio\/","url_meta":{"origin":1968,"position":5},"title":"LIBRI D&#8217;ARTE IN GALLERIA  Alla Libreria Bocca a Milano dal 4 al 13 maggio","author":"Chiara","date":"2 Maggio 2018","format":false,"excerpt":"La storica Libreria Bocca in Galleria Vittorio Emanuele II\u00a0a Milano dal 4 al 13 maggio (dalle ore 10 alle 19) presenter\u00e0 una selezione di straordinari libri d\u2019arte e cataloghi di mostre editi da SKIRA a prezzi specialissimi. Per oltre una settimana tutti gli appassionati d\u2019arte potranno trovare titoli esauriti e\u2026","rel":"","context":"In &quot;arte&quot;","block_context":{"text":"arte","link":"https:\/\/www.biancoscuro.it\/site\/category\/arte\/"},"img":{"alt_text":"","src":"https:\/\/i0.wp.com\/www.biancoscuro.it\/site\/wp-content\/uploads\/2018\/05\/%C2%A9-Pietro-Madaschi-%E2%80%93-www.360visio.com-1.jpg?resize=350%2C200&ssl=1","width":350,"height":200,"srcset":"https:\/\/i0.wp.com\/www.biancoscuro.it\/site\/wp-content\/uploads\/2018\/05\/%C2%A9-Pietro-Madaschi-%E2%80%93-www.360visio.com-1.jpg?resize=350%2C200&ssl=1 1x, https:\/\/i0.wp.com\/www.biancoscuro.it\/site\/wp-content\/uploads\/2018\/05\/%C2%A9-Pietro-Madaschi-%E2%80%93-www.360visio.com-1.jpg?resize=525%2C300&ssl=1 1.5x, https:\/\/i0.wp.com\/www.biancoscuro.it\/site\/wp-content\/uploads\/2018\/05\/%C2%A9-Pietro-Madaschi-%E2%80%93-www.360visio.com-1.jpg?resize=700%2C400&ssl=1 2x, https:\/\/i0.wp.com\/www.biancoscuro.it\/site\/wp-content\/uploads\/2018\/05\/%C2%A9-Pietro-Madaschi-%E2%80%93-www.360visio.com-1.jpg?resize=1050%2C600&ssl=1 3x, https:\/\/i0.wp.com\/www.biancoscuro.it\/site\/wp-content\/uploads\/2018\/05\/%C2%A9-Pietro-Madaschi-%E2%80%93-www.360visio.com-1.jpg?resize=1400%2C800&ssl=1 4x"},"classes":[]}],"_links":{"self":[{"href":"https:\/\/www.biancoscuro.it\/site\/wp-json\/wp\/v2\/posts\/1968","targetHints":{"allow":["GET"]}}],"collection":[{"href":"https:\/\/www.biancoscuro.it\/site\/wp-json\/wp\/v2\/posts"}],"about":[{"href":"https:\/\/www.biancoscuro.it\/site\/wp-json\/wp\/v2\/types\/post"}],"author":[{"embeddable":true,"href":"https:\/\/www.biancoscuro.it\/site\/wp-json\/wp\/v2\/users\/1"}],"replies":[{"embeddable":true,"href":"https:\/\/www.biancoscuro.it\/site\/wp-json\/wp\/v2\/comments?post=1968"}],"version-history":[{"count":0,"href":"https:\/\/www.biancoscuro.it\/site\/wp-json\/wp\/v2\/posts\/1968\/revisions"}],"wp:featuredmedia":[{"embeddable":true,"href":"https:\/\/www.biancoscuro.it\/site\/wp-json\/wp\/v2\/media\/1969"}],"wp:attachment":[{"href":"https:\/\/www.biancoscuro.it\/site\/wp-json\/wp\/v2\/media?parent=1968"}],"wp:term":[{"taxonomy":"category","embeddable":true,"href":"https:\/\/www.biancoscuro.it\/site\/wp-json\/wp\/v2\/categories?post=1968"},{"taxonomy":"post_tag","embeddable":true,"href":"https:\/\/www.biancoscuro.it\/site\/wp-json\/wp\/v2\/tags?post=1968"}],"curies":[{"name":"wp","href":"https:\/\/api.w.org\/{rel}","templated":true}]}}