{"id":19905,"date":"2026-08-29T17:59:42","date_gmt":"2026-08-29T15:59:42","guid":{"rendered":"https:\/\/www.biancoscuro.it\/site\/?p=19905"},"modified":"2026-08-31T19:36:31","modified_gmt":"2026-08-31T17:36:31","slug":"mario-ceroli-lepica-del-legno-e-della-fantasia","status":"publish","type":"post","link":"https:\/\/www.biancoscuro.it\/site\/mario-ceroli-lepica-del-legno-e-della-fantasia\/","title":{"rendered":"Mario Ceroli | L\u2019epica del legno e della fantasia"},"content":{"rendered":"<span class=\"span-reading-time rt-reading-time\" style=\"display: block;\"><span class=\"rt-label rt-prefix\">\u23f0 lettura <\/span> <span class=\"rt-time\"> 2<\/span> <span class=\"rt-label rt-postfix\">min. <br><br><\/span><\/span>\n<p class=\"wp-block-paragraph\">L\u2019approdo dell\u2019arte contemporanea sul litorale veneto ha il profumo del pino grezzo e l\u2019eco lontana dei miti classici. A inaugurare la nuova sede di <strong>21Art<\/strong> all\u2019interno dell\u2019iconica <strong>Torre Aquileia<\/strong> a Jesolo Lido \u00e8 <strong>\u201cMario Ceroli, il mare e il mito. Un diario di bordo tra le rotte di Omero\u201d<\/strong>, suggestiva rassegna curata da <strong>Cesare Biasini Selvaggi<\/strong> e aperta al pubblico fino al 10 settembre.<\/p>\n\n\n\n<p class=\"wp-block-paragraph\">Lo spazio espositivo si trasforma in un vero e proprio ecosistema installativo, un diario di bordo scultoreo dove <strong>la materia priva di orpelli incontra l\u2019immaginario omerico<\/strong>.<\/p>\n\n\n\n<figure class=\"wp-block-image size-full\"><img alt=\"\" loading=\"lazy\" decoding=\"async\" width=\"999\" height=\"666\" src=\"https:\/\/www.biancoscuro.it\/site\/wp-content\/uploads\/2026\/08\/Veduta-della-mostra-Mario-Ceroli-il-mare-e-il-mito.-Un-diario-di-bordo-tra-le-rotte-di-Omero-21Art-Jesolo-2026.-Foto-Federico-Beccari-5.jpg\" alt=\"\" class=\"wp-image-19911\" srcset=\"https:\/\/www.biancoscuro.it\/site\/wp-content\/uploads\/2026\/08\/Veduta-della-mostra-Mario-Ceroli-il-mare-e-il-mito.-Un-diario-di-bordo-tra-le-rotte-di-Omero-21Art-Jesolo-2026.-Foto-Federico-Beccari-5.jpg 999w, https:\/\/www.biancoscuro.it\/site\/wp-content\/uploads\/2026\/08\/Veduta-della-mostra-Mario-Ceroli-il-mare-e-il-mito.-Un-diario-di-bordo-tra-le-rotte-di-Omero-21Art-Jesolo-2026.-Foto-Federico-Beccari-5-768x512.jpg 768w, https:\/\/www.biancoscuro.it\/site\/wp-content\/uploads\/2026\/08\/Veduta-della-mostra-Mario-Ceroli-il-mare-e-il-mito.-Un-diario-di-bordo-tra-le-rotte-di-Omero-21Art-Jesolo-2026.-Foto-Federico-Beccari-5-930x620.jpg 930w, https:\/\/www.biancoscuro.it\/site\/wp-content\/uploads\/2026\/08\/Veduta-della-mostra-Mario-Ceroli-il-mare-e-il-mito.-Un-diario-di-bordo-tra-le-rotte-di-Omero-21Art-Jesolo-2026.-Foto-Federico-Beccari-5-300x200.jpg 300w\" sizes=\"auto, (max-width: 999px) 100vw, 999px\" \/><figcaption class=\"wp-element-caption\"><em>Una vista della mostra \u201cMario Ceroli, il mare e il mito. Un diario di bordo tra le rotte di Omero\u201d, 21Art Jesolo, 2026. \u00a9 Ph. Federico Beccari<\/em><\/figcaption><\/figure>\n\n\n\n<p class=\"wp-block-paragraph\">A <strong>Mario Ceroli<\/strong>, autore complesso e visionario, \u00e8 dunque dedicata questa che \u00e8 pi\u00f9 di una semplice retrospettiva. La mostra infatti propone <strong>un dialogo serrato tra opere storiche e iconiche<\/strong> dell\u2019artista,&nbsp; come le celebri <em>\u201cBagnanti\u201d<\/em> del 1984 e il <em>\u201cTuffatore\u201d<\/em> del 1990,&nbsp; e accostamenti inediti che invitano a <strong>rileggere la realt\u00e0<\/strong> attraverso l\u2019ironia, il gioco e il legame viscerale con il Mediterraneo.<\/p>\n\n\n\n<p class=\"wp-block-paragraph\">Come sottolinea il curatore Cesare Biasini Selvaggi nel suo testo critico: <em>\u201cLa mostra offre la chiave d\u2019accesso alla longeva ricerca di Ceroli che affonda le sue radici nell\u2019Abruzzo dell\u2019infanzia, matura nella Roma delle avanguardie [&#8230;] e, infine,<\/em> <strong><em>getta scompiglio da settant\u2019anni con i suoi geniali quanto ironici sconfinamenti nella storia dell\u2019arte e del mito<\/em><\/strong><em>.\u201d<\/em><\/p>\n\n\n\n<figure class=\"wp-block-image size-full\"><img alt=\"\" loading=\"lazy\" decoding=\"async\" width=\"999\" height=\"666\" src=\"https:\/\/www.biancoscuro.it\/site\/wp-content\/uploads\/2026\/08\/Veduta-della-mostra-Mario-Ceroli-il-mare-e-il-mito.-Un-diario-di-bordo-tra-le-rotte-di-Omero-21Art-Jesolo-2026.-Foto-Federico-Beccari-1.jpg\" alt=\"\" class=\"wp-image-19912\" srcset=\"https:\/\/www.biancoscuro.it\/site\/wp-content\/uploads\/2026\/08\/Veduta-della-mostra-Mario-Ceroli-il-mare-e-il-mito.-Un-diario-di-bordo-tra-le-rotte-di-Omero-21Art-Jesolo-2026.-Foto-Federico-Beccari-1.jpg 999w, https:\/\/www.biancoscuro.it\/site\/wp-content\/uploads\/2026\/08\/Veduta-della-mostra-Mario-Ceroli-il-mare-e-il-mito.-Un-diario-di-bordo-tra-le-rotte-di-Omero-21Art-Jesolo-2026.-Foto-Federico-Beccari-1-300x200.jpg 300w, https:\/\/www.biancoscuro.it\/site\/wp-content\/uploads\/2026\/08\/Veduta-della-mostra-Mario-Ceroli-il-mare-e-il-mito.-Un-diario-di-bordo-tra-le-rotte-di-Omero-21Art-Jesolo-2026.-Foto-Federico-Beccari-1-768x512.jpg 768w, https:\/\/www.biancoscuro.it\/site\/wp-content\/uploads\/2026\/08\/Veduta-della-mostra-Mario-Ceroli-il-mare-e-il-mito.-Un-diario-di-bordo-tra-le-rotte-di-Omero-21Art-Jesolo-2026.-Foto-Federico-Beccari-1-930x620.jpg 930w\" sizes=\"auto, (max-width: 999px) 100vw, 999px\" \/><figcaption class=\"wp-element-caption\"><em>Una vista della mostra \u201cMario Ceroli, il mare e il mito. Un diario di bordo tra le rotte di Omero\u201d, 21Art Jesolo, 2026. \u00a9 Ph. Federico Beccari<\/em><\/figcaption><\/figure>\n\n\n\n<p class=\"wp-block-paragraph\">Il progetto espositivo conferma la visione di 21Art (societ\u00e0 benefit nata dall\u2019incontro tra <strong>Alessandro Benetton e Davide Vanin<\/strong>) capace di coniugare il radicamento sul territorio con una proiezione internazionale.<\/p>\n\n\n\n<p class=\"wp-block-paragraph\">Viviamo un momento storico in cui <strong>la scultura rischia spesso di smarrire la propria anima artigianale e poetica<\/strong>, la \u201cflotta\u201d di sagome in legno di Ceroli ci ricorda che <strong>la vera avanguardia risiede ancora nella capacit\u00e0 di sognare a occhi aperti<\/strong>, trasformando la materia in un mare aperto da navigare a ritroso nel tempo. &nbsp;<\/p>\n\n\n\n<pre class=\"wp-block-preformatted\"><strong>Mario Ceroli, il mare e il mito<\/strong>\n\n<strong>Un diario di bordo tra le rotte di Omero<\/strong>\n06 giugno \u2013 10 settembre 2026\n21Art Jesolo - Torre Aquileia, Jesolo\n\n<strong>Da gioved\u00ec a sabato<\/strong> 15.00 - 19.00 <em>e su appuntamento<\/em>\n\n<strong>www.twentyoneart.com<\/strong><\/pre>\n","protected":false},"excerpt":{"rendered":"<p><span class=\"span-reading-time rt-reading-time\" style=\"display: block;\"><span class=\"rt-label rt-prefix\">\u23f0 lettura <\/span> <span class=\"rt-time\"> 2<\/span> <span class=\"rt-label rt-postfix\">min. <\/p>\n<p><\/span><\/span>L\u2019approdo dell\u2019arte contemporanea sul litorale veneto ha il profumo del pino grezzo e l\u2019eco lontana dei miti classici. A inaugurare la nuova sede di 21Art all\u2019interno dell\u2019iconica Torre Aquileia a Jesolo Lido \u00e8 \u201cMario Ceroli, il mare e il mito. Un diario di bordo tra le rotte di Omero\u201d, suggestiva rassegna curata da Cesare Biasini&hellip;&nbsp;<a href=\"https:\/\/www.biancoscuro.it\/site\/mario-ceroli-lepica-del-legno-e-della-fantasia\/\" rel=\"bookmark\">Leggi tutto &raquo;<span class=\"screen-reader-text\">Mario Ceroli | L\u2019epica del legno e della fantasia<\/span><\/a><\/p>\n","protected":false},"author":909,"featured_media":19910,"comment_status":"closed","ping_status":"closed","sticky":false,"template":"","format":"standard","meta":{"_seopress_titles_title":"","_seopress_titles_desc":"Fino al 10 settembre, 21Art alla Torre Aquileia di Jesolo ospita \"Mario Ceroli, il mare e il mito\". Un suggestivo viaggio tra sculture in legno e rotte omeriche.","_seopress_robots_index":"","_seopress_robots_follow":"","_seopress_robots_imageindex":"","_seopress_robots_snippet":"","_seopress_robots_primary_cat":"","_seopress_robots_breadcrumbs":"","_seopress_robots_freeze_modified_date":"","_seopress_robots_custom_modified_date":"","_seopress_robots_canonical":"","_seopress_social_fb_title":"","_seopress_social_fb_desc":"","_seopress_social_fb_img":"","_seopress_social_fb_img_attachment_id":0,"_seopress_social_fb_img_width":0,"_seopress_social_fb_img_height":0,"_seopress_social_twitter_title":"","_seopress_social_twitter_desc":"","_seopress_social_twitter_img":"","_seopress_social_twitter_img_attachment_id":0,"_seopress_social_twitter_img_width":0,"_seopress_social_twitter_img_height":0,"_seopress_redirections_value":"","_seopress_redirections_enabled":"","_seopress_redirections_enabled_regex":"","_seopress_redirections_logged_status":"","_seopress_redirections_param":"","_seopress_redirections_type":0,"_seopress_analysis_target_kw":"Mario Ceroli,Mostra Jesolo 2026,21Art Torre Aquileia,Cesare Biasini Selvaggi,Scultura contemporanea in legno,Arte Povera e mito,Alessandro Benetton","neve_meta_sidebar":"","neve_meta_container":"","neve_meta_enable_content_width":"","neve_meta_content_width":0,"neve_meta_title_alignment":"","neve_meta_author_avatar":"","neve_post_elements_order":"","neve_meta_disable_header":"","neve_meta_disable_footer":"","neve_meta_disable_title":"","footnotes":"","jetpack_post_was_ever_published":false},"categories":[5],"tags":[],"class_list":["post-19905","post","type-post","status-publish","format-standard","has-post-thumbnail","hentry","category-arte"],"jetpack_sharing_enabled":true,"jetpack-related-posts":[{"id":2705,"url":"https:\/\/www.biancoscuro.it\/site\/larchivio-museo-dello-csac-apre-al-pubblico\/","url_meta":{"origin":19905,"position":0},"title":"L&#8217;Archivio-Museo dello CSAC apre al pubblico","author":"Redazione BIANCOSCURO","date":"22 Maggio 2015","format":false,"excerpt":"Sabato 23 maggio apre al pubblico nell\u2019Abbazia di Valserena, l\u2019Archivio-Museo dello CSAC (Centro\u00a0Studi e Archivio della Comunicazione dell\u2019Universit\u00e0 di Parma), che raccoglie\u00a0e conserva materiali originali della comunicazione visiva, della\u00a0ricerca artistica e progettuale italiana a partire dai primi decenni del XX\u00a0secolo. Il Centro \u00e8 stato\u00a0fondato nel 1968 da Arturo Carlo Quintavalle\u2026","rel":"","context":"In &quot;eventi&quot;","block_context":{"text":"eventi","link":"https:\/\/www.biancoscuro.it\/site\/eventi\/"},"img":{"alt_text":"","src":"https:\/\/i0.wp.com\/www.biancoscuro.it\/site\/wp-content\/uploads\/2015\/05\/Sede-CSAC_Abbazia-Valserena-il-parcheggio-da-nord-foto-laboratori-CSAC-2012.jpg?resize=350%2C200&ssl=1","width":350,"height":200,"srcset":"https:\/\/i0.wp.com\/www.biancoscuro.it\/site\/wp-content\/uploads\/2015\/05\/Sede-CSAC_Abbazia-Valserena-il-parcheggio-da-nord-foto-laboratori-CSAC-2012.jpg?resize=350%2C200&ssl=1 1x, https:\/\/i0.wp.com\/www.biancoscuro.it\/site\/wp-content\/uploads\/2015\/05\/Sede-CSAC_Abbazia-Valserena-il-parcheggio-da-nord-foto-laboratori-CSAC-2012.jpg?resize=525%2C300&ssl=1 1.5x, https:\/\/i0.wp.com\/www.biancoscuro.it\/site\/wp-content\/uploads\/2015\/05\/Sede-CSAC_Abbazia-Valserena-il-parcheggio-da-nord-foto-laboratori-CSAC-2012.jpg?resize=700%2C400&ssl=1 2x, https:\/\/i0.wp.com\/www.biancoscuro.it\/site\/wp-content\/uploads\/2015\/05\/Sede-CSAC_Abbazia-Valserena-il-parcheggio-da-nord-foto-laboratori-CSAC-2012.jpg?resize=1050%2C600&ssl=1 3x, https:\/\/i0.wp.com\/www.biancoscuro.it\/site\/wp-content\/uploads\/2015\/05\/Sede-CSAC_Abbazia-Valserena-il-parcheggio-da-nord-foto-laboratori-CSAC-2012.jpg?resize=1400%2C800&ssl=1 4x"},"classes":[]},{"id":17472,"url":"https:\/\/www.biancoscuro.it\/site\/larte-che-parla-alle-masse\/","url_meta":{"origin":19905,"position":1},"title":"L\u2019arte che parla alle masse","author":"Redazione BIANCOSCURO","date":"3 Luglio 2024","format":false,"excerpt":"Il Palazzo Buontalenti di Pistoia, ospita la grande mostra '60 Pop Art Italia La rassegna, visitabile fino al prossimo 14 luglio, \u00e8 curata da Walter Guadagnini e presenta 70 opere che ricostruiscono le vicende della Pop Art in Italia, attraverso i suoi maggiori esponenti. Il percorso espositivo si configura come\u2026","rel":"","context":"In &quot;arte&quot;","block_context":{"text":"arte","link":"https:\/\/www.biancoscuro.it\/site\/arte\/"},"img":{"alt_text":"","src":"https:\/\/i0.wp.com\/www.biancoscuro.it\/site\/wp-content\/uploads\/2024\/07\/999_Innocente_Jasper-Johnson-1322x1920-1.jpg?resize=350%2C200&ssl=1","width":350,"height":200,"srcset":"https:\/\/i0.wp.com\/www.biancoscuro.it\/site\/wp-content\/uploads\/2024\/07\/999_Innocente_Jasper-Johnson-1322x1920-1.jpg?resize=350%2C200&ssl=1 1x, https:\/\/i0.wp.com\/www.biancoscuro.it\/site\/wp-content\/uploads\/2024\/07\/999_Innocente_Jasper-Johnson-1322x1920-1.jpg?resize=525%2C300&ssl=1 1.5x, https:\/\/i0.wp.com\/www.biancoscuro.it\/site\/wp-content\/uploads\/2024\/07\/999_Innocente_Jasper-Johnson-1322x1920-1.jpg?resize=700%2C400&ssl=1 2x"},"classes":[]},{"id":19653,"url":"https:\/\/www.biancoscuro.it\/site\/il-re-e-morto-lunga-vita-a-monky\/","url_meta":{"origin":19905,"position":2},"title":"Il Re \u00e8 morto, lunga vita a Monky!","author":"Redazione BIANCOSCURO","date":"5 Giugno 2026","format":false,"excerpt":"L'arte \"quantica\" di Renzo Nucara incontra i nostri lettori L'editoria e l'arte contemporanea non sono mai state cos\u00ec vicine... e cos\u00ec surreali. Nel nuovo numero in distribuzione per i nostri abbonati, troverete un approfondimento speciale dedicato a un'operazione artistica senza precedenti che abbiamo fortemente voluto per la nostra community. Il\u2026","rel":"","context":"In &quot;arte&quot;","block_context":{"text":"arte","link":"https:\/\/www.biancoscuro.it\/site\/arte\/"},"img":{"alt_text":"","src":"https:\/\/i0.wp.com\/www.biancoscuro.it\/site\/wp-content\/uploads\/2026\/06\/MONKY-FRANCOBOLLI-COMMEMORATIVI-2026-5-QUAD.jpg?resize=350%2C200&ssl=1","width":350,"height":200,"srcset":"https:\/\/i0.wp.com\/www.biancoscuro.it\/site\/wp-content\/uploads\/2026\/06\/MONKY-FRANCOBOLLI-COMMEMORATIVI-2026-5-QUAD.jpg?resize=350%2C200&ssl=1 1x, https:\/\/i0.wp.com\/www.biancoscuro.it\/site\/wp-content\/uploads\/2026\/06\/MONKY-FRANCOBOLLI-COMMEMORATIVI-2026-5-QUAD.jpg?resize=525%2C300&ssl=1 1.5x, https:\/\/i0.wp.com\/www.biancoscuro.it\/site\/wp-content\/uploads\/2026\/06\/MONKY-FRANCOBOLLI-COMMEMORATIVI-2026-5-QUAD.jpg?resize=700%2C400&ssl=1 2x, https:\/\/i0.wp.com\/www.biancoscuro.it\/site\/wp-content\/uploads\/2026\/06\/MONKY-FRANCOBOLLI-COMMEMORATIVI-2026-5-QUAD.jpg?resize=1050%2C600&ssl=1 3x"},"classes":[]},{"id":7971,"url":"https:\/\/www.biancoscuro.it\/site\/carlo-cecchi-matinee\/","url_meta":{"origin":19905,"position":3},"title":"Carlo Cecchi &#8211; Matin\u00e9e","author":"Roberta Melasecca","date":"10 Ottobre 2018","format":false,"excerpt":"Carlo CecchiMatin\u00e9ea cura di Paola Pallotta Inaugurazione 14 ottobre 2018 ore 11.30 | SBA Sporting Beach Arte | Roma Arte e cultura possono curare un territorio difficile e controverso come quello di Ostia, incoraggiandone le potenzialit\u00e0 e favorendone la rinascita. Con impegno convinto, lo storico stabilimento balneare Sporting Beach apre\u2026","rel":"","context":"In &quot;arte&quot;","block_context":{"text":"arte","link":"https:\/\/www.biancoscuro.it\/site\/arte\/"},"img":{"alt_text":"","src":"https:\/\/i0.wp.com\/www.biancoscuro.it\/site\/wp-content\/uploads\/2018\/10\/Carlo-Cecchi-giallo-mare.jpg?resize=350%2C200&ssl=1","width":350,"height":200,"srcset":"https:\/\/i0.wp.com\/www.biancoscuro.it\/site\/wp-content\/uploads\/2018\/10\/Carlo-Cecchi-giallo-mare.jpg?resize=350%2C200&ssl=1 1x, https:\/\/i0.wp.com\/www.biancoscuro.it\/site\/wp-content\/uploads\/2018\/10\/Carlo-Cecchi-giallo-mare.jpg?resize=525%2C300&ssl=1 1.5x, https:\/\/i0.wp.com\/www.biancoscuro.it\/site\/wp-content\/uploads\/2018\/10\/Carlo-Cecchi-giallo-mare.jpg?resize=700%2C400&ssl=1 2x, https:\/\/i0.wp.com\/www.biancoscuro.it\/site\/wp-content\/uploads\/2018\/10\/Carlo-Cecchi-giallo-mare.jpg?resize=1050%2C600&ssl=1 3x, https:\/\/i0.wp.com\/www.biancoscuro.it\/site\/wp-content\/uploads\/2018\/10\/Carlo-Cecchi-giallo-mare.jpg?resize=1400%2C800&ssl=1 4x"},"classes":[]},{"id":16700,"url":"https:\/\/www.biancoscuro.it\/site\/mario-schifano-tutto-nelle-carte\/","url_meta":{"origin":19905,"position":4},"title":"Mario Schifano TUTTO nelle carte&#8230;","author":"Redazione BIANCOSCURO","date":"6 Ottobre 2023","format":false,"excerpt":"Mario Schifano TUTTO nelle carte\u2026 un'importante retrospettiva realizzata da Fondazione Marconi e Gi\u00f3 Marconi con il supporto dell'Archivio Mario Schifano e curata da Alberto Salvadori. Questa mostra si propone di illuminare l'ampia e variegata produzione di opere su carta realizzate da Mario Schifano negli anni Sessanta.La mostra presenter\u00e0 una selezione\u2026","rel":"","context":"In &quot;arte&quot;","block_context":{"text":"arte","link":"https:\/\/www.biancoscuro.it\/site\/arte\/"},"img":{"alt_text":"","src":"https:\/\/i0.wp.com\/www.biancoscuro.it\/site\/wp-content\/uploads\/2023\/10\/01_Mario-Schifano-Giorgio-Marconi.jpg?resize=350%2C200&ssl=1","width":350,"height":200,"srcset":"https:\/\/i0.wp.com\/www.biancoscuro.it\/site\/wp-content\/uploads\/2023\/10\/01_Mario-Schifano-Giorgio-Marconi.jpg?resize=350%2C200&ssl=1 1x, https:\/\/i0.wp.com\/www.biancoscuro.it\/site\/wp-content\/uploads\/2023\/10\/01_Mario-Schifano-Giorgio-Marconi.jpg?resize=525%2C300&ssl=1 1.5x, https:\/\/i0.wp.com\/www.biancoscuro.it\/site\/wp-content\/uploads\/2023\/10\/01_Mario-Schifano-Giorgio-Marconi.jpg?resize=700%2C400&ssl=1 2x"},"classes":[]},{"id":12277,"url":"https:\/\/www.biancoscuro.it\/site\/mario-bi-be-heretics\/","url_meta":{"origin":19905,"position":5},"title":"Mario Bi &#8211; Be Heretics","author":"Roberta Melasecca","date":"15 Settembre 2021","format":false,"excerpt":"Il giorno 25 settembre 2021 alle ore 18.30 inaugura, presso lo studio dell\u2019artista a Pescara, la mostra Be Heretics di Mario Bi a cura di Francesca Perti.\u00a0 \u201cPer rispondere alla domanda posta dal lavoro di Mario Bi, \u201cBE HERETICS\u201d, dobbiamo ritornare all\u2019origine della parola.\u00a0[...] L\u2019eresia si oppone alla dottrina rivelata\u2026","rel":"","context":"In &quot;arte&quot;","block_context":{"text":"arte","link":"https:\/\/www.biancoscuro.it\/site\/arte\/"},"img":{"alt_text":"","src":"https:\/\/i0.wp.com\/www.biancoscuro.it\/site\/wp-content\/uploads\/2021\/09\/heretics-neon.png?resize=350%2C200&ssl=1","width":350,"height":200,"srcset":"https:\/\/i0.wp.com\/www.biancoscuro.it\/site\/wp-content\/uploads\/2021\/09\/heretics-neon.png?resize=350%2C200&ssl=1 1x, https:\/\/i0.wp.com\/www.biancoscuro.it\/site\/wp-content\/uploads\/2021\/09\/heretics-neon.png?resize=525%2C300&ssl=1 1.5x, https:\/\/i0.wp.com\/www.biancoscuro.it\/site\/wp-content\/uploads\/2021\/09\/heretics-neon.png?resize=700%2C400&ssl=1 2x"},"classes":[]}],"jetpack_featured_media_url":"https:\/\/www.biancoscuro.it\/site\/wp-content\/uploads\/2026\/08\/Mario-Ceroli-presso-21Art-Treviso-ritratto-fotografico-di-Federico-Beccari-alta-risoluzione.jpg","_links":{"self":[{"href":"https:\/\/www.biancoscuro.it\/site\/wp-json\/wp\/v2\/posts\/19905","targetHints":{"allow":["GET"]}}],"collection":[{"href":"https:\/\/www.biancoscuro.it\/site\/wp-json\/wp\/v2\/posts"}],"about":[{"href":"https:\/\/www.biancoscuro.it\/site\/wp-json\/wp\/v2\/types\/post"}],"author":[{"embeddable":true,"href":"https:\/\/www.biancoscuro.it\/site\/wp-json\/wp\/v2\/users\/909"}],"replies":[{"embeddable":true,"href":"https:\/\/www.biancoscuro.it\/site\/wp-json\/wp\/v2\/comments?post=19905"}],"version-history":[{"count":1,"href":"https:\/\/www.biancoscuro.it\/site\/wp-json\/wp\/v2\/posts\/19905\/revisions"}],"predecessor-version":[{"id":19913,"href":"https:\/\/www.biancoscuro.it\/site\/wp-json\/wp\/v2\/posts\/19905\/revisions\/19913"}],"wp:featuredmedia":[{"embeddable":true,"href":"https:\/\/www.biancoscuro.it\/site\/wp-json\/wp\/v2\/media\/19910"}],"wp:attachment":[{"href":"https:\/\/www.biancoscuro.it\/site\/wp-json\/wp\/v2\/media?parent=19905"}],"wp:term":[{"taxonomy":"category","embeddable":true,"href":"https:\/\/www.biancoscuro.it\/site\/wp-json\/wp\/v2\/categories?post=19905"},{"taxonomy":"post_tag","embeddable":true,"href":"https:\/\/www.biancoscuro.it\/site\/wp-json\/wp\/v2\/tags?post=19905"}],"curies":[{"name":"wp","href":"https:\/\/api.w.org\/{rel}","templated":true}]}}