{"id":19906,"date":"2026-08-28T18:30:39","date_gmt":"2026-08-28T16:30:39","guid":{"rendered":"https:\/\/www.biancoscuro.it\/site\/?p=19906"},"modified":"2026-08-31T19:37:34","modified_gmt":"2026-08-31T17:37:34","slug":"alcove-dialoghi-sulla-scultura-seconda-edizione","status":"publish","type":"post","link":"https:\/\/www.biancoscuro.it\/site\/alcove-dialoghi-sulla-scultura-seconda-edizione\/","title":{"rendered":"ALCOVE &#8211; Dialoghi sulla scultura (II ed.)"},"content":{"rendered":"<span class=\"span-reading-time rt-reading-time\" style=\"display: block;\"><span class=\"rt-label rt-prefix\">\u23f0 lettura <\/span> <span class=\"rt-time\"> 3<\/span> <span class=\"rt-label rt-postfix\">min. <br><br><\/span><\/span>\n<p class=\"wp-block-paragraph\"><strong>Dal 19 settembre al 31 ottobre 2026, l&#8217;antico borgo laziale di Cori torna a farsi palcoscenico ed epicentro plastico con la seconda edizione di &#8220;Alcove &#8211; Dialoghi sulla scultura&#8221;. Curata da Ilaria Monti e Alberto Timossi, la rassegna innesca un potente cortocircuito visivo e materico tra le viscere storiche dello Studio Specus e la razionalit\u00e0 luminosa del Museo della Citt\u00e0 e del Territorio, dimostrando come la scultura odierna possa non solo abitare, ma ridefinire il patrimonio storico.<\/strong><\/p>\n\n\n\n<p class=\"wp-block-paragraph\">Ci sono luoghi che non si limitano a ospitare l&#8217;arte, ma la plasmano, la interrogano, ne condizionano l&#8217;essenza. \u00c8 il caso di Cori, il cui tessuto urbano stratificato si offre come un vero e proprio laboratorio a cielo aperto per la seconda edizione di <em>Alcove<\/em>. Il progetto espositivo, nato dalla visione dello Studio Specus &#8211; Cantiere per l\u2019arte contemporanea, si fonda su una dicotomia spaziale di straordinaria potenza evocativa. Da un lato, lo spazio ipogeo e sotterraneo dello Studio Specus, incastonato nel centro storico: un ventre oscuro, geologico, dove l&#8217;opera d&#8217;arte si confronta con l&#8217;umidit\u00e0 della terra, con le ombre dense e con la memoria ancestrale della materia. Dall&#8217;altro, la Loggia rinascimentale del Museo della Citt\u00e0 e del Territorio (parte del Complesso Monumentale di Sant\u2019Oliva), dove trionfano la luce, la misura architettonica e la prospettiva aerea. In questo transito dall&#8217;oscurit\u00e0 alla luce, il concetto stesso di &#8220;alcova&#8221; perde la sua accezione di semplice nicchia o rifugio, per trasformarsi in uno spazio liminale, un dispositivo di svelamento in cui la scultura si confronta brutalmente e poeticamente con le preesistenze storico-architettoniche.<\/p>\n\n\n\n<figure class=\"wp-block-image size-large\"><img alt=\"\" loading=\"lazy\" decoding=\"async\" width=\"730\" height=\"1024\" src=\"https:\/\/www.biancoscuro.it\/site\/wp-content\/uploads\/2026\/08\/Locandina-ALCOVE-2026-730x1024.jpg\" alt=\"\" class=\"wp-image-19907\" srcset=\"https:\/\/www.biancoscuro.it\/site\/wp-content\/uploads\/2026\/08\/Locandina-ALCOVE-2026-730x1024.jpg 730w, https:\/\/www.biancoscuro.it\/site\/wp-content\/uploads\/2026\/08\/Locandina-ALCOVE-2026-214x300.jpg 214w, https:\/\/www.biancoscuro.it\/site\/wp-content\/uploads\/2026\/08\/Locandina-ALCOVE-2026-768x1077.jpg 768w, https:\/\/www.biancoscuro.it\/site\/wp-content\/uploads\/2026\/08\/Locandina-ALCOVE-2026-1095x1536.jpg 1095w, https:\/\/www.biancoscuro.it\/site\/wp-content\/uploads\/2026\/08\/Locandina-ALCOVE-2026.jpg 1170w\" sizes=\"auto, (max-width: 730px) 100vw, 730px\" \/><\/figure>\n\n\n\n<p class=\"wp-block-paragraph\">A orchestrare questa complessa partitura spaziale, i curatori Ilaria Monti e Alberto Timossi hanno chiamato cinque artisti portatori di linguaggi, anagrafi e visioni profondamente eterogenee: Claudia Di Francesco (1992), Pino Genovese (1953), Giovanni Longo (1985), Veronica Neri (1995) e Francesco Petrone (1978). Mettere in dialogo autori che coprono un arco generazionale di oltre quarant&#8217;anni significa tracciare una mappa evolutiva della scultura italiana. Dalle pratiche pi\u00f9 legate all&#8217;organicit\u00e0 del gesto e al recupero ambientale, fino alle sintesi concettuali e alle ibridazioni dei talenti pi\u00f9 giovani, la mostra non propone un tema impositivo, ma un &#8220;principio di confronto&#8221;. Le opere abbandonano l&#8217;idea del piedistallo isolato per farsi ambiente, misurandosi con la porosit\u00e0 della pietra, con i volumi vuoti delle logge e con la vertigine dell&#8217;ipogeo. I materiali diventano sismografi di differenti modi di pensare il vuoto e di abitare il nostro tempo, confermando l&#8217;infinita vitalit\u00e0 della disciplina scultorea.<\/p>\n\n\n\n<p class=\"wp-block-paragraph\">La dimensione raccolta della citt\u00e0 di Cori agisce come un catalizzatore formidabile. Il territorio smette di essere un inerte fondale scenografico per tramutarsi in co-autore del processo creativo, generando scambi diretti tra le memorie del paesaggio, le suggestioni degli artisti e la vita della comunit\u00e0 locale (un legame gi\u00e0 fortificato durante l&#8217;anno da presentazioni editoriali presso la Biblioteca Civica \u201cElio Filippo Accrocca\u201d). Ma <em>Alcove<\/em> \u00e8 anche un progetto di continua speculazione epistemologica. A testimoniarlo \u00e8 l&#8217;evento che segue l&#8217;inaugurazione: domenica 20 settembre, il workshop gratuito <em>Intervista all\u2019oggetto<\/em>. Condotto da Giulia Barone insieme alla direttrice del Museo Guendalina Viani e agli artisti in mostra, il laboratorio utilizza il mezzo fotografico per compiere un cortocircuito temporale. L&#8217;obiettivo della macchina da presa indagher\u00e0 i reperti archeologici delle collezioni museali mettendoli in collisione visiva con le opere contemporanee ospitate nel loggiato, proponendo un inedito metodo di lettura per comprendere come un oggetto tridimensionale, antico o moderno che sia, occupi, ferisca o accarezzi lo spazio che lo circonda.<\/p>\n\n\n\n<pre class=\"wp-block-preformatted\"><strong>INFO<\/strong>\n<strong>ALCOVE - Dialoghi sulla scultura (Seconda edizione)\n<\/strong>\n<strong>A cura di:<\/strong> Ilaria Monti e Alberto Timossi\n\n<strong>Artisti in mostra:<\/strong> Claudia Di Francesco, Pino Genovese, Giovanni Longo, Veronica Neri, Francesco Petrone\n\n<strong>Promossa da:<\/strong> Studio Specus, con il patrocinio e sostegno del Comune di Cori\n\n<strong>In collaborazione con:<\/strong> Associazioni minima, Polygonal, Arcadia e Museo della Citt\u00e0 e del Territorio di Cori\n\n<strong>Inaugurazione:<\/strong> Sabato 19 settembre 2026, ore 17.00 (Inizio allo Studio Specus, a seguire Museo della Citt\u00e0 e del Territorio)\n\n<strong>Date di apertura:<\/strong> Dal 19 settembre al 31 ottobre 2026\n\n<strong>Visite guidate:<\/strong> Sabato e domenica, dalle 16.00 alle 18.00 (gratuite) o su appuntamento\n\n<strong>Studio Specus:<\/strong> Via Cavour 109, Cori (LT)\nstudiospecus@gmail.com\nminimaassociazione@gmail.com\n<\/pre>\n\n\n\n<p class=\"wp-block-paragraph\"><\/p>\n","protected":false},"excerpt":{"rendered":"<p><span class=\"span-reading-time rt-reading-time\" style=\"display: block;\"><span class=\"rt-label rt-prefix\">\u23f0 lettura <\/span> <span class=\"rt-time\"> 3<\/span> <span class=\"rt-label rt-postfix\">min. <\/p>\n<p><\/span><\/span>Dal 19 settembre al 31 ottobre 2026, l&#8217;antico borgo laziale di Cori torna a farsi palcoscenico ed epicentro plastico con la seconda edizione di &#8220;Alcove &#8211; Dialoghi sulla scultura&#8221;. Curata da Ilaria Monti e Alberto Timossi, la rassegna innesca un potente cortocircuito visivo e materico tra le viscere storiche dello Studio Specus e la razionalit\u00e0&hellip;&nbsp;<a href=\"https:\/\/www.biancoscuro.it\/site\/alcove-dialoghi-sulla-scultura-seconda-edizione\/\" rel=\"bookmark\">Leggi tutto &raquo;<span class=\"screen-reader-text\">ALCOVE &#8211; Dialoghi sulla scultura (II ed.)<\/span><\/a><\/p>\n","protected":false},"author":980,"featured_media":19908,"comment_status":"closed","ping_status":"closed","sticky":false,"template":"","format":"standard","meta":{"_seopress_titles_title":"Le forme del tempo: \"Alcove\" riporta la grande scultura contemporanea tra le logge e gli ipogei di Cori","_seopress_titles_desc":"Dal 19 settembre a Cori torna \"Alcove - Dialoghi sulla scultura\". Un intenso viaggio tra ipogei e logge rinascimentali con cinque maestri dell'arte contemporanea.","_seopress_robots_index":"","_seopress_robots_follow":"","_seopress_robots_imageindex":"","_seopress_robots_snippet":"","_seopress_robots_primary_cat":"","_seopress_robots_breadcrumbs":"","_seopress_robots_freeze_modified_date":"","_seopress_robots_custom_modified_date":"","_seopress_robots_canonical":"","_seopress_social_fb_title":"","_seopress_social_fb_desc":"","_seopress_social_fb_img":"","_seopress_social_fb_img_attachment_id":0,"_seopress_social_fb_img_width":0,"_seopress_social_fb_img_height":0,"_seopress_social_twitter_title":"","_seopress_social_twitter_desc":"","_seopress_social_twitter_img":"","_seopress_social_twitter_img_attachment_id":0,"_seopress_social_twitter_img_width":0,"_seopress_social_twitter_img_height":0,"_seopress_redirections_value":"","_seopress_redirections_enabled":"","_seopress_redirections_enabled_regex":"","_seopress_redirections_logged_status":"","_seopress_redirections_param":"","_seopress_redirections_type":0,"_seopress_analysis_target_kw":"Scultura contemporanea,Mostra Alcove Cori,Ilaria Monti,Alberto Timossi,Studio Specus,Museo della Citt\u00e0 e del Territorio,Arte contemporanea Lazio","neve_meta_sidebar":"","neve_meta_container":"","neve_meta_enable_content_width":"","neve_meta_content_width":0,"neve_meta_title_alignment":"","neve_meta_author_avatar":"","neve_post_elements_order":"","neve_meta_disable_header":"","neve_meta_disable_footer":"","neve_meta_disable_title":"","footnotes":"","jetpack_post_was_ever_published":false},"categories":[5],"tags":[],"class_list":["post-19906","post","type-post","status-publish","format-standard","has-post-thumbnail","hentry","category-arte"],"jetpack_sharing_enabled":true,"jetpack-related-posts":[{"id":17382,"url":"https:\/\/www.biancoscuro.it\/site\/tracce-sparse-a-carbognano\/","url_meta":{"origin":19906,"position":0},"title":"Tracce sparse a Carbognano","author":"Roberta Melasecca","date":"1 Giugno 2024","format":false,"excerpt":"Il 15 e 16 giugno 2024 apre a Carbognano, borgo in provincia di Viterbo, la prima edizione di Tracce sparse a Carbognano, da un\u2019idea di Daniela Perego, a cura di Paolo Angelosanto, MicroMuseo di Arte Contemporanea della Tuscia, Daniela Perego e Sculture in Campo - Parco di Scultura Contemporanea, con\u2026","rel":"","context":"In &quot;arte&quot;","block_context":{"text":"arte","link":"https:\/\/www.biancoscuro.it\/site\/arte\/"},"img":{"alt_text":"","src":"https:\/\/i0.wp.com\/www.biancoscuro.it\/site\/wp-content\/uploads\/2024\/06\/Immagine-copertina-Tracce-sparse-a-Carbognano.jpeg?resize=350%2C200&ssl=1","width":350,"height":200,"srcset":"https:\/\/i0.wp.com\/www.biancoscuro.it\/site\/wp-content\/uploads\/2024\/06\/Immagine-copertina-Tracce-sparse-a-Carbognano.jpeg?resize=350%2C200&ssl=1 1x, https:\/\/i0.wp.com\/www.biancoscuro.it\/site\/wp-content\/uploads\/2024\/06\/Immagine-copertina-Tracce-sparse-a-Carbognano.jpeg?resize=525%2C300&ssl=1 1.5x, https:\/\/i0.wp.com\/www.biancoscuro.it\/site\/wp-content\/uploads\/2024\/06\/Immagine-copertina-Tracce-sparse-a-Carbognano.jpeg?resize=700%2C400&ssl=1 2x, https:\/\/i0.wp.com\/www.biancoscuro.it\/site\/wp-content\/uploads\/2024\/06\/Immagine-copertina-Tracce-sparse-a-Carbognano.jpeg?resize=1050%2C600&ssl=1 3x"},"classes":[]},{"id":18806,"url":"https:\/\/www.biancoscuro.it\/site\/tracce-sparse-a-carbognano-2025\/","url_meta":{"origin":19906,"position":1},"title":"Tracce sparse a Carbognano","author":"Roberta Melasecca","date":"9 Settembre 2025","format":false,"excerpt":"L\u2019Associazione Tracce Sparse, con il patrocinio del Comune di Carbognano e della Pro loco \u201cGiulia Farnese\u201d di Carbognano, in collaborazione con SIC Sculture in Campo di Bassano in Teverina e Micromuseo di Spicciano, presenta, il 27 settembre 2025 alle ore 17.00, presso la Chiesa di Santa Maria della Concezione, la\u2026","rel":"","context":"In &quot;arte&quot;","block_context":{"text":"arte","link":"https:\/\/www.biancoscuro.it\/site\/arte\/"},"img":{"alt_text":"","src":"https:\/\/i0.wp.com\/www.biancoscuro.it\/site\/wp-content\/uploads\/2025\/09\/Tracce-sparse-a-Carbognano.jpg?resize=350%2C200&ssl=1","width":350,"height":200,"srcset":"https:\/\/i0.wp.com\/www.biancoscuro.it\/site\/wp-content\/uploads\/2025\/09\/Tracce-sparse-a-Carbognano.jpg?resize=350%2C200&ssl=1 1x, https:\/\/i0.wp.com\/www.biancoscuro.it\/site\/wp-content\/uploads\/2025\/09\/Tracce-sparse-a-Carbognano.jpg?resize=525%2C300&ssl=1 1.5x"},"classes":[]},{"id":18506,"url":"https:\/\/www.biancoscuro.it\/site\/milano-scultura-2025-art-tour-video\/","url_meta":{"origin":19906,"position":2},"title":"MILANO SCULTURA 2025 Art Tour [VIDEO]","author":"Redazione BIANCOSCURO","date":"24 Maggio 2025","format":false,"excerpt":"Immersione Digitale nell'Eccellenza Plastica Contemporanea attraverso l'Obiettivo di BIANCOSCURO Nel panorama effervescente dell'arte contemporanea, Milano Scultura 2025 si conferma appuntamento imprescindibile per tastare il polso della creativit\u00e0 tridimensionale. Quest'anno, la storica cornice di Villa Bagatti Valsecchi a Varedo si \u00e8 nuovamente trasformata in un palcoscenico d'elezione per le pi\u00f9 recenti\u2026","rel":"","context":"In &quot;arte&quot;","block_context":{"text":"arte","link":"https:\/\/www.biancoscuro.it\/site\/arte\/"},"img":{"alt_text":"","src":"https:\/\/i0.wp.com\/www.biancoscuro.it\/site\/wp-content\/uploads\/2025\/05\/Milano-Scultura-Art-Fair-2025-Art-Tour-a-cura-di-BIANCOSCURO-Walkthrough-Highlights-4blow.jpg?resize=350%2C200&ssl=1","width":350,"height":200,"srcset":"https:\/\/i0.wp.com\/www.biancoscuro.it\/site\/wp-content\/uploads\/2025\/05\/Milano-Scultura-Art-Fair-2025-Art-Tour-a-cura-di-BIANCOSCURO-Walkthrough-Highlights-4blow.jpg?resize=350%2C200&ssl=1 1x, https:\/\/i0.wp.com\/www.biancoscuro.it\/site\/wp-content\/uploads\/2025\/05\/Milano-Scultura-Art-Fair-2025-Art-Tour-a-cura-di-BIANCOSCURO-Walkthrough-Highlights-4blow.jpg?resize=525%2C300&ssl=1 1.5x, https:\/\/i0.wp.com\/www.biancoscuro.it\/site\/wp-content\/uploads\/2025\/05\/Milano-Scultura-Art-Fair-2025-Art-Tour-a-cura-di-BIANCOSCURO-Walkthrough-Highlights-4blow.jpg?resize=700%2C400&ssl=1 2x"},"classes":[]},{"id":16712,"url":"https:\/\/www.biancoscuro.it\/site\/paris-par-art-basel-2\/","url_meta":{"origin":19906,"position":3},"title":"Paris+ par Art Basel","author":"Daniela Malabaila","date":"18 Ottobre 2023","format":false,"excerpt":"Al Grand Palais \u00c9ph\u00e9m\u00e8re, dal 19 al 22 ottobre 2023 Tutto \u00e8 pronto per la seconda edizione di Paris+ par Art Basel, la nuova Fiera d'Arte del gruppo\u00a0 che lo scorso anno ha esordito con un successo memorabile. L\u2019anteprima per gli invitati sar\u00e0 il 18 ottobre, mentre dal 19 si\u2026","rel":"","context":"In &quot;art basel&quot;","block_context":{"text":"art basel","link":"https:\/\/www.biancoscuro.it\/site\/art-basel\/"},"img":{"alt_text":"","src":"https:\/\/i0.wp.com\/www.biancoscuro.it\/site\/wp-content\/uploads\/2023\/10\/ArtBasel-ParisTOUR-EIFFEL_KEV5491.jpg?resize=350%2C200&ssl=1","width":350,"height":200,"srcset":"https:\/\/i0.wp.com\/www.biancoscuro.it\/site\/wp-content\/uploads\/2023\/10\/ArtBasel-ParisTOUR-EIFFEL_KEV5491.jpg?resize=350%2C200&ssl=1 1x, https:\/\/i0.wp.com\/www.biancoscuro.it\/site\/wp-content\/uploads\/2023\/10\/ArtBasel-ParisTOUR-EIFFEL_KEV5491.jpg?resize=525%2C300&ssl=1 1.5x, https:\/\/i0.wp.com\/www.biancoscuro.it\/site\/wp-content\/uploads\/2023\/10\/ArtBasel-ParisTOUR-EIFFEL_KEV5491.jpg?resize=700%2C400&ssl=1 2x"},"classes":[]},{"id":19896,"url":"https:\/\/www.biancoscuro.it\/site\/larte-come-difesa-della-natura-leredita-di-joseph-beuys-in-mostra-allaquila\/","url_meta":{"origin":19906,"position":4},"title":"L&#8217;arte come difesa della natura: l&#8217;eredit\u00e0 di Joseph Beuys","author":"Roberta Melasecca","date":"27 Agosto 2026","format":false,"excerpt":"Mercoled\u00ec 2 settembre 2026, il Palazzetto dei Nobili dell'Aquila si trasforma in un crocevia di riflessioni ecologiche e visioni estetiche. Attraverso un simposio interdisciplinare e l'inaugurazione della mostra fotografica di Stefano Fontebasso De Martino dedicata a Joseph Beuys, il festival \"Seminiamo Arte\" indaga l'urgenza di una \"scultura sociale\" capace di\u2026","rel":"","context":"In &quot;arte&quot;","block_context":{"text":"arte","link":"https:\/\/www.biancoscuro.it\/site\/arte\/"},"img":{"alt_text":"","src":"https:\/\/i0.wp.com\/www.biancoscuro.it\/site\/wp-content\/uploads\/2026\/08\/Stefano-Fontebasso-De-Martino-Beuys8-copia.jpg?resize=350%2C200&ssl=1","width":350,"height":200,"srcset":"https:\/\/i0.wp.com\/www.biancoscuro.it\/site\/wp-content\/uploads\/2026\/08\/Stefano-Fontebasso-De-Martino-Beuys8-copia.jpg?resize=350%2C200&ssl=1 1x, https:\/\/i0.wp.com\/www.biancoscuro.it\/site\/wp-content\/uploads\/2026\/08\/Stefano-Fontebasso-De-Martino-Beuys8-copia.jpg?resize=525%2C300&ssl=1 1.5x, https:\/\/i0.wp.com\/www.biancoscuro.it\/site\/wp-content\/uploads\/2026\/08\/Stefano-Fontebasso-De-Martino-Beuys8-copia.jpg?resize=700%2C400&ssl=1 2x"},"classes":[]},{"id":18550,"url":"https:\/\/www.biancoscuro.it\/site\/saverio-marrocco-italia-passato-e-futuro\/","url_meta":{"origin":19906,"position":5},"title":"Saverio Marrocco &#8211; Italia, passato e futuro","author":"Roberta Melasecca","date":"23 Maggio 2025","format":false,"excerpt":"Neoartgallery presenta la mostra \"Italia, passato e futuro. Le arti come ponte tra memoria e innovazione\", un progetto espositivo dedicato alle sculture e installazioni di Saverio Marrocco. L'evento, curato da Giorgio Bertozzi e Ferdan Yusufi, si terr\u00e0 presso la Sala del Cenacolo del Complesso di Palazzo Valdina (Vicolo Valdina), sede\u2026","rel":"","context":"In &quot;mostre&quot;","block_context":{"text":"mostre","link":"https:\/\/www.biancoscuro.it\/site\/mostre\/"},"img":{"alt_text":"","src":"https:\/\/i0.wp.com\/www.biancoscuro.it\/site\/wp-content\/uploads\/2025\/05\/Saverio-Marrocco-Italia-passato-e-futuro.jpg?resize=350%2C200&ssl=1","width":350,"height":200,"srcset":"https:\/\/i0.wp.com\/www.biancoscuro.it\/site\/wp-content\/uploads\/2025\/05\/Saverio-Marrocco-Italia-passato-e-futuro.jpg?resize=350%2C200&ssl=1 1x, https:\/\/i0.wp.com\/www.biancoscuro.it\/site\/wp-content\/uploads\/2025\/05\/Saverio-Marrocco-Italia-passato-e-futuro.jpg?resize=525%2C300&ssl=1 1.5x"},"classes":[]}],"jetpack_featured_media_url":"https:\/\/www.biancoscuro.it\/site\/wp-content\/uploads\/2026\/08\/La-grotta-di-Studio-Specus-copia.jpg","_links":{"self":[{"href":"https:\/\/www.biancoscuro.it\/site\/wp-json\/wp\/v2\/posts\/19906","targetHints":{"allow":["GET"]}}],"collection":[{"href":"https:\/\/www.biancoscuro.it\/site\/wp-json\/wp\/v2\/posts"}],"about":[{"href":"https:\/\/www.biancoscuro.it\/site\/wp-json\/wp\/v2\/types\/post"}],"author":[{"embeddable":true,"href":"https:\/\/www.biancoscuro.it\/site\/wp-json\/wp\/v2\/users\/980"}],"replies":[{"embeddable":true,"href":"https:\/\/www.biancoscuro.it\/site\/wp-json\/wp\/v2\/comments?post=19906"}],"version-history":[{"count":3,"href":"https:\/\/www.biancoscuro.it\/site\/wp-json\/wp\/v2\/posts\/19906\/revisions"}],"predecessor-version":[{"id":19916,"href":"https:\/\/www.biancoscuro.it\/site\/wp-json\/wp\/v2\/posts\/19906\/revisions\/19916"}],"wp:featuredmedia":[{"embeddable":true,"href":"https:\/\/www.biancoscuro.it\/site\/wp-json\/wp\/v2\/media\/19908"}],"wp:attachment":[{"href":"https:\/\/www.biancoscuro.it\/site\/wp-json\/wp\/v2\/media?parent=19906"}],"wp:term":[{"taxonomy":"category","embeddable":true,"href":"https:\/\/www.biancoscuro.it\/site\/wp-json\/wp\/v2\/categories?post=19906"},{"taxonomy":"post_tag","embeddable":true,"href":"https:\/\/www.biancoscuro.it\/site\/wp-json\/wp\/v2\/tags?post=19906"}],"curies":[{"name":"wp","href":"https:\/\/api.w.org\/{rel}","templated":true}]}}