{"id":19924,"date":"2026-09-01T16:19:35","date_gmt":"2026-09-01T14:19:35","guid":{"rendered":"https:\/\/www.biancoscuro.it\/site\/?p=19924"},"modified":"2026-09-01T17:11:49","modified_gmt":"2026-09-01T15:11:49","slug":"continua-il-percorso-espositivo-di-maria-pacheco-cibilsper-openartcode-tokyo-2026-alla-mostra-ajac","status":"publish","type":"post","link":"https:\/\/www.biancoscuro.it\/site\/continua-il-percorso-espositivo-di-maria-pacheco-cibilsper-openartcode-tokyo-2026-alla-mostra-ajac\/","title":{"rendered":"Continua il percorso espositivo di Maria Pacheco Cibilsper OpenArtCode Tokyo 2026 alla Mostra AJAC"},"content":{"rendered":"<span class=\"span-reading-time rt-reading-time\" style=\"display: block;\"><span class=\"rt-label rt-prefix\">\u23f0 lettura <\/span> <span class=\"rt-time\"> 3<\/span> <span class=\"rt-label rt-postfix\">min. <br><br><\/span><\/span>\n<figure class=\"wp-block-image size-large\"><img alt=\"\" loading=\"lazy\" decoding=\"async\" width=\"1024\" height=\"683\" src=\"https:\/\/www.biancoscuro.it\/site\/wp-content\/uploads\/2026\/09\/Opere-in-mostra-Maria-Pacheco-Cibils-1024x683.jpg\" alt=\"\" class=\"wp-image-19925\" srcset=\"https:\/\/www.biancoscuro.it\/site\/wp-content\/uploads\/2026\/09\/Opere-in-mostra-Maria-Pacheco-Cibils-1024x683.jpg 1024w, https:\/\/www.biancoscuro.it\/site\/wp-content\/uploads\/2026\/09\/Opere-in-mostra-Maria-Pacheco-Cibils-300x200.jpg 300w, https:\/\/www.biancoscuro.it\/site\/wp-content\/uploads\/2026\/09\/Opere-in-mostra-Maria-Pacheco-Cibils-768x512.jpg 768w, https:\/\/www.biancoscuro.it\/site\/wp-content\/uploads\/2026\/09\/Opere-in-mostra-Maria-Pacheco-Cibils-930x620.jpg 930w, https:\/\/www.biancoscuro.it\/site\/wp-content\/uploads\/2026\/09\/Opere-in-mostra-Maria-Pacheco-Cibils.jpg 1200w\" sizes=\"auto, (max-width: 1024px) 100vw, 1024px\" \/><\/figure>\n\n\n\n<p class=\"wp-block-paragraph\"><strong>Continua il percorso espositivo di Maria Pacheco Cibils<\/strong><br \/><strong>per OpenArtCode Tokyo 2026 alla Mostra AJAC<\/strong><\/p>\n\n\n\n<p class=\"wp-block-paragraph\"><strong>Opening 9 settembre 2026 ore 13.00<\/strong><br \/><strong>Dal 9 al 17 settembre 2026<\/strong><br \/><strong>52\u00aa Mostra AJAC | Tokyo Metropolitan Art Museum<\/strong><\/p>\n\n\n\n<p class=\"wp-block-paragraph\">Dal 9 al 17 settembre 2026, la designer e artista visiva argentino-portoghese <strong>Maria Pacheco Cibils<\/strong>, che da tempo vive e lavora tra Roma e l\u2019Argentina, sar\u00e0 una dei <strong>26 artisti selezionati di OpenArtCode<\/strong> per la <strong>sesta edizione di OpenArtCode Tokyo<\/strong>, presentata nell&#8217;ambito della <strong>52\u00aa Mostra AJAC al Tokyo Metropolitan Art Museum.<\/strong><\/p>\n\n\n\n<p class=\"wp-block-paragraph\">Maria Pacheco Cibils presenta per l\u2019occasione due opere appartenenti al ciclo espositivo \u201c<em>Il colore dei sentimenti<\/em>\u201d. Come scrive la curatrice Francesca Barbi Marinetti: \u00abLa sperimentazione dell\u2019artista argentino-portoghese Pacheco Cibils si muove da anni in direzione di un superamento della concezione tradizionale di forma, con impasti cromatici corposi e accesi, che si sforza di offrire un\u2019indagine delle energie che governano la materia in una concezione dell\u2019arte sempre pi\u00f9 olistica. I temi che la ispirano rientrano prevalentemente nella sfera della conoscenza ancestrale e archetipica: gli elementi principali della vita, terra, fuoco, aria e acqua in macro e microcosmi, i dualismi fondanti dell\u2019esistenza, come luce e buio o maschile e femminile. Le opere di Maria Pacheco Cibils sono uno spaccato di figure archetipiche dell\u2019amore, ognuna rappresentativa di quel concentrato di festa, passione o smarrimento. Connettersi, riconoscersi, rilanciarsi \u00e8 il dovuto omaggio soggettivo che ognuno \u00e8 chiamato a fare, a completamento di un discorso, interiore e universale insieme, che trascende e trascender\u00e0 sempre ogni tendenza della storia.\u00bb<\/p>\n\n\n\n<p class=\"wp-block-paragraph\"><strong>AJAC \u2013 All Nations &amp; Japan Artists\u2019 Cooperation<\/strong> \u00e8 stata fondata nel 1975 da artisti contemporanei impegnati a promuovere lo scambio artistico tra nazionalit\u00e0, culture, etnie e generi diversi. L&#8217;associazione sostiene forme di espressione artistica moderne, indipendenti e aperte. OpenArtCode riunisce artisti affermati a livello internazionale, le cui opere spaziano tra un&#8217;ampia variet\u00e0 di media, tecniche e approcci creativi. Uniti dal comune impegno a promuovere il dialogo artistico oltre i confini nazionali, i suoi membri hanno esposto insieme in prestigiose sedi internazionali, tra cui il Grand Palais di Parigi, l&#8217;Auditorium Rainier III di Monaco, la OXO Gallery sulla South Bank di Londra, la Pudong Library e la CEIBS di Shanghai, Palazzo Cavalli Franchetti a Venezia, la Gare Maritime di Cannes e la Basilica di San Lorenzo a Firenze. Pi\u00f9 recentemente, OpenArtCode ha presentato una mostra a Ginevra, in Svizzera.<\/p>\n\n\n\n<p class=\"wp-block-paragraph\">Grazie alla collaborazione con AJAC, <strong>OpenArtCode<\/strong> torna a esporre presso il prestigioso Tokyo Metropolitan Art Museum. Il museo si trova all&#8217;interno di Ueno Park, uno dei principali distretti culturali di Tokyo, che ospita anche istituzioni quali il Tokyo National Museum, il National Museum of Nature and Science e il National Museum of Western Art. La prima edizione di OpenArtCode Tokyo si \u00e8 svolta nel 2016, quando gli artisti del gruppo furono invitati a partecipare alla Mostra AJAC dall&#8217;allora presidente dell&#8217;associazione, Mr Fukaya. L&#8217;invito fu reso possibile grazie al coinvolgimento dell&#8217;artista giapponese di OpenArtCode Kensuke Shimizu, che tuttora coordina i rapporti di AJAC con gli artisti internazionali. L\u2019edizione 2026 rappresenter\u00e0 la sesta edizione di OpenArtCode Tokyo e proseguir\u00e0 il lungo percorso di scambio culturale e artistico tra OpenArtCode, AJAC e il Giappone.<\/p>\n\n\n\n<p class=\"wp-block-paragraph\"><strong>Artisti partecipanti:<\/strong> Lawrence Armstrong (USA), Marieluise Bantel (Germania), Axel Becker (Germania), Anna-Karin Bj\u00f6rk (Norvegia), William Braemer (USA), Lloyd Brooks (USA), Brett Cimino (USA), Diego De Erice (Messico), Jordan Donnelly (Canada), Lore Eckelberry (USA), Anna Galea (Malta), David Gildersleeve (USA), Evelyne Huet (Francia), Sumio Inoue (Giappone), Clara Kim (Corea del Sud), Isolde Mischkot (Austria), Maria Pacheco Cibils (Argentina\/Portogallo), Anna Parisch (Svizzera), Jeannette Rein (Australia), Kensuke Shimizu (Giappone), Susanne Sj\u00f6gren (Svezia), Linda Stella (USA), Wayne Stoner (USA), Karl Stengel (Ungheria), Goga Trascierra (Messico) e Max Werner (Belgio).<\/p>\n\n\n\n<p class=\"wp-block-paragraph\"><strong>Maria Pacheco Cibils<\/strong> \u00e8 designer e artista visiva argentino-portoghese. Le sue opere spaziano tra architettura d\u2019interni, scenografie, ambientazioni, design di oggetti d\u2019arte, pittura ed installazione. Ha collaborato con prestigiose riviste, giornali e canali televisivi. Ha organizzato mostre di artisti e fotografi, spettacoli di teatro e danza contemporanea. Curatrice di diversi brand, ha sviluppato prototipi e grafica degli stessi in Argentina, Paraguay e Italia. Le sue ricerche artistiche sono incentrate su temi primordiali e archetipici, indagando i quattro elementi della natura, radice di tutte le cose immutabili ed eterne e dei processi di trasformazione dell\u2019essere umano. Ha partecipato a numerose mostre personali e collettive in Spagna, Germania, Austria, USA, Croazia, Regno Unito e Italia. Vincitrice del Primo Premio di Pittura \u201cLorenzo il Magnifico\u201d a Florence Biennale 2023; Florence Biennale 2025 Premio &#8220;Lorenzo il Magnifico\u201d, Installation Art Special Commendation from the President; Menzione al merito Luxembourg Art Prize 2021-2022-2024-2025. Attualmente vive e lavora tra l\u2019Italia e l\u2019Argentina.<\/p>\n\n\n\n<p class=\"wp-block-paragraph\"><strong>INFO<\/strong><\/p>\n\n\n\n<p class=\"wp-block-paragraph\"><strong>Mostra<\/strong>: OpenArtCode Tokyo 2026 alla 52\u00aa Mostra AJAC<br \/><strong>Date:<\/strong> 9\u201317 settembre 2026<br \/><strong>Sede<\/strong>: Exhibition Gallery 4, 2\u00b0 piano, Tokyo Metropolitan Art Museum<br \/><strong>Indirizzo<\/strong>: 8-36 Ueno Park, Taito-ku, Tokyo 110-0007, Giappone<br \/><strong>Orari di apertura:<\/strong><br \/>9:30\u201317:30 &#8211; Ultimo ingresso alle 17:00<br \/>9 settembre, giorno di apertura: apertura alle 13:00<br \/>17 settembre, giorno di chiusura: ultimo ingresso alle 14:00; chiusura della mostra alle 15:00<\/p>\n\n\n\n<p class=\"wp-block-paragraph\"><strong>Open Art Code<\/strong><br \/><a href=\"mailto:info@studioabba.com\" target=\"_blank\" rel=\"noopener\">info@studioabba.com<\/a><br \/><a href=\"https:\/\/tokyo.openartcode.com\/?utm_source=chatgpt.com\" target=\"_blank\" rel=\"noopener\">tokyo.openartcode.com<\/a><br \/><a href=\"https:\/\/www.ajac-art.com\/?utm_source=chatgpt.com\" target=\"_blank\" rel=\"noopener\">AJAC \u2013 All Nations &amp; Japan Artists\u2019 Cooperation<\/a><\/p>\n\n\n\n<p class=\"wp-block-paragraph\"><strong>Maria Pacheco Cibils<\/strong><br \/><a href=\"mailto:romastudio2@gmail.com\" target=\"_blank\" rel=\"noopener\">romastudio2@gmail.com<\/a> <a href=\"http:\/\/www.mpachecocibils.com\" target=\"_blank\" rel=\"noopener\">www.mpachecocibils.com<\/a> @<a href=\"https:\/\/www.instagram.com\/mpachecocibils\/\" target=\"_blank\" rel=\"noopener\">mpcachecocibils<\/a><\/p>\n\n\n\n<p class=\"wp-block-paragraph\"><strong>Ufficio Stampa per l\u2019artista<\/strong><br \/><strong>Roberta Melasecca &#8211; Melasecca PressOffice \u2013 Interno 14 next &#8211; blowart<\/strong><br \/>tel 349 494 5612 &#8211; <a href=\"mailto:roberta.melasecca@gmail.com\" target=\"_blank\" rel=\"noopener\">roberta.melasecca@gmail.com<\/a><br \/>Cartella stampa su <a href=\"https:\/\/www.melaseccapressoffice.it\/\" target=\"_blank\" rel=\"noopener\">www.melaseccapressoffice.it<\/a><\/p>\n","protected":false},"excerpt":{"rendered":"<p><span class=\"span-reading-time rt-reading-time\" style=\"display: block;\"><span class=\"rt-label rt-prefix\">\u23f0 lettura <\/span> <span class=\"rt-time\"> 3<\/span> <span class=\"rt-label rt-postfix\">min. <\/p>\n<p><\/span><\/span>Continua il percorso espositivo di Maria Pacheco Cibilsper OpenArtCode Tokyo 2026 alla Mostra AJAC Opening 9 settembre 2026 ore 13.00Dal 9 al 17 settembre 202652\u00aa Mostra AJAC | Tokyo Metropolitan Art Museum Dal 9 al 17 settembre 2026, la designer e artista visiva argentino-portoghese Maria Pacheco Cibils, che da tempo vive e lavora tra Roma&hellip;&nbsp;<a href=\"https:\/\/www.biancoscuro.it\/site\/continua-il-percorso-espositivo-di-maria-pacheco-cibilsper-openartcode-tokyo-2026-alla-mostra-ajac\/\" rel=\"bookmark\">Leggi tutto &raquo;<span class=\"screen-reader-text\">Continua il percorso espositivo di Maria Pacheco Cibilsper OpenArtCode Tokyo 2026 alla Mostra AJAC<\/span><\/a><\/p>\n","protected":false},"author":980,"featured_media":19925,"comment_status":"closed","ping_status":"closed","sticky":false,"template":"","format":"standard","meta":{"_seopress_titles_title":"","_seopress_titles_desc":"","_seopress_robots_index":"","_seopress_robots_follow":"","_seopress_robots_imageindex":"","_seopress_robots_snippet":"","_seopress_robots_primary_cat":"","_seopress_robots_breadcrumbs":"","_seopress_robots_freeze_modified_date":"","_seopress_robots_custom_modified_date":"","_seopress_robots_canonical":"","_seopress_social_fb_title":"","_seopress_social_fb_desc":"","_seopress_social_fb_img":"","_seopress_social_fb_img_attachment_id":0,"_seopress_social_fb_img_width":0,"_seopress_social_fb_img_height":0,"_seopress_social_twitter_title":"","_seopress_social_twitter_desc":"","_seopress_social_twitter_img":"","_seopress_social_twitter_img_attachment_id":0,"_seopress_social_twitter_img_width":0,"_seopress_social_twitter_img_height":0,"_seopress_redirections_value":"","_seopress_redirections_enabled":"","_seopress_redirections_enabled_regex":"","_seopress_redirections_logged_status":"","_seopress_redirections_param":"","_seopress_redirections_type":0,"_seopress_analysis_target_kw":"","neve_meta_sidebar":"","neve_meta_container":"","neve_meta_enable_content_width":"","neve_meta_content_width":0,"neve_meta_title_alignment":"","neve_meta_author_avatar":"","neve_post_elements_order":"","neve_meta_disable_header":"","neve_meta_disable_footer":"","neve_meta_disable_title":"","footnotes":"","jetpack_post_was_ever_published":false},"categories":[5,26,27,24,6],"tags":[],"class_list":["post-19924","post","type-post","status-publish","format-standard","has-post-thumbnail","hentry","category-arte","category-eventi","category-manifestazione","category-mostre","category-pittura"],"jetpack_sharing_enabled":true,"jetpack-related-posts":[{"id":19507,"url":"https:\/\/www.biancoscuro.it\/site\/maria-pacheco-cibils-in-mostra-a-openartcode-florence\/","url_meta":{"origin":19924,"position":0},"title":"Maria Pacheco Cibils in mostra a\u00a0OPENARTCODE FLORENCE","author":"Roberta Melasecca","date":"28 Aprile 2026","format":false,"excerpt":"Maria Pacheco Cibils in mostra a\u00a0OPENARTCODE FLORENCEMostra collettivaVernissage 14 maggio 2026 ore 18.30Palazzo Rosselli Del TurcoVia dei Serragli 17 - FirenzeDal 14 al 29 maggio 2026\u00a0 La designer e artista visiva argentino-portoghese Maria Pacheco Cibils sar\u00e0 uno dei protagonisti della mostra collettiva internazionale OPENARTCODE FLORENCE promossa dal Collettivo Open Art\u2026","rel":"","context":"In &quot;arte&quot;","block_context":{"text":"arte","link":"https:\/\/www.biancoscuro.it\/site\/arte\/"},"img":{"alt_text":"","src":"https:\/\/i0.wp.com\/www.biancoscuro.it\/site\/wp-content\/uploads\/2026\/04\/Opere-in-mostra-Maria-Pacheco-Cibils-copia.jpg?resize=350%2C200&ssl=1","width":350,"height":200,"srcset":"https:\/\/i0.wp.com\/www.biancoscuro.it\/site\/wp-content\/uploads\/2026\/04\/Opere-in-mostra-Maria-Pacheco-Cibils-copia.jpg?resize=350%2C200&ssl=1 1x, https:\/\/i0.wp.com\/www.biancoscuro.it\/site\/wp-content\/uploads\/2026\/04\/Opere-in-mostra-Maria-Pacheco-Cibils-copia.jpg?resize=525%2C300&ssl=1 1.5x, https:\/\/i0.wp.com\/www.biancoscuro.it\/site\/wp-content\/uploads\/2026\/04\/Opere-in-mostra-Maria-Pacheco-Cibils-copia.jpg?resize=700%2C400&ssl=1 2x, https:\/\/i0.wp.com\/www.biancoscuro.it\/site\/wp-content\/uploads\/2026\/04\/Opere-in-mostra-Maria-Pacheco-Cibils-copia.jpg?resize=1050%2C600&ssl=1 3x"},"classes":[]},{"id":5526,"url":"https:\/\/www.biancoscuro.it\/site\/maria-pacheco-cibils-fuoco-della-rigenerazione\/","url_meta":{"origin":19924,"position":1},"title":"Maria Pacheco Cibils. \u201cFuoco o della Rigenerazione\u201d","author":"Roberta Melasecca","date":"21 Maggio 2017","format":false,"excerpt":"Maria Pacheco Cibils. \u201cFuoco o della Rigenerazione\u201d Testo critico in catalogo di Barbara Martusciello 24 maggio 2017 ore 18.00 | Biblioteca Angelica \u2013 Galleria | Roma Mercoled\u00ec 24 maggio 2017 alle ore 18.00 si inaugura a Roma la mostra di pittura \u201cFuoco o della Rigenerazione\u201d dell\u2019artista argentino-portoghese Maria Pacheco Cibils,\u2026","rel":"","context":"In &quot;arte&quot;","block_context":{"text":"arte","link":"https:\/\/www.biancoscuro.it\/site\/arte\/"},"img":{"alt_text":"","src":"https:\/\/i0.wp.com\/www.biancoscuro.it\/site\/wp-content\/uploads\/2017\/05\/Maria-Pacheco-Cibils-Fuoco-web-1.jpg?resize=350%2C200&ssl=1","width":350,"height":200,"srcset":"https:\/\/i0.wp.com\/www.biancoscuro.it\/site\/wp-content\/uploads\/2017\/05\/Maria-Pacheco-Cibils-Fuoco-web-1.jpg?resize=350%2C200&ssl=1 1x, https:\/\/i0.wp.com\/www.biancoscuro.it\/site\/wp-content\/uploads\/2017\/05\/Maria-Pacheco-Cibils-Fuoco-web-1.jpg?resize=525%2C300&ssl=1 1.5x"},"classes":[]},{"id":17833,"url":"https:\/\/www.biancoscuro.it\/site\/maria-pacheco-cibils-in-mostra-a-silenzi-e-pause\/","url_meta":{"origin":19924,"position":2},"title":"Maria Pacheco Cibils in mostra a\u00a0SILENZI E PAUSE","author":"Roberta Melasecca","date":"4 Novembre 2024","format":false,"excerpt":"La designer e artista visiva argentino-portoghese Maria Pacheco Cibils sar\u00e0 uno dei protagonisti della mostra SILENZI E PAUSE - Del suono nel concetto artistico di pieno e vuoto, a cura di Antonio Vastano, promossa da Ritrov\u2019Arte, con il patrocinio del Comune di Fiano Romano, che inaugura il giorno 9 novembre\u2026","rel":"","context":"In &quot;arte&quot;","block_context":{"text":"arte","link":"https:\/\/www.biancoscuro.it\/site\/arte\/"},"img":{"alt_text":"","src":"https:\/\/i0.wp.com\/www.biancoscuro.it\/site\/wp-content\/uploads\/2024\/11\/Maria-Pacheco-Cibils-Flusso-di-vita-dittico-180x360-acrilico-su-tela-2020.jpg?resize=350%2C200&ssl=1","width":350,"height":200,"srcset":"https:\/\/i0.wp.com\/www.biancoscuro.it\/site\/wp-content\/uploads\/2024\/11\/Maria-Pacheco-Cibils-Flusso-di-vita-dittico-180x360-acrilico-su-tela-2020.jpg?resize=350%2C200&ssl=1 1x, https:\/\/i0.wp.com\/www.biancoscuro.it\/site\/wp-content\/uploads\/2024\/11\/Maria-Pacheco-Cibils-Flusso-di-vita-dittico-180x360-acrilico-su-tela-2020.jpg?resize=525%2C300&ssl=1 1.5x, https:\/\/i0.wp.com\/www.biancoscuro.it\/site\/wp-content\/uploads\/2024\/11\/Maria-Pacheco-Cibils-Flusso-di-vita-dittico-180x360-acrilico-su-tela-2020.jpg?resize=700%2C400&ssl=1 2x, https:\/\/i0.wp.com\/www.biancoscuro.it\/site\/wp-content\/uploads\/2024\/11\/Maria-Pacheco-Cibils-Flusso-di-vita-dittico-180x360-acrilico-su-tela-2020.jpg?resize=1050%2C600&ssl=1 3x"},"classes":[]},{"id":17673,"url":"https:\/\/www.biancoscuro.it\/site\/maria-pacheco-cibils-i-colori-dei-sentimenti\/","url_meta":{"origin":19924,"position":3},"title":"Maria Pacheco Cibils &#8211; I colori dei sentimenti","author":"Roberta Melasecca","date":"3 Ottobre 2024","format":false,"excerpt":"Il 14 ottobre 2024 alle ore 18.00 inaugura la mostra I colori dei sentimenti di Maria Pacheco Cibils, a cura di Francesca Barbi Marinetti econ i testi di Francesca Barbi Marinetti e Barbara Volpi, presso le sale della Galleria della Biblioteca Angelica (MiBACT), prestigioso spazio espositivo adibito alle mostre di\u2026","rel":"","context":"In &quot;arte&quot;","block_context":{"text":"arte","link":"https:\/\/www.biancoscuro.it\/site\/arte\/"},"img":{"alt_text":"","src":"https:\/\/i0.wp.com\/www.biancoscuro.it\/site\/wp-content\/uploads\/2024\/10\/Invito-I-colori-dei-sentimenti-copia-e1728307043466.jpeg?resize=350%2C200&ssl=1","width":350,"height":200},"classes":[]},{"id":12451,"url":"https:\/\/www.biancoscuro.it\/site\/maria-pacheco-cibils-luminescenza\/","url_meta":{"origin":19924,"position":4},"title":"Maria Pacheco Cibils &#8211; Luminescenza","author":"Roberta Melasecca","date":"14 Ottobre 2021","format":false,"excerpt":"In occasione della quinta edizione di Rome Art Week, mercoled\u00ec 20 ottobre 2021 alle ore 18.00 inaugura la mostra Luminescenza di Maria Pacheco Cibils, a cura di Roberta Melasecca, presso le sale della Galleria della Biblioteca Angelica (MiBACT), prestigioso spazio espositivo adibito alle mostre di arte contemporanea. In mostra diciassette\u2026","rel":"","context":"In &quot;arte&quot;","block_context":{"text":"arte","link":"https:\/\/www.biancoscuro.it\/site\/arte\/"},"img":{"alt_text":"","src":"https:\/\/i0.wp.com\/www.biancoscuro.it\/site\/wp-content\/uploads\/2021\/10\/Invito-Luminescenza-e1634810292350.jpeg?resize=350%2C200&ssl=1","width":350,"height":200},"classes":[]},{"id":17567,"url":"https:\/\/www.biancoscuro.it\/site\/maria-pacheco-cibils-in-mostra-a-look-at-art\/","url_meta":{"origin":19924,"position":5},"title":"Maria Pacheco Cibils in mostra a LOOK AT ART","author":"Roberta Melasecca","date":"3 Settembre 2024","format":false,"excerpt":"La designer e artista visiva argentino-portoghese Maria Pacheco Cibils sar\u00e0 uno dei protagonisti di LOOK AT ART - Contemporary Art Exhibition, progetto promosso da Jelmoni Studio Gallery, a cura di Elena Jelmoni, che inaugura il giorno 27 settembre 2024 alle ore 18.00 presso il Centro Culturale di Milano.\u00a0 L'arte si\u2026","rel":"","context":"In &quot;arte&quot;","block_context":{"text":"arte","link":"https:\/\/www.biancoscuro.it\/site\/arte\/"},"img":{"alt_text":"","src":"https:\/\/i0.wp.com\/www.biancoscuro.it\/site\/wp-content\/uploads\/2024\/09\/LOOK-AT-ART-INVITO-DIGITALE-e1726133376464.jpg?resize=350%2C200&ssl=1","width":350,"height":200},"classes":[]}],"jetpack_featured_media_url":"https:\/\/www.biancoscuro.it\/site\/wp-content\/uploads\/2026\/09\/Opere-in-mostra-Maria-Pacheco-Cibils.jpg","_links":{"self":[{"href":"https:\/\/www.biancoscuro.it\/site\/wp-json\/wp\/v2\/posts\/19924","targetHints":{"allow":["GET"]}}],"collection":[{"href":"https:\/\/www.biancoscuro.it\/site\/wp-json\/wp\/v2\/posts"}],"about":[{"href":"https:\/\/www.biancoscuro.it\/site\/wp-json\/wp\/v2\/types\/post"}],"author":[{"embeddable":true,"href":"https:\/\/www.biancoscuro.it\/site\/wp-json\/wp\/v2\/users\/980"}],"replies":[{"embeddable":true,"href":"https:\/\/www.biancoscuro.it\/site\/wp-json\/wp\/v2\/comments?post=19924"}],"version-history":[{"count":1,"href":"https:\/\/www.biancoscuro.it\/site\/wp-json\/wp\/v2\/posts\/19924\/revisions"}],"predecessor-version":[{"id":19926,"href":"https:\/\/www.biancoscuro.it\/site\/wp-json\/wp\/v2\/posts\/19924\/revisions\/19926"}],"wp:featuredmedia":[{"embeddable":true,"href":"https:\/\/www.biancoscuro.it\/site\/wp-json\/wp\/v2\/media\/19925"}],"wp:attachment":[{"href":"https:\/\/www.biancoscuro.it\/site\/wp-json\/wp\/v2\/media?parent=19924"}],"wp:term":[{"taxonomy":"category","embeddable":true,"href":"https:\/\/www.biancoscuro.it\/site\/wp-json\/wp\/v2\/categories?post=19924"},{"taxonomy":"post_tag","embeddable":true,"href":"https:\/\/www.biancoscuro.it\/site\/wp-json\/wp\/v2\/tags?post=19924"}],"curies":[{"name":"wp","href":"https:\/\/api.w.org\/{rel}","templated":true}]}}