{"id":19928,"date":"2026-09-02T09:46:28","date_gmt":"2026-09-02T07:46:28","guid":{"rendered":"https:\/\/www.biancoscuro.it\/site\/?p=19928"},"modified":"2026-09-02T09:46:30","modified_gmt":"2026-09-02T07:46:30","slug":"rapsodia-di-terre","status":"publish","type":"post","link":"https:\/\/www.biancoscuro.it\/site\/rapsodia-di-terre\/","title":{"rendered":"Rapsodia di Terre"},"content":{"rendered":"<span class=\"span-reading-time rt-reading-time\" style=\"display: block;\"><span class=\"rt-label rt-prefix\">\u23f0 lettura <\/span> <span class=\"rt-time\"> 4<\/span> <span class=\"rt-label rt-postfix\">min. <br><br><\/span><\/span>\n<figure class=\"wp-block-image size-large\"><img alt=\"\" loading=\"lazy\" decoding=\"async\" width=\"724\" height=\"1024\" src=\"https:\/\/www.biancoscuro.it\/site\/wp-content\/uploads\/2026\/09\/Locandina-Rapsodie-di-Terre-724x1024.jpg\" alt=\"\" class=\"wp-image-19929\" srcset=\"https:\/\/www.biancoscuro.it\/site\/wp-content\/uploads\/2026\/09\/Locandina-Rapsodie-di-Terre-724x1024.jpg 724w, https:\/\/www.biancoscuro.it\/site\/wp-content\/uploads\/2026\/09\/Locandina-Rapsodie-di-Terre-212x300.jpg 212w, https:\/\/www.biancoscuro.it\/site\/wp-content\/uploads\/2026\/09\/Locandina-Rapsodie-di-Terre-1086x1536.jpg 1086w, https:\/\/www.biancoscuro.it\/site\/wp-content\/uploads\/2026\/09\/Locandina-Rapsodie-di-Terre-768x1086.jpg 768w, https:\/\/www.biancoscuro.it\/site\/wp-content\/uploads\/2026\/09\/Locandina-Rapsodie-di-Terre.jpg 1200w\" sizes=\"auto, (max-width: 724px) 100vw, 724px\" \/><\/figure>\n\n\n\n<p class=\"wp-block-paragraph\"><strong>RAPSODIA DI TERRE\u2028\u2028<\/strong><br \/><strong>Sculture di \u2028Elettra Cipriani, Franco Ciuti, Pirjo Eronen, Riccardo Paolucci<\/strong><br \/>A cura di Maria Grazia Morsella<\/p>\n\n\n\n<p class=\"wp-block-paragraph\"><strong>Inaugurazione 22 settembre 2026 ore 18.00<\/strong><br \/><strong>I Love Ceramica Gallery<\/strong><br \/>Via Ferdinando Palasciano 42 &#8211; Roma<br \/><em>Fino al 3 ottobre 2026<\/em><\/p>\n\n\n\n<p class=\"wp-block-paragraph\">Il giorno 22 settembre 2026 alle ore 18.00, I Love Ceramica presenta, nel nuovo spazio I Love Ceramica Gallery, la mostra <strong>Rapsodia di Terre<\/strong> con le opere di <strong>Elettra Cipriani, Franco Ciuti, Pirjo Eronen, Riccardo Paolucci, a cura di Maria Grazia Morsella.&nbsp;<\/strong><\/p>\n\n\n\n<p class=\"wp-block-paragraph\">La rapsodia \u00e8 un componimento che raccoglie elementi diversi tra loro in forma libera. Nella totale libert\u00e0 di espressione ogni opera in mostra si esprime con il proprio carattere: le forme organiche di Pirjo Eronen, le porcellane di Elettra Cipriani, le onde concettuali di Franco Ciuti, le linee di Riccardo Paolucci.&nbsp;<\/p>\n\n\n\n<p class=\"wp-block-paragraph\">Con cotture a legna, sperimentazioni con gli ossidi, astrazione delle forme, attenzione ai dettagli, ogni artista esprime la propria ricerca personale: come in un coro, ogni voce si confronta con le altre, evidenziando gli elementi di connessione e differenza.&nbsp;<\/p>\n\n\n\n<p class=\"wp-block-paragraph\"><strong>BIOGRAFIE<\/strong><\/p>\n\n\n\n<p class=\"wp-block-paragraph\"><strong>Elettra Cipriani<\/strong> nasce a Firenze in una famiglia di musicisti. Durante gli anni dell&#8217;adolescenza si trasferisce a Roma dove frequenta il Liceo Artistico senza mai abbandonare la musica che sar\u00e0 fondamentale nello sviluppo della sua sensibilit\u00e0 e creativit\u00e0 nonch\u00e9 stimolante fonte di ispirazione. Matura presto un vivo interesse per la ceramica che la porta a farne una scelta professionale. Nel 1978 avvia la sua attivit\u00e0 di ceramista. &nbsp;La consapevolezza di una scarsa attenzione dell&#8217;Arte Ceramica in Italia, la spinge a trasmettere le sue competenze attraverso l&#8217;insegnamento, costituendo l&#8217;Associazione Culturale L&#8217;albero di Terracotta. Numerose sono le mostre personali e le sue partecipazioni a mostre collettive: tra le pi\u00f9 degne di nota la partecipazione alla mostra La scultura ceramica contemporanea in Italia alla Galleria Nazionale D\u2019arte Moderna di Roma. www.alberoditerracotta.it<\/p>\n\n\n\n<p class=\"wp-block-paragraph\"><strong>Franco Ciuti<\/strong> (Roma, 1938), ha frequentato l&#8217;Istituto d&#8217;Arte avendo per maestri Pericle Fazzini e Leoncillo. L&#8217;influenza di Leoncillo ha segnato le sue prime opere esposte al Palazo delle Esposizioni in Roma nel 1961, alla terza Mostra Nazionale d&#8217;Arte dei giovani. Seguono una serie di mostre collettive a Teroli e ad Avezzano, dove \u00e8 in compagnia di artisti come Pascali e Kounellis. La sua prima grande mostra personale, presso la Galleria Lo Scorpio in Roma \u00e8 del 1964. Seguono anni di intenso lavoro: nel 1975 espone alla Galleria I Due Mondi, alla Galleria Ada Zunino, alla Galleria Argentario di Trento e alla Biennale di Campione d&#8217;Italia. Nel novembre del 1985 espone a Palazzo Barberini in Roma e nel 1986 viene invitato ad esporre all&#8217;Istituto di Cultura di S. Francisco, Ca. Rimarr\u00e0 negli Stati Uniti con una serie di mostre in gallerie private e in Musei pubblici. Ritornato in Italia espone una personale all&#8217;Associazione Culturale Progetto in Roma (1995) e in una personale alla Galleria Nader di Santo Domingo. Nel 1996 espone una serie di grandi bronzi alla Galleria Framart Studio in Napoli e nello stesso anno alla Galleria Luckman Fine Art di Los Angeles. Nel 1999 espone alla galleria Varart di Firenze. Le sue ultime opere degli anni &#8217;90 si possono definire come &#8221; architetture imponderabili &#8221; in cui il peso materiale tende allo stato di leggerezza o levitazione. www.francociutiscultore.it<\/p>\n\n\n\n<p class=\"wp-block-paragraph\"><strong>Pirjo Eronen<\/strong>, nata in Finlandia, laureata presso l\u2019Universit\u00e0 di Tecnologia nella Facolt\u00e0 di Arti Grafiche di Otaniemi e l\u2019Universit\u00e0 di Arte e design nella facolt\u00e0 di design grafica in Helsinki. Negli anni Novanta ha studiato alla scuola di ceramica di Posio in Finlandia e ha proseguito gli studi presso l\u2019istituto d\u2019Arte per la ceramica in Faenza. Dal 1998 vive a Tolfa (Roma). Dal 2000 \u00e8 membro dell\u2019associazione Finlandese per l\u2019arte e il design Ornamo. &nbsp;Ha creato una rete di contatti fra ceramisti provenienti da Finlandia, Norvegia e Italia e dal 2013, in collaborazione con il Polo culturale di Tolfa e centro studi Itali-Norvegese, ha dato la vita a manifestazioni di ceramica. La cottura a legna e il viaggio di studi in Giappone nel 2018 e la partecipazione al festival di ceramica di Sasama in Giappone nel 2019 hanno avuto un profondo impatto sulle sue opere recenti. Ha partecipato a numerose mostre in Finlandia, Italia, Norvegia, Austria, Stati Uniti, Giappone, Taiwan e Spagna e sue opere sono presenti nelle collezioni pubbliche: MIC di Faenza, Museo della ceramica Yingko di Taipei, Collezione permanente nella Prefettura di Miyagi in Giappone, Museo della ceramica di Manises in Spagna. https:\/\/laboratorioboschivotolfa.jimdofree.com<\/p>\n\n\n\n<p class=\"wp-block-paragraph\"><strong>Riccardo Paolucci<\/strong> (Busto Arsizio, 1958), scultore ceramista di formazione faentina, ha prestato la propria opera per le ceramiche \u201cDemode\u2019\u201d, la \u201cNova Arretina Ars\u201d e diverse scenografie cinematografiche. Attualmente gestisce un laboratorio a Velletri dove esegue sculture e rivestimenti per committenti pubblici e privati, offrendo la sua professionalit\u00e0 in consulenze e corsi di ceramica. https:\/\/www.facebook.com\/share\/14rKz54HkDi\/<\/p>\n\n\n\n<figure class=\"wp-block-gallery has-nested-images columns-2 is-cropped wp-block-gallery-1 is-layout-flex wp-block-gallery-is-layout-flex\">\n<figure class=\"wp-block-image size-large\"><img alt=\"\" loading=\"lazy\" decoding=\"async\" width=\"1024\" height=\"683\" data-id=\"19930\" src=\"https:\/\/www.biancoscuro.it\/site\/wp-content\/uploads\/2026\/09\/Elettra-Cipriani-Anemoni-Rettangolari-Trittico-2022-paperclay-di-porcellana-ox-cobalto-cottura-in-ossidazione-1280\u00b0-1024x683.jpg\" alt=\"\" class=\"wp-image-19930\" srcset=\"https:\/\/www.biancoscuro.it\/site\/wp-content\/uploads\/2026\/09\/Elettra-Cipriani-Anemoni-Rettangolari-Trittico-2022-paperclay-di-porcellana-ox-cobalto-cottura-in-ossidazione-1280\u00b0-1024x683.jpg 1024w, https:\/\/www.biancoscuro.it\/site\/wp-content\/uploads\/2026\/09\/Elettra-Cipriani-Anemoni-Rettangolari-Trittico-2022-paperclay-di-porcellana-ox-cobalto-cottura-in-ossidazione-1280\u00b0-768x512.jpg 768w, https:\/\/www.biancoscuro.it\/site\/wp-content\/uploads\/2026\/09\/Elettra-Cipriani-Anemoni-Rettangolari-Trittico-2022-paperclay-di-porcellana-ox-cobalto-cottura-in-ossidazione-1280\u00b0-930x620.jpg 930w, https:\/\/www.biancoscuro.it\/site\/wp-content\/uploads\/2026\/09\/Elettra-Cipriani-Anemoni-Rettangolari-Trittico-2022-paperclay-di-porcellana-ox-cobalto-cottura-in-ossidazione-1280\u00b0-300x200.jpg 300w, https:\/\/www.biancoscuro.it\/site\/wp-content\/uploads\/2026\/09\/Elettra-Cipriani-Anemoni-Rettangolari-Trittico-2022-paperclay-di-porcellana-ox-cobalto-cottura-in-ossidazione-1280\u00b0.jpg 1200w\" sizes=\"auto, (max-width: 1024px) 100vw, 1024px\" \/><\/figure>\n\n\n\n<figure class=\"wp-block-image size-large\"><img alt=\"\" loading=\"lazy\" decoding=\"async\" width=\"1024\" height=\"683\" data-id=\"19932\" src=\"https:\/\/www.biancoscuro.it\/site\/wp-content\/uploads\/2026\/09\/Pirjo-Eronen-I-Semi-Gres-Costruzione-a-mano-Cottura-forno-a-legna-Atmosfera-riducente-1280\u00b0-1024x683.jpeg\" alt=\"\" class=\"wp-image-19932\" srcset=\"https:\/\/www.biancoscuro.it\/site\/wp-content\/uploads\/2026\/09\/Pirjo-Eronen-I-Semi-Gres-Costruzione-a-mano-Cottura-forno-a-legna-Atmosfera-riducente-1280\u00b0-1024x683.jpeg 1024w, https:\/\/www.biancoscuro.it\/site\/wp-content\/uploads\/2026\/09\/Pirjo-Eronen-I-Semi-Gres-Costruzione-a-mano-Cottura-forno-a-legna-Atmosfera-riducente-1280\u00b0-300x200.jpeg 300w, https:\/\/www.biancoscuro.it\/site\/wp-content\/uploads\/2026\/09\/Pirjo-Eronen-I-Semi-Gres-Costruzione-a-mano-Cottura-forno-a-legna-Atmosfera-riducente-1280\u00b0-930x620.jpeg 930w, https:\/\/www.biancoscuro.it\/site\/wp-content\/uploads\/2026\/09\/Pirjo-Eronen-I-Semi-Gres-Costruzione-a-mano-Cottura-forno-a-legna-Atmosfera-riducente-1280\u00b0-768x512.jpeg 768w, https:\/\/www.biancoscuro.it\/site\/wp-content\/uploads\/2026\/09\/Pirjo-Eronen-I-Semi-Gres-Costruzione-a-mano-Cottura-forno-a-legna-Atmosfera-riducente-1280\u00b0.jpeg 1200w\" sizes=\"auto, (max-width: 1024px) 100vw, 1024px\" \/><\/figure>\n\n\n\n<figure class=\"wp-block-image size-large\"><img alt=\"\" loading=\"lazy\" decoding=\"async\" width=\"768\" height=\"1024\" data-id=\"19931\" src=\"https:\/\/www.biancoscuro.it\/site\/wp-content\/uploads\/2026\/09\/Franco-Ciuti-APERTURA-2017-Ceramica-smaltata-20cm-x-9-cm-x-h-49cm-768x1024-1.jpg\" alt=\"\" class=\"wp-image-19931\" srcset=\"https:\/\/www.biancoscuro.it\/site\/wp-content\/uploads\/2026\/09\/Franco-Ciuti-APERTURA-2017-Ceramica-smaltata-20cm-x-9-cm-x-h-49cm-768x1024-2.jpg 768w, https:\/\/www.biancoscuro.it\/site\/wp-content\/uploads\/2026\/09\/Franco-Ciuti-APERTURA-2017-Ceramica-smaltata-20cm-x-9-cm-x-h-49cm-225x300-1.jpg 225w, https:\/\/www.biancoscuro.it\/site\/wp-content\/uploads\/2026\/09\/Franco-Ciuti-APERTURA-2017-Ceramica-smaltata-20cm-x-9-cm-x-h-49cm-.jpg 1086w\" sizes=\"auto, (max-width: 768px) 100vw, 768px\" \/><\/figure>\n\n\n\n<figure class=\"wp-block-image size-large\"><img alt=\"\" loading=\"lazy\" decoding=\"async\" width=\"768\" height=\"1024\" data-id=\"19933\" src=\"https:\/\/www.biancoscuro.it\/site\/wp-content\/uploads\/2026\/09\/Riccardo-Paolucci-e-Dio-mi-fece-Donna-2024-Gres-smaltato-Colombino-h-1m-45cm-768x1024-1.jpg\" alt=\"\" class=\"wp-image-19933\" srcset=\"https:\/\/www.biancoscuro.it\/site\/wp-content\/uploads\/2026\/09\/Riccardo-Paolucci-e-Dio-mi-fece-Donna-2024-Gres-smaltato-Colombino-h-1m-45cm-768x1024-1.jpg 768w, https:\/\/www.biancoscuro.it\/site\/wp-content\/uploads\/2026\/09\/Riccardo-Paolucci-e-Dio-mi-fece-Donna-2024-Gres-smaltato-Colombino-h-1m-45cm-225x300.jpg 225w, https:\/\/www.biancoscuro.it\/site\/wp-content\/uploads\/2026\/09\/Riccardo-Paolucci-e-Dio-mi-fece-Donna-2024-Gres-smaltato-Colombino-h-1m-45cm.jpg 1086w\" sizes=\"auto, (max-width: 768px) 100vw, 768px\" \/><\/figure>\n<\/figure>\n\n\n\n<p class=\"wp-block-paragraph\"><strong>INFO<\/strong><\/p>\n\n\n\n<p class=\"wp-block-paragraph\"><strong>RAPSODIA DI TERRE<\/strong><br \/><strong>Sculture di \u2028Elettra Cipriani, Franco Ciuti, Pirjo Eronen, Riccardo Paolucci<\/strong><br \/><strong>A cura di Maria Grazia Morsella<\/strong><\/p>\n\n\n\n<p class=\"wp-block-paragraph\"><strong>Inaugurazione 22 settembre 2026 ore 18.00-21.00<\/strong><br \/><strong>Fino al 3 ottobre 2026\u2028<\/strong><br \/><strong>Orari:<\/strong> dal 23 settembre al 2 ottobre 16.00-19.00; domenica 27 settembre chiuso&nbsp;<br \/><strong>Finissage 3 ottobre 18.00-21.00&nbsp;<\/strong><br \/>Mattina su appuntamento: tel 3389161217 &#8211; 3668040886 &#8211; 3200634682<br \/>Ingresso Libero<\/p>\n\n\n\n<p class=\"wp-block-paragraph\"><strong>I Love Ceramica Gallery<\/strong><br \/>Via Ferdinando Palasciano 42 &#8211; Roma\u2028contatti: 3389161217 &#8211; 3668040886 &#8211; 3200634682\u2028iloveceramica@gmail.com &#8211; www.iloveceramica.com<\/p>\n\n\n\n<p class=\"wp-block-paragraph\"><strong>Ufficio stampa \u2028<\/strong><br \/><strong>Roberta Melasecca_associazione blowart\u2028<\/strong><br \/>roberta.melasecca@gmail.com &#8211; info@melaseccapressoffice.it &#8211; tel. 3494945612\u2028<br \/>cartella stampa su www.melaseccapressoffice.it<\/p>\n","protected":false},"excerpt":{"rendered":"<p><span class=\"span-reading-time rt-reading-time\" style=\"display: block;\"><span class=\"rt-label rt-prefix\">\u23f0 lettura <\/span> <span class=\"rt-time\"> 4<\/span> <span class=\"rt-label rt-postfix\">min. <\/p>\n<p><\/span><\/span>RAPSODIA DI TERRE\u2028\u2028Sculture di \u2028Elettra Cipriani, Franco Ciuti, Pirjo Eronen, Riccardo PaolucciA cura di Maria Grazia Morsella Inaugurazione 22 settembre 2026 ore 18.00I Love Ceramica GalleryVia Ferdinando Palasciano 42 &#8211; RomaFino al 3 ottobre 2026 Il giorno 22 settembre 2026 alle ore 18.00, I Love Ceramica presenta, nel nuovo spazio I Love Ceramica Gallery, la&hellip;&nbsp;<a href=\"https:\/\/www.biancoscuro.it\/site\/rapsodia-di-terre\/\" rel=\"bookmark\">Leggi tutto &raquo;<span class=\"screen-reader-text\">Rapsodia di Terre<\/span><\/a><\/p>\n","protected":false},"author":980,"featured_media":19935,"comment_status":"closed","ping_status":"closed","sticky":false,"template":"","format":"standard","meta":{"_seopress_titles_title":"","_seopress_titles_desc":"","_seopress_robots_index":"","_seopress_robots_follow":"","_seopress_robots_imageindex":"","_seopress_robots_snippet":"","_seopress_robots_primary_cat":"","_seopress_robots_breadcrumbs":"","_seopress_robots_freeze_modified_date":"","_seopress_robots_custom_modified_date":"","_seopress_robots_canonical":"","_seopress_social_fb_title":"","_seopress_social_fb_desc":"","_seopress_social_fb_img":"","_seopress_social_fb_img_attachment_id":0,"_seopress_social_fb_img_width":0,"_seopress_social_fb_img_height":0,"_seopress_social_twitter_title":"","_seopress_social_twitter_desc":"","_seopress_social_twitter_img":"","_seopress_social_twitter_img_attachment_id":0,"_seopress_social_twitter_img_width":0,"_seopress_social_twitter_img_height":0,"_seopress_redirections_value":"","_seopress_redirections_enabled":"","_seopress_redirections_enabled_regex":"","_seopress_redirections_logged_status":"","_seopress_redirections_param":"","_seopress_redirections_type":0,"_seopress_analysis_target_kw":"","neve_meta_sidebar":"","neve_meta_container":"","neve_meta_enable_content_width":"","neve_meta_content_width":0,"neve_meta_title_alignment":"","neve_meta_author_avatar":"","neve_post_elements_order":"","neve_meta_disable_header":"","neve_meta_disable_footer":"","neve_meta_disable_title":"","footnotes":"","jetpack_post_was_ever_published":false},"categories":[5,26,24,7],"tags":[],"class_list":["post-19928","post","type-post","status-publish","format-standard","has-post-thumbnail","hentry","category-arte","category-eventi","category-mostre","category-scultura"],"jetpack_sharing_enabled":true,"jetpack-related-posts":[{"id":15615,"url":"https:\/\/www.biancoscuro.it\/site\/gattomondo-mostra-collettiva-di-ceramiche-e-illustrazioni\/","url_meta":{"origin":19928,"position":0},"title":"Gattomondo &#8211; Mostra collettiva di ceramiche e illustrazioni","author":"Roberta Melasecca","date":"7 Marzo 2023","format":false,"excerpt":"Dal 17 al 19 marzo 2023 l\u2019Associazione I love cercamica presenta la prima edizione di Ars artis con l\u2019iniziativaGattomondo, un\u2019esposizione corale di ceramisti ed illustratori che condividono la comune passione per il \u201cgatto\u201d, animale esoterico, elastico, elegante, simbolo del femminile, ma anche tenero e pigro, buffo e insieme magnetico e\u2026","rel":"","context":"In &quot;arte&quot;","block_context":{"text":"arte","link":"https:\/\/www.biancoscuro.it\/site\/arte\/"},"img":{"alt_text":"","src":"https:\/\/i0.wp.com\/www.biancoscuro.it\/site\/wp-content\/uploads\/2023\/03\/Immagine-guida-Gattomondo999.jpg?resize=350%2C200&ssl=1","width":350,"height":200,"srcset":"https:\/\/i0.wp.com\/www.biancoscuro.it\/site\/wp-content\/uploads\/2023\/03\/Immagine-guida-Gattomondo999.jpg?resize=350%2C200&ssl=1 1x, https:\/\/i0.wp.com\/www.biancoscuro.it\/site\/wp-content\/uploads\/2023\/03\/Immagine-guida-Gattomondo999.jpg?resize=525%2C300&ssl=1 1.5x, https:\/\/i0.wp.com\/www.biancoscuro.it\/site\/wp-content\/uploads\/2023\/03\/Immagine-guida-Gattomondo999.jpg?resize=700%2C400&ssl=1 2x"},"classes":[]},{"id":9000,"url":"https:\/\/www.biancoscuro.it\/site\/riccardo-monachesi-diverso-amore-diversa-psiche\/","url_meta":{"origin":19928,"position":1},"title":"Riccardo Monachesi &#8211; Diverso Amore, Diversa Psiche","author":"Roberta Melasecca","date":"7 Aprile 2019","format":false,"excerpt":"Riccardo MonachesiDiverso Amore, Diversa Psiche Fuochi Incrociati\u00a0 Forze Sciamaniche Fra Spazio Terra e Corpi Un ciclo di mostre a cura di Gianluca Peluffo Inaugurazione 9 aprile 2019 ore 18.30 | Canova22 | Roma Fino al 30 aprile 2019 Si conclude il 9 aprile 2019, con la personale Diverso Amore, Diversa\u2026","rel":"","context":"In &quot;arte&quot;","block_context":{"text":"arte","link":"https:\/\/www.biancoscuro.it\/site\/arte\/"},"img":{"alt_text":"","src":"https:\/\/i0.wp.com\/www.biancoscuro.it\/site\/wp-content\/uploads\/2019\/04\/Ali_05.jpg?resize=350%2C200&ssl=1","width":350,"height":200,"srcset":"https:\/\/i0.wp.com\/www.biancoscuro.it\/site\/wp-content\/uploads\/2019\/04\/Ali_05.jpg?resize=350%2C200&ssl=1 1x, https:\/\/i0.wp.com\/www.biancoscuro.it\/site\/wp-content\/uploads\/2019\/04\/Ali_05.jpg?resize=525%2C300&ssl=1 1.5x"},"classes":[]},{"id":5674,"url":"https:\/\/www.biancoscuro.it\/site\/il-codice-vulci\/","url_meta":{"origin":19928,"position":2},"title":"Il Codice Vulci","author":"Roberta Melasecca","date":"5 Luglio 2017","format":false,"excerpt":"\u00a0 Il Codice Vulci A cura di Gianna Besson Inaugurazione 8 luglio 2017 ore 18.00 Domus del Criptoportico Parco Archeologico e Naturalistico di Vulci (VT) Inaugurazione 8 luglio 2017 ore 11.00 Ex Convento di San Francesco Museo della ricerca Archeologica di Vulci, a Canino (VT) In mostra la forza poetica\u2026","rel":"","context":"In &quot;arte&quot;","block_context":{"text":"arte","link":"https:\/\/www.biancoscuro.it\/site\/arte\/"},"img":{"alt_text":"","src":"https:\/\/i0.wp.com\/www.biancoscuro.it\/site\/wp-content\/uploads\/2017\/07\/immagine-tomba-delle-iscrizioniweb-1.jpg?resize=350%2C200&ssl=1","width":350,"height":200,"srcset":"https:\/\/i0.wp.com\/www.biancoscuro.it\/site\/wp-content\/uploads\/2017\/07\/immagine-tomba-delle-iscrizioniweb-1.jpg?resize=350%2C200&ssl=1 1x, https:\/\/i0.wp.com\/www.biancoscuro.it\/site\/wp-content\/uploads\/2017\/07\/immagine-tomba-delle-iscrizioniweb-1.jpg?resize=525%2C300&ssl=1 1.5x"},"classes":[]},{"id":8748,"url":"https:\/\/www.biancoscuro.it\/site\/danilo-trogu-uno-sguardo\/","url_meta":{"origin":19928,"position":3},"title":"Danilo Trogu &#8211; Uno Sguardo","author":"Roberta Melasecca","date":"23 Febbraio 2019","format":false,"excerpt":"Il giorno 5 marzo 2019 alle ore 18.30, Canova22 presenta la personale Uno Sguardo di Danilo Trogu: l\u2019esposizione \u00e8 la prima di un ciclodi mostre a cura di Gianluca Peluffo, dal titolo Fuochi Incrociati. Forze Sciamaniche Fra Spazio Terra e Corpi, che proseguir\u00e0 fino ad aprile con i lavori di\u2026","rel":"","context":"In &quot;arte&quot;","block_context":{"text":"arte","link":"https:\/\/www.biancoscuro.it\/site\/arte\/"},"img":{"alt_text":"","src":"https:\/\/i0.wp.com\/www.biancoscuro.it\/site\/wp-content\/uploads\/2019\/02\/Danilo-Trogu-copia.jpg?resize=350%2C200&ssl=1","width":350,"height":200,"srcset":"https:\/\/i0.wp.com\/www.biancoscuro.it\/site\/wp-content\/uploads\/2019\/02\/Danilo-Trogu-copia.jpg?resize=350%2C200&ssl=1 1x, https:\/\/i0.wp.com\/www.biancoscuro.it\/site\/wp-content\/uploads\/2019\/02\/Danilo-Trogu-copia.jpg?resize=525%2C300&ssl=1 1.5x, https:\/\/i0.wp.com\/www.biancoscuro.it\/site\/wp-content\/uploads\/2019\/02\/Danilo-Trogu-copia.jpg?resize=700%2C400&ssl=1 2x"},"classes":[]},{"id":7749,"url":"https:\/\/www.biancoscuro.it\/site\/franco-cenci-matilde-cenci-itinerario-p-alla-ricerca-dellarca-perduta\/","url_meta":{"origin":19928,"position":4},"title":"Franco Cenci &#8211; Matilde Cenci. ITINERARIO P &#8211; Alla ricerca dell\u2019arca perduta","author":"Roberta Melasecca","date":"10 Settembre 2018","format":false,"excerpt":"Franco Cenci - Matilde Cenci. ITINERARIO P - Alla ricerca dell\u2019arca perduta a cura di Michela Becchis organizzazione Roberta Melasecca Interno 14 next 11 settembre 2018 ore 19.00 | 28 Piazza di Pietra Fine Art Gallery | Roma Il giorno 11 settembre 2018 alle ore 19.00 inaugura, presso gli spazi\u2026","rel":"","context":"In &quot;arte&quot;","block_context":{"text":"arte","link":"https:\/\/www.biancoscuro.it\/site\/arte\/"},"img":{"alt_text":"","src":"https:\/\/i0.wp.com\/www.biancoscuro.it\/site\/wp-content\/uploads\/2018\/09\/loc-itinerario-P-orizzontale-web-1.jpg?resize=350%2C200&ssl=1","width":350,"height":200,"srcset":"https:\/\/i0.wp.com\/www.biancoscuro.it\/site\/wp-content\/uploads\/2018\/09\/loc-itinerario-P-orizzontale-web-1.jpg?resize=350%2C200&ssl=1 1x, https:\/\/i0.wp.com\/www.biancoscuro.it\/site\/wp-content\/uploads\/2018\/09\/loc-itinerario-P-orizzontale-web-1.jpg?resize=525%2C300&ssl=1 1.5x, https:\/\/i0.wp.com\/www.biancoscuro.it\/site\/wp-content\/uploads\/2018\/09\/loc-itinerario-P-orizzontale-web-1.jpg?resize=700%2C400&ssl=1 2x"},"classes":[]},{"id":19777,"url":"https:\/\/www.biancoscuro.it\/site\/germogliati-semi-omaggio-a-joseph-beuys-nel-quarantennale-della-scomparsa\/","url_meta":{"origin":19928,"position":5},"title":"L&#8217;eredit\u00e0 di Joseph Beuys germoglia all&#8217;Aquila","author":"Roberta Melasecca","date":"22 Luglio 2026","format":false,"excerpt":"Dal 30 luglio al 5 settembre 2026, il suggestivo Orto Botanico della Basilica di S. Maria di Collemaggio si trasforma in un laboratorio di ecologia dell'anima con la mostra \"Germogliati semi\". A quarant'anni dalla scomparsa di Joseph Beuys, oltre trenta artisti internazionali omaggiano il maestro tedesco per la VI edizione\u2026","rel":"","context":"In &quot;arte&quot;","block_context":{"text":"arte","link":"https:\/\/www.biancoscuro.it\/site\/arte\/"},"img":{"alt_text":"","src":"https:\/\/i0.wp.com\/www.biancoscuro.it\/site\/wp-content\/uploads\/2026\/07\/Gianfranco-DAlonzo.jpg?resize=350%2C200&ssl=1","width":350,"height":200},"classes":[]}],"jetpack_featured_media_url":"https:\/\/www.biancoscuro.it\/site\/wp-content\/uploads\/2026\/09\/Locandina-Rapsodie-di-Terre-copia.jpg","_links":{"self":[{"href":"https:\/\/www.biancoscuro.it\/site\/wp-json\/wp\/v2\/posts\/19928","targetHints":{"allow":["GET"]}}],"collection":[{"href":"https:\/\/www.biancoscuro.it\/site\/wp-json\/wp\/v2\/posts"}],"about":[{"href":"https:\/\/www.biancoscuro.it\/site\/wp-json\/wp\/v2\/types\/post"}],"author":[{"embeddable":true,"href":"https:\/\/www.biancoscuro.it\/site\/wp-json\/wp\/v2\/users\/980"}],"replies":[{"embeddable":true,"href":"https:\/\/www.biancoscuro.it\/site\/wp-json\/wp\/v2\/comments?post=19928"}],"version-history":[{"count":1,"href":"https:\/\/www.biancoscuro.it\/site\/wp-json\/wp\/v2\/posts\/19928\/revisions"}],"predecessor-version":[{"id":19936,"href":"https:\/\/www.biancoscuro.it\/site\/wp-json\/wp\/v2\/posts\/19928\/revisions\/19936"}],"wp:featuredmedia":[{"embeddable":true,"href":"https:\/\/www.biancoscuro.it\/site\/wp-json\/wp\/v2\/media\/19935"}],"wp:attachment":[{"href":"https:\/\/www.biancoscuro.it\/site\/wp-json\/wp\/v2\/media?parent=19928"}],"wp:term":[{"taxonomy":"category","embeddable":true,"href":"https:\/\/www.biancoscuro.it\/site\/wp-json\/wp\/v2\/categories?post=19928"},{"taxonomy":"post_tag","embeddable":true,"href":"https:\/\/www.biancoscuro.it\/site\/wp-json\/wp\/v2\/tags?post=19928"}],"curies":[{"name":"wp","href":"https:\/\/api.w.org\/{rel}","templated":true}]}}