{"id":19938,"date":"2026-09-03T09:39:23","date_gmt":"2026-09-03T07:39:23","guid":{"rendered":"https:\/\/www.biancoscuro.it\/site\/?p=19938"},"modified":"2026-09-03T09:39:26","modified_gmt":"2026-09-03T07:39:26","slug":"fra-ruderi-di-evelyn-tovar-toro","status":"publish","type":"post","link":"https:\/\/www.biancoscuro.it\/site\/fra-ruderi-di-evelyn-tovar-toro\/","title":{"rendered":"fra ruderi di evelyn tovar toro"},"content":{"rendered":"<span class=\"span-reading-time rt-reading-time\" style=\"display: block;\"><span class=\"rt-label rt-prefix\">\u23f0 lettura <\/span> <span class=\"rt-time\"> 2<\/span> <span class=\"rt-label rt-postfix\">min. <br><br><\/span><\/span>\n<figure class=\"wp-block-image size-large\"><img alt=\"\" loading=\"lazy\" decoding=\"async\" width=\"1024\" height=\"749\" src=\"https:\/\/www.biancoscuro.it\/site\/wp-content\/uploads\/2026\/09\/EvelynTovar_ChiassoPerduto-1024x749.jpeg\" alt=\"\" class=\"wp-image-19939\" srcset=\"https:\/\/www.biancoscuro.it\/site\/wp-content\/uploads\/2026\/09\/EvelynTovar_ChiassoPerduto-1024x749.jpeg 1024w, https:\/\/www.biancoscuro.it\/site\/wp-content\/uploads\/2026\/09\/EvelynTovar_ChiassoPerduto-300x219.jpeg 300w, https:\/\/www.biancoscuro.it\/site\/wp-content\/uploads\/2026\/09\/EvelynTovar_ChiassoPerduto-767x561.jpeg 767w, https:\/\/www.biancoscuro.it\/site\/wp-content\/uploads\/2026\/09\/EvelynTovar_ChiassoPerduto.jpeg 1215w\" sizes=\"auto, (max-width: 1024px) 100vw, 1024px\" \/><\/figure>\n\n\n\n<p class=\"wp-block-paragraph\">Aperta dal 10 al 13 Settembre\u00a02026<\/p>\n\n\n\n<p class=\"wp-block-paragraph\"><strong>Inaugurazione gioved\u00ec 10 Settembre dalle 17:30<\/strong><\/p>\n\n\n\n<p class=\"wp-block-paragraph\">Da venerd\u00ec a domenica dalle 15 alle 19<\/p>\n\n\n\n<p class=\"wp-block-paragraph\"><strong>Chiasso Perduto <\/strong>&#8211; Via de\u2019 Coverelli 4R &#8211; 50125 Firenze<\/p>\n\n\n\n<p class=\"wp-block-paragraph\">Evelyn \u00e8 un\u2019artista colombiana che indaga sul territorio attraverso le piante ruderali. Queste piante crescono in spazi alterati dalla presenza umana: tra le pietre, nelle crepe dei muri, sui tetti, non appartengono completamente n\u00e9 a una natura idealizzata n\u00e9 a un paesaggio addomesticato, abitano, piuttosto, il territorio della perturbazione.&nbsp;<\/p>\n\n\n\n<p class=\"wp-block-paragraph\">Per la sua <strong>installazione site specific <\/strong>al Chiasso Perduto si concentra in particolare su due piante: il cappero e l\u2019artemisia. Il primo, commestibile e capace di crescere in qualunque interstizio, l\u2019artemisia, invece, introduce una dimensione simbolica e onirica, legata in diverse tradizioni alla protezione e al mondo dei sogni. Queste due piante permettono all\u2019artista di pensare il territorio non soltanto a partire dal suo aspetto o dalla sua classificazione scientifica, ma anche attraverso le relazioni, gli usi e le storie che le piante hanno costruito insieme all\u2019essere umano.<\/p>\n\n\n\n<p class=\"wp-block-paragraph\">La condizione sotterranea dello spazio diventa un elemento fondamentale, ci permette di immaginare le ruderali da sotto la superficie, che crescono cercando costantemente una via d\u2019uscita verso la luce. Radici costruite a partire da frammenti di dizionari in disuso si appropriano dello spazio. L\u2019archivio, la classificazione botanica, le enciclopedie e il linguaggio, strumenti che utilizziamo per ordinare e comprendere il mondo, vengono qui trasformati in materia visiva. Le parole diventano radici, diventano suoni del passato, lei sceglie infatti di riportare alcune parole arcaiche come simbolo di ci\u00f2 che ha permesso l\u2019evoluzione. Piante e parole vengono trasformate in ecosistemi nuovi che avvengono nel inframondo immaginato da Evelyn.<\/p>\n\n\n\n<p class=\"wp-block-paragraph\">Abituati a pensare la citt\u00e0 a partire dalla storia, dal patrimonio, dall\u2019arte e dalle sue grandi narrazioni, l\u2019artista rivolge il suo sguardo verso ci\u00f2 che permane ai margini, verso le piccole forme di vita che resistono, insistono e che crescono silenziosamente tra secoli di pietra, cemento e calce.<\/p>\n\n\n\n<p class=\"wp-block-paragraph\">Forse \u00e8 proprio da l\u00ec, dal basso e dai margini, che il territorio pu\u00f2 iniziare a raccontarci un\u2019altra storia.<\/p>\n\n\n\n<p class=\"wp-block-paragraph\">A cura di Sandra Miranda Pattin &amp; Francesca Morozzi<\/p>\n\n\n\n<p class=\"wp-block-paragraph\"><a href=\"https:\/\/www.instagram.com\/evelyntovartoro\">https:\/\/www.instagram.com\/evelyntovartoro<\/a><\/p>\n\n\n\n<p class=\"wp-block-paragraph\"><a href=\"https:\/\/www.instagram.com\/chiassoperduto\">https:\/\/www.instagram.com\/chiassoperduto<\/a><\/p>\n","protected":false},"excerpt":{"rendered":"<p><span class=\"span-reading-time rt-reading-time\" style=\"display: block;\"><span class=\"rt-label rt-prefix\">\u23f0 lettura <\/span> <span class=\"rt-time\"> 2<\/span> <span class=\"rt-label rt-postfix\">min. <\/p>\n<p><\/span><\/span>Aperta dal 10 al 13 Settembre\u00a02026 Inaugurazione gioved\u00ec 10 Settembre dalle 17:30 Da venerd\u00ec a domenica dalle 15 alle 19 Chiasso Perduto &#8211; Via de\u2019 Coverelli 4R &#8211; 50125 Firenze Evelyn \u00e8 un\u2019artista colombiana che indaga sul territorio attraverso le piante ruderali. Queste piante crescono in spazi alterati dalla presenza umana: tra le pietre, nelle&hellip;&nbsp;<a href=\"https:\/\/www.biancoscuro.it\/site\/fra-ruderi-di-evelyn-tovar-toro\/\" rel=\"bookmark\">Leggi tutto &raquo;<span class=\"screen-reader-text\">fra ruderi di evelyn tovar toro<\/span><\/a><\/p>\n","protected":false},"author":1067,"featured_media":0,"comment_status":"closed","ping_status":"closed","sticky":false,"template":"","format":"standard","meta":{"_seopress_titles_title":"","_seopress_titles_desc":"","_seopress_robots_index":"","_seopress_robots_follow":"","_seopress_robots_imageindex":"","_seopress_robots_snippet":"","_seopress_robots_primary_cat":"24","_seopress_robots_breadcrumbs":"","_seopress_robots_freeze_modified_date":"","_seopress_robots_custom_modified_date":"","_seopress_robots_canonical":"","_seopress_social_fb_title":"","_seopress_social_fb_desc":"","_seopress_social_fb_img":"","_seopress_social_fb_img_attachment_id":0,"_seopress_social_fb_img_width":0,"_seopress_social_fb_img_height":0,"_seopress_social_twitter_title":"","_seopress_social_twitter_desc":"","_seopress_social_twitter_img":"","_seopress_social_twitter_img_attachment_id":0,"_seopress_social_twitter_img_width":0,"_seopress_social_twitter_img_height":0,"_seopress_redirections_value":"","_seopress_redirections_enabled":"","_seopress_redirections_enabled_regex":"","_seopress_redirections_logged_status":"","_seopress_redirections_param":"","_seopress_redirections_type":0,"_seopress_analysis_target_kw":"","neve_meta_sidebar":"","neve_meta_container":"","neve_meta_enable_content_width":"","neve_meta_content_width":0,"neve_meta_title_alignment":"","neve_meta_author_avatar":"","neve_post_elements_order":"","neve_meta_disable_header":"","neve_meta_disable_footer":"","neve_meta_disable_title":"","footnotes":"","jetpack_post_was_ever_published":false},"categories":[5,26,334,24,676,7,9],"tags":[461,2272,185,2171,284,2191,445,2174,2190,2824],"class_list":["post-19938","post","type-post","status-publish","format-standard","hentry","category-arte","category-eventi","category-installazioni","category-mostre","category-performance","category-scultura","category-video","tag-arte-contemporanea","tag-artista-colombiana","tag-biancoscuro-art-magazine","tag-chiasso-perduto","tag-firenze","tag-francesca-morozzi","tag-installazione","tag-residenza-artistica","tag-sandra-miranda-pattin","tag-site-specific"],"jetpack_sharing_enabled":true,"jetpack-related-posts":[{"id":12450,"url":"https:\/\/www.biancoscuro.it\/site\/salvaje-murales-di-gabriela-espla\/","url_meta":{"origin":19938,"position":0},"title":"SALVAJE &#8211; murales di Gabriela Espl\u00e1","author":"Sandra Miranda Pattin","date":"21 Ottobre 2021","format":false,"excerpt":"Le selve di Gabriela Espl\u00e1 parlano di resistenza, insegnano che nel silenzio, la forza dell'esuberanza, come quella dei tropici, \u00e8 capace di riprendersi i territori persi in poco tempo. Queste piante metaforiche continuano imperterrite senza curarsi dell'abbandono o di ci\u00f2 che accade intorno, coprono e svelano allo stesso tempo. Coprono\u2026","rel":"","context":"In &quot;arte&quot;","block_context":{"text":"arte","link":"https:\/\/www.biancoscuro.it\/site\/arte\/"},"img":{"alt_text":"","src":"https:\/\/i0.wp.com\/www.biancoscuro.it\/site\/wp-content\/uploads\/2021\/10\/salavje.jpg?resize=350%2C200&ssl=1","width":350,"height":200,"srcset":"https:\/\/i0.wp.com\/www.biancoscuro.it\/site\/wp-content\/uploads\/2021\/10\/salavje.jpg?resize=350%2C200&ssl=1 1x, https:\/\/i0.wp.com\/www.biancoscuro.it\/site\/wp-content\/uploads\/2021\/10\/salavje.jpg?resize=525%2C300&ssl=1 1.5x, https:\/\/i0.wp.com\/www.biancoscuro.it\/site\/wp-content\/uploads\/2021\/10\/salavje.jpg?resize=700%2C400&ssl=1 2x"},"classes":[]},{"id":16636,"url":"https:\/\/www.biancoscuro.it\/site\/la-luce-altrove-di-gabriela-espla\/","url_meta":{"origin":19938,"position":1},"title":"La luce altrove di Gabriela Espl\u00e1","author":"Sandra Miranda Pattin","date":"5 Ottobre 2023","format":false,"excerpt":"Mostra & installazione artistica in situ","rel":"","context":"In &quot;arte&quot;","block_context":{"text":"arte","link":"https:\/\/www.biancoscuro.it\/site\/arte\/"},"img":{"alt_text":"","src":"https:\/\/i0.wp.com\/www.biancoscuro.it\/site\/wp-content\/uploads\/2023\/10\/GabrielaEspla_ChiassoPerduto.jpg?resize=350%2C200&ssl=1","width":350,"height":200,"srcset":"https:\/\/i0.wp.com\/www.biancoscuro.it\/site\/wp-content\/uploads\/2023\/10\/GabrielaEspla_ChiassoPerduto.jpg?resize=350%2C200&ssl=1 1x, https:\/\/i0.wp.com\/www.biancoscuro.it\/site\/wp-content\/uploads\/2023\/10\/GabrielaEspla_ChiassoPerduto.jpg?resize=525%2C300&ssl=1 1.5x, https:\/\/i0.wp.com\/www.biancoscuro.it\/site\/wp-content\/uploads\/2023\/10\/GabrielaEspla_ChiassoPerduto.jpg?resize=700%2C400&ssl=1 2x, https:\/\/i0.wp.com\/www.biancoscuro.it\/site\/wp-content\/uploads\/2023\/10\/GabrielaEspla_ChiassoPerduto.jpg?resize=1050%2C600&ssl=1 3x, https:\/\/i0.wp.com\/www.biancoscuro.it\/site\/wp-content\/uploads\/2023\/10\/GabrielaEspla_ChiassoPerduto.jpg?resize=1400%2C800&ssl=1 4x"},"classes":[]},{"id":16561,"url":"https:\/\/www.biancoscuro.it\/site\/rosso-sahel\/","url_meta":{"origin":19938,"position":2},"title":"&#8220;Rosso Sahel&#8221;","author":"Luca Casonato","date":"28 Settembre 2023","format":false,"excerpt":"mostra di Luca Casonato \u201cRosso Sahel \u00e8 il diario visivo del viaggio intrapreso dal fotografo in Niger, come membro del Comitato tecnico del Padiglione della Repubblica del Niger alla Biennale di Architettura di Venezia 2023. Rosso Sahel \u00e8 anche l'incontro con il bisogno, la povert\u00e0 e un invito a compiere\u2026","rel":"","context":"In &quot;arte&quot;","block_context":{"text":"arte","link":"https:\/\/www.biancoscuro.it\/site\/arte\/"},"img":{"alt_text":"","src":"https:\/\/i0.wp.com\/www.biancoscuro.it\/site\/wp-content\/uploads\/2023\/10\/A01_Rosso-Sahel_01_Casonato-Luca.jpg?resize=350%2C200&ssl=1","width":350,"height":200,"srcset":"https:\/\/i0.wp.com\/www.biancoscuro.it\/site\/wp-content\/uploads\/2023\/10\/A01_Rosso-Sahel_01_Casonato-Luca.jpg?resize=350%2C200&ssl=1 1x, https:\/\/i0.wp.com\/www.biancoscuro.it\/site\/wp-content\/uploads\/2023\/10\/A01_Rosso-Sahel_01_Casonato-Luca.jpg?resize=525%2C300&ssl=1 1.5x, https:\/\/i0.wp.com\/www.biancoscuro.it\/site\/wp-content\/uploads\/2023\/10\/A01_Rosso-Sahel_01_Casonato-Luca.jpg?resize=700%2C400&ssl=1 2x"},"classes":[]},{"id":19906,"url":"https:\/\/www.biancoscuro.it\/site\/alcove-dialoghi-sulla-scultura-seconda-edizione\/","url_meta":{"origin":19938,"position":3},"title":"ALCOVE &#8211; Dialoghi sulla scultura (II ed.)","author":"Roberta Melasecca","date":"28 Agosto 2026","format":false,"excerpt":"Dal 19 settembre al 31 ottobre 2026, l'antico borgo laziale di Cori torna a farsi palcoscenico ed epicentro plastico con la seconda edizione di \"Alcove - Dialoghi sulla scultura\". Curata da Ilaria Monti e Alberto Timossi, la rassegna innesca un potente cortocircuito visivo e materico tra le viscere storiche dello\u2026","rel":"","context":"In &quot;arte&quot;","block_context":{"text":"arte","link":"https:\/\/www.biancoscuro.it\/site\/arte\/"},"img":{"alt_text":"","src":"https:\/\/i0.wp.com\/www.biancoscuro.it\/site\/wp-content\/uploads\/2026\/08\/La-grotta-di-Studio-Specus-copia.jpg?resize=350%2C200&ssl=1","width":350,"height":200,"srcset":"https:\/\/i0.wp.com\/www.biancoscuro.it\/site\/wp-content\/uploads\/2026\/08\/La-grotta-di-Studio-Specus-copia.jpg?resize=350%2C200&ssl=1 1x, https:\/\/i0.wp.com\/www.biancoscuro.it\/site\/wp-content\/uploads\/2026\/08\/La-grotta-di-Studio-Specus-copia.jpg?resize=525%2C300&ssl=1 1.5x, https:\/\/i0.wp.com\/www.biancoscuro.it\/site\/wp-content\/uploads\/2026\/08\/La-grotta-di-Studio-Specus-copia.jpg?resize=700%2C400&ssl=1 2x, https:\/\/i0.wp.com\/www.biancoscuro.it\/site\/wp-content\/uploads\/2026\/08\/La-grotta-di-Studio-Specus-copia.jpg?resize=1050%2C600&ssl=1 3x"},"classes":[]},{"id":5943,"url":"https:\/\/www.biancoscuro.it\/site\/flower-power-alla-pinacoteca-brera\/","url_meta":{"origin":19938,"position":4},"title":"Flower Power alla Pinacoteca di Brera","author":"Redazione BIANCOSCURO","date":"22 Settembre 2017","format":false,"excerpt":"23-24 settembre 2017 \u00a0- Milano, Pinacoteca di Brera \u00a0\"le Giornate Europee del Patrimonio\" Domani e domenica, fiori di carta sbocceranno sulle dida dei capolavori di Brera: un invito a scattare foto, farsi un selfie o disegnare i fiori che hanno tanto ispirato i famosi artisti di Brera. Il potere evocativo\u2026","rel":"","context":"In &quot;arte&quot;","block_context":{"text":"arte","link":"https:\/\/www.biancoscuro.it\/site\/arte\/"},"img":{"alt_text":"","src":"https:\/\/i0.wp.com\/www.biancoscuro.it\/site\/wp-content\/uploads\/2017\/09\/BRERA.gif?resize=350%2C200&ssl=1","width":350,"height":200,"srcset":"https:\/\/i0.wp.com\/www.biancoscuro.it\/site\/wp-content\/uploads\/2017\/09\/BRERA.gif?resize=350%2C200&ssl=1 1x, https:\/\/i0.wp.com\/www.biancoscuro.it\/site\/wp-content\/uploads\/2017\/09\/BRERA.gif?resize=525%2C300&ssl=1 1.5x"},"classes":[]},{"id":19924,"url":"https:\/\/www.biancoscuro.it\/site\/continua-il-percorso-espositivo-di-maria-pacheco-cibilsper-openartcode-tokyo-2026-alla-mostra-ajac\/","url_meta":{"origin":19938,"position":5},"title":"Continua il percorso espositivo di Maria Pacheco Cibilsper OpenArtCode Tokyo 2026 alla Mostra AJAC","author":"Roberta Melasecca","date":"1 Settembre 2026","format":false,"excerpt":"Continua il percorso espositivo di Maria Pacheco Cibilsper OpenArtCode Tokyo 2026 alla Mostra AJAC Opening 9 settembre 2026 ore 13.00Dal 9 al 17 settembre 202652\u00aa Mostra AJAC | Tokyo Metropolitan Art Museum Dal 9 al 17 settembre 2026, la designer e artista visiva argentino-portoghese Maria Pacheco Cibils, che da tempo\u2026","rel":"","context":"In &quot;arte&quot;","block_context":{"text":"arte","link":"https:\/\/www.biancoscuro.it\/site\/arte\/"},"img":{"alt_text":"","src":"https:\/\/i0.wp.com\/www.biancoscuro.it\/site\/wp-content\/uploads\/2026\/09\/Opere-in-mostra-Maria-Pacheco-Cibils.jpg?resize=350%2C200&ssl=1","width":350,"height":200,"srcset":"https:\/\/i0.wp.com\/www.biancoscuro.it\/site\/wp-content\/uploads\/2026\/09\/Opere-in-mostra-Maria-Pacheco-Cibils.jpg?resize=350%2C200&ssl=1 1x, https:\/\/i0.wp.com\/www.biancoscuro.it\/site\/wp-content\/uploads\/2026\/09\/Opere-in-mostra-Maria-Pacheco-Cibils.jpg?resize=525%2C300&ssl=1 1.5x, https:\/\/i0.wp.com\/www.biancoscuro.it\/site\/wp-content\/uploads\/2026\/09\/Opere-in-mostra-Maria-Pacheco-Cibils.jpg?resize=700%2C400&ssl=1 2x, https:\/\/i0.wp.com\/www.biancoscuro.it\/site\/wp-content\/uploads\/2026\/09\/Opere-in-mostra-Maria-Pacheco-Cibils.jpg?resize=1050%2C600&ssl=1 3x"},"classes":[]}],"jetpack_featured_media_url":"","_links":{"self":[{"href":"https:\/\/www.biancoscuro.it\/site\/wp-json\/wp\/v2\/posts\/19938","targetHints":{"allow":["GET"]}}],"collection":[{"href":"https:\/\/www.biancoscuro.it\/site\/wp-json\/wp\/v2\/posts"}],"about":[{"href":"https:\/\/www.biancoscuro.it\/site\/wp-json\/wp\/v2\/types\/post"}],"author":[{"embeddable":true,"href":"https:\/\/www.biancoscuro.it\/site\/wp-json\/wp\/v2\/users\/1067"}],"replies":[{"embeddable":true,"href":"https:\/\/www.biancoscuro.it\/site\/wp-json\/wp\/v2\/comments?post=19938"}],"version-history":[{"count":1,"href":"https:\/\/www.biancoscuro.it\/site\/wp-json\/wp\/v2\/posts\/19938\/revisions"}],"predecessor-version":[{"id":19940,"href":"https:\/\/www.biancoscuro.it\/site\/wp-json\/wp\/v2\/posts\/19938\/revisions\/19940"}],"wp:attachment":[{"href":"https:\/\/www.biancoscuro.it\/site\/wp-json\/wp\/v2\/media?parent=19938"}],"wp:term":[{"taxonomy":"category","embeddable":true,"href":"https:\/\/www.biancoscuro.it\/site\/wp-json\/wp\/v2\/categories?post=19938"},{"taxonomy":"post_tag","embeddable":true,"href":"https:\/\/www.biancoscuro.it\/site\/wp-json\/wp\/v2\/tags?post=19938"}],"curies":[{"name":"wp","href":"https:\/\/api.w.org\/{rel}","templated":true}]}}