{"id":2059,"date":"2014-12-05T15:13:28","date_gmt":"2014-12-05T15:13:28","guid":{"rendered":"http:\/\/www.biancoscuro.it\/site\/?p=2059"},"modified":"2015-05-05T16:50:18","modified_gmt":"2015-05-05T16:50:18","slug":"nel-segno-del-colore-galleria-centro-steccata-parma","status":"publish","type":"post","link":"https:\/\/www.biancoscuro.it\/site\/nel-segno-del-colore-galleria-centro-steccata-parma\/","title":{"rendered":"Nel segno del colore \u2013 Galleria Centro Steccata Parma"},"content":{"rendered":"<span class=\"span-reading-time rt-reading-time\" style=\"display: block;\"><span class=\"rt-label rt-prefix\">\u23f0 lettura <\/span> <span class=\"rt-time\"> &lt; 1<\/span> <span class=\"rt-label rt-postfix\">min. <br><br><\/span><\/span><h3>NEL SEGNO DEL COLORE<br \/>\ndal 6 dicembre al 30 gennaio 2015<\/h3>\n<p>Sabato 6 dicembre 2014 ore 17 presso la &#8220;Galleria Centro Steccata&#8221; si inaugurer\u00e0 un\u2019importante selezione di opere realizzate dalla fine degli anni 50 fino a oggi; grandi e giovani Maestri per ripercorrere le tappe salienti della storia dell\u2019arte internazionale moderna e contemporanea.<\/p>\n<p>Per la selezione delle cinquanta opere esposte la scelta \u00e8 ricaduta inevitabilmente sugli artisti che hanno contraddistinto il percorso di ricerca espositiva della galleria iniziato nel lontano 1960, momento storico determinante, caratterizzato dal risveglio dell\u2019Italia nel secondo dopo guerra e dal successivo boom economico che ha dato vita a una stagione esaltante nell\u2019arte e nella cultura.<!--more--><\/p>\n<p>La mostra rende cos\u00ec un doveroso omaggio ai Maestri del Novecento quali <strong>Ligabue<\/strong>, <strong>Mattioli<\/strong> e <strong>Soldati<\/strong> accostandoli alle Avanguardie della seconda met\u00e0 del XX secolo come <strong>Biggi<\/strong>, <strong>Cascella<\/strong>, <strong>Dorazio<\/strong>, <strong>Matta<\/strong>, <strong>Novelli<\/strong>, <strong>Pomodoro<\/strong>, <strong>Rotella<\/strong> e <strong>Schifano<\/strong>; mettendo in comunicazione il naturalismo informale di <strong>Morlotti<\/strong> con la pittura di <strong>Afro<\/strong>, <strong>Chighine<\/strong>, <strong>Lindstrom<\/strong>, <strong>Moreni<\/strong>, <strong>Ruggeri<\/strong>, <strong>Santomaso<\/strong>, <strong>Scanavino<\/strong> e <strong>Schneider<\/strong>; continuando infine il dialogo tra i protagonisti degli ultimi anni del XX secolo e i giovani Maestri del XXI<\/p>\n<p><a href=\"http:\/\/www.biancoscuro.it\/site\/wp-content\/uploads\/2014\/12\/Nel-segno-del-colore.jpg\"><img loading=\"lazy\" decoding=\"async\" class=\"alignnone wp-image-2063 size-full\" src=\"http:\/\/www.biancoscuro.it\/site\/wp-content\/uploads\/2014\/12\/Nel-segno-del-colore.jpg\" alt=\"rivista arte biancoscuro art magazine\" width=\"500\" height=\"692\" srcset=\"https:\/\/www.biancoscuro.it\/site\/wp-content\/uploads\/2014\/12\/Nel-segno-del-colore.jpg 500w, https:\/\/www.biancoscuro.it\/site\/wp-content\/uploads\/2014\/12\/Nel-segno-del-colore-216x300.jpg 216w, https:\/\/www.biancoscuro.it\/site\/wp-content\/uploads\/2014\/12\/Nel-segno-del-colore-300x415.jpg 300w\" sizes=\"auto, (max-width: 500px) 100vw, 500px\" \/><\/a><\/p>\n<p><strong>Dal 6 dicembre al 30 gennaio 2015 saranno esposte le opere di:<br \/>\n<\/strong><em>Afro, Biggi, Brevi, Brockhaus, P. Cascella, Cella, Chighine, Dorazio, A. Ferrari, Gilardi, Jenkins, Laveri, Ligabue, Lindstrom, Lodola, Maraniello, Matta, Mattioli, Mazzoni, Moreni, Morlotti, Notari, Novelli, Plumcake, Pozzati, A. Pomodoro, Rotella, Ruggeri, Santomaso, Scanavino, Schneider, Schifano, Soldati, Valente, Valentini, Wal.<\/em><em>\u00a0<\/em><\/p>\n<p><strong>GALLERIA CENTRO STECCATA<\/strong><br \/>\nParma Strada Garibaldi 23<br \/>\n43121 Parma<br \/>\nTel\/ Fax 0521.285118<br \/>\nmobile +39 340 1126164<\/p>\n<blockquote class=\"wp-embedded-content\" data-secret=\"gi30p7JoV1\"><p><a href=\"https:\/\/centrosteccata.com\/\">Home<\/a><\/p><\/blockquote>\n<p><iframe loading=\"lazy\" class=\"wp-embedded-content\" sandbox=\"allow-scripts\" security=\"restricted\" style=\"position: absolute; clip: rect(1px, 1px, 1px, 1px);\" title=\"&#8220;Home&#8221; &#8212; Galleria Centro Steccata\" src=\"https:\/\/centrosteccata.com\/embed\/#?secret=FUen8FliBS#?secret=gi30p7JoV1\" data-secret=\"gi30p7JoV1\" width=\"600\" height=\"338\" frameborder=\"0\" marginwidth=\"0\" marginheight=\"0\" scrolling=\"no\"><\/iframe><\/p>\n","protected":false},"excerpt":{"rendered":"<p><span class=\"span-reading-time rt-reading-time\" style=\"display: block;\"><span class=\"rt-label rt-prefix\">\u23f0 lettura <\/span> <span class=\"rt-time\"> &lt; 1<\/span> <span class=\"rt-label rt-postfix\">min. <\/p>\n<p><\/span><\/span>NEL SEGNO DEL COLORE dal 6 dicembre al 30 gennaio 2015 Sabato 6 dicembre 2014 ore 17 presso la &#8220;Galleria Centro Steccata&#8221; si inaugurer\u00e0 un\u2019importante selezione di opere realizzate dalla fine degli anni 50 fino a oggi; grandi e giovani Maestri per ripercorrere le tappe salienti della storia dell\u2019arte internazionale moderna e contemporanea. Per la&hellip;&nbsp;<a href=\"https:\/\/www.biancoscuro.it\/site\/nel-segno-del-colore-galleria-centro-steccata-parma\/\" rel=\"bookmark\">Leggi tutto &raquo;<span class=\"screen-reader-text\">Nel segno del colore \u2013 Galleria Centro Steccata Parma<\/span><\/a><\/p>\n","protected":false},"author":1,"featured_media":2063,"comment_status":"closed","ping_status":"closed","sticky":false,"template":"","format":"standard","meta":{"neve_meta_sidebar":"","neve_meta_container":"","neve_meta_enable_content_width":"","neve_meta_content_width":0,"neve_meta_title_alignment":"","neve_meta_author_avatar":"","neve_post_elements_order":"","neve_meta_disable_header":"","neve_meta_disable_footer":"","neve_meta_disable_title":"","advanced_seo_description":"","jetpack_seo_html_title":"","jetpack_seo_noindex":false,"footnotes":""},"categories":[5,26,24,6,15],"tags":[40,39],"class_list":["post-2059","post","type-post","status-publish","format-standard","has-post-thumbnail","hentry","category-arte","category-eventi","category-mostre","category-pittura","category-rivista-darte","tag-art-magazine","tag-biancoscuro"],"jetpack_featured_media_url":"https:\/\/www.biancoscuro.it\/site\/wp-content\/uploads\/2014\/12\/Nel-segno-del-colore.jpg","jetpack_sharing_enabled":true,"jetpack-related-posts":[{"id":2417,"url":"https:\/\/www.biancoscuro.it\/site\/agostino-ferrari-e-il-gruppo-del-cenobio\/","url_meta":{"origin":2059,"position":0},"title":"Agostino Ferrari e il gruppo del Cenobio","author":"Redazione BIANCOSCURO","date":"14 Marzo 2015","format":false,"excerpt":"AGOSTINO FERRARI e il gruppo del cenobio LA PIETRA \u2013 SORDINI \u2013 VERGA - VERMI dal 14 marzo al 6 maggio 2015 GALLERIA CENTRO STECCATA Parma Una mostra organica sul sodalizio artistico che, preparato e in gestazione dalla met\u00e0 degli anni cinquanta del Novecento, si form\u00f2 e si sciolse a\u2026","rel":"","context":"In &quot;arte&quot;","block_context":{"text":"arte","link":"https:\/\/www.biancoscuro.it\/site\/category\/arte\/"},"img":{"alt_text":"","src":"https:\/\/i0.wp.com\/www.biancoscuro.it\/site\/wp-content\/uploads\/2015\/04\/Ferrari_Oltre-la-soglia_150x150_2010_rosso_alta_dida.jpg?resize=350%2C200&ssl=1","width":350,"height":200,"srcset":"https:\/\/i0.wp.com\/www.biancoscuro.it\/site\/wp-content\/uploads\/2015\/04\/Ferrari_Oltre-la-soglia_150x150_2010_rosso_alta_dida.jpg?resize=350%2C200&ssl=1 1x, https:\/\/i0.wp.com\/www.biancoscuro.it\/site\/wp-content\/uploads\/2015\/04\/Ferrari_Oltre-la-soglia_150x150_2010_rosso_alta_dida.jpg?resize=525%2C300&ssl=1 1.5x"},"classes":[]},{"id":5125,"url":"https:\/\/www.biancoscuro.it\/site\/lodolafra-galleria-centro-steccata-parma\/","url_meta":{"origin":2059,"position":1},"title":"LoDoLaFra | Galleria Centro Steccata &#8211; Parma","author":"Redazione BIANCOSCURO","date":"15 Marzo 2017","format":false,"excerpt":"Dal 18 marzo\u00a0fino al 30 giugno 2017 presso la\u00a0Galleria Centro Steccata di Parma:\u00a0\u201cLODOLAFRA\u201d doppia mostra personale di Marco Lodola e Giovanna Fra. Vernissage della mostra sabato 18 alle \u00a0ore 17 con presentazione\u00a0a\u00a0cura di\u00a0Luca Beatrice\u00a0con\u00a0dj set di Andy (pittore e\u00a0musicista\/cantante dei Bluvertigo) al seguito. Marco Lodola e Giovanna Fra sono i\u2026","rel":"","context":"In &quot;art magazine&quot;","block_context":{"text":"art magazine","link":"https:\/\/www.biancoscuro.it\/site\/category\/art-magazine\/"},"img":{"alt_text":"biancoscuro art magazine lodolafra","src":"https:\/\/i0.wp.com\/www.biancoscuro.it\/site\/wp-content\/uploads\/2017\/03\/1000-Blues-acrilico-su-tela-140-x-140-cm.-2016_2_1.jpg?resize=350%2C200","width":350,"height":200,"srcset":"https:\/\/i0.wp.com\/www.biancoscuro.it\/site\/wp-content\/uploads\/2017\/03\/1000-Blues-acrilico-su-tela-140-x-140-cm.-2016_2_1.jpg?resize=350%2C200 1x, https:\/\/i0.wp.com\/www.biancoscuro.it\/site\/wp-content\/uploads\/2017\/03\/1000-Blues-acrilico-su-tela-140-x-140-cm.-2016_2_1.jpg?resize=525%2C300 1.5x, https:\/\/i0.wp.com\/www.biancoscuro.it\/site\/wp-content\/uploads\/2017\/03\/1000-Blues-acrilico-su-tela-140-x-140-cm.-2016_2_1.jpg?resize=700%2C400 2x"},"classes":[]},{"id":1031,"url":"https:\/\/www.biancoscuro.it\/site\/mi-art-148-gallerie-internazionali-per-la-primavera-dellarte-3\/","url_meta":{"origin":2059,"position":2},"title":"mi art &#8211; 148 Gallerie internazionali per la primavera dell\u2019arte","author":"Redazione BIANCOSCURO","date":"27 Marzo 2014","format":false,"excerpt":"Torna la primavera dell\u2019arte a Milano con\u00a0miart 2014. Quattro le sezioni della fiera internazionale d\u2019arte moderna e contemporanea:\u00a0Established\u00a0(suddivisa al suo interno in Master, Contemporary e la nuova First Step per la gallerie giovani)\u00a0presenta una selezione delle pi\u00f9 importanti gallerie d\u2019arte moderna e contemporanea;\u00a0Emergent, per le gallerie d\u2019avanguardia focalizzate sulla ricerca\u2026","rel":"","context":"In &quot;arte&quot;","block_context":{"text":"arte","link":"https:\/\/www.biancoscuro.it\/site\/category\/arte\/"},"img":{"alt_text":"mi art - biancoscuro art magazine - rivista d arte","src":"https:\/\/i0.wp.com\/www.miart.it\/sites\/default\/files\/rassegna\/miart2014.nuova_immagine2.jpg?resize=350%2C200","width":350,"height":200},"classes":[]},{"id":1848,"url":"https:\/\/www.biancoscuro.it\/site\/arte-forli-contemporanea\/","url_meta":{"origin":2059,"position":3},"title":"Arte Forl\u00ec CONTEMPORANEA","author":"Redazione BIANCOSCURO","date":"8 Ottobre 2014","format":false,"excerpt":"Arte Forl\u00ec Contemporanea \u00e8 giunta alla 18\u00aa edizione e\u00a0deve il suo crescente successo ad una formula ben collaudata negli anni. Arte Forl\u00ec Contemporanea non \u00e8 solo di una mostra mercato dove poter visionare una varia ed ampia panoramica di gallerie, molte delle quali ormai fidelizzate grazie ad un rapporto di\u2026","rel":"","context":"In &quot;arte&quot;","block_context":{"text":"arte","link":"https:\/\/www.biancoscuro.it\/site\/category\/arte\/"},"img":{"alt_text":"Arte_CONTEMPORANEA_FORLI_2014-BIANCOSCURO","src":"https:\/\/i0.wp.com\/www.biancoscuro.it\/site\/wp-content\/uploads\/2014\/05\/CONTEMPORANEAFORLI2014.jpg?resize=350%2C200","width":350,"height":200},"classes":[]},{"id":3210,"url":"https:\/\/www.biancoscuro.it\/site\/art-parma-fair-edizione-autunnale\/","url_meta":{"origin":2059,"position":4},"title":"Art Parma Fair, edizione autunnale","author":"Redazione BIANCOSCURO","date":"30 Settembre 2015","format":false,"excerpt":"Due fine settimana dedicati all\u2019Arte a Fiere di Parma Parma torna ad essere il centro dell\u2019arte con Art Parma Fair, mostra-mercato dedicata all\u2019arte moderna e contemporanea, presso il quartiere fieristico parmense, in concomitanza con Mercanteinfiera e Mercanteinauto. L\u2019ottimo risultato delle vendite dell\u2019edizione primaverile ha riconosciuto l\u2019importanza di una piazza come\u2026","rel":"","context":"In &quot;arte&quot;","block_context":{"text":"arte","link":"https:\/\/www.biancoscuro.it\/site\/category\/arte\/"},"img":{"alt_text":"","src":"https:\/\/i0.wp.com\/www.biancoscuro.it\/site\/wp-content\/uploads\/2015\/09\/COP.jpg?resize=350%2C200&ssl=1","width":350,"height":200,"srcset":"https:\/\/i0.wp.com\/www.biancoscuro.it\/site\/wp-content\/uploads\/2015\/09\/COP.jpg?resize=350%2C200&ssl=1 1x, https:\/\/i0.wp.com\/www.biancoscuro.it\/site\/wp-content\/uploads\/2015\/09\/COP.jpg?resize=525%2C300&ssl=1 1.5x"},"classes":[]},{"id":1336,"url":"https:\/\/www.biancoscuro.it\/site\/il-cibo-nellarte-galleria-centro-steccata-parma\/","url_meta":{"origin":2059,"position":5},"title":"Il cibo nell&#8217;arte &#8211; Galleria Centro Steccata Parma","author":"Redazione BIANCOSCURO","date":"3 Maggio 2014","format":false,"excerpt":"Fin dagli esordi della produzione artistica con la pittura murale risalente a circa trentamila anni fa, il cibo, in quel caso rappresentazione di prede animali per auspicarne la cattura, ha avuto una forte valenza simbolica. Per non parlare poi della pittura sacra, a partire dal medio Evo, dove, ad esempio,\u2026","rel":"","context":"In &quot;arte&quot;","block_context":{"text":"arte","link":"https:\/\/www.biancoscuro.it\/site\/category\/arte\/"},"img":{"alt_text":"Il-cibo-nell'arte_Invito_web500","src":"https:\/\/i0.wp.com\/www.biancoscuro.it\/site\/wp-content\/uploads\/2014\/05\/Il-cibo-nellarte_Invito_web500.jpg?resize=350%2C200","width":350,"height":200},"classes":[]}],"_links":{"self":[{"href":"https:\/\/www.biancoscuro.it\/site\/wp-json\/wp\/v2\/posts\/2059","targetHints":{"allow":["GET"]}}],"collection":[{"href":"https:\/\/www.biancoscuro.it\/site\/wp-json\/wp\/v2\/posts"}],"about":[{"href":"https:\/\/www.biancoscuro.it\/site\/wp-json\/wp\/v2\/types\/post"}],"author":[{"embeddable":true,"href":"https:\/\/www.biancoscuro.it\/site\/wp-json\/wp\/v2\/users\/1"}],"replies":[{"embeddable":true,"href":"https:\/\/www.biancoscuro.it\/site\/wp-json\/wp\/v2\/comments?post=2059"}],"version-history":[{"count":0,"href":"https:\/\/www.biancoscuro.it\/site\/wp-json\/wp\/v2\/posts\/2059\/revisions"}],"wp:featuredmedia":[{"embeddable":true,"href":"https:\/\/www.biancoscuro.it\/site\/wp-json\/wp\/v2\/media\/2063"}],"wp:attachment":[{"href":"https:\/\/www.biancoscuro.it\/site\/wp-json\/wp\/v2\/media?parent=2059"}],"wp:term":[{"taxonomy":"category","embeddable":true,"href":"https:\/\/www.biancoscuro.it\/site\/wp-json\/wp\/v2\/categories?post=2059"},{"taxonomy":"post_tag","embeddable":true,"href":"https:\/\/www.biancoscuro.it\/site\/wp-json\/wp\/v2\/tags?post=2059"}],"curies":[{"name":"wp","href":"https:\/\/api.w.org\/{rel}","templated":true}]}}