{"id":2646,"date":"2015-05-11T11:49:16","date_gmt":"2015-05-11T11:49:16","guid":{"rendered":"http:\/\/www.biancoscuro.it\/site\/?p=2646"},"modified":"2015-05-14T17:33:40","modified_gmt":"2015-05-14T17:33:40","slug":"antonio-ligabue-e-pietro-ghizzardi-tra-genio-e-follia-a-parma","status":"publish","type":"post","link":"https:\/\/www.biancoscuro.it\/site\/antonio-ligabue-e-pietro-ghizzardi-tra-genio-e-follia-a-parma\/","title":{"rendered":"Antonio Ligabue e Pietro Ghizzardi &#8220;tra genio e follia&#8221; a Parma"},"content":{"rendered":"<span class=\"span-reading-time rt-reading-time\" style=\"display: block;\"><span class=\"rt-label rt-prefix\">\u23f0 lettura <\/span> <span class=\"rt-time\"> 5<\/span> <span class=\"rt-label rt-postfix\">min. <br><br><\/span><\/span><p>Con il <strong>Patrocinio del Comune di Parma,\u00a0<\/strong>verr\u00e0 inaugurata il 16 maggio 2015, alle ore 18, presso la <strong>Galleria Centro Steccata di Parma\u00a0<\/strong>la mostra dedicata ad\u00a0<strong>Antonio Ligabue e Pietro Ghizzardi\u00a0&#8220;tra genio e follia<\/strong>&#8220;. Presentazione della mostra e del catalogo monografico di <strong>Pietro Ghizzardi<\/strong> a cura di <strong>Renato Barilli<\/strong> e <strong>Marzio Dall&#8217;Acqua<\/strong>.<\/p>\n<h3>Antonio Ligabue &#8211; Pietro Ghizzardi<br \/>\nTRA GENIO E FOLLIA<br \/>\ndal 16 maggio al 30 ottobre 2015<\/h3>\n<p><img loading=\"lazy\" decoding=\"async\" class=\"alignnone size-full wp-image-2651\" src=\"http:\/\/www.biancoscuro.it\/site\/wp-content\/uploads\/2015\/05\/steccata.jpg\" alt=\"steccata\" width=\"1000\" height=\"562\" srcset=\"https:\/\/www.biancoscuro.it\/site\/wp-content\/uploads\/2015\/05\/steccata.jpg 1000w, https:\/\/www.biancoscuro.it\/site\/wp-content\/uploads\/2015\/05\/steccata-300x169.jpg 300w, https:\/\/www.biancoscuro.it\/site\/wp-content\/uploads\/2015\/05\/steccata-600x337.jpg 600w\" sizes=\"auto, (max-width: 1000px) 100vw, 1000px\" \/><\/p>\n<p>Con questa mostra la galleria intende offrire una diversa chiave di lettura del mondo pittorico, scultoreo e umano di due geniali artisti riconosciuti a livello internazionale: <strong>Antonio Ligabue<\/strong> con i suoi animali domestici e feroci e <strong>Pietro Ghizzardi<\/strong> con i suoi ritratti prevalentemente femminili.<br \/>\nIn occasione del cinquantesimo anniversario della morte di Antonio Ligabue (1899-1965) la galleria vuole dedicare particolare attenzione alla sua produzione scultorea e grafica presentando trentaquattro sculture realizzate tra il 1935 e il 1958 e venti incisioni (puntesecche) realizzate tra gli anni \u201850 e \u201960.<br \/>\nQuesta importante raccolta di bronzi, nota come \u201cIl Bestiario di Ligabue scultore\u201d pu\u00f2 essere oggi mostrata al pubblico grazie alla paziente ricerca di Ennio Lodi, fondatore nel 1960 della Galleria Centro Steccata di Parma oggi diretta dalla figlia Patrizia Lodi, che fu tra i primi estimatori dell\u2019artista. Egli con intuito anticipatore, privilegi\u00f2 l\u2019opera plastica di Ligabue che and\u00f2 raccogliendo con entusiasmo e dedizione, spesso salvando le crete da inevitabile distruzione per la fragilit\u00e0 della materia con le quali erano state modellate: l\u2019artista era solito realizzare le sculture con l\u2019argilla del Po senza preoccuparsi della necessaria cottura.<br \/>\nDurante gli anni \u201950 e \u201860 Ennio Lodi, grazie alla collaborazione di Ligabue, riusc\u00ec a riunire trentacinque sculture con soggetti diversi curando da editore le tirature in bronzo di esemplari numerati e limitati che pubblic\u00f2 nel volume \u201cIl Bestiario di Ligabue scultore\u201d con testo critico di Mario De Micheli nel 1972.<br \/>\nLa critica riconosce che l\u2019esperienza scultorea dell\u2019artista inizi probabilmente intorno agli anni \u201820 mentre quella pittorica sia sicuramente successiva all\u2019incontro con Marino Mazzacurati avvenuto nel 1928. Per quanto riguarda l\u2019opera grafica di Ligabue &#8211; come dice Marzio Dall\u2019Acqua &#8211; l\u2019artista nelle incisioni immette l\u2019esistenza con pochi tratti con calligrafismi degni di un disegnatore giapponese, con rigori costruttivi da classico, in uno sperimentare il linguaggio con la libera inventiva di un maestro delle avanguardie.<br \/>\nDal 1958 al 1962 Ligabue realizz\u00f2 una nutrita serie di puntesecche su rame o zinco che egli amava firmare direttamente su lastra; i soggetti a lui cari sono cani, autoritratti, animali selvaggi, domestici e da pascolo. Le puntesecche sono intrise di umori, spigolosit\u00e0 e forti eccitazioni che rispecchiano lo stato d\u2019animo, l\u2019emotivit\u00e0 profonda dell\u2019artista e la sua capacit\u00e0 di immedesimarsi nei soggetti. Ligabue dimostra la sua notevole padronanza tecnica, la sicurezza del suo segno, non conosce pentimenti o esitazioni, certo come \u00e8 dell\u2019anatomia dell\u2019animale, attento alla fisicit\u00e0 che sa tradurre con magico realismo.<br \/>\nLe sculture rappresentano in prevalenza animali, soggetti tanto amati da Ligabue, dotati di grande forza plastica e straordinaria capacit\u00e0 espressiva che rispetto a quelli dipinti risultano pi\u00f9 realistici e immediati; in pittura, in scultura e nelle incisioni Ligabue rappresenta gli stessi animali: leoni, tigri, jene, leopardi, lupi, cervi, scimmie, tori, buoi, cani, gatti; animali esotici e animali domestici.<\/p>\n<p><img loading=\"lazy\" decoding=\"async\" class=\"alignnone size-full wp-image-2647\" src=\"http:\/\/www.biancoscuro.it\/site\/wp-content\/uploads\/2015\/05\/Ghizzardi_Ritratto-di-donna_1965_1.jpg\" alt=\"Ghizzardi_Ritratto-di-donna_1965_1\" width=\"667\" height=\"999\" srcset=\"https:\/\/www.biancoscuro.it\/site\/wp-content\/uploads\/2015\/05\/Ghizzardi_Ritratto-di-donna_1965_1.jpg 667w, https:\/\/www.biancoscuro.it\/site\/wp-content\/uploads\/2015\/05\/Ghizzardi_Ritratto-di-donna_1965_1-200x300.jpg 200w, https:\/\/www.biancoscuro.it\/site\/wp-content\/uploads\/2015\/05\/Ghizzardi_Ritratto-di-donna_1965_1-600x899.jpg 600w, https:\/\/www.biancoscuro.it\/site\/wp-content\/uploads\/2015\/05\/Ghizzardi_Ritratto-di-donna_1965_1-300x449.jpg 300w\" sizes=\"auto, (max-width: 667px) 100vw, 667px\" \/><\/p>\n<p>Anticipando il trentennale della morte di Pietro Ghizzardi (1906-1986) la galleria presenta una cinquantina di dipinti dell\u2019artista realizzati tra gli anni \u201950 e gli anni \u201970 pubblicando un volume monografico con testi di Mario De Micheli, Renato Barilli e Marzio Dall\u2019Acqua.<br \/>\nNella pittura di Ghizzardi le figure femminili, i volti di donne comuni e i corpi seminudi sono icone imprescindibili: immagini di donne sognate o viste, contadine, prostitute, ma anche volti di attrici prelevate da manifesti cinematografici e dai rotocalchi per attaccarli nei suoi collage. Questo tema erotico &#8211; scrive Mario De Micheli &#8211; si arricchisce con le immagini dei santi, dei personaggi della storia, di figure pi\u00f9 o meno leggendarie filtrate da un\u2019invenzione povera, che viene riscattata dal suo segno e dalla sua passione.<br \/>\nL\u2019artista usava carbone, fuliggine e colori naturali prodotti con modesta alchimia domestica, misture di bacche colorate, terre ed erbe, al di fuori di qualsiasi sapere codificato e dall\u2019empirico folklore popolare, reinventandosi un supporto pittorico: il cartone. Questi fogli di cartone molto spesso altro non erano che scatole usate per contenere grossi chiodi in ferro da cantiere che l\u2019artista stesso recuperava e rimodellava per farli tornare alla dimensione originale imbibendoli di acqua; con la tenuta e l\u2019assorbimento di tinte lievi ma persistenti, egli potenziava e rafforzava le opere con i pastelli a cera usati in grandi campiture con gesto da falciatore. Come scrive Marzio Dall\u2019Acqua &#8211; ne sortiva una tecnica affabulatoria, che adattava il corpo al dipingere; spesso infatti Ghizzardi si metteva a quattro zampe e, posto il cartone sul pavimento, procedeva alla stesura dei colori dopo aver delimitato lo spazio del supporto disegnando una nera cornice a racchiudere l\u2019invenzione, che era per lui sempre \u201cpotente\u201d, in qualche modo sorprendente, come scaturita da un\u2019interiorit\u00e0 segreta, come esterna al suo io cosciente.<br \/>\nCome scrive Renato Barilli &#8211; queste figure femminili che costituiscono almeno i due terzi dei suoi soggetti, sono in genere signore di et\u00e0 matura, la maggior parte di queste donne \u00e8 conforme o vicina a una presenza sempre immanente all\u2019attenzione di Ghizzardi, quella della madre, propiziatrice, protettrice ma anche severa custode. Considerando la maggior parte delle sue opere, proprio come le vediamo in questa esauriente rassegna, si direbbe quasi che Ghizzardi abbia scelto e praticato piuttosto un rapporto con le persone secondo le buone modalit\u00e0 di un fotografo. Ma \u00e8 davvero giusto parlare di un atteggiamento da fotografo, a proposito del nostro artista? A ben vedere, egli ha sempre rinunciato al mantenimento di una distanza di sicurezza, anzi Ghizzardi ha sempre voluto accorciare quella distanza, giungere a un corpo a corpo con le persone, fin quasi a toccarle. Semmai, egli si \u00e8 comportato come il tecnico chiamato a darci, non tanto una fotografia, quanto piuttosto una radiografia che esige un contatto diretto con lo schermo. Soprattutto i volti sono costretti ad appiattirsi sulla superficie, fino ad allargare i loro tratti, a costellarsi di righe, di pieghe, di sinuosit\u00e0, da cui discendono deformazioni di specie espressionista, quasi che si volesse costringere il soggetto ad arretrare nel proprio codice genetico, a ritrovare qualche stadio di sviluppo anteriore. Altro che foto, il Nostro dalle sue figure vuole ricavare delle sindoni, avvolgendole in stringenti sudari.<br \/>\nLa sua opera &#8211; continua Renato Barilli &#8211; se in una categoria deve essere ristretta, appartiene indubbiamente all\u2019Art Brut, naturalmente non nell\u2019accezione dell\u2019arte dei folli o degli alienati, ma di coloro che al margine di ogni cultura si sono dovuti reinventare un linguaggio proprio per recuperare dignit\u00e0 per se stessi e le loro opere.<br \/>\nAnche per quanto riguarda Pietro Ghizzardi il fondatore della galleria Ennio Lodi negli anni \u201860 fu il primo tra i galleristi ad interessarsi al suo lavoro comprendendo e apprezzando la forza espressiva di quelle figure cos\u00ec drammaticamente umane, promuovendo mostre personali e un catalogo monografico con testo di Mario De Micheli nel 1975.<\/p>\n<p><a href=\"http:\/\/www.biancoscuro.it\/site\/wp-content\/uploads\/2015\/05\/Ligabue_Leone-ruggente_1.jpg\"><img loading=\"lazy\" decoding=\"async\" class=\"alignnone size-full wp-image-2648\" src=\"http:\/\/www.biancoscuro.it\/site\/wp-content\/uploads\/2015\/05\/Ligabue_Leone-ruggente_1.jpg\" alt=\"Ligabue_Leone-ruggente_1\" width=\"1000\" height=\"1043\" srcset=\"https:\/\/www.biancoscuro.it\/site\/wp-content\/uploads\/2015\/05\/Ligabue_Leone-ruggente_1.jpg 1000w, https:\/\/www.biancoscuro.it\/site\/wp-content\/uploads\/2015\/05\/Ligabue_Leone-ruggente_1-288x300.jpg 288w, https:\/\/www.biancoscuro.it\/site\/wp-content\/uploads\/2015\/05\/Ligabue_Leone-ruggente_1-982x1024.jpg 982w, https:\/\/www.biancoscuro.it\/site\/wp-content\/uploads\/2015\/05\/Ligabue_Leone-ruggente_1-600x626.jpg 600w, https:\/\/www.biancoscuro.it\/site\/wp-content\/uploads\/2015\/05\/Ligabue_Leone-ruggente_1-300x313.jpg 300w\" sizes=\"auto, (max-width: 1000px) 100vw, 1000px\" \/><\/a><br \/>\nL\u2019anello di congiunzione tra <strong>Ligabue<\/strong> e \u00e8 l\u2019essere entrambi artisti autodidatti, fuori dagli schemi accademici dell\u2019arte del Novecento, artisti selvaggi e primitivi, diseredati ed emarginati, dotati di una \u201cfolle genialit\u00e0\u201d, attraverso la quale hanno saputo elevarsi umanamente e artisticamente lasciando nelle loro opere significativa testimonianza del loro vissuto.<br \/>\nEntrambi hanno concepito la loro arte come un importante e indispensabile strumento per fissare passioni travolgenti e inquietudini della mente; dalle loro opere esala il profumo della vita vera, cruda e reale, rendendoli cos\u00ec straordinariamente contemporanei e attuali.<br \/>\nL\u2019esperienza artistica dei due Maestri padani si intreccia con le sofferenze e le difficolt\u00e0 della vita quotidiana: l\u2019arte diventa esigenza necessaria per inserirsi nel tessuto sociale e raggiungere un riconoscimento umano e intellettuale.<\/p>\n<pre>INFO\r\n \u201cAntonio Ligabue e Pietro Ghizzardi tra genio e follia\u201d\r\n Galleria Centro Steccata\r\n Strada Giuseppe Garibaldi 23 - 43121 - \u00a0Parma\r\n dal 16 maggio al 30 ottobre 2015\r\n dalle 10:30 alle 13:00 \/ dalle 15.30 alle 19:30\r\n www.centrosteccata.com\r\n Tel\/Fax 0521\/285118<\/pre>\n<p><img loading=\"lazy\" decoding=\"async\" class=\"alignnone size-full wp-image-2650\" src=\"http:\/\/www.biancoscuro.it\/site\/wp-content\/uploads\/2015\/05\/Ghizzardi_Anna-Magnani_1965_1.jpg\" alt=\"Ghizzardi_Anna-Magnani_1965_1\" width=\"662\" height=\"1000\" srcset=\"https:\/\/www.biancoscuro.it\/site\/wp-content\/uploads\/2015\/05\/Ghizzardi_Anna-Magnani_1965_1.jpg 662w, https:\/\/www.biancoscuro.it\/site\/wp-content\/uploads\/2015\/05\/Ghizzardi_Anna-Magnani_1965_1-199x300.jpg 199w, https:\/\/www.biancoscuro.it\/site\/wp-content\/uploads\/2015\/05\/Ghizzardi_Anna-Magnani_1965_1-600x906.jpg 600w, https:\/\/www.biancoscuro.it\/site\/wp-content\/uploads\/2015\/05\/Ghizzardi_Anna-Magnani_1965_1-300x453.jpg 300w\" sizes=\"auto, (max-width: 662px) 100vw, 662px\" \/><\/p>\n<p>&nbsp;<\/p>\n<p>&nbsp;<\/p>\n","protected":false},"excerpt":{"rendered":"<p><span class=\"span-reading-time rt-reading-time\" style=\"display: block;\"><span class=\"rt-label rt-prefix\">\u23f0 lettura <\/span> <span class=\"rt-time\"> 5<\/span> <span class=\"rt-label rt-postfix\">min. <\/p>\n<p><\/span><\/span>Con il Patrocinio del Comune di Parma,\u00a0verr\u00e0 inaugurata il 16 maggio 2015, alle ore 18, presso la Galleria Centro Steccata di Parma\u00a0la mostra dedicata ad\u00a0Antonio Ligabue e Pietro Ghizzardi\u00a0&#8220;tra genio e follia&#8220;. Presentazione della mostra e del catalogo monografico di Pietro Ghizzardi a cura di Renato Barilli e Marzio Dall&#8217;Acqua. Antonio Ligabue &#8211; Pietro Ghizzardi&hellip;&nbsp;<a href=\"https:\/\/www.biancoscuro.it\/site\/antonio-ligabue-e-pietro-ghizzardi-tra-genio-e-follia-a-parma\/\" rel=\"bookmark\">Leggi tutto &raquo;<span class=\"screen-reader-text\">Antonio Ligabue e Pietro Ghizzardi &#8220;tra genio e follia&#8221; a Parma<\/span><\/a><\/p>\n","protected":false},"author":1,"featured_media":2649,"comment_status":"closed","ping_status":"closed","sticky":false,"template":"","format":"standard","meta":{"neve_meta_sidebar":"","neve_meta_container":"","neve_meta_enable_content_width":"","neve_meta_content_width":0,"neve_meta_title_alignment":"","neve_meta_author_avatar":"","neve_post_elements_order":"","neve_meta_disable_header":"","neve_meta_disable_footer":"","neve_meta_disable_title":"","advanced_seo_description":"","jetpack_seo_html_title":"","jetpack_seo_noindex":false,"footnotes":""},"categories":[5,24],"tags":[],"class_list":["post-2646","post","type-post","status-publish","format-standard","has-post-thumbnail","hentry","category-arte","category-mostre"],"jetpack_featured_media_url":"https:\/\/www.biancoscuro.it\/site\/wp-content\/uploads\/2015\/05\/Ligabue_Pantera_1.jpg","jetpack_sharing_enabled":true,"jetpack-related-posts":[{"id":5164,"url":"https:\/\/www.biancoscuro.it\/site\/antonio-ligabue-alle-scuderie-del-castello-visconteo\/","url_meta":{"origin":2646,"position":0},"title":"Antonio Ligabue alle Scuderie del Castello Visconteo","author":"Redazione BIANCOSCURO","date":"20 Marzo 2017","format":false,"excerpt":"Oltre 1.000 visitatori nel primo weekend di apertura della mostra Notevole\u00a0riscontro di pubblico per l'apertura dell\u2019antologica di Antonio Ligabue, in corso fino al 18 giugno 2017, alle Scuderie del Castello Visconteo di Pavia.\u00a0Oltre 1.000 le persone che hanno ammirato le 72 opere di uno degli autori pi\u00f9 geniali e originali\u2026","rel":"","context":"In &quot;art magazine&quot;","block_context":{"text":"art magazine","link":"https:\/\/www.biancoscuro.it\/site\/category\/art-magazine\/"},"img":{"alt_text":"LIGABUE art magazine BIANCOSCURO rivista d'arte","src":"https:\/\/i0.wp.com\/www.biancoscuro.it\/site\/wp-content\/uploads\/2017\/03\/1ligabue.jpg?resize=350%2C200","width":350,"height":200,"srcset":"https:\/\/i0.wp.com\/www.biancoscuro.it\/site\/wp-content\/uploads\/2017\/03\/1ligabue.jpg?resize=350%2C200 1x, https:\/\/i0.wp.com\/www.biancoscuro.it\/site\/wp-content\/uploads\/2017\/03\/1ligabue.jpg?resize=525%2C300 1.5x, https:\/\/i0.wp.com\/www.biancoscuro.it\/site\/wp-content\/uploads\/2017\/03\/1ligabue.jpg?resize=700%2C400 2x"},"classes":[]},{"id":2059,"url":"https:\/\/www.biancoscuro.it\/site\/nel-segno-del-colore-galleria-centro-steccata-parma\/","url_meta":{"origin":2646,"position":1},"title":"Nel segno del colore \u2013 Galleria Centro Steccata Parma","author":"Redazione BIANCOSCURO","date":"5 Dicembre 2014","format":false,"excerpt":"NEL SEGNO DEL COLORE dal 6 dicembre al 30 gennaio 2015 Sabato 6 dicembre 2014 ore 17 presso la \"Galleria Centro Steccata\" si inaugurer\u00e0 un\u2019importante selezione di opere realizzate dalla fine degli anni 50 fino a oggi; grandi e giovani Maestri per ripercorrere le tappe salienti della storia dell\u2019arte internazionale\u2026","rel":"","context":"In &quot;arte&quot;","block_context":{"text":"arte","link":"https:\/\/www.biancoscuro.it\/site\/category\/arte\/"},"img":{"alt_text":"","src":"https:\/\/i0.wp.com\/www.biancoscuro.it\/site\/wp-content\/uploads\/2014\/12\/Nel-segno-del-colore.jpg?resize=350%2C200&ssl=1","width":350,"height":200},"classes":[]},{"id":11582,"url":"https:\/\/www.biancoscuro.it\/site\/antonio-ligabue-lidea-magica-della-pittura\/","url_meta":{"origin":2646,"position":2},"title":"Antonio Ligabue | L\u2019idea magica della pittura","author":"Mario Gambatesa","date":"22 Febbraio 2021","format":false,"excerpt":"Palazzo dei Diamanti di Ferrara ospita la mostra \u201cAntonio Ligabue \u2013 Una vita d\u2019artista\u201d, dedicata ad uno dei pittori pi\u00f9 enigmatici del novecento. La vita di Ligabue \u00e8 un vero e proprio romanzo, un\u2019esistenza dominata da povert\u00e0, solitudine ed emarginazione, riscattata da uno sconfinato amore per la pittura. Antonio LigabueAutoritratto,\u2026","rel":"","context":"In &quot;arte&quot;","block_context":{"text":"arte","link":"https:\/\/www.biancoscuro.it\/site\/category\/arte\/"},"img":{"alt_text":"BIANCO","src":"https:\/\/i0.wp.com\/www.biancoscuro.it\/site\/wp-content\/uploads\/2021\/02\/LIGA-VITADARTISTA_019.jpg?resize=350%2C200&ssl=1","width":350,"height":200,"srcset":"https:\/\/i0.wp.com\/www.biancoscuro.it\/site\/wp-content\/uploads\/2021\/02\/LIGA-VITADARTISTA_019.jpg?resize=350%2C200&ssl=1 1x, https:\/\/i0.wp.com\/www.biancoscuro.it\/site\/wp-content\/uploads\/2021\/02\/LIGA-VITADARTISTA_019.jpg?resize=525%2C300&ssl=1 1.5x, https:\/\/i0.wp.com\/www.biancoscuro.it\/site\/wp-content\/uploads\/2021\/02\/LIGA-VITADARTISTA_019.jpg?resize=700%2C400&ssl=1 2x, https:\/\/i0.wp.com\/www.biancoscuro.it\/site\/wp-content\/uploads\/2021\/02\/LIGA-VITADARTISTA_019.jpg?resize=1050%2C600&ssl=1 3x, https:\/\/i0.wp.com\/www.biancoscuro.it\/site\/wp-content\/uploads\/2021\/02\/LIGA-VITADARTISTA_019.jpg?resize=1400%2C800&ssl=1 4x"},"classes":[]},{"id":1766,"url":"https:\/\/www.biancoscuro.it\/site\/art-parma-fair-14-parma-torna-ad-essere-centro-dellarte\/","url_meta":{"origin":2646,"position":3},"title":"Art Parma Fair &#8217;14 &#8211; Parma torna ad essere il centro dell\u2019arte","author":"Redazione BIANCOSCURO","date":"5 Settembre 2014","format":false,"excerpt":"Parma torna ad essere il centro dell\u2019arte con ARTPARMA FAIR '14 manifestazione dedicata all\u2019arte moderna e contemporanea, che si svolger\u00e0 dal 4 al 6 ottobre 2014 presso il quartiere fieristico parmense. ARTPARMA FAIR \u00e8 una mostra-mercato dove trovare un\u2019ampia panoramica di Gallerie d\u2019arte, molte delle quali ormai fidelizzate grazie ad\u2026","rel":"","context":"In &quot;arte&quot;","block_context":{"text":"arte","link":"https:\/\/www.biancoscuro.it\/site\/category\/arte\/"},"img":{"alt_text":"ARTPARMA2014 biancoscuro","src":"https:\/\/i0.wp.com\/www.biancoscuro.it\/site\/wp-content\/uploads\/2014\/05\/ARTPARMA2014.jpg?resize=350%2C200","width":350,"height":200},"classes":[]},{"id":2417,"url":"https:\/\/www.biancoscuro.it\/site\/agostino-ferrari-e-il-gruppo-del-cenobio\/","url_meta":{"origin":2646,"position":4},"title":"Agostino Ferrari e il gruppo del Cenobio","author":"Redazione BIANCOSCURO","date":"14 Marzo 2015","format":false,"excerpt":"AGOSTINO FERRARI e il gruppo del cenobio LA PIETRA \u2013 SORDINI \u2013 VERGA - VERMI dal 14 marzo al 6 maggio 2015 GALLERIA CENTRO STECCATA Parma Una mostra organica sul sodalizio artistico che, preparato e in gestazione dalla met\u00e0 degli anni cinquanta del Novecento, si form\u00f2 e si sciolse a\u2026","rel":"","context":"In &quot;arte&quot;","block_context":{"text":"arte","link":"https:\/\/www.biancoscuro.it\/site\/category\/arte\/"},"img":{"alt_text":"","src":"https:\/\/i0.wp.com\/www.biancoscuro.it\/site\/wp-content\/uploads\/2015\/04\/Ferrari_Oltre-la-soglia_150x150_2010_rosso_alta_dida.jpg?resize=350%2C200&ssl=1","width":350,"height":200,"srcset":"https:\/\/i0.wp.com\/www.biancoscuro.it\/site\/wp-content\/uploads\/2015\/04\/Ferrari_Oltre-la-soglia_150x150_2010_rosso_alta_dida.jpg?resize=350%2C200&ssl=1 1x, https:\/\/i0.wp.com\/www.biancoscuro.it\/site\/wp-content\/uploads\/2015\/04\/Ferrari_Oltre-la-soglia_150x150_2010_rosso_alta_dida.jpg?resize=525%2C300&ssl=1 1.5x"},"classes":[]},{"id":1848,"url":"https:\/\/www.biancoscuro.it\/site\/arte-forli-contemporanea\/","url_meta":{"origin":2646,"position":5},"title":"Arte Forl\u00ec CONTEMPORANEA","author":"Redazione BIANCOSCURO","date":"8 Ottobre 2014","format":false,"excerpt":"Arte Forl\u00ec Contemporanea \u00e8 giunta alla 18\u00aa edizione e\u00a0deve il suo crescente successo ad una formula ben collaudata negli anni. Arte Forl\u00ec Contemporanea non \u00e8 solo di una mostra mercato dove poter visionare una varia ed ampia panoramica di gallerie, molte delle quali ormai fidelizzate grazie ad un rapporto di\u2026","rel":"","context":"In &quot;arte&quot;","block_context":{"text":"arte","link":"https:\/\/www.biancoscuro.it\/site\/category\/arte\/"},"img":{"alt_text":"Arte_CONTEMPORANEA_FORLI_2014-BIANCOSCURO","src":"https:\/\/i0.wp.com\/www.biancoscuro.it\/site\/wp-content\/uploads\/2014\/05\/CONTEMPORANEAFORLI2014.jpg?resize=350%2C200","width":350,"height":200},"classes":[]}],"_links":{"self":[{"href":"https:\/\/www.biancoscuro.it\/site\/wp-json\/wp\/v2\/posts\/2646","targetHints":{"allow":["GET"]}}],"collection":[{"href":"https:\/\/www.biancoscuro.it\/site\/wp-json\/wp\/v2\/posts"}],"about":[{"href":"https:\/\/www.biancoscuro.it\/site\/wp-json\/wp\/v2\/types\/post"}],"author":[{"embeddable":true,"href":"https:\/\/www.biancoscuro.it\/site\/wp-json\/wp\/v2\/users\/1"}],"replies":[{"embeddable":true,"href":"https:\/\/www.biancoscuro.it\/site\/wp-json\/wp\/v2\/comments?post=2646"}],"version-history":[{"count":0,"href":"https:\/\/www.biancoscuro.it\/site\/wp-json\/wp\/v2\/posts\/2646\/revisions"}],"wp:featuredmedia":[{"embeddable":true,"href":"https:\/\/www.biancoscuro.it\/site\/wp-json\/wp\/v2\/media\/2649"}],"wp:attachment":[{"href":"https:\/\/www.biancoscuro.it\/site\/wp-json\/wp\/v2\/media?parent=2646"}],"wp:term":[{"taxonomy":"category","embeddable":true,"href":"https:\/\/www.biancoscuro.it\/site\/wp-json\/wp\/v2\/categories?post=2646"},{"taxonomy":"post_tag","embeddable":true,"href":"https:\/\/www.biancoscuro.it\/site\/wp-json\/wp\/v2\/tags?post=2646"}],"curies":[{"name":"wp","href":"https:\/\/api.w.org\/{rel}","templated":true}]}}