{"id":2700,"date":"2015-05-19T10:56:05","date_gmt":"2015-05-19T10:56:05","guid":{"rendered":"http:\/\/www.biancoscuro.it\/site\/?p=2700"},"modified":"2015-05-19T10:57:24","modified_gmt":"2015-05-19T10:57:24","slug":"art-in-nature-atto-iii-peter-randall-page","status":"publish","type":"post","link":"https:\/\/www.biancoscuro.it\/site\/art-in-nature-atto-iii-peter-randall-page\/","title":{"rendered":"Art in Nature \/ Atto III [Peter Randall-Page]"},"content":{"rendered":"<span class=\"span-reading-time rt-reading-time\" style=\"display: block;\"><span class=\"rt-label rt-prefix\">\u23f0 lettura <\/span> <span class=\"rt-time\"> 3<\/span> <span class=\"rt-label rt-postfix\">min. <br><br><\/span><\/span><h3>Peter Randall-Page a Villa Panza e ad Arte Sella<br \/>\ninaugurazione alla presenza dell\u2019artista sabato 23 maggio 2015 alle 18<br \/>\nVilla e Collezione Panza, Varese<\/h3>\n<p>Il <strong>FAI<\/strong> \u2013 Fondo Ambiente Italiano presenta sabato 23 maggio 2015 alle 18 a <strong>Villa Panza<\/strong>, Varese il terzo atto del progetto triennale Art in Nature, realizzato in collaborazione con <strong>Arte Sella<\/strong>, manifestazione internazionale di arte contemporanea che si svolge all\u2019aperto in Val di Sella (TN).<\/p>\n<p>Il progetto <strong>Art in Nature<\/strong>, nato nel 2013 a cura del direttore artistico di Arte Sella, Emanuele Montibeller, e del direttore di Villa e Collezione Panza, Anna Bernardini, ha arricchito il parco settecentesco della Villa di opere site-specific di Stuart Ian Frost (2013) e Bob Verschueren (2014), realizzate interamente con materiali naturali e in perfetta simbiosi con la vegetazione, le specie arboree e le geometrie del giardino. Quest\u2019anno Art in Nature vede il coinvolgimento diretto di Arte Sella che inaugurer\u00e0 a Villa Panza la propria stagione espositiva. Il progetto infatti vede protagonista lo scultore inglese Peter Randall-Page impegnato in una mostra \u201cdiffusa\u201d tra Villa Panza e Arte Sella (Trento). Le sue imponenti sculture saranno infatti ospitate in contemporanea fino alla prossima primavera nel parco della villa varesina e nella Val di Sella in un&#8217;unica esposizione condivisa tra le due istituzioni. A Varese verr\u00e0 installata l\u2019opera Cupressus I, realizzata nel 2008 con granito ricavato da un masso erratico glaciale in Finlandia e caratterizzata da profonde incisioni con forme esagonali e pentagonali che rimandano alla geometria della natura, e che entrer\u00e0 a far parte del patrimonio permanente della Villa. Inoltre fino alla primavera del 2016 saranno esposte altre tre imponenti sculture, sempre di Peter Randall-Page, della serie Shapes in the Clouds, in marmo rosso Luana e del peso di circa 5 tonnellate ognuna che saranno posizionate di fianco al Salone Impero.<\/p>\n<p>La ricerca dell\u2019artista \u00e8 da sempre ispirata allo studio dei fenomeni naturali e dell\u2019impatto che questi hanno sulle nostre emozioni: la forma, il colore, la qualit\u00e0 della pietra e la lavorazione dell\u2019incisione fanno tutte parte della cifra stilistica di Peter Randall-Page che pone al centro delle sue sculture e disegni la natura. Negli ultimi anni il suo lavoro si \u00e8 sempre pi\u00f9 rivolto ai principi nascosti che determinano la crescita della natura e le forme che questa produce, per usare le sue stesse parole: &#8220;La geometria \u00e8 il tema su cui la natura gioca le sue infinite variazioni e pu\u00f2 essere vista come un libro di modelli sui quali le strutture pi\u00f9 complesse e sofisticate sono basate&#8221;.<\/p>\n<p>Con il Patrocinio del Ministero dei beni e delle attivit\u00e0 culturali e del turismo, della Regione Lombardia, della Provincia di Varese e del Comune di Varese.\u00a0La mostra \u00e8 inserita nel progetto \u201cGrand Tour EXPO nelle prestigiose location della terre dei laghi\u201d.<br \/>\nIl calendario \u201cEventi nei beni del FAI 2015\u201d, \u00e8 reso possibile grazie al significativo sostegno e all\u2019energia di ENGIE,\u00a0dal 2011 sostenitore del FAI, al prezioso contributo di PIRELLI che rinnova la consolidata amicizia con la Fondazione e Cedral Tassoni, marchio storico italiano che per il quarto anno consecutivo ha deciso di abbinare la tradizione, la storia e la naturalit\u00e0 del suo prodotto al FAI.<\/p>\n<p><img loading=\"lazy\" decoding=\"async\" class=\"alignnone size-full wp-image-2698\" src=\"http:\/\/www.biancoscuro.it\/site\/wp-content\/uploads\/2015\/05\/sha.jpg\" alt=\"sha\" width=\"1500\" height=\"825\" srcset=\"https:\/\/www.biancoscuro.it\/site\/wp-content\/uploads\/2015\/05\/sha.jpg 1500w, https:\/\/www.biancoscuro.it\/site\/wp-content\/uploads\/2015\/05\/sha-300x165.jpg 300w, https:\/\/www.biancoscuro.it\/site\/wp-content\/uploads\/2015\/05\/sha-1024x563.jpg 1024w, https:\/\/www.biancoscuro.it\/site\/wp-content\/uploads\/2015\/05\/sha-600x330.jpg 600w\" sizes=\"auto, (max-width: 1500px) 100vw, 1500px\" \/><\/p>\n<blockquote><p><strong>Peter Randall-Page<\/strong><br \/>\nPeter Randall-Page \u00e8 nato nel Regno Unito nel 1954 e ha studiato scultura alla Bath Academy of Art dal 1973 al 1977. Grazie ai suoi disegni, sculture e stampe che lo hanno portato ad accettare numerose commissioni su larga scala, si \u00e8 meritato una reputazione internazionale che gli ha permesso di esporre nelle collezioni pubbliche e private di tutto il mondo, Giappone, Corea del Sud, Australia, USA, Turchia, Irlanda, Germania e Paesi Bassi inclusi. Una selezione delle sue sculture pubbliche si trovano anche in aree urbane e rurali del Regno Unito come Londra, Edimburgo, Manchester, Bristol, Oxford e Cambridge e nelle collezioni permanenti della Tate Gallery e del British Museum di Londra. Nel 1999 \u00e8 stato insignito dalla Plymouth University del Dottorato Onorario in Arti, nel 2009 del Dottorato in Lettere dalla York St. John University, nel 2010 del Dottorato in Lettere dall\u2019University of Exeter e nel 2013 del Dottorato Onorario in Lettere dalla Bath Spa University.\u00a0Fra le opere che gli sono state commissionate: Give and Take a Newcastle che ha vinto nel 2006 il Marsh Award for Public Sculpture, il grande muro di ceramica Mind&#8217;s Eye per il Dipartimento di Psicologia dell&#8217;Universit\u00e0 di Cardiff (2006) e una scultura commemorativa per un capo Mohegan presso la cattedrale di Southwark (2006). In qualit\u00e0 di membro del team di design, Peter Randall-Page ha lavorato, dal 2003 al 2007, al all&#8217;Eden Project per l&#8217;Education Resource Centre in Cornovaglia, in particolare a The Core, uno spazio didattico con aule e sedi espositive, influenzandone il disegno complessivo dell&#8217;edificio con Seed, un&#8217;enorme scultura di granito incorporata al centro.\u00a0Progetti recenti includono: Harmonic Solids, Universit\u00e0 di Karlsruhe, Germania (2013), Metamorfoz, Eskisehir, Turchia (2011), Ridge and Furrow, Universit\u00e0 dello Iowa, USA (2011), Walking The Dog, Dulwich Picture Gallery (2009), un ponte per il giardino della Dartington Hall (2011) e una mostra personale presso la Underground Gallery allo Yorkshire Sculpture Park (giugno 2009 &#8211; aprile 2010).<\/p>\n<p>&nbsp;<\/p><\/blockquote>\n<pre>INFO<\/pre>\n<pre>Arte Sella\r\ninaugurazione domenica 24 maggio 2015 alle 15\r\nOrari\r\naperto tutti i giorni: 10 \u2013 18\r\nIngresso all\u2019Area di Malga Costa e Cattedrale Vegetale\r\nMalga Costa, Val di Sella, Borgo Valsugana (TN)\r\n\r\nVilla e Collezione Panza\r\ninaugurazione alla presenza dell\u2019artista sabato 23 maggio 2015 alle 18\r\nOrari\r\nda marted\u00ec a domenica: 10 \u2013 18; \r\nultimo ingresso ore 17.30\r\n\r\nwww.fondoambiente.it\r\n<img loading=\"lazy\" decoding=\"async\" class=\"alignnone size-full wp-image-2697\" src=\"http:\/\/www.biancoscuro.it\/site\/wp-content\/uploads\/2015\/05\/inv.jpg\" alt=\"inv\" width=\"1000\" height=\"1416\" srcset=\"https:\/\/www.biancoscuro.it\/site\/wp-content\/uploads\/2015\/05\/inv.jpg 1000w, https:\/\/www.biancoscuro.it\/site\/wp-content\/uploads\/2015\/05\/inv-212x300.jpg 212w, https:\/\/www.biancoscuro.it\/site\/wp-content\/uploads\/2015\/05\/inv-723x1024.jpg 723w, https:\/\/www.biancoscuro.it\/site\/wp-content\/uploads\/2015\/05\/inv-600x850.jpg 600w, https:\/\/www.biancoscuro.it\/site\/wp-content\/uploads\/2015\/05\/inv-300x425.jpg 300w\" sizes=\"auto, (max-width: 1000px) 100vw, 1000px\" \/>\r\n\r\n<\/pre>\n","protected":false},"excerpt":{"rendered":"<p><span class=\"span-reading-time rt-reading-time\" style=\"display: block;\"><span class=\"rt-label rt-prefix\">\u23f0 lettura <\/span> <span class=\"rt-time\"> 3<\/span> <span class=\"rt-label rt-postfix\">min. <\/p>\n<p><\/span><\/span>Peter Randall-Page a Villa Panza e ad Arte Sella inaugurazione alla presenza dell\u2019artista sabato 23 maggio 2015 alle 18 Villa e Collezione Panza, Varese Il FAI \u2013 Fondo Ambiente Italiano presenta sabato 23 maggio 2015 alle 18 a Villa Panza, Varese il terzo atto del progetto triennale Art in Nature, realizzato in collaborazione con Arte&hellip;&nbsp;<a href=\"https:\/\/www.biancoscuro.it\/site\/art-in-nature-atto-iii-peter-randall-page\/\" rel=\"bookmark\">Leggi tutto &raquo;<span class=\"screen-reader-text\">Art in Nature \/ Atto III [Peter Randall-Page]<\/span><\/a><\/p>\n","protected":false},"author":1,"featured_media":2699,"comment_status":"closed","ping_status":"closed","sticky":false,"template":"","format":"standard","meta":{"neve_meta_sidebar":"","neve_meta_container":"","neve_meta_enable_content_width":"","neve_meta_content_width":0,"neve_meta_title_alignment":"","neve_meta_author_avatar":"","neve_post_elements_order":"","neve_meta_disable_header":"","neve_meta_disable_footer":"","neve_meta_disable_title":"","advanced_seo_description":"","jetpack_seo_html_title":"","jetpack_seo_noindex":false,"footnotes":""},"categories":[5,26,334,27],"tags":[337,338,339,335,340,336],"class_list":["post-2700","post","type-post","status-publish","format-standard","has-post-thumbnail","hentry","category-arte","category-eventi","category-installazioni","category-manifestazione","tag-arte-sella","tag-fai","tag-fondo-ambiente-italiano","tag-peter-randall","tag-peter-randall-page","tag-villa-panza"],"jetpack_featured_media_url":"https:\/\/www.biancoscuro.it\/site\/wp-content\/uploads\/2015\/05\/ran.jpg","jetpack_sharing_enabled":true,"jetpack-related-posts":[{"id":6576,"url":"https:\/\/www.biancoscuro.it\/site\/alla-casa-goethe-roma-presentazione-del-volume-museo-piranesi-pierluigi-panza-skira\/","url_meta":{"origin":2700,"position":0},"title":"Alla Casa di Goethe a Roma Presentazione del volume MUSEO PIRANESI di Pierluigi Panza","author":"Chiara","date":"26 Febbraio 2018","format":false,"excerpt":"Gioved\u00ec 1 marzo 2018 alle\u00a019\u00a0alla Casa di Goethe a Roma (via del Corso 18) avr\u00e0 luogo\u00a0la presentazione del volume di\u00a0Pierluigi Panza MUSEO PIRANESI, Skira. Con l'autore interviene MARCELLO BARBANERA. \u00a0 \u00a0 L'evento \u00e8 a ingresso gratuito! \u00a0 \u00a0 \u00a0 \u00a0 \u00a0 \u00a0 \u00a0 \u00a0 \u00a0 \u00a0 \u00a0 \u00a0 \u00a0 \u00a0\u2026","rel":"","context":"In &quot;arte&quot;","block_context":{"text":"arte","link":"https:\/\/www.biancoscuro.it\/site\/category\/arte\/"},"img":{"alt_text":"","src":"https:\/\/i0.wp.com\/www.biancoscuro.it\/site\/wp-content\/uploads\/2018\/02\/museo-piranesi_cover.jpg?resize=350%2C200&ssl=1","width":350,"height":200},"classes":[]},{"id":10319,"url":"https:\/\/www.biancoscuro.it\/site\/real-art-5-al-museo-bodini\/","url_meta":{"origin":2700,"position":1},"title":"Real Art #5","author":"Redazione BIANCOSCURO","date":"31 Gennaio 2020","format":false,"excerpt":"Le opere al Museo Floriano Bodini REAL ART, progetto artistico, sotto forma di pubblicazione-portfolio, ritorna per il quinto anno consecutivo. Dopo diverse presentazioni allo Spazio Casa Museo E.Tadini e alla Galleria Villa Contemporanea, il momento che tutti aspettiamo \u00e8 la mostra collettiva al Museo Floriano Bodini di Gemonio, ormai punto\u2026","rel":"","context":"In &quot;arte&quot;","block_context":{"text":"arte","link":"https:\/\/www.biancoscuro.it\/site\/category\/arte\/"},"img":{"alt_text":"","src":"https:\/\/i0.wp.com\/www.biancoscuro.it\/site\/wp-content\/uploads\/2020\/02\/KOSTABI_Mark-2017-bacco-tabacco-e-venere.-bacchus-tobacco-and-venus-50x60cm.jpg?resize=350%2C200&ssl=1","width":350,"height":200,"srcset":"https:\/\/i0.wp.com\/www.biancoscuro.it\/site\/wp-content\/uploads\/2020\/02\/KOSTABI_Mark-2017-bacco-tabacco-e-venere.-bacchus-tobacco-and-venus-50x60cm.jpg?resize=350%2C200&ssl=1 1x, https:\/\/i0.wp.com\/www.biancoscuro.it\/site\/wp-content\/uploads\/2020\/02\/KOSTABI_Mark-2017-bacco-tabacco-e-venere.-bacchus-tobacco-and-venus-50x60cm.jpg?resize=525%2C300&ssl=1 1.5x, https:\/\/i0.wp.com\/www.biancoscuro.it\/site\/wp-content\/uploads\/2020\/02\/KOSTABI_Mark-2017-bacco-tabacco-e-venere.-bacchus-tobacco-and-venus-50x60cm.jpg?resize=700%2C400&ssl=1 2x, https:\/\/i0.wp.com\/www.biancoscuro.it\/site\/wp-content\/uploads\/2020\/02\/KOSTABI_Mark-2017-bacco-tabacco-e-venere.-bacchus-tobacco-and-venus-50x60cm.jpg?resize=1050%2C600&ssl=1 3x, https:\/\/i0.wp.com\/www.biancoscuro.it\/site\/wp-content\/uploads\/2020\/02\/KOSTABI_Mark-2017-bacco-tabacco-e-venere.-bacchus-tobacco-and-venus-50x60cm.jpg?resize=1400%2C800&ssl=1 4x"},"classes":[]},{"id":5832,"url":"https:\/\/www.biancoscuro.it\/site\/peter-hide-311065-giordano-redaelli-villa-contemporanea-monza\/","url_meta":{"origin":2700,"position":2},"title":"Peter Hide 311065 &#8211; Giordano Redaelli | Villa Contemporanea | Monza","author":"Redazione BIANCOSCURO","date":"28 Agosto 2017","format":false,"excerpt":"Una mostra speciale in collaborazione con Giovanni Sala e Roberta Mandelli Inaugurazione: venerd\u00ec 1 Settembre 2017 dalle ore 18.30 La galleria Villa Contemporanea\u00a0di Monza durante il weekend monzese dedicato al Mondiale di F1, presenta\u00a0Peter Hide 311065 e Giordano Redaelli, due artisti diversi per formazione, con linguaggi e sensibilit\u00e0 differenti, che\u2026","rel":"","context":"In &quot;arte&quot;","block_context":{"text":"arte","link":"https:\/\/www.biancoscuro.it\/site\/category\/arte\/"},"img":{"alt_text":"","src":"https:\/\/i0.wp.com\/www.biancoscuro.it\/site\/wp-content\/uploads\/2017\/08\/CS_HIDE_REDAELLI.01-1-800.jpg?resize=350%2C200&ssl=1","width":350,"height":200,"srcset":"https:\/\/i0.wp.com\/www.biancoscuro.it\/site\/wp-content\/uploads\/2017\/08\/CS_HIDE_REDAELLI.01-1-800.jpg?resize=350%2C200&ssl=1 1x, https:\/\/i0.wp.com\/www.biancoscuro.it\/site\/wp-content\/uploads\/2017\/08\/CS_HIDE_REDAELLI.01-1-800.jpg?resize=525%2C300&ssl=1 1.5x, https:\/\/i0.wp.com\/www.biancoscuro.it\/site\/wp-content\/uploads\/2017\/08\/CS_HIDE_REDAELLI.01-1-800.jpg?resize=700%2C400&ssl=1 2x"},"classes":[]},{"id":17934,"url":"https:\/\/www.biancoscuro.it\/site\/fai-fondo-italiano-per-lambiente-e-iosonovulnerabile-insieme-a-villa-altieri-nella-giornata-dedicata-allarte-contemporanea-e-alla-memoria\/","url_meta":{"origin":2700,"position":3},"title":"FAI + IOSONOVULNERABILE + Villa Altieri","author":"Roberta Melasecca","date":"15 Dicembre 2024","format":false,"excerpt":"Il progetto transdisciplinare IOSONOVULNERABILE di Sergio Mario Illuminato continua a dialogare con la memoria storica e le trasformazioni del nostro presente. In occasione della visita organizzata dal FAI (Fondo Ambiente Italiano) per Cosa FAI Oggi, l'appuntamento si sposta a Villa Altieri: un luogo simbolico, un tempo ex carcere femminile, oggi\u2026","rel":"","context":"In &quot;eventi&quot;","block_context":{"text":"eventi","link":"https:\/\/www.biancoscuro.it\/site\/category\/eventi\/"},"img":{"alt_text":"","src":"https:\/\/i0.wp.com\/www.biancoscuro.it\/site\/wp-content\/uploads\/2024\/12\/470471842_556540760682577_980264545656629507_n-1.jpg?resize=350%2C200&ssl=1","width":350,"height":200,"srcset":"https:\/\/i0.wp.com\/www.biancoscuro.it\/site\/wp-content\/uploads\/2024\/12\/470471842_556540760682577_980264545656629507_n-1.jpg?resize=350%2C200&ssl=1 1x, https:\/\/i0.wp.com\/www.biancoscuro.it\/site\/wp-content\/uploads\/2024\/12\/470471842_556540760682577_980264545656629507_n-1.jpg?resize=525%2C300&ssl=1 1.5x, https:\/\/i0.wp.com\/www.biancoscuro.it\/site\/wp-content\/uploads\/2024\/12\/470471842_556540760682577_980264545656629507_n-1.jpg?resize=700%2C400&ssl=1 2x, https:\/\/i0.wp.com\/www.biancoscuro.it\/site\/wp-content\/uploads\/2024\/12\/470471842_556540760682577_980264545656629507_n-1.jpg?resize=1050%2C600&ssl=1 3x, https:\/\/i0.wp.com\/www.biancoscuro.it\/site\/wp-content\/uploads\/2024\/12\/470471842_556540760682577_980264545656629507_n-1.jpg?resize=1400%2C800&ssl=1 4x"},"classes":[]},{"id":2467,"url":"https:\/\/www.biancoscuro.it\/site\/money-revolution-peter-hide-311065-isabella-rigamonti-finter-bank-lugano-ch\/","url_meta":{"origin":2700,"position":4},"title":"Money rEVOLution Peter Hide 311065 + Isabella Rigamonti \/\/ Finter Bank &#8211; Lugano (CH)","author":"Redazione BIANCOSCURO","date":"13 Aprile 2015","format":false,"excerpt":"MONEY REVOLUTION PETER HIDE 311065 + ISABELLA RIGAMONTI FINTER BANK Via Al Forte, 1 6900 LUGANO (CH) Il 7 Maggio 2015 nella sede della Finter Bank Zurich di Lugano, si terr\u00e0 l\u2019inaugurazione di Money Revolution, mostra personale di Peter Hide 311065 & Isabella Rigamonti. Nome d\u2019arte di Franco Crugnola, Peter\u2026","rel":"","context":"In &quot;arte&quot;","block_context":{"text":"arte","link":"https:\/\/www.biancoscuro.it\/site\/category\/arte\/"},"img":{"alt_text":"","src":"https:\/\/i0.wp.com\/www.biancoscuro.it\/site\/wp-content\/uploads\/2015\/04\/11178307_10152955879961696_469224096243800843_n.jpg?resize=350%2C200&ssl=1","width":350,"height":200,"srcset":"https:\/\/i0.wp.com\/www.biancoscuro.it\/site\/wp-content\/uploads\/2015\/04\/11178307_10152955879961696_469224096243800843_n.jpg?resize=350%2C200&ssl=1 1x, https:\/\/i0.wp.com\/www.biancoscuro.it\/site\/wp-content\/uploads\/2015\/04\/11178307_10152955879961696_469224096243800843_n.jpg?resize=525%2C300&ssl=1 1.5x, https:\/\/i0.wp.com\/www.biancoscuro.it\/site\/wp-content\/uploads\/2015\/04\/11178307_10152955879961696_469224096243800843_n.jpg?resize=700%2C400&ssl=1 2x"},"classes":[]},{"id":4864,"url":"https:\/\/www.biancoscuro.it\/site\/giovanni-frangi-pret-porter\/","url_meta":{"origin":2700,"position":5},"title":"Giovanni Frangi | Pr\u00eat-\u00c0-Porter","author":"Redazione BIANCOSCURO","date":"25 Gennaio 2017","format":false,"excerpt":"Un\u2019esposizione appositamente concepita per gli spazi del Palazzo\u00a0Fibromi,\u00a0molti lavori appositamente realizzati, tra cui quello che occupa la passerella affacciata sul salone del piano nobile. L'inaugurazione della\u00a0mostra Pr\u00eat-\u00e0-porter di Giovanni Frangi\u00a0\u00e8 fissata per sabato 4 febbraio 2017 rimarr\u00e0\u00a0aperta al pubblico fino al 2 aprile.\u00a0\u00a0Mostra curata di Giovanni Agosti\u00a0\u00e8 promossa e realizzata\u2026","rel":"","context":"In &quot;arte&quot;","block_context":{"text":"arte","link":"https:\/\/www.biancoscuro.it\/site\/category\/arte\/"},"img":{"alt_text":"Giovanni Frangi | Palma - Canarie, 2015, olio su tela, 195x146 cm.","src":"https:\/\/i0.wp.com\/www.biancoscuro.it\/site\/wp-content\/uploads\/2017\/01\/Palma_Canarie2015cm.195x146olio_su_tela-760x1024.jpg?resize=350%2C200","width":350,"height":200,"srcset":"https:\/\/i0.wp.com\/www.biancoscuro.it\/site\/wp-content\/uploads\/2017\/01\/Palma_Canarie2015cm.195x146olio_su_tela-760x1024.jpg?resize=350%2C200 1x, https:\/\/i0.wp.com\/www.biancoscuro.it\/site\/wp-content\/uploads\/2017\/01\/Palma_Canarie2015cm.195x146olio_su_tela-760x1024.jpg?resize=525%2C300 1.5x"},"classes":[]}],"_links":{"self":[{"href":"https:\/\/www.biancoscuro.it\/site\/wp-json\/wp\/v2\/posts\/2700","targetHints":{"allow":["GET"]}}],"collection":[{"href":"https:\/\/www.biancoscuro.it\/site\/wp-json\/wp\/v2\/posts"}],"about":[{"href":"https:\/\/www.biancoscuro.it\/site\/wp-json\/wp\/v2\/types\/post"}],"author":[{"embeddable":true,"href":"https:\/\/www.biancoscuro.it\/site\/wp-json\/wp\/v2\/users\/1"}],"replies":[{"embeddable":true,"href":"https:\/\/www.biancoscuro.it\/site\/wp-json\/wp\/v2\/comments?post=2700"}],"version-history":[{"count":0,"href":"https:\/\/www.biancoscuro.it\/site\/wp-json\/wp\/v2\/posts\/2700\/revisions"}],"wp:featuredmedia":[{"embeddable":true,"href":"https:\/\/www.biancoscuro.it\/site\/wp-json\/wp\/v2\/media\/2699"}],"wp:attachment":[{"href":"https:\/\/www.biancoscuro.it\/site\/wp-json\/wp\/v2\/media?parent=2700"}],"wp:term":[{"taxonomy":"category","embeddable":true,"href":"https:\/\/www.biancoscuro.it\/site\/wp-json\/wp\/v2\/categories?post=2700"},{"taxonomy":"post_tag","embeddable":true,"href":"https:\/\/www.biancoscuro.it\/site\/wp-json\/wp\/v2\/tags?post=2700"}],"curies":[{"name":"wp","href":"https:\/\/api.w.org\/{rel}","templated":true}]}}