{"id":2751,"date":"2015-05-29T14:25:53","date_gmt":"2015-05-29T14:25:53","guid":{"rendered":"http:\/\/www.biancoscuro.it\/site\/?p=2751"},"modified":"2015-05-29T14:26:21","modified_gmt":"2015-05-29T14:26:21","slug":"without-guilt-teatro-verdi-di-gorizia","status":"publish","type":"post","link":"https:\/\/www.biancoscuro.it\/site\/without-guilt-teatro-verdi-di-gorizia\/","title":{"rendered":"Without guilt, teatro Verdi di Gorizia"},"content":{"rendered":"<span class=\"span-reading-time rt-reading-time\" style=\"display: block;\"><span class=\"rt-label rt-prefix\">\u23f0 lettura <\/span> <span class=\"rt-time\"> 3<\/span> <span class=\"rt-label rt-postfix\">min. <br><br><\/span><\/span><p><img loading=\"lazy\" decoding=\"async\" id=\"__wp-temp-img-id\" title=\"\" src=\"https:\/\/20kmblobstorage.blob.core.windows.net\/20kmfilecontainer\/0dc4951f-0798-4a0f-a1a9-afc5ceaea396.jpg\" alt=\"Manifesto online\" width=\"850\" height=\"283\" \/>Nell\u2019ambito della ricorrenza della Proclamazione della Repubblica Italiana di\u00a0marted\u00ec 2 giugno 2015 e degli eventi commemorativi del centenario della Prima Guerra Mondiale ci sar\u00e0 la presentazione in anteprima nazionale di \u201cWithout guilt-Senza colpa\u201d.\u00a0Sguir\u00e0 il Concerto :\u00a0\u201cSolo &amp; Orchestra su strumenti originali\u201d\u00a0con\u00a0Marco Feruglio, Direttore \u2013 Sabina Cvilak, Soprano \u2013 \u010crtomir \u0160i\u0161kovi\u010d, Violino e Alessandra Sagelli, Fortepiano &#8211; accompagnati insieme dall\u2019orchestra \u201cArsatelier Silvan Kersevan\u201d di Gorizia e dall\u2019orchestra \u201cCollegium Apollineum\u201d di Udine.<\/p>\n<p>Durante la serata verranno, inoltre, assegnate le borse di studio a\u00a0giovani talenti musicali del territorio e della vicina Slovenia, donate dalla Fondazione Cassa di Risparmio di Gorizia, attraverso un bando.<\/p>\n<p><strong>Il progetto:<\/strong><br \/>\n\u201cWithout guilt-Senza colpa\u201dIl progetto \u201cWithout guilt-Senza colpa\u201d dell&#8217;artista Paul David Redfern, Cavaliere della Repubblica Italiana per meriti artistici, \u00e8 stato presentato nel 2008 a Gorizia ai Musei Provinciali di Borgo Castello, sede del Museo della Grande Guerra, nell&#8217;ambito delle Giornate Europee del Patrimonio organizzate dal Ministero per i Beni e le Attivit\u00e0 Culturali. In quella occasione viene presentata l&#8217;opera dell&#8217;artista dedicata alla Prima Guerra Mondiale composta dal photo-movie \u201cWithout guilt-Senza colpa. Ninna nanna dell&#8217;eroe morto\u201d e dalle \u201cPhotomorfosi\u201d relative al non-sense di tutte le guerre.\u00a0Per il Centenario dell&#8217;entrata in guerra dell&#8217;Italia, 24 maggio 2015, al progetto iniziale si aggiunge il photo-movie \u201cWithout guilt-Senza colpa 1915\u201d con il contributo artistico di Giuseppina Mastrovito, per fotografie e versi, e di Paul David Redfern per riprese video, elaborazione digitale, e montaggio finale.\u00a0Per la realizzazione dell&#8217;edizione 2015 di \u201cWithout guilt-Senza colpa, sono stati necessari tre anni di lavoro tra servizi fotografici, riprese video e ricerche storiche. Le \u201clocation\u201d interessate, tutte della provincia di Gorizia, sono state quattro: il Museo della Grande Guerra di Borgo Castello di Gorizia, l&#8217;Ossario di Oslavia, il Sacrario con il colle Sant&#8217;Elia di Redipuglia e il monte San Michele.\u00a0Dal punto di vista artistico, il materiale fotografico e gli spezzoni video sono stati elaborati successivamente allo scopo di ottenere un unico \u201ceffetto creativo\u201d simile al disegno in bianco e nero con una impostazione, dal punto di vista visivo, la pi\u00f9 vicina possibile alla tecnica del cartone animato. Il risultato finale \u00e8 stato ottenuto grazie all&#8217;elaborazione digitale di ogni singolo fotogramma ciascuno sottoposto, a sua volta, a successivi quattro distinti processi di manipolazione. Ai fotogrammi elaborati, infine, sono stati aggiunti gli spezzoni di filmato storico.\u00a0La componente sonora dell&#8217;opera \u00e8 il frutto di una scelta selezionata di brani musicali \u201cad hoc\u201d e di effetti sonori a tema inseriti con cura durante la fase di montaggio allo scopo di creare sinergia tra visivo e sonoro.<\/p>\n<p>Descrizione del photo-movie<\/p>\n<ul>\n<li>Il celebre \u201cCan Can\u201ddi Jacques Offenbach accompagna la prima parte del photo-movie: serie di immagini-video dedicate all&#8217;epopea della \u201cBelle Epoque\u201d, per cui la scelta obbligata del brano, e all&#8217;attentato di Sarajevo del 1914.<\/li>\n<li>La seconda parte: breve presentazione delle testate giornalistiche internazionali dell&#8217;epoca che pubblicano l&#8217;attentato appena avvenuto e la dichiarazione di guerra del 1915 dell&#8217;Italia all&#8217;Austro-Ungheria. E&#8217; il \u201cValzer del Giubileo di Franz Josef\u201d di Richard Strauss ad accompagnare questa seconda parte del photo-movie.<\/li>\n<li>Le note del \u201cMonte calvo\u201d di Modest Mussorgsky introducono la terza parte: la \u201ccarneficina\u201d del 1915 \u00e8 qui sintetizzata da immagini di cannoni, bombe e reticolati sovrapposte a brevi spezzoni di filmati d&#8217;epoca. La frenesia della battaglia \u00e8 rappresentata dai filmati storici, che occupano lo sfondo della scena, uniti alla sequenza di foto, in primo piano, realizzate nelle varie location.<\/li>\n<li>Le ultime note del brano di Mussorgsky introducono la quarta ed ultima parte dell&#8217;opera affidata all &#8221;Ave Maria\u201d di Franz Peter Schubert. \u201cFilo conduttore\u201d le \u201canime\u201d dei soldati morti. Dopo le prime note le sagome dei soldati emergono lentamente dalle tombe e mentre esse si dissolvono, nitide appaiono le divise degli artefici dell&#8217;immane tragedia. Come tutti gli eroi essi non hanno frontiere che si chiamino Francesco, Franz, Frantisek, Franck, Francaise, difronte alla morte sono tutti uguali e a rappresentarli simbolicamente \u00e8 stato scelto tra i tanti nomi esposti all&#8217;Ossario di Oslavia quello del soldato italiano Francesco Mastrovito. Seguono, in dissolvenza, i versi di Giuseppina Mastrovito e l&#8217; epigrafi fotografate sul colle Sant&#8217;Elia.<\/li>\n<\/ul>\n<p>Il progetto artistico si concluder\u00e0 nel 2018 e, per ogni edizione, il dvd conterr\u00e0 ulteriori cartelle contenenti: le fotografie realizzate nelle varie \u201clocation\u201d interessate dalla Tragedia; le \u201cPhotomorfosi\u201d inedite realizzate per l&#8217;occasione dall&#8217;artista digitale Paul David Redfern; i versi inediti di Giuseppina Mastrovito.\u00a0Al progetto unitario collaborano l&#8217;Associazione Culturale Graphiti e il virtualGmuseum di Gorizia.\u00a0Per l&#8217; edizione 2015, inoltre, si ringrazia il Museo della Grande Guerra dei Musei Provinciali di Gorizia.<\/p>\n<p><strong>Dove:<\/strong><br \/>\nMarted\u00ec 2 giugno<br \/>\nore 18.15<br \/>\nTeatro Verdi<br \/>\nvia Garibaldi 2<br \/>\nGorizia<\/p>\n<p><strong>Evento organizzato da:<\/strong><br \/>\nPrefettura di Gorizia<br \/>\nComune di Gorizia<\/p>\n<p>Associazione Culturale Graphiti<br \/>\nCollegium Apollineum<br \/>\nOrchestra ArsAtelier Silvan Kersevan<\/p>\n<p><strong>Patrocinio\u00a0:<br \/>\n<\/strong>Ministero per i Beni e le Attivit\u00e0 Culturali<br \/>\nSegretariato Regionale per i beni culturali e paesaggistici del Friuli Venezia Giulia<\/p>\n","protected":false},"excerpt":{"rendered":"<p><span class=\"span-reading-time rt-reading-time\" style=\"display: block;\"><span class=\"rt-label rt-prefix\">\u23f0 lettura <\/span> <span class=\"rt-time\"> 3<\/span> <span class=\"rt-label rt-postfix\">min. <\/p>\n<p><\/span><\/span>Nell\u2019ambito della ricorrenza della Proclamazione della Repubblica Italiana di\u00a0marted\u00ec 2 giugno 2015 e degli eventi commemorativi del centenario della Prima Guerra Mondiale ci sar\u00e0 la presentazione in anteprima nazionale di \u201cWithout guilt-Senza colpa\u201d.\u00a0Sguir\u00e0 il Concerto :\u00a0\u201cSolo &amp; Orchestra su strumenti originali\u201d\u00a0con\u00a0Marco Feruglio, Direttore \u2013 Sabina Cvilak, Soprano \u2013 \u010crtomir \u0160i\u0161kovi\u010d, Violino e Alessandra Sagelli, Fortepiano&hellip;&nbsp;<a href=\"https:\/\/www.biancoscuro.it\/site\/without-guilt-teatro-verdi-di-gorizia\/\" rel=\"bookmark\">Leggi tutto &raquo;<span class=\"screen-reader-text\">Without guilt, teatro Verdi di Gorizia<\/span><\/a><\/p>\n","protected":false},"author":541,"featured_media":2755,"comment_status":"closed","ping_status":"closed","sticky":false,"template":"","format":"standard","meta":{"neve_meta_sidebar":"","neve_meta_container":"","neve_meta_enable_content_width":"","neve_meta_content_width":0,"neve_meta_title_alignment":"","neve_meta_author_avatar":"","neve_post_elements_order":"","neve_meta_disable_header":"","neve_meta_disable_footer":"","neve_meta_disable_title":"","advanced_seo_description":"","jetpack_seo_html_title":"","jetpack_seo_noindex":false,"footnotes":""},"categories":[5,26,8,27,9],"tags":[377,381,376,378,373,372,374,379,380,370,371,375],"class_list":["post-2751","post","type-post","status-publish","format-standard","has-post-thumbnail","hentry","category-arte","category-eventi","category-fotografia","category-manifestazione","category-video","tag-anniversario-prima-guerra","tag-concerto","tag-festa-repubblica","tag-grande-guerra","tag-mastrovito-giuseppina","tag-photo-video-senza-colpa","tag-photomorfosi","tag-prefettura-gorizia","tag-proiezione-digitale","tag-redfern","tag-teatro-verdi-gorizia","tag-whitout-guilt-senza-colpa"],"jetpack_featured_media_url":"https:\/\/www.biancoscuro.it\/site\/wp-content\/uploads\/2015\/05\/0dc4951f-0798-4a0f-a1a9-afc5ceaea396.jpg","jetpack_sharing_enabled":true,"jetpack-related-posts":[{"id":15347,"url":"https:\/\/www.biancoscuro.it\/site\/i-want-to-sleep-im-cold-di-natalina-bonaparte\/","url_meta":{"origin":2751,"position":0},"title":"&#8220;I want to sleep, I&#8217;m cold&#8221; di Natalina Bonaparte","author":"Sandra Miranda Pattin","date":"6 Gennaio 2023","format":false,"excerpt":"(voglio dormire, ho freddo) Documentario\/saggio anti guerra presentato per la prima volta dall'artista russa che decide di raccontare il suo punto di vista sulla guerra tra Ucraina e Russia, attraverso dei quesiti.\u00a0 Nelle parole della regista:\u00a0 \"Come vivere quando le tue radici sono state cancellate?, Come vivere senza lingua (libert\u00e0\u2026","rel":"","context":"In &quot;arte&quot;","block_context":{"text":"arte","link":"https:\/\/www.biancoscuro.it\/site\/category\/arte\/"},"img":{"alt_text":"","src":"https:\/\/i0.wp.com\/www.biancoscuro.it\/site\/wp-content\/uploads\/2023\/01\/%D0%A1%D0%BD%D0%B8%D0%BC%D0%BE%D0%BA-%D1%8D%D0%BA%D1%80%D0%B0%D0%BD%D0%B0-2023-01-02-%D0%B2-13.16.25.png?resize=350%2C200&ssl=1","width":350,"height":200,"srcset":"https:\/\/i0.wp.com\/www.biancoscuro.it\/site\/wp-content\/uploads\/2023\/01\/%D0%A1%D0%BD%D0%B8%D0%BC%D0%BE%D0%BA-%D1%8D%D0%BA%D1%80%D0%B0%D0%BD%D0%B0-2023-01-02-%D0%B2-13.16.25.png?resize=350%2C200&ssl=1 1x, https:\/\/i0.wp.com\/www.biancoscuro.it\/site\/wp-content\/uploads\/2023\/01\/%D0%A1%D0%BD%D0%B8%D0%BC%D0%BE%D0%BA-%D1%8D%D0%BA%D1%80%D0%B0%D0%BD%D0%B0-2023-01-02-%D0%B2-13.16.25.png?resize=525%2C300&ssl=1 1.5x, https:\/\/i0.wp.com\/www.biancoscuro.it\/site\/wp-content\/uploads\/2023\/01\/%D0%A1%D0%BD%D0%B8%D0%BC%D0%BE%D0%BA-%D1%8D%D0%BA%D1%80%D0%B0%D0%BD%D0%B0-2023-01-02-%D0%B2-13.16.25.png?resize=700%2C400&ssl=1 2x, https:\/\/i0.wp.com\/www.biancoscuro.it\/site\/wp-content\/uploads\/2023\/01\/%D0%A1%D0%BD%D0%B8%D0%BC%D0%BE%D0%BA-%D1%8D%D0%BA%D1%80%D0%B0%D0%BD%D0%B0-2023-01-02-%D0%B2-13.16.25.png?resize=1050%2C600&ssl=1 3x, https:\/\/i0.wp.com\/www.biancoscuro.it\/site\/wp-content\/uploads\/2023\/01\/%D0%A1%D0%BD%D0%B8%D0%BC%D0%BE%D0%BA-%D1%8D%D0%BA%D1%80%D0%B0%D0%BD%D0%B0-2023-01-02-%D0%B2-13.16.25.png?resize=1400%2C800&ssl=1 4x"},"classes":[]},{"id":14635,"url":"https:\/\/www.biancoscuro.it\/site\/guillaume-rossignol-oltre-il-tempo\/","url_meta":{"origin":2751,"position":1},"title":"Guillaume Rossignol &#8211; Oltre il tempo","author":"Roberta Melasecca","date":"29 Ottobre 2022","format":false,"excerpt":"Sabato 5 novembre 2022 alle ore 18.00, inaugura presso le Sale del Centro Santa Maria del Carmine a Roma la mostra personale Oltre il tempo di Guillaume Rossignol, con il patrocinio del Municipio I Roma Centro, dell\u2019Institut Fran\u00e7ais e in collaborazione con il Movimento dei Focolari.\u00a0 In mostra una serie\u2026","rel":"","context":"In &quot;arte&quot;","block_context":{"text":"arte","link":"https:\/\/www.biancoscuro.it\/site\/category\/arte\/"},"img":{"alt_text":"","src":"https:\/\/i0.wp.com\/www.biancoscuro.it\/site\/wp-content\/uploads\/2022\/10\/guillaume-rossignol-print-cover_olive-5-e1667039155345.jpg?resize=350%2C200&ssl=1","width":350,"height":200,"srcset":"https:\/\/i0.wp.com\/www.biancoscuro.it\/site\/wp-content\/uploads\/2022\/10\/guillaume-rossignol-print-cover_olive-5-e1667039155345.jpg?resize=350%2C200&ssl=1 1x, https:\/\/i0.wp.com\/www.biancoscuro.it\/site\/wp-content\/uploads\/2022\/10\/guillaume-rossignol-print-cover_olive-5-e1667039155345.jpg?resize=525%2C300&ssl=1 1.5x"},"classes":[]},{"id":7060,"url":"https:\/\/www.biancoscuro.it\/site\/icons-la-realta-viva-di-steve-mccurry\/","url_meta":{"origin":2751,"position":2},"title":"ICONS! La realt\u00e0 viva di Steve McCurry","author":"Mario Gambatesa","date":"11 Aprile 2018","format":false,"excerpt":"Fino al\u00a03 giugno 2018 alle \"Scuderie del Castello Visconteo\", Pavia Frontiera afgano-pakistana, campo profughi di Peshawar, una ragazza di nome Sharbat Gula viene immortalata per la prima volta nella sua vita da una macchina fotografica, una Nikon per la precisione, era il 1984 ed il fotografo, era lui: un giovane\u2026","rel":"","context":"In &quot;arte&quot;","block_context":{"text":"arte","link":"https:\/\/www.biancoscuro.it\/site\/category\/arte\/"},"img":{"alt_text":"","src":"https:\/\/i0.wp.com\/www.biancoscuro.it\/site\/wp-content\/uploads\/2018\/04\/Steve-McCurry-Lago-Inle-Birmania-2011-%C2%A9-Steve-McCurry2000.jpg?resize=350%2C200&ssl=1","width":350,"height":200,"srcset":"https:\/\/i0.wp.com\/www.biancoscuro.it\/site\/wp-content\/uploads\/2018\/04\/Steve-McCurry-Lago-Inle-Birmania-2011-%C2%A9-Steve-McCurry2000.jpg?resize=350%2C200&ssl=1 1x, https:\/\/i0.wp.com\/www.biancoscuro.it\/site\/wp-content\/uploads\/2018\/04\/Steve-McCurry-Lago-Inle-Birmania-2011-%C2%A9-Steve-McCurry2000.jpg?resize=525%2C300&ssl=1 1.5x, https:\/\/i0.wp.com\/www.biancoscuro.it\/site\/wp-content\/uploads\/2018\/04\/Steve-McCurry-Lago-Inle-Birmania-2011-%C2%A9-Steve-McCurry2000.jpg?resize=700%2C400&ssl=1 2x, https:\/\/i0.wp.com\/www.biancoscuro.it\/site\/wp-content\/uploads\/2018\/04\/Steve-McCurry-Lago-Inle-Birmania-2011-%C2%A9-Steve-McCurry2000.jpg?resize=1050%2C600&ssl=1 3x, https:\/\/i0.wp.com\/www.biancoscuro.it\/site\/wp-content\/uploads\/2018\/04\/Steve-McCurry-Lago-Inle-Birmania-2011-%C2%A9-Steve-McCurry2000.jpg?resize=1400%2C800&ssl=1 4x"},"classes":[]},{"id":14283,"url":"https:\/\/www.biancoscuro.it\/site\/porte-del-pasubio-1916-2022-a-palazzo-fogazzaro-la-nuova-mostra\/","url_meta":{"origin":2751,"position":3},"title":"Porte del Pasubio 1916 &#8211; 2022, a Palazzo Fogazzaro la nuova mostra","author":"Elena Seno","date":"9 Ottobre 2022","format":false,"excerpt":"Sez. 1 - La Milanino di Porte del Pasubio \"Porte del Pasubio\u00a0 1916 - 2022\" \u00e8 il logico completamento del percorso iniziato dalla prima mostra inaugurata 5 anni fa per commemorare il centenario della costruzione della Strada delle 52 gallerie, mulattiera militare che permise la comunicazione e il passaggio dei\u2026","rel":"","context":"In &quot;eventi&quot;","block_context":{"text":"eventi","link":"https:\/\/www.biancoscuro.it\/site\/category\/eventi\/"},"img":{"alt_text":"","src":"https:\/\/i0.wp.com\/www.biancoscuro.it\/site\/wp-content\/uploads\/2022\/10\/Sez1-La-Milanino-di-Porte-Pasubio.jpg?resize=350%2C200&ssl=1","width":350,"height":200,"srcset":"https:\/\/i0.wp.com\/www.biancoscuro.it\/site\/wp-content\/uploads\/2022\/10\/Sez1-La-Milanino-di-Porte-Pasubio.jpg?resize=350%2C200&ssl=1 1x, https:\/\/i0.wp.com\/www.biancoscuro.it\/site\/wp-content\/uploads\/2022\/10\/Sez1-La-Milanino-di-Porte-Pasubio.jpg?resize=525%2C300&ssl=1 1.5x"},"classes":[]},{"id":11819,"url":"https:\/\/www.biancoscuro.it\/site\/displaced-al-mast-a-bologna-la-prima-mostra-antologica-di-richard-mosse\/","url_meta":{"origin":2751,"position":4},"title":"Displaced. Al MAST la prima antologica di Richard Mosse","author":"Chiara","date":"10 Maggio 2021","format":false,"excerpt":"Ha aperto il 7 maggio al MAST a Bologna la prima grande antologica del fotografo irlandese Richard Mosse, dal titolo Displaced, a cura di Urs Stahel. Con 77 fotografie di grande formato - inclusi i lavori pi\u00f9 recenti della serie\u00a0Tristes Tropiques\u00a0(2020), realizzati nell\u2019Amazzonia brasiliana - due monumentali videoinstallazioni immersive -\u00a0The\u2026","rel":"","context":"In &quot;arte&quot;","block_context":{"text":"arte","link":"https:\/\/www.biancoscuro.it\/site\/category\/arte\/"},"img":{"alt_text":"","src":"https:\/\/i0.wp.com\/www.biancoscuro.it\/site\/wp-content\/uploads\/2021\/05\/14.-Vintage-Violence-Congo-serie-INFRA.jpg?resize=350%2C200&ssl=1","width":350,"height":200,"srcset":"https:\/\/i0.wp.com\/www.biancoscuro.it\/site\/wp-content\/uploads\/2021\/05\/14.-Vintage-Violence-Congo-serie-INFRA.jpg?resize=350%2C200&ssl=1 1x, https:\/\/i0.wp.com\/www.biancoscuro.it\/site\/wp-content\/uploads\/2021\/05\/14.-Vintage-Violence-Congo-serie-INFRA.jpg?resize=525%2C300&ssl=1 1.5x, https:\/\/i0.wp.com\/www.biancoscuro.it\/site\/wp-content\/uploads\/2021\/05\/14.-Vintage-Violence-Congo-serie-INFRA.jpg?resize=700%2C400&ssl=1 2x"},"classes":[]},{"id":10262,"url":"https:\/\/www.biancoscuro.it\/site\/parma-capitale-della-cultura-italiana-2020-passato-presente-e-futuro\/","url_meta":{"origin":2751,"position":5},"title":"Parma capitale della cultura italiana 2020: Passato, Presente e Futuro","author":"Redazione BIANCOSCURO","date":"10 Gennaio 2020","format":false,"excerpt":"Tra la met\u00e0 del 1500 e del 1800 Parma fu la Capitale del ducato di Parma e Piacenza. Oggi a distanza di circa 160 anni, torna a essere Capitale, Capitale della Cultura Italiana 2020.Proclamata da Dario Franceschini (ministro dei beni e delle attivit\u00e0 culturali e del turismo) a Roma il\u2026","rel":"","context":"In &quot;arte&quot;","block_context":{"text":"arte","link":"https:\/\/www.biancoscuro.it\/site\/category\/arte\/"},"img":{"alt_text":"Parma capitale della cultura italiana 2020: Passato, Presente e Futuro","src":"https:\/\/i0.wp.com\/www.biancoscuro.it\/site\/wp-content\/uploads\/2020\/01\/05_colline_parma.jpg?resize=350%2C200&ssl=1","width":350,"height":200,"srcset":"https:\/\/i0.wp.com\/www.biancoscuro.it\/site\/wp-content\/uploads\/2020\/01\/05_colline_parma.jpg?resize=350%2C200&ssl=1 1x, https:\/\/i0.wp.com\/www.biancoscuro.it\/site\/wp-content\/uploads\/2020\/01\/05_colline_parma.jpg?resize=525%2C300&ssl=1 1.5x, https:\/\/i0.wp.com\/www.biancoscuro.it\/site\/wp-content\/uploads\/2020\/01\/05_colline_parma.jpg?resize=700%2C400&ssl=1 2x"},"classes":[]}],"_links":{"self":[{"href":"https:\/\/www.biancoscuro.it\/site\/wp-json\/wp\/v2\/posts\/2751","targetHints":{"allow":["GET"]}}],"collection":[{"href":"https:\/\/www.biancoscuro.it\/site\/wp-json\/wp\/v2\/posts"}],"about":[{"href":"https:\/\/www.biancoscuro.it\/site\/wp-json\/wp\/v2\/types\/post"}],"author":[{"embeddable":true,"href":"https:\/\/www.biancoscuro.it\/site\/wp-json\/wp\/v2\/users\/541"}],"replies":[{"embeddable":true,"href":"https:\/\/www.biancoscuro.it\/site\/wp-json\/wp\/v2\/comments?post=2751"}],"version-history":[{"count":0,"href":"https:\/\/www.biancoscuro.it\/site\/wp-json\/wp\/v2\/posts\/2751\/revisions"}],"wp:featuredmedia":[{"embeddable":true,"href":"https:\/\/www.biancoscuro.it\/site\/wp-json\/wp\/v2\/media\/2755"}],"wp:attachment":[{"href":"https:\/\/www.biancoscuro.it\/site\/wp-json\/wp\/v2\/media?parent=2751"}],"wp:term":[{"taxonomy":"category","embeddable":true,"href":"https:\/\/www.biancoscuro.it\/site\/wp-json\/wp\/v2\/categories?post=2751"},{"taxonomy":"post_tag","embeddable":true,"href":"https:\/\/www.biancoscuro.it\/site\/wp-json\/wp\/v2\/tags?post=2751"}],"curies":[{"name":"wp","href":"https:\/\/api.w.org\/{rel}","templated":true}]}}