{"id":3176,"date":"2015-09-22T21:17:29","date_gmt":"2015-09-22T21:17:29","guid":{"rendered":"http:\/\/www.biancoscuro.it\/site\/?p=3176"},"modified":"2015-09-25T00:53:49","modified_gmt":"2015-09-25T00:53:49","slug":"berlin-art-week","status":"publish","type":"post","link":"https:\/\/www.biancoscuro.it\/site\/berlin-art-week\/","title":{"rendered":"Berlin Art Week"},"content":{"rendered":"<span class=\"span-reading-time rt-reading-time\" style=\"display: block;\"><span class=\"rt-label rt-prefix\">\u23f0 lettura <\/span> <span class=\"rt-time\"> 3<\/span> <span class=\"rt-label rt-postfix\">min. <br><br><\/span><\/span><h4><b><\/b><b><i>Come far sbocciare l\u2019Arte in una grande citt\u00e0<\/i><\/b><\/h4>\n<p>Berlino si \u00e8 proposta ancora pi\u00f9 creativa del solito dal 15 al 21 settembre, giornate della <b>Berlin Art Week <\/b>in cui abbiamo potuto toccare con mano tutta la sua forza artistica, incontrando veri geni dell\u2019arte moderna in luoghi fantastici. La Berlin Art Week \u00e8 <b>un evento unico per artisti e gallerie<\/b> e contribuisce sicuramente a rafforzare lo status della citt\u00e0 di <b><i>\u201cgrande centro per l\u2019Arte internazionale\u201d<\/i><\/b>.<\/p>\n<figure id=\"attachment_3179\" aria-describedby=\"caption-attachment-3179\" style=\"width: 2000px\" class=\"wp-caption alignnone\"><img loading=\"lazy\" decoding=\"async\" class=\"wp-image-3179 size-full\" src=\"http:\/\/www.biancoscuro.it\/site\/wp-content\/uploads\/2015\/09\/LOWER-YOUR-AMBITIONS-Kasia-Fudakowski-Collection-Gaby-and-Wilhelm-Sch\u00fcrmann.jpg\" alt=\"Kasia Fudakowski Collection Gaby and Wilhelm Sch\u00fcrmann - abc Berlin - Berlin Art Week\" width=\"2000\" height=\"1328\" srcset=\"https:\/\/www.biancoscuro.it\/site\/wp-content\/uploads\/2015\/09\/LOWER-YOUR-AMBITIONS-Kasia-Fudakowski-Collection-Gaby-and-Wilhelm-Sch\u00fcrmann.jpg 2000w, https:\/\/www.biancoscuro.it\/site\/wp-content\/uploads\/2015\/09\/LOWER-YOUR-AMBITIONS-Kasia-Fudakowski-Collection-Gaby-and-Wilhelm-Sch\u00fcrmann-300x199.jpg 300w, https:\/\/www.biancoscuro.it\/site\/wp-content\/uploads\/2015\/09\/LOWER-YOUR-AMBITIONS-Kasia-Fudakowski-Collection-Gaby-and-Wilhelm-Sch\u00fcrmann-1024x680.jpg 1024w, https:\/\/www.biancoscuro.it\/site\/wp-content\/uploads\/2015\/09\/LOWER-YOUR-AMBITIONS-Kasia-Fudakowski-Collection-Gaby-and-Wilhelm-Sch\u00fcrmann-600x398.jpg 600w\" sizes=\"auto, (max-width: 2000px) 100vw, 2000px\" \/><figcaption id=\"caption-attachment-3179\" class=\"wp-caption-text\">LOWER YOUR AMBITIONS &#8211; Kasia Fudakowski &#8211; Collection Gaby and Wilhelm Sch\u00fcrmann &#8211; abc Berlin<\/figcaption><\/figure>\n<p>Tanti gli eventi in calendario, disseminati in tutta l\u2019area metropolitana, <b>densamente visitati ad ogni ora di ogni giorno<\/b>, dai ragazzini affascinati dalle installazioni pi\u00f9 strabilianti, agli esperti che cataloghi e notes alla mano <b>fotografano con gli occhi l\u2019andamento di questa nuova stagione artistica<\/b>. Tra gli eventi principali il \u201c<b><i>Welcome to the Junlge<\/i><\/b>\u201d al <b>KW Institute<\/b>, un edificio d\u2019epoca completamente dedito all\u2019arte. Sorprendenti le due entrate: quella classica e quella denominata \u201c<b><i>a tuo rischio e pericolo<\/i><\/b>\u201d, logicamente la pi\u00f9 percorsa. Al KW una grande mostra eclettica nelle forme, nei materiali, negli stili: <b>grandi video installazioni, fotografia, l\u2019affascinante quanto inquietante fontana di sabbia<\/b>. All\u2019interno il percorso per una seconda esposizione \u201c3 1\/2\u201d, situata al terzo piano dell\u2019edificio, dal quale \u00e8 possibile ammirare la vista sopra ai tetti di Berlino, all\u2019orizzonte la storia passata e quella futura della citt\u00e0: il Duomo e la Fernsehturm di Alexander Plaz. All\u2019<b>NBK<\/b>, Neuer Berliner Kunstverein, <b>un\u2019esposizione che promette grandi riflessioni<\/b>, all\u2019apparenza oggetti comuni, che gli Artisti in mostra hanno saputo comporre <b>per veicolare i loro messaggi sociali<\/b>. E poi la <b>Hamburger Bahnhof<\/b>, luogo di culto artistico dalle mille esposizioni, e come dimenticare la mostra &#8220;<strong>Stadt\/Bild XENOPOLIS<\/strong>&#8221; allestita alla Deutsche Bank, <b>un percorso espositivo completamente dedito alla sensibilizzazione del popolo \u201cfortunato\u201d<\/b> verso gli infiniti \u201cTerzo Mondi\u201d della Terra.<\/p>\n<figure id=\"attachment_3178\" aria-describedby=\"caption-attachment-3178\" style=\"width: 2000px\" class=\"wp-caption alignnone\"><img loading=\"lazy\" decoding=\"async\" class=\"wp-image-3178 size-full\" src=\"http:\/\/www.biancoscuro.it\/site\/wp-content\/uploads\/2015\/09\/A-work-by-Ai-Weiwei-the-Art-Berlin-Contemporary-ABCa.jpg\" alt=\"A work by Ai Weiwei - abc Berlin courtesy of MAGICIAN SPACE \/ NEUGERRIEMSCHNEIDER |- Berlin Art Week\" width=\"2000\" height=\"1328\" srcset=\"https:\/\/www.biancoscuro.it\/site\/wp-content\/uploads\/2015\/09\/A-work-by-Ai-Weiwei-the-Art-Berlin-Contemporary-ABCa.jpg 2000w, https:\/\/www.biancoscuro.it\/site\/wp-content\/uploads\/2015\/09\/A-work-by-Ai-Weiwei-the-Art-Berlin-Contemporary-ABCa-300x199.jpg 300w, https:\/\/www.biancoscuro.it\/site\/wp-content\/uploads\/2015\/09\/A-work-by-Ai-Weiwei-the-Art-Berlin-Contemporary-ABCa-1024x680.jpg 1024w, https:\/\/www.biancoscuro.it\/site\/wp-content\/uploads\/2015\/09\/A-work-by-Ai-Weiwei-the-Art-Berlin-Contemporary-ABCa-600x398.jpg 600w\" sizes=\"auto, (max-width: 2000px) 100vw, 2000px\" \/><figcaption id=\"caption-attachment-3178\" class=\"wp-caption-text\">A work by Ai Weiwei &#8211; abc Berlin courtesy of MAGICIAN SPACE \/ NEUGERRIEMSCHNEIDER |<\/figcaption><\/figure>\n<p><b>L\u2019underground berlinese sfocia in tutto il suo splendore a \u201c<i>Pre-Position<\/i>\u201d<\/b>, evento non in calendario, ma assolutamente degno di nota: l\u00ec si \u00e8 respirata <b>la vera drammaticit\u00e0 dell\u2019Artista tormentato che libera i suoi demoni <\/b>creando. Atmosfera molto metropolitana anche per <b><i>\u201cPositions Berlin Art Fair\u201d<\/i><\/b>, grande fiera del settore allestita in un magnifico edificio ex-industriale. Grandi esposizioni anche alla<b> Akademie der K\u00fcnste<\/b>, fra tutte la mostra dedicata al premiato <b><i>Bernard Frize<\/i><\/b>, con le sue opere normalmente esposte al Centre Pompidou di Parigi. E dopo l\u2019interessante <b>C\/O Berlin<\/b>, evento della <b>American House<\/b>, \u00e8 stata la volta dell\u2019altro grande punto artistico della settimana: L\u2019 \u201c<b><i>Art Berlin Contemporary\u201d.<\/i><\/b> Da nominare anche un\u2019altro evento, organizzato in un intero palazzo in ristrutturazione:<b> \u201c<i>Transition\u201d<\/i><\/b>, 3 piani d\u2019Arte, dipinti, sculture, installazioni, e come sempre grandi videoinstallazioni. Questi sono solo alcuni degli eventi della settimana dell\u2019<b>Arte targata Berlino<\/b>, tutta la citt\u00e0 con un unico scopo comune: <b>dare nuova linfa all\u2019Arte Moderna e Contemporanea, senza discriminazioni e preconcetti<\/b>.<\/p>\n<figure id=\"attachment_3177\" aria-describedby=\"caption-attachment-3177\" style=\"width: 2000px\" class=\"wp-caption alignnone\"><img loading=\"lazy\" decoding=\"async\" class=\"wp-image-3177 size-full\" src=\"http:\/\/www.biancoscuro.it\/site\/wp-content\/uploads\/2015\/09\/Boros-Collection-Berlin-Mandla-Reuter-abc-berlin.jpg\" alt=\"Boros Collection Berlin \/ Mandla Reuter - abc berlin - Berlin Art Week\" width=\"2000\" height=\"1331\" srcset=\"https:\/\/www.biancoscuro.it\/site\/wp-content\/uploads\/2015\/09\/Boros-Collection-Berlin-Mandla-Reuter-abc-berlin.jpg 2000w, https:\/\/www.biancoscuro.it\/site\/wp-content\/uploads\/2015\/09\/Boros-Collection-Berlin-Mandla-Reuter-abc-berlin-300x200.jpg 300w, https:\/\/www.biancoscuro.it\/site\/wp-content\/uploads\/2015\/09\/Boros-Collection-Berlin-Mandla-Reuter-abc-berlin-1024x681.jpg 1024w, https:\/\/www.biancoscuro.it\/site\/wp-content\/uploads\/2015\/09\/Boros-Collection-Berlin-Mandla-Reuter-abc-berlin-600x399.jpg 600w\" sizes=\"auto, (max-width: 2000px) 100vw, 2000px\" \/><figcaption id=\"caption-attachment-3177\" class=\"wp-caption-text\">Boros Collection Berlin \/ Mandla Reuter &#8211; abc-berlin<\/figcaption><\/figure>\n<p>&nbsp;<\/p>\n<h3>Guarda i nostri album relativi alla Berlin Art Week su Facebook<\/h3>\n<div class=\"fb-post\" data-href=\"https:\/\/www.facebook.com\/media\/set\/?set=a.1045780585440569.1073741875.684324654919499&amp;type=3\" data-width=\"900\">\n<div class=\"fb-xfbml-parse-ignore\">\n<blockquote cite=\"https:\/\/www.facebook.com\/media\/set\/?set=a.1045780585440569.1073741875.684324654919499&amp;type=3\"><p>abc Berlin Art Fair 17\u201420 September 2015 partner of Berlin Art Week 15\u201320 September 2015 &#8211; Photo by liberementi [www.liberementi.it] for Biancoscuro Art Magazine [www.biancoscuro.it]<\/p>\n<p>Posted by <a href=\"https:\/\/www.facebook.com\/BiancoscuroArtMagazine\">Biancoscuro<\/a> on\u00a0<a href=\"https:\/\/www.facebook.com\/media\/set\/?set=a.1045780585440569.1073741875.684324654919499&amp;type=3\">Domenica 20 settembre 2015<\/a><\/p><\/blockquote>\n<\/div>\n<\/div>\n<div class=\"fb-post\" data-href=\"https:\/\/www.facebook.com\/media\/set\/?set=a.1046466995371928.1073741876.684324654919499&amp;type=3\" data-width=\"888\">\n<div class=\"fb-xfbml-parse-ignore\">\n<blockquote cite=\"https:\/\/www.facebook.com\/media\/set\/?set=a.1046466995371928.1073741876.684324654919499&amp;type=3\"><p>positions Berlin Art Fair 17\u201420 September 2015 partner of Berlin Art Week 15\u201320 September 2015 &#8211; Photo by liberementi [www.liberementi.it] for Biancoscuro Art Magazine [www.biancoscuro.it]<\/p>\n<p>Posted by <a href=\"https:\/\/www.facebook.com\/BiancoscuroArtMagazine\">Biancoscuro<\/a> on\u00a0<a href=\"https:\/\/www.facebook.com\/media\/set\/?set=a.1046466995371928.1073741876.684324654919499&amp;type=3\">Luned\u00ec 21 settembre 2015<\/a><\/p><\/blockquote>\n<\/div>\n<\/div>\n<div class=\"fb-post\" data-href=\"https:\/\/www.facebook.com\/media\/set\/?set=a.1046983598653601.1073741877.684324654919499&amp;type=3\" data-width=\"888\">\n<div class=\"fb-xfbml-parse-ignore\">\n<blockquote cite=\"https:\/\/www.facebook.com\/media\/set\/?set=a.1046983598653601.1073741877.684324654919499&amp;type=3\"><p>KW Institute for Contemporary Art, partner of Berlin Art Week 15\u201320 September 2015 &#8211; Photo by liberementi [www.liberementi.it] for Biancoscuro Art Magazine [www.biancoscuro.it]<\/p>\n<p>Posted by <a href=\"https:\/\/www.facebook.com\/BiancoscuroArtMagazine\">Biancoscuro<\/a> on\u00a0<a href=\"https:\/\/www.facebook.com\/media\/set\/?set=a.1046983598653601.1073741877.684324654919499&amp;type=3\">Marted\u00ec 22 settembre 2015<\/a><\/p><\/blockquote>\n<\/div>\n<\/div>\n<div class=\"fb-post\" data-href=\"https:\/\/www.facebook.com\/media\/set\/?set=a.1047838991901395.1073741878.684324654919499&amp;type=3&amp;uploaded=96\" data-width=\"888\">\n<div class=\"fb-xfbml-parse-ignore\">\n<blockquote cite=\"https:\/\/www.facebook.com\/media\/set\/?set=a.1047838991901395.1073741878.684324654919499&amp;type=3\"><p>Various from Berlin Art Week 15\u201320 September 2015: Akademie der K\u00fcnste, NBK &#8211; Neuer Berliner Kunstverein, Stadt\/Bild&#8230;<\/p>\n<p>Posted by <a href=\"https:\/\/www.facebook.com\/BiancoscuroArtMagazine\">Biancoscuro<\/a> on\u00a0<a href=\"https:\/\/www.facebook.com\/media\/set\/?set=a.1047838991901395.1073741878.684324654919499&amp;type=3\">Gioved\u00ec 24 settembre 2015<\/a><\/p><\/blockquote>\n<\/div>\n<\/div>\n","protected":false},"excerpt":{"rendered":"<p><span class=\"span-reading-time rt-reading-time\" style=\"display: block;\"><span class=\"rt-label rt-prefix\">\u23f0 lettura <\/span> <span class=\"rt-time\"> 3<\/span> <span class=\"rt-label rt-postfix\">min. <\/p>\n<p><\/span><\/span>Come far sbocciare l\u2019Arte in una grande citt\u00e0 Berlino si \u00e8 proposta ancora pi\u00f9 creativa del solito dal 15 al 21 settembre, giornate della Berlin Art Week in cui abbiamo potuto toccare con mano tutta la sua forza artistica, incontrando veri geni dell\u2019arte moderna in luoghi fantastici. La Berlin Art Week \u00e8 un evento unico&hellip;&nbsp;<a href=\"https:\/\/www.biancoscuro.it\/site\/berlin-art-week\/\" rel=\"bookmark\">Leggi tutto &raquo;<span class=\"screen-reader-text\">Berlin Art Week<\/span><\/a><\/p>\n","protected":false},"author":1,"featured_media":3180,"comment_status":"closed","ping_status":"closed","sticky":false,"template":"","format":"standard","meta":{"neve_meta_sidebar":"","neve_meta_container":"","neve_meta_enable_content_width":"","neve_meta_content_width":0,"neve_meta_title_alignment":"","neve_meta_author_avatar":"","neve_post_elements_order":"","neve_meta_disable_header":"","neve_meta_disable_footer":"","neve_meta_disable_title":"","advanced_seo_description":"","jetpack_seo_html_title":"","jetpack_seo_noindex":false,"footnotes":""},"categories":[5,21,26,27,24,6,23,15,7,9],"tags":[],"class_list":["post-3176","post","type-post","status-publish","format-standard","has-post-thumbnail","hentry","category-arte","category-catalogo-darte","category-eventi","category-manifestazione","category-mostre","category-pittura","category-pubblicazione-2","category-rivista-darte","category-scultura","category-video"],"jetpack_featured_media_url":"https:\/\/www.biancoscuro.it\/site\/wp-content\/uploads\/2015\/09\/a.jpg","jetpack_sharing_enabled":true,"jetpack-related-posts":[{"id":4431,"url":"https:\/\/www.biancoscuro.it\/site\/9aberlin-biennale-for-contemporary-art-berlin-artweek-2016\/","url_meta":{"origin":3176,"position":0},"title":"9\u00aaBerlin Biennale for Contemporary Art e Berlin ArtWeek 2016","author":"Redazione BIANCOSCURO","date":"19 Settembre 2016","format":false,"excerpt":"Nuova linfa all\u2019Arte, dove l\u2019intangibile diventa reale Una settimana vibrante quella vissuta da Berlino tra il 13 ed il 18 settembre 2016. La citt\u00e0, gi\u00e0 perennemente in movimento, si \u00e8 colorata ancora di pi\u00f9 grazie alla Berlin Art Week ed alla fase finale della 9\u00aaBerlin Biennale for Contemporary Art (iniziata\u2026","rel":"","context":"In &quot;arte&quot;","block_context":{"text":"arte","link":"https:\/\/www.biancoscuro.it\/site\/category\/arte\/"},"img":{"alt_text":"","src":"https:\/\/i0.wp.com\/www.biancoscuro.it\/site\/wp-content\/uploads\/2016\/10\/KEV4081.jpg?resize=350%2C200&ssl=1","width":350,"height":200,"srcset":"https:\/\/i0.wp.com\/www.biancoscuro.it\/site\/wp-content\/uploads\/2016\/10\/KEV4081.jpg?resize=350%2C200&ssl=1 1x, https:\/\/i0.wp.com\/www.biancoscuro.it\/site\/wp-content\/uploads\/2016\/10\/KEV4081.jpg?resize=525%2C300&ssl=1 1.5x, https:\/\/i0.wp.com\/www.biancoscuro.it\/site\/wp-content\/uploads\/2016\/10\/KEV4081.jpg?resize=700%2C400&ssl=1 2x"},"classes":[]},{"id":5954,"url":"https:\/\/www.biancoscuro.it\/site\/berlin-art-week-2017\/","url_meta":{"origin":3176,"position":1},"title":"Berlin Art Week 2017","author":"Redazione BIANCOSCURO","date":"27 Settembre 2017","format":false,"excerpt":"Cinque giorni interamente dediti all\u2019arte, quelli vissuti da Berlino tra il 13 ed il 17 settembre 2016. La citt\u00e0, gi\u00e0 profondamente abbracciata dalla creativit\u00e0 in ogni sua forma, amplia la gi\u00e0 vasta scelta tra appuntamenti fissi e nuovi eventi. La manifestazione \u00e8 stata un grande successo come sempre, anche grazie\u2026","rel":"","context":"In &quot;arte&quot;","block_context":{"text":"arte","link":"https:\/\/www.biancoscuro.it\/site\/category\/arte\/"},"img":{"alt_text":"","src":"https:\/\/i0.wp.com\/www.biancoscuro.it\/site\/wp-content\/uploads\/2017\/09\/baw.jpg?resize=350%2C200&ssl=1","width":350,"height":200},"classes":[]},{"id":4521,"url":"https:\/\/www.biancoscuro.it\/site\/biancoscuro-leditoriale-di-ottobre-novembre-2016\/","url_meta":{"origin":3176,"position":2},"title":"BIANCOSCURO, l\u2019editoriale di ottobre-novembre 2016","author":"Vincenzo Chetta","date":"1 Ottobre 2016","format":false,"excerpt":"Sono gi\u00e0 stato ospite di Berlino molte volte, ma ogni volta \u00e8 come se fosse la prima, ed ogni volta riprendere l\u2019aereo per tornare in Italia \u00e8 un grande dispiacere. Il fermento che si vive l\u00ec \u00e8 unico, una Berlin Art Week all\u2019anno non basta, bisognerebbe essere completamente liberi dagli\u2026","rel":"","context":"In &quot;art magazine&quot;","block_context":{"text":"art magazine","link":"https:\/\/www.biancoscuro.it\/site\/category\/art-magazine\/"},"img":{"alt_text":"","src":"https:\/\/i0.wp.com\/www.biancoscuro.it\/site\/wp-content\/uploads\/2016\/10\/HUMBOLDTforum.jpg?resize=350%2C200&ssl=1","width":350,"height":200,"srcset":"https:\/\/i0.wp.com\/www.biancoscuro.it\/site\/wp-content\/uploads\/2016\/10\/HUMBOLDTforum.jpg?resize=350%2C200&ssl=1 1x, https:\/\/i0.wp.com\/www.biancoscuro.it\/site\/wp-content\/uploads\/2016\/10\/HUMBOLDTforum.jpg?resize=525%2C300&ssl=1 1.5x, https:\/\/i0.wp.com\/www.biancoscuro.it\/site\/wp-content\/uploads\/2016\/10\/HUMBOLDTforum.jpg?resize=700%2C400&ssl=1 2x"},"classes":[]},{"id":3555,"url":"https:\/\/www.biancoscuro.it\/site\/biancoscuro-leditoriale-di-febbraio-ma-2015\/","url_meta":{"origin":3176,"position":3},"title":"BIANCOSCURO, L&#8217;editoriale di febbraio-marzo 2016","author":"Vincenzo Chetta","date":"1 Febbraio 2016","format":false,"excerpt":"Questo 2016 \u00e8 iniziato con i migliori auspici, tante nuove iniziative artistiche che promettono bene, per sopperire a quella mancanza di \u201coriginale modernit\u00e0\u201d che dovrebbe essere ormai la base per il rinnovamento delle formule pi\u00f9 consolidate, ma che rischiano di cadere, non tanto nel banale, quanto nel noioso. Se \u00e8\u2026","rel":"","context":"In &quot;art magazine&quot;","block_context":{"text":"art magazine","link":"https:\/\/www.biancoscuro.it\/site\/category\/art-magazine\/"},"img":{"alt_text":"\/\/\/ Berlin Art Week 2015 3 piani d\u2019Arte, dipinti, sculture, installazioni e videoinstallazioni","src":"https:\/\/i0.wp.com\/www.biancoscuro.it\/site\/wp-content\/uploads\/2016\/02\/aKEV_8252.jpg?resize=350%2C200&ssl=1","width":350,"height":200,"srcset":"https:\/\/i0.wp.com\/www.biancoscuro.it\/site\/wp-content\/uploads\/2016\/02\/aKEV_8252.jpg?resize=350%2C200&ssl=1 1x, https:\/\/i0.wp.com\/www.biancoscuro.it\/site\/wp-content\/uploads\/2016\/02\/aKEV_8252.jpg?resize=525%2C300&ssl=1 1.5x, https:\/\/i0.wp.com\/www.biancoscuro.it\/site\/wp-content\/uploads\/2016\/02\/aKEV_8252.jpg?resize=700%2C400&ssl=1 2x"},"classes":[]},{"id":9200,"url":"https:\/\/www.biancoscuro.it\/site\/biancoscuro-art-magazine-on-line-il-numero-34\/","url_meta":{"origin":3176,"position":4},"title":"BIANCOSCURO Art Magazine! On-line il numero #34","author":"Redazione BIANCOSCURO","date":"31 Maggio 2019","format":false,"excerpt":"\"BIANCOSCURO\u00a0Rivista d'Arte\", sfoglia qui \u00a0sotto la versione web di BIANCOSCURO Art Magazine #34 (giugno-luglio '19) o scarica la versione integrale.\u00a0Iscriviti\u00a0alla nostra\u00a0mailing list\u00a0per essere costantemente aggiornato sui nostri eventi e sulle nostre attivit\u00e0:\u00a0inserisci\u00a0nome,\u00a0cognome\u00a0ed\u00a0e-mail\u00a0nei campi qui a destra per ricevere gratuitamente nella tua casella email. Ordina\u00a0su\u00a0artshop.biancoscuro.it Come fare per avere la rivista\u2026","rel":"","context":"In &quot;art magazine&quot;","block_context":{"text":"art magazine","link":"https:\/\/www.biancoscuro.it\/site\/category\/art-magazine\/"},"img":{"alt_text":"","src":"https:\/\/i0.wp.com\/www.biancoscuro.it\/site\/wp-content\/uploads\/2019\/06\/BAM_issue34_900pxSITO.jpg?resize=350%2C200&ssl=1","width":350,"height":200,"srcset":"https:\/\/i0.wp.com\/www.biancoscuro.it\/site\/wp-content\/uploads\/2019\/06\/BAM_issue34_900pxSITO.jpg?resize=350%2C200&ssl=1 1x, https:\/\/i0.wp.com\/www.biancoscuro.it\/site\/wp-content\/uploads\/2019\/06\/BAM_issue34_900pxSITO.jpg?resize=525%2C300&ssl=1 1.5x, https:\/\/i0.wp.com\/www.biancoscuro.it\/site\/wp-content\/uploads\/2019\/06\/BAM_issue34_900pxSITO.jpg?resize=700%2C400&ssl=1 2x"},"classes":[]},{"id":10694,"url":"https:\/\/www.biancoscuro.it\/site\/biancoscuro-art-magazine-on-line-il-numero-40\/","url_meta":{"origin":3176,"position":5},"title":"BIANCOSCURO Art Magazine! On-line il numero #40","author":"Redazione BIANCOSCURO","date":"1 Giugno 2020","format":false,"excerpt":"\"BIANCOSCURO\u00a0Rivista d'Arte\", sfoglia qui \u00a0sotto la versione web di BIANCOSCURO Art Magazine #40 (giugno\/luglio 2020) o scarica la versione integrale.\u00a0Iscriviti\u00a0alla nostra\u00a0mailing list\u00a0per essere costantemente aggiornato sui nostri eventi e sulle nostre attivit\u00e0:\u00a0inserisci\u00a0nome,\u00a0cognome\u00a0ed\u00a0e-mail\u00a0nei campi qui a destra per ricevere gratuitamente nella tua casella email. Ordina\u00a0su\u00a0artshop.biancoscuro.it Come fare per avere la rivista\u2026","rel":"","context":"In &quot;art magazine&quot;","block_context":{"text":"art magazine","link":"https:\/\/www.biancoscuro.it\/site\/category\/art-magazine\/"},"img":{"alt_text":"","src":"https:\/\/i0.wp.com\/www.biancoscuro.it\/site\/wp-content\/uploads\/2020\/06\/BAM_issue40_900pxSITO.jpg?resize=350%2C200&ssl=1","width":350,"height":200,"srcset":"https:\/\/i0.wp.com\/www.biancoscuro.it\/site\/wp-content\/uploads\/2020\/06\/BAM_issue40_900pxSITO.jpg?resize=350%2C200&ssl=1 1x, https:\/\/i0.wp.com\/www.biancoscuro.it\/site\/wp-content\/uploads\/2020\/06\/BAM_issue40_900pxSITO.jpg?resize=525%2C300&ssl=1 1.5x, https:\/\/i0.wp.com\/www.biancoscuro.it\/site\/wp-content\/uploads\/2020\/06\/BAM_issue40_900pxSITO.jpg?resize=700%2C400&ssl=1 2x"},"classes":[]}],"_links":{"self":[{"href":"https:\/\/www.biancoscuro.it\/site\/wp-json\/wp\/v2\/posts\/3176","targetHints":{"allow":["GET"]}}],"collection":[{"href":"https:\/\/www.biancoscuro.it\/site\/wp-json\/wp\/v2\/posts"}],"about":[{"href":"https:\/\/www.biancoscuro.it\/site\/wp-json\/wp\/v2\/types\/post"}],"author":[{"embeddable":true,"href":"https:\/\/www.biancoscuro.it\/site\/wp-json\/wp\/v2\/users\/1"}],"replies":[{"embeddable":true,"href":"https:\/\/www.biancoscuro.it\/site\/wp-json\/wp\/v2\/comments?post=3176"}],"version-history":[{"count":0,"href":"https:\/\/www.biancoscuro.it\/site\/wp-json\/wp\/v2\/posts\/3176\/revisions"}],"wp:featuredmedia":[{"embeddable":true,"href":"https:\/\/www.biancoscuro.it\/site\/wp-json\/wp\/v2\/media\/3180"}],"wp:attachment":[{"href":"https:\/\/www.biancoscuro.it\/site\/wp-json\/wp\/v2\/media?parent=3176"}],"wp:term":[{"taxonomy":"category","embeddable":true,"href":"https:\/\/www.biancoscuro.it\/site\/wp-json\/wp\/v2\/categories?post=3176"},{"taxonomy":"post_tag","embeddable":true,"href":"https:\/\/www.biancoscuro.it\/site\/wp-json\/wp\/v2\/tags?post=3176"}],"curies":[{"name":"wp","href":"https:\/\/api.w.org\/{rel}","templated":true}]}}