{"id":3587,"date":"2016-02-25T16:21:53","date_gmt":"2016-02-25T16:21:53","guid":{"rendered":"http:\/\/www.biancoscuro.it\/site\/?p=3587"},"modified":"2016-03-16T15:39:31","modified_gmt":"2016-03-16T15:39:31","slug":"art-parma-fair-4a-edizione-primavera-2016","status":"publish","type":"post","link":"https:\/\/www.biancoscuro.it\/site\/art-parma-fair-4a-edizione-primavera-2016\/","title":{"rendered":"Art Parma Fair, 4\u00aa edizione &#8211; primavera 2016"},"content":{"rendered":"<span class=\"span-reading-time rt-reading-time\" style=\"display: block;\"><span class=\"rt-label rt-prefix\">\u23f0 lettura <\/span> <span class=\"rt-time\"> 3<\/span> <span class=\"rt-label rt-postfix\">min. <br><br><\/span><\/span><h4>Due fine settimana dedicati all\u2019Arte a Fiere di Parma<\/h4>\n<p>Ritorna\u00a0<b>ART PARMA FAIR<\/b>, fiera dedicata all\u2019arte moderna e contemporanea, nelle date\u00a0<b>27-28 febbraio<\/b>\u00a0e\u00a0<b>4-5-6 marzo 2016<\/b>\u00a0presso il quartiere fieristico parmense, in concomitanza con\u00a0<b>Mercanteinfiera<\/b>\u00a0e\u00a0<b>Mercanteinauto<\/b>.<br \/>\nGli ottimi\u00a0risultati delle vendite dell\u2019edizioni precedenti hanno riconosciuto l\u2019importanza di una piazza come Parma, che a buon titolo potr\u00e0 collocarsi negli anni tra le fiere pi\u00f9 importanti d\u2019Italia.<br \/>\nUn collezionismo colto e sofisticato che viene dall\u2019imprenditoria e dall\u2019industria percorre il padiglione cercando le opere di autori importanti come\u00a0<b>Damien Hirst, Christo, Mario Schifano, Mimmo Rotella, Piero Gilardi, Michelangelo Pistoletto, Arnulf Rainer, Alighiero Boetti, solo per citare alcuni ma anche Andy Warhol<\/b>\u00a0e altri esponenti della pop-art.<\/p>\n<p><img loading=\"lazy\" decoding=\"async\" class=\"alignnone size-full wp-image-3607\" src=\"http:\/\/www.biancoscuro.it\/site\/wp-content\/uploads\/2016\/02\/bbb.jpg\" alt=\"bbb\" width=\"1000\" height=\"612\" srcset=\"https:\/\/www.biancoscuro.it\/site\/wp-content\/uploads\/2016\/02\/bbb.jpg 1000w, https:\/\/www.biancoscuro.it\/site\/wp-content\/uploads\/2016\/02\/bbb-300x184.jpg 300w, https:\/\/www.biancoscuro.it\/site\/wp-content\/uploads\/2016\/02\/bbb-768x470.jpg 768w, https:\/\/www.biancoscuro.it\/site\/wp-content\/uploads\/2016\/02\/bbb-600x367.jpg 600w\" sizes=\"auto, (max-width: 1000px) 100vw, 1000px\" \/><\/p>\n<p>In quest&#8217;edizione un\u2019importante evento collaterale, intitolato\u00a0<strong>SIRONI Pittura &#8211; Illustrazione &#8211; Grande decorazione &#8211; Opere dal 1914 al 1960<\/strong>\u00a0curato dalla Galleria Cinquantasei di Bologna, di interesse sicuramente sia per il pubblico di\u00a0<strong>mercanteinfiera<\/strong>\u00a0sia per quello di\u00a0<strong>Art Parma Fair<\/strong>, funger\u00e0 da volano e da trait d\u2019union tra le due manifestazioni che lo richiameranno come appuntamento da non perdere in tutta la comunicazione e la campagna promozionale.<\/p>\n<p><img loading=\"lazy\" decoding=\"async\" class=\"alignnone size-full wp-image-3446\" src=\"http:\/\/www.biancoscuro.it\/site\/wp-content\/uploads\/2015\/12\/DSC_1379.jpg\" alt=\"DSC_1379\" width=\"1000\" height=\"664\" srcset=\"https:\/\/www.biancoscuro.it\/site\/wp-content\/uploads\/2015\/12\/DSC_1379.jpg 1000w, https:\/\/www.biancoscuro.it\/site\/wp-content\/uploads\/2015\/12\/DSC_1379-300x199.jpg 300w, https:\/\/www.biancoscuro.it\/site\/wp-content\/uploads\/2015\/12\/DSC_1379-768x510.jpg 768w, https:\/\/www.biancoscuro.it\/site\/wp-content\/uploads\/2015\/12\/DSC_1379-600x398.jpg 600w\" sizes=\"auto, (max-width: 1000px) 100vw, 1000px\" \/><\/p>\n<h4>Mostre collaterali:<\/h4>\n<h4 class=\"title\">SIRONI, a cura della Galleria d\u2019Arte Cinquantasei<\/h4>\n<h4 class=\"title\">TRA ARTE E DESIGN, a cura della Galleria Lara e Rino Costa<\/h4>\n<h4 class=\"title\">PARLARE AI MURI &#8211; Maurizio Ceccarelli e Teso<\/h4>\n<pre id=\"Content\">ORARIO FIERA:\r\nsabato 27 e domenica 28 febbraio 2016\r\ndalle 10.00 alle 19.00\r\nvenerd\u00ec 4, sabato 5 e domenica 6 marzo 2016\r\ndalle 10.00 alle 19.00\r\nCOSTO INGRESSO:\r\nbiglietto intero 10 euro oppure\r\n<a href=\"http:\/\/www.nordestfair.com\/wp-content\/uploads\/2016\/02\/riduzione_ARTPARMA_Romagna-Fiere_Nef.pdf\">clicca qui per ottenere l'invito ridotto scaricabile dal sito<\/a>.\r\nSEDE:\r\nFIERE DI PARMA \u00b7 viale delle Esposizioni, 393A\r\n<\/pre>\n<p><strong>ATTENZIONE<\/strong>\u00a0&#8211;\u00a0<strong>quest&#8217;edizione si terr\u00e0 al padiglione 2<\/strong><\/p>\n<p><img loading=\"lazy\" decoding=\"async\" class=\"alignnone size-full wp-image-3594\" src=\"http:\/\/www.biancoscuro.it\/site\/wp-content\/uploads\/2016\/02\/p2.jpg\" alt=\"p2\" width=\"800\" height=\"533\" srcset=\"https:\/\/www.biancoscuro.it\/site\/wp-content\/uploads\/2016\/02\/p2.jpg 800w, https:\/\/www.biancoscuro.it\/site\/wp-content\/uploads\/2016\/02\/p2-300x200.jpg 300w, https:\/\/www.biancoscuro.it\/site\/wp-content\/uploads\/2016\/02\/p2-768x512.jpg 768w, https:\/\/www.biancoscuro.it\/site\/wp-content\/uploads\/2016\/02\/p2-600x400.jpg 600w\" sizes=\"auto, (max-width: 800px) 100vw, 800px\" \/><\/p>\n<div class=\"column one column_column\">\n<table border=\"0\" cellspacing=\"0\">\n<colgroup width=\"806\"><\/colgroup>\n<tbody>\n<tr>\n<td align=\"left\" valign=\"bottom\" height=\"21\"><strong>GALLERIE presenti\u00a0ad ART PARMA 4\u00aa ed. primavera 2016<\/strong><\/td>\n<\/tr>\n<tr>\n<td align=\"left\" valign=\"bottom\" height=\"21\"><span style=\"color: #000000;\">ALLEGRINI ARTE CONTEMPORANEA &#8211; BRESCIA <\/span><\/td>\n<\/tr>\n<tr>\n<td align=\"left\" valign=\"bottom\" height=\"21\"><span style=\"color: #000000;\">ANTIGALLERY &#8211; MESTRE (VE)<\/span><\/td>\n<\/tr>\n<tr>\n<td align=\"left\" valign=\"bottom\" height=\"21\"><span style=\"color: #000000;\">ARMANDA GORI ARTE &#8211; PRATO (PO)<\/span><\/td>\n<\/tr>\n<tr>\n<td align=\"left\" valign=\"bottom\" height=\"21\"><span style=\"color: #000000;\">ARTE GIO&#8217; ART &#8211; LUCCA (LU)<\/span><\/td>\n<\/tr>\n<tr>\n<td align=\"left\" valign=\"bottom\" height=\"21\"><span style=\"color: #000000;\">ARTE POLIMNIA &#8211; BRESCIA &#8211; FORTE DEI MARMI<\/span><\/td>\n<\/tr>\n<tr>\n<td align=\"left\" valign=\"bottom\" height=\"21\"><span style=\"color: #000000;\">ARCHIVIO ANTONIO MAGGIONI &#8211; VIGANO&#8217; (LC)<\/span><\/td>\n<\/tr>\n<tr>\n<td align=\"left\" valign=\"bottom\" height=\"21\"><span style=\"color: #000000;\">LATTUADA STUDIO &#8211; MILANO &#8211; NEW YORK &#8211; TENAFLY<\/span><\/td>\n<\/tr>\n<tr>\n<td align=\"left\" valign=\"bottom\" height=\"21\"><span style=\"color: #000000;\">CENTRO ARTE LA TESORIERA &#8211; TORINO<\/span><\/td>\n<\/tr>\n<tr>\n<td align=\"left\" valign=\"bottom\" height=\"21\"><span style=\"color: #000000;\">CHIFARI ART GALLERY &#8211; TORINO<\/span><\/td>\n<\/tr>\n<tr>\n<td align=\"left\" valign=\"bottom\" height=\"21\"><span style=\"color: #000000;\">COSTA DENIARTE &#8211; ROMA <\/span><\/td>\n<\/tr>\n<tr>\n<td align=\"left\" valign=\"bottom\" height=\"21\"><span style=\"color: #000000;\">FONDAZIONE DINO ZOLI &#8211; FORLI&#8217; (FC)<\/span><\/td>\n<\/tr>\n<tr>\n<td align=\"left\" valign=\"bottom\" height=\"21\"><span style=\"color: #000000;\">GALLERIA ACCADEMIA &#8211; TORINO<\/span><\/td>\n<\/tr>\n<tr>\n<td align=\"left\" valign=\"bottom\" height=\"21\"><span style=\"color: #000000;\">GALLERIA COLONNA &#8211; APPIANO GENTILE (CO)<\/span><\/td>\n<\/tr>\n<tr>\n<td align=\"left\" valign=\"bottom\" height=\"21\"><span style=\"color: #000000;\">GALLERIA D&#8217;ARTE CINQUANTASEI &#8211; BOLOGNA<\/span><\/td>\n<\/tr>\n<tr>\n<td align=\"left\" valign=\"bottom\" height=\"21\"><span style=\"color: #000000;\">GALLERIA D&#8217;ARTE MIRO&#8217; &#8211; TERAMO<\/span><\/td>\n<\/tr>\n<tr>\n<td align=\"left\" valign=\"bottom\" height=\"21\"><span style=\"color: #000000;\">MALONI ARTE CONTEMPORANEA &#8211; SAN BENEDETTO DEL TRONTO (AP)<\/span><\/td>\n<\/tr>\n<tr>\n<td align=\"left\" valign=\"bottom\" bgcolor=\"#FFFFFF\" height=\"21\"><span style=\"color: #000000;\">POLESCHI ARTE &#8211; MILANO &#8211; LUCCA &#8211; PIETRASANTA (LU)<\/span><\/td>\n<\/tr>\n<tr>\n<td align=\"left\" valign=\"bottom\" bgcolor=\"#FFFFFF\" height=\"21\">SATURA ART GALLERY &#8211; GENOVA<\/td>\n<\/tr>\n<tr>\n<td align=\"left\" valign=\"bottom\" height=\"21\"><span style=\"color: #000000;\">STUDIO PIVUELLE &#8211; SAN GIOVANNI VALDARNO (AR)<\/span><\/td>\n<\/tr>\n<tr>\n<td align=\"left\" valign=\"bottom\" bgcolor=\"#FFFFFF\" height=\"21\"><span style=\"color: #000000;\">SILVIO SANGIORGI &#8211; MILANO<\/span><\/td>\n<\/tr>\n<tr>\n<td align=\"left\" valign=\"bottom\" bgcolor=\"#FFFFFF\" height=\"21\"><span style=\"color: #000000;\">IO TI PRESENTO &#8211; VERR\u00c8S (AO)<\/span><\/td>\n<\/tr>\n<tr>\n<td align=\"left\" valign=\"bottom\" bgcolor=\"#FFFFFF\" height=\"21\"><span style=\"color: #000000;\">LEONARDVS BOTTEGA D&#8217;ARTE &#8211; SESTRI LEVANTE (GE) &#8211; DESENZANO DEL GARDA (VR)<\/span><\/td>\n<\/tr>\n<tr>\n<td align=\"left\" valign=\"bottom\" bgcolor=\"#FFFFFF\" height=\"21\"><span style=\"color: #000000;\">ALBERTINI &#8211; MILANO &#8211; VENEZIA &#8211; GATTICO (NO)<\/span><\/td>\n<\/tr>\n<tr>\n<td align=\"left\" valign=\"bottom\" height=\"21\"><span style=\"color: #000000;\">ATELIER CASTELLI &#8211; VARESE<\/span><\/td>\n<\/tr>\n<tr>\n<td align=\"left\" valign=\"bottom\" bgcolor=\"#FFFFFF\" height=\"21\"><span style=\"color: #000000;\">ANDREA TACCONI &#8211; VERONA<\/span><\/td>\n<\/tr>\n<tr>\n<td align=\"left\" valign=\"bottom\" bgcolor=\"#FFFFFF\" height=\"21\"><span style=\"color: #000000;\">SERGIO GUERCI &#8211; TERNI<\/span><\/td>\n<\/tr>\n<tr>\n<td align=\"left\" valign=\"bottom\" bgcolor=\"#FFFFFF\" height=\"21\"><span style=\"color: #000000;\">ARTE GIORGIO GOST &#8211; PARMA <\/span><\/td>\n<\/tr>\n<tr>\n<td align=\"left\" valign=\"bottom\" bgcolor=\"#FFFFFF\" height=\"21\"><span style=\"color: #000000;\">ALESSANDRA BININI &#8211; S. POLO D&#8217;ENZA (RE) &#8211; PIETRASANTA (LU)<\/span><\/td>\n<\/tr>\n<tr>\n<td align=\"left\" valign=\"bottom\" bgcolor=\"#FFFFFF\" height=\"21\"><span style=\"color: #000000;\">ART&amp;CO &#8211; PARMA<\/span><\/td>\n<\/tr>\n<tr>\n<td align=\"left\" valign=\"bottom\" bgcolor=\"#FFFFFF\" height=\"21\"><span style=\"color: #000000;\">ARSER EDIZIONI &#8211; CELLATICA (BS)<\/span><\/td>\n<\/tr>\n<tr>\n<td align=\"left\" valign=\"bottom\" bgcolor=\"#FFFFFF\" height=\"21\"><span style=\"color: #000000;\">AURUM FINE ART SOCIETY &#8211; REGGIO EMILIA<\/span><\/td>\n<\/tr>\n<tr>\n<td align=\"left\" valign=\"bottom\" bgcolor=\"#FFFFFF\" height=\"21\"><span style=\"color: #000000;\">BONELLI LAB &#8211; B&amp;B ARTE CANNETO SULL&#8217;OGLIO (MN)<\/span><\/td>\n<\/tr>\n<tr>\n<td align=\"left\" valign=\"bottom\" bgcolor=\"#FFFFFF\" height=\"21\"><span style=\"color: #000000;\">BIANCOSCURO &#8211; PAVIA<\/span><\/td>\n<\/tr>\n<tr>\n<td align=\"left\" valign=\"bottom\" bgcolor=\"#FFFFFF\" height=\"21\"><span style=\"color: #000000;\">MARIANO MORICONI &#8211; BARGA (LU)<\/span><\/td>\n<\/tr>\n<tr>\n<td align=\"left\" valign=\"bottom\" bgcolor=\"#FFFFFF\" height=\"21\"><span style=\"color: #000000;\">CASA D&#8217;ARTE VIADEIMERCATI &#8211; VERCELLI<\/span><\/td>\n<\/tr>\n<tr>\n<td align=\"left\" valign=\"bottom\" bgcolor=\"#FFFFFF\" height=\"21\"><span style=\"color: #000000;\">GALLERIA D&#8217;ARTE VERDESI &#8211; ASCOLI PICENO (AP)<\/span><\/td>\n<\/tr>\n<tr>\n<td align=\"left\" valign=\"bottom\" bgcolor=\"#FFFFFF\" height=\"21\">PRIGIONE FINE ART &#8211; ALESSANDRIA (AL)<\/td>\n<\/tr>\n<tr>\n<td align=\"left\" valign=\"bottom\" height=\"21\">GALLERIA STAMPATORI &#8211; TORINO<\/td>\n<\/tr>\n<tr>\n<td align=\"left\" valign=\"bottom\" bgcolor=\"#FFFFFF\" height=\"21\"><span style=\"color: #000000;\">STUDIO L. e T. &#8211; CESENA (FC)<\/span><\/td>\n<\/tr>\n<tr>\n<td align=\"left\" valign=\"bottom\" bgcolor=\"#FFFFFF\" height=\"21\"><span style=\"color: #000000;\">GALERIE D&#8217;ART LA FREGATE &#8211; SAINT JEAN CAP FERRAT (F)<\/span><\/td>\n<\/tr>\n<tr>\n<td align=\"left\" valign=\"bottom\" height=\"21\">LA TELACCIA BY MALINPENSA GALLERIA D&#8217;ARTE\u00a0&#8211; TORINO<\/td>\n<\/tr>\n<tr>\n<td align=\"left\" valign=\"bottom\" height=\"21\"><span style=\"color: #000000;\">BONIONI ARTE &#8211; REGGIO EMILIA<\/span><\/td>\n<\/tr>\n<tr>\n<td align=\"left\" valign=\"bottom\" height=\"21\"><span style=\"color: #000000;\">GALLERIA CENTRO STECCATA &#8211; PARMA<\/span><\/td>\n<\/tr>\n<tr>\n<td align=\"left\" valign=\"bottom\" height=\"21\"><span style=\"color: #000000;\">EIDOS IMMAGINI CONTEMPORANEE &#8211; ASTI (AT)<\/span><\/td>\n<\/tr>\n<tr>\n<td align=\"left\" valign=\"bottom\" height=\"21\"><span style=\"color: #000000;\">GALLERIA STEFANO FORNI &#8211; BOLOGNA <\/span><\/td>\n<\/tr>\n<tr>\n<td align=\"left\" valign=\"bottom\" height=\"21\"><span style=\"color: #000000;\">LARA E RINO COSTA ARTE CONTEMPORANEA &#8211; VALENZA (AL)<\/span><\/td>\n<\/tr>\n<tr>\n<td align=\"left\" valign=\"bottom\" height=\"21\"><span style=\"color: #000000;\">COLOSSI ARTE CONTEMPORANEA &#8211; BRESCIA<\/span><\/td>\n<\/tr>\n<tr>\n<td align=\"left\" valign=\"bottom\" height=\"21\"><b><span style=\"color: #000000;\">EDITORIE<\/span><\/b><\/td>\n<\/tr>\n<tr>\n<td align=\"left\" valign=\"bottom\" height=\"21\"><span style=\"color: #000000;\">BIANCOSCURO ART MAGAZINE<\/span><\/td>\n<\/tr>\n<tr>\n<td align=\"left\" valign=\"bottom\" height=\"21\"><span style=\"color: #000000;\">ARTE COLLEZIONISMO<\/span><\/td>\n<\/tr>\n<tr>\n<td align=\"left\" valign=\"bottom\" height=\"21\"><span style=\"color: #000000;\">ARTEXPO&#8217; PROMOTION<\/span><\/td>\n<\/tr>\n<\/tbody>\n<\/table>\n<\/div>\n<p>&nbsp;<\/p>\n<h4>BIANCOSCURO sar\u00e0 presente ad ArtParma Fair 2016 con il suo stand editoriale e con la sua proposta di artisti selezionati al BIANCOSCURO Art Contest ArtParma Edition.\u00a0<a href=\"http:\/\/artcontest.biancoscuro.it\/site\/iscrizione-artparma-edition\/\" target=\"_blank\">Tra le opere selezionate verr\u00e0 scelta la pi\u00f9 ammirata dal pubblico dei collezionisti e sar\u00e0 pubblicata sulla\u00a0<strong>COPERTINA &#8220;over the cover&#8221; di BIANCOSCURO<\/strong><\/a><\/h4>\n<h3>Biancoscuro &#8211; Contemporary Selected Artist, questi gli artisti presentati:<\/h3>\n<p>Peter Hide 311065 &#8211; Gianluca Piaccione &#8211; Ralp Hall &#8211; Giorgio Gost &#8211; Donatella Celoria &#8211; Carla Battaglia &#8211; Ornella De Rosa &#8211; Claudia Perruso &#8211; Eugenio Marchesi &#8211; Gayane Karapetyan &#8211; Aivars Kisnics &#8211; Orod\u00e8 Deoro &#8211; Pupi Perati &#8211; Mirko Roncelli &#8211; Daniele Bianco &#8211; Stanka Golob &#8211; Rita Vitaloni &#8211; Giulia Sollazzo.<\/p>\n<p>Cliccando qui sotto \u00e8 possibile sfogliare il catalogo BIANCOSCURO<br \/>\n<iframe loading=\"lazy\" src=\"\/\/e.issuu.com\/embed.html#0\/33575158\" width=\"525\" height=\"371\" frameborder=\"0\" allowfullscreen=\"allowfullscreen\"><\/iframe><\/p>\n","protected":false},"excerpt":{"rendered":"<p><span class=\"span-reading-time rt-reading-time\" style=\"display: block;\"><span class=\"rt-label rt-prefix\">\u23f0 lettura <\/span> <span class=\"rt-time\"> 3<\/span> <span class=\"rt-label rt-postfix\">min. <\/p>\n<p><\/span><\/span>Due fine settimana dedicati all\u2019Arte a Fiere di Parma Ritorna\u00a0ART PARMA FAIR, fiera dedicata all\u2019arte moderna e contemporanea, nelle date\u00a027-28 febbraio\u00a0e\u00a04-5-6 marzo 2016\u00a0presso il quartiere fieristico parmense, in concomitanza con\u00a0Mercanteinfiera\u00a0e\u00a0Mercanteinauto. Gli ottimi\u00a0risultati delle vendite dell\u2019edizioni precedenti hanno riconosciuto l\u2019importanza di una piazza come Parma, che a buon titolo potr\u00e0 collocarsi negli anni tra le fiere&hellip;&nbsp;<a href=\"https:\/\/www.biancoscuro.it\/site\/art-parma-fair-4a-edizione-primavera-2016\/\" rel=\"bookmark\">Leggi tutto &raquo;<span class=\"screen-reader-text\">Art Parma Fair, 4\u00aa edizione &#8211; primavera 2016<\/span><\/a><\/p>\n","protected":false},"author":1,"featured_media":3606,"comment_status":"closed","ping_status":"closed","sticky":false,"template":"","format":"standard","meta":{"neve_meta_sidebar":"","neve_meta_container":"","neve_meta_enable_content_width":"","neve_meta_content_width":0,"neve_meta_title_alignment":"","neve_meta_author_avatar":"","neve_post_elements_order":"","neve_meta_disable_header":"","neve_meta_disable_footer":"","neve_meta_disable_title":"","advanced_seo_description":"","jetpack_seo_html_title":"","jetpack_seo_noindex":false,"footnotes":""},"categories":[5],"tags":[558,548,549,547,553,544,555,543,561,552,556,557,550,224,564,362,361,545,233,554,559,192,546,560,551,563,562],"class_list":["post-3587","post","type-post","status-publish","format-standard","has-post-thumbnail","hentry","category-arte","tag-aivars-kisnics","tag-alighiero-boetti","tag-andy-warhol","tag-arnulf-rainer","tag-carla-battaglia","tag-christo","tag-claudia-perruso","tag-damien-hirst","tag-daniele-bianco","tag-donatella-celoria","tag-eugenio-marchesi","tag-gasane-karapetyan","tag-gianluca-piaccione","tag-giorgio-gost","tag-giulia-sollazzo","tag-mario-schifano","tag-michelangelo-pistoletto","tag-mimmo-rotella","tag-mirko-roncelli","tag-ornella-de-rosa","tag-orode-deoro","tag-peter-hide-311065","tag-piero-gilardi","tag-pupi-perati","tag-ralp-hall","tag-rita-vitaloni","tag-stanka-golob"],"jetpack_featured_media_url":"https:\/\/www.biancoscuro.it\/site\/wp-content\/uploads\/2016\/02\/aaa.jpg","jetpack_sharing_enabled":true,"jetpack-related-posts":[{"id":3443,"url":"https:\/\/www.biancoscuro.it\/site\/art-parma-4a-edizione-con-importanti-novita\/","url_meta":{"origin":3587,"position":0},"title":"Art Parma 4\u00aa edizione con importanti novit\u00e0","author":"Redazione BIANCOSCURO","date":"24 Dicembre 2015","format":false,"excerpt":"Art Parma Fair, Mostra\u00a0 Mercato d\u2019Arte Moderna e Contemporanea, ritorna a Parma, luogo molto\u00a0sensibile all\u2019arte con un pubblico scelto e interessato, come di consueto in due week end il 27 e 28 febbraio e il 4-5-6 marzo 2016. Nell'edizione 2016 una novit\u00e0:\u00a0l\u2019unione con NEF (Nord Est Fair gi\u00e0 organizzatori di\u2026","rel":"","context":"In &quot;arte&quot;","block_context":{"text":"arte","link":"https:\/\/www.biancoscuro.it\/site\/category\/arte\/"},"img":{"alt_text":"","src":"https:\/\/i0.wp.com\/www.biancoscuro.it\/site\/wp-content\/uploads\/2015\/12\/cover.jpg?resize=350%2C200&ssl=1","width":350,"height":200,"srcset":"https:\/\/i0.wp.com\/www.biancoscuro.it\/site\/wp-content\/uploads\/2015\/12\/cover.jpg?resize=350%2C200&ssl=1 1x, https:\/\/i0.wp.com\/www.biancoscuro.it\/site\/wp-content\/uploads\/2015\/12\/cover.jpg?resize=525%2C300&ssl=1 1.5x, https:\/\/i0.wp.com\/www.biancoscuro.it\/site\/wp-content\/uploads\/2015\/12\/cover.jpg?resize=700%2C400&ssl=1 2x, https:\/\/i0.wp.com\/www.biancoscuro.it\/site\/wp-content\/uploads\/2015\/12\/cover.jpg?resize=1050%2C600&ssl=1 3x, https:\/\/i0.wp.com\/www.biancoscuro.it\/site\/wp-content\/uploads\/2015\/12\/cover.jpg?resize=1400%2C800&ssl=1 4x"},"classes":[]},{"id":1649,"url":"https:\/\/www.biancoscuro.it\/site\/art-parma-fair-arte-forli-contemporanea\/","url_meta":{"origin":3587,"position":1},"title":"Art Parma Fair + Arte Forl\u00ec CONTEMPORANEA","author":"Redazione BIANCOSCURO","date":"5 Agosto 2014","format":false,"excerpt":"Biancoscuro\u00a0in collaborazione con\u00a0ArteExp\u00f2 Gallery\u00a0propone \u00a0ad artisti meritevoli la possibilit\u00e0 di partecipare ad ART PARMA FAIR 2014 e ARTE FORLI' CONTEMPORANEA 2014! Per maggiori informazioni o ricevere il bando di partecipazione contattaci subito allo 0382.1902778 oppure scrivi\u00a0info@biancoscuro.it La partecipazione alle fiere d'arte ART PARMA FAIR 2014\u00a0e\u00a0ARTE FORLI' CONTEMPORANEA 2014\u00a0prevede in abbinata\u2026","rel":"","context":"In &quot;arte&quot;","block_context":{"text":"arte","link":"https:\/\/www.biancoscuro.it\/site\/category\/arte\/"},"img":{"alt_text":"ARTPARMA2014 biancoscuro","src":"https:\/\/i0.wp.com\/www.biancoscuro.it\/site\/wp-content\/uploads\/2014\/05\/ARTPARMA2014-150x150.jpg?resize=350%2C200","width":350,"height":200},"classes":[]},{"id":4997,"url":"https:\/\/www.biancoscuro.it\/site\/art-parma-fair-6a-edizione-gli-artisti-selezionati-al-biancoscuro\/","url_meta":{"origin":3587,"position":2},"title":"Art Parma Fair, 6\u00aa edizione con gli artisti selezionati al BIANCOSCURO","author":"Redazione BIANCOSCURO","date":"22 Febbraio 2017","format":false,"excerpt":"Due fine settimana dedicati all\u2019Arte a Fiere di Parma Ritorna\u00a0ART PARMA FAIR, fiera dedicata all\u2019arte moderna e contemporanea, nelle date\u00a025-26 febbraio\u00a0e 3-4-5 marzo 2016\u00a0presso il quartiere fieristico parmense, in concomitanza con\u00a0Mercanteinfiera\u00a0e\u00a0Italian Golf Show. Gli ottimi\u00a0risultati delle vendite dell\u2019edizioni precedenti hanno riconosciuto l\u2019importanza di una piazza come Parma, che a buon\u2026","rel":"","context":"In &quot;arte&quot;","block_context":{"text":"arte","link":"https:\/\/www.biancoscuro.it\/site\/category\/arte\/"},"img":{"alt_text":"","src":"https:\/\/i0.wp.com\/www.biancoscuro.it\/site\/wp-content\/uploads\/2017\/02\/artParma1.jpg?resize=350%2C200&ssl=1","width":350,"height":200,"srcset":"https:\/\/i0.wp.com\/www.biancoscuro.it\/site\/wp-content\/uploads\/2017\/02\/artParma1.jpg?resize=350%2C200&ssl=1 1x, https:\/\/i0.wp.com\/www.biancoscuro.it\/site\/wp-content\/uploads\/2017\/02\/artParma1.jpg?resize=525%2C300&ssl=1 1.5x, https:\/\/i0.wp.com\/www.biancoscuro.it\/site\/wp-content\/uploads\/2017\/02\/artParma1.jpg?resize=700%2C400&ssl=1 2x, https:\/\/i0.wp.com\/www.biancoscuro.it\/site\/wp-content\/uploads\/2017\/02\/artParma1.jpg?resize=1050%2C600&ssl=1 3x, https:\/\/i0.wp.com\/www.biancoscuro.it\/site\/wp-content\/uploads\/2017\/02\/artParma1.jpg?resize=1400%2C800&ssl=1 4x"},"classes":[]},{"id":17027,"url":"https:\/\/www.biancoscuro.it\/site\/art-parma-fair-primavera-2024\/","url_meta":{"origin":3587,"position":3},"title":"Art Parma Fair &#8211; primavera 2024","author":"Redazione BIANCOSCURO","date":"23 Febbraio 2024","format":false,"excerpt":"Due fine settimana dedicati all\u2019Arte a Fiere di Parma Ritorna\u00a0ART PARMA FAIR, fiera dedicata all\u2019arte moderna e contemporanea, nelle date\u00a02-3\u00a0e 8-9-10 marzo 2024\u00a0presso il quartiere fieristico parmense, in concomitanza con\u00a0Mercanteinfiera.Gli ottimi\u00a0risultati delle vendite dell\u2019edizioni precedenti hanno riconosciuto l\u2019importanza di una piazza come Parma, che a buon titolo potr\u00e0 collocarsi negli\u2026","rel":"","context":"In &quot;arte&quot;","block_context":{"text":"arte","link":"https:\/\/www.biancoscuro.it\/site\/category\/arte\/"},"img":{"alt_text":"","src":"https:\/\/i0.wp.com\/www.biancoscuro.it\/site\/wp-content\/uploads\/2024\/02\/art-parma-aut-220.jpg?resize=350%2C200&ssl=1","width":350,"height":200,"srcset":"https:\/\/i0.wp.com\/www.biancoscuro.it\/site\/wp-content\/uploads\/2024\/02\/art-parma-aut-220.jpg?resize=350%2C200&ssl=1 1x, https:\/\/i0.wp.com\/www.biancoscuro.it\/site\/wp-content\/uploads\/2024\/02\/art-parma-aut-220.jpg?resize=525%2C300&ssl=1 1.5x, https:\/\/i0.wp.com\/www.biancoscuro.it\/site\/wp-content\/uploads\/2024\/02\/art-parma-aut-220.jpg?resize=700%2C400&ssl=1 2x"},"classes":[]},{"id":3210,"url":"https:\/\/www.biancoscuro.it\/site\/art-parma-fair-edizione-autunnale\/","url_meta":{"origin":3587,"position":4},"title":"Art Parma Fair, edizione autunnale","author":"Redazione BIANCOSCURO","date":"30 Settembre 2015","format":false,"excerpt":"Due fine settimana dedicati all\u2019Arte a Fiere di Parma Parma torna ad essere il centro dell\u2019arte con Art Parma Fair, mostra-mercato dedicata all\u2019arte moderna e contemporanea, presso il quartiere fieristico parmense, in concomitanza con Mercanteinfiera e Mercanteinauto. L\u2019ottimo risultato delle vendite dell\u2019edizione primaverile ha riconosciuto l\u2019importanza di una piazza come\u2026","rel":"","context":"In &quot;arte&quot;","block_context":{"text":"arte","link":"https:\/\/www.biancoscuro.it\/site\/category\/arte\/"},"img":{"alt_text":"","src":"https:\/\/i0.wp.com\/www.biancoscuro.it\/site\/wp-content\/uploads\/2015\/09\/COP.jpg?resize=350%2C200&ssl=1","width":350,"height":200,"srcset":"https:\/\/i0.wp.com\/www.biancoscuro.it\/site\/wp-content\/uploads\/2015\/09\/COP.jpg?resize=350%2C200&ssl=1 1x, https:\/\/i0.wp.com\/www.biancoscuro.it\/site\/wp-content\/uploads\/2015\/09\/COP.jpg?resize=525%2C300&ssl=1 1.5x"},"classes":[]},{"id":3030,"url":"https:\/\/www.biancoscuro.it\/site\/art-parma-fair-arte-forli-contemporanea-2\/","url_meta":{"origin":3587,"position":5},"title":"Art Parma Fair &#038; Arte Forl\u00ec CONTEMPORANEA","author":"Redazione BIANCOSCURO","date":"20 Agosto 2015","format":false,"excerpt":"BIANCOSCURO Media Partner ufficiale di Romagna Fiere,\u00a0in collaborazione con\u00a0ArteExp\u00f2 Gallery,\u00a0propone \u00a0ad artisti meritevoli la possibilit\u00e0 di partecipare ad ART PARMA FAIR 2015\u00a0e ARTE FORLI' CONTEMPORANEA 2015! Per maggiori informazioni o ricevere il bando di partecipazione contattaci subito allo 0382.1902778 oppure scrivi\u00a0info@biancoscuro.it Informiamo che sono in corso le\u00a0selezioni per esposizioni riservate\u2026","rel":"","context":"In &quot;arte&quot;","block_context":{"text":"arte","link":"https:\/\/www.biancoscuro.it\/site\/category\/arte\/"},"img":{"alt_text":"","src":"https:\/\/i0.wp.com\/www.biancoscuro.it\/site\/wp-content\/uploads\/2014\/02\/Schermata-2015-08-20-alle-11.05.57.png?resize=350%2C200&ssl=1","width":350,"height":200,"srcset":"https:\/\/i0.wp.com\/www.biancoscuro.it\/site\/wp-content\/uploads\/2014\/02\/Schermata-2015-08-20-alle-11.05.57.png?resize=350%2C200&ssl=1 1x, https:\/\/i0.wp.com\/www.biancoscuro.it\/site\/wp-content\/uploads\/2014\/02\/Schermata-2015-08-20-alle-11.05.57.png?resize=525%2C300&ssl=1 1.5x"},"classes":[]}],"_links":{"self":[{"href":"https:\/\/www.biancoscuro.it\/site\/wp-json\/wp\/v2\/posts\/3587","targetHints":{"allow":["GET"]}}],"collection":[{"href":"https:\/\/www.biancoscuro.it\/site\/wp-json\/wp\/v2\/posts"}],"about":[{"href":"https:\/\/www.biancoscuro.it\/site\/wp-json\/wp\/v2\/types\/post"}],"author":[{"embeddable":true,"href":"https:\/\/www.biancoscuro.it\/site\/wp-json\/wp\/v2\/users\/1"}],"replies":[{"embeddable":true,"href":"https:\/\/www.biancoscuro.it\/site\/wp-json\/wp\/v2\/comments?post=3587"}],"version-history":[{"count":0,"href":"https:\/\/www.biancoscuro.it\/site\/wp-json\/wp\/v2\/posts\/3587\/revisions"}],"wp:featuredmedia":[{"embeddable":true,"href":"https:\/\/www.biancoscuro.it\/site\/wp-json\/wp\/v2\/media\/3606"}],"wp:attachment":[{"href":"https:\/\/www.biancoscuro.it\/site\/wp-json\/wp\/v2\/media?parent=3587"}],"wp:term":[{"taxonomy":"category","embeddable":true,"href":"https:\/\/www.biancoscuro.it\/site\/wp-json\/wp\/v2\/categories?post=3587"},{"taxonomy":"post_tag","embeddable":true,"href":"https:\/\/www.biancoscuro.it\/site\/wp-json\/wp\/v2\/tags?post=3587"}],"curies":[{"name":"wp","href":"https:\/\/api.w.org\/{rel}","templated":true}]}}