{"id":3890,"date":"2016-05-16T11:17:05","date_gmt":"2016-05-16T11:17:05","guid":{"rendered":"http:\/\/www.biancoscuro.it\/site\/?p=3890"},"modified":"2016-05-18T22:42:13","modified_gmt":"2016-05-18T22:42:13","slug":"biancoscuro-art-contest-2016-la-terza-edizione-importanti-premi","status":"publish","type":"post","link":"https:\/\/www.biancoscuro.it\/site\/biancoscuro-art-contest-2016-la-terza-edizione-importanti-premi\/","title":{"rendered":"BIANCOSCURO Art Contest 2016. La terza edizione"},"content":{"rendered":"<span class=\"span-reading-time rt-reading-time\" style=\"display: block;\"><span class=\"rt-label rt-prefix\">\u23f0 lettura <\/span> <span class=\"rt-time\"> 2<\/span> <span class=\"rt-label rt-postfix\">min. <br><br><\/span><\/span><h3>Ultimi giorni per vincere la COPERTINA, la mostra personale a Montreux o\u00a0la mostra personale a Marbella!<\/h3>\n<p><a href=\"http:\/\/artcontest.biancoscuro.it\/site\/iscrizione-online-registration\/\" target=\"_blank\"><img loading=\"lazy\" decoding=\"async\" class=\"alignnone wp-image-3738 size-full\" src=\"http:\/\/www.biancoscuro.it\/site\/wp-content\/uploads\/2014\/02\/LogoBAC2016-1000px.jpg\" alt=\"LogoBAC2016-1000px\" width=\"1000\" height=\"379\" srcset=\"https:\/\/www.biancoscuro.it\/site\/wp-content\/uploads\/2014\/02\/LogoBAC2016-1000px.jpg 1000w, https:\/\/www.biancoscuro.it\/site\/wp-content\/uploads\/2014\/02\/LogoBAC2016-1000px-300x114.jpg 300w, https:\/\/www.biancoscuro.it\/site\/wp-content\/uploads\/2014\/02\/LogoBAC2016-1000px-768x291.jpg 768w, https:\/\/www.biancoscuro.it\/site\/wp-content\/uploads\/2014\/02\/LogoBAC2016-1000px-600x227.jpg 600w\" sizes=\"auto, (max-width: 1000px) 100vw, 1000px\" \/><\/a><\/p>\n<h4><strong>BIANCOSCURO Art Contest 2016. La terza edizione con importanti premi<\/strong><\/h4>\n<p><strong><a href=\"http:\/\/artcontest.biancoscuro.it\">BIANCOSCURO Art Contest<\/a><\/strong>, il\u00a0<span style=\"text-decoration: underline;\">contest ideato da <strong>BIANCOSCURO\u00a0<\/strong>per pittori, scultori, fotografi e grafici,<\/span> \u00e8\u00a0giunto alla terza edizione. Il concorso d\u00e0\u00a0la\u00a0possibilit\u00e0 di essere &#8220;in prima pagina&#8221; o mettere in mostra le proprie opere in una&#8221;esposizione personale&#8221; nella splendida cornice\u00a0di <strong>Montreux, in Svizzera <\/strong>o nell&#8217;incantevole citt\u00e0 di<strong> Marbella in Spagna<\/strong>. Tra\u00a0i premi anche\u00a0la seconda, la terza e la quarta pagina di copertina e l&#8217;esposizione all&#8217;ormai <strong>ArtParma<\/strong> di Ottobre e numerose<strong>\u00a0mostre collettive presso il nostro spazio espositivo<\/strong>.\u00a0La\u00a0giuria BIANCOSCURO\u00a0<strong>premier\u00e0 gli artisti<\/strong>\u00a0distinti nelle 4 sezioni<strong>\u00a0a Monte-Carlo<\/strong>\u00a0(Principato di Monaco).<\/p>\n<p>La giuria BIANCOSCURO \u00e8 composta da:<\/p>\n<p dir=\"ltr\"><strong>Vincenzo Chetta<\/strong>\u00a0Direttore dellaRivista d\u2019Arte\u00a0<strong>Biancoscuro<\/strong>;<br \/>\n<strong>Alfredo Pasolino<\/strong>\u00a0Storico dell\u2019arte e <strong>Critico internazionale<\/strong>;<br \/>\n<strong>Jean Fran\u00e7ois Gailloud<\/strong>\u00a0Presidente del <strong>MAG \u2013 Montreux ArtGallery<\/strong>;<br \/>\n<strong>Daniela Malabaila<\/strong>\u00a0<wbr><\/wbr>Caporedattrice Biancoscuro Rivista d\u2019Arte;<br \/>\n<strong>Luca Caricato<\/strong>\u00a0Storico dell\u2019Arte ed\u00a0<strong>esperto vinciano;<\/strong><br \/>\n<strong>Marie H\u00e9l\u00e8ne Heusghem<\/strong>\u00a0\u00e8 Direttoredel\u00a0 MAG \u2013 <strong>Montreux Art Gallery<\/strong>;<br \/>\n<strong>Danilo Giusino<\/strong>\u00a0Esperto d\u2019Arte e\u00a0<strong>Docente in Arti Visive<\/strong>\u00a0e DisciplinePittoriche;<br \/>\n<strong>Mona Youssef<\/strong>\u00a0Gallerista<strong>Canadese<\/strong> \u00e8 specializzata in <strong>Fine Art B.F.A.<\/strong> (Bachelor of Fine Arts);<br \/>\n<strong>Elena Cicchetti<\/strong>\u00a0Presidentedell\u2019<wbr><\/wbr>Associazione\u00a0<strong>Art in The World<\/strong>;<br \/>\n<strong>Salvatore Mainardi<\/strong>\u00a0Corrispondente estero per <strong>BIANCOSCURO<\/strong>\u00a0in Svizzera e Gallerista presso\u00a0<strong>MainArt \u2013 Zurich<\/strong>;<br \/>\n<strong>Mariarosaria Belgiovine<\/strong>\u00a0gallerista e\u00a0<strong>curatrice dieventi<\/strong>\u00a0artistici;<br \/>\n<strong>Mario Gambatesa\u00a0<\/strong>Critico d\u2019Arte, redazione <strong>BIANCOSCURO<\/strong>\u00a0Rivista d\u2019Arte;<br \/>\n<strong>Lucia\u00a0<\/strong><strong>Garnero<\/strong>\u00a0Architetto,\u00a0reda<wbr><\/wbr>zione\u00a0<strong>BIANCOSCURO<\/strong>\u00a0Rivistad\u2019<wbr><\/wbr>Arte;<br \/>\n<strong>Gian PaoloCurti<\/strong>\u00a0Appassionato d\u2019arte e collezionista;<br \/>\n<strong>Ernesto Galizia<\/strong>\u00a0Direttore Artistico dell\u2019<strong>Accademia Belli diRoma<\/strong>;<br \/>\n<strong>Giuseppe Carnevale<\/strong>\u00a0<wbr><\/wbr>Corrispondente estero per <strong>BIANCOSCURO<\/strong>\u00a0in Spagna e Gallerista presso\u00a0<strong>ExcellenceGallery &#8211; Marbela<\/strong>;<br \/>\n<strong>Massimo Basile<\/strong>\u00a0Art Director presso\u00a0<strong>Excellence Luxury Magazine\u00a0\u2013 Lugano.<\/strong><\/p>\n<p dir=\"ltr\"><a href=\"http:\/\/artcontest.biancoscuro.it\/site\/iscrizione-online-registration\/\"><img loading=\"lazy\" decoding=\"async\" class=\"alignnone wp-image-3743 size-full\" src=\"http:\/\/www.biancoscuro.it\/site\/wp-content\/uploads\/2014\/02\/mc.jpg\" alt=\"mc\" width=\"600\" height=\"419\" srcset=\"https:\/\/www.biancoscuro.it\/site\/wp-content\/uploads\/2014\/02\/mc.jpg 600w, https:\/\/www.biancoscuro.it\/site\/wp-content\/uploads\/2014\/02\/mc-300x210.jpg 300w\" sizes=\"auto, (max-width: 600px) 100vw, 600px\" \/><\/a><\/p>\n<p>\u00c8 previsto in aggiunta anche un\u00a0<strong>premio giuria popolare<\/strong>, i 4 artisti che per ogni categoria riceveranno il maggior numero di\u00a0<strong>LIKE<\/strong>,\u00a0<strong>TWEET<\/strong>\u00a0e\u00a0<strong>PLUS,<\/strong>\u00a0avranno la\u00a0<strong>realizzazione creativa di un eBook digitale<\/strong>\u00a0composto da 32 pagine, pubblicato sul nostro network\u00a0dove contiamo fino a 25.000 contatti e visualizzazioni alla settimana.<\/p>\n<p><span style=\"color: #000000;\"><span style=\"line-height: 1.5;\">Partecipare \u00e8 semplice, leggi il regolamento completo\u00a0<\/span><a style=\"line-height: 1.5; color: #000000;\" title=\"BIANCOSCURO ART CONTEST\" href=\"http:\/\/artcontest.biancoscuro.it\/site\/regolamento\/\">cliccando qui<\/a><span style=\"line-height: 1.5;\">\u00a0poi\u00a0<\/span><a style=\"line-height: 1.5; color: #000000;\" title=\"BIANCOSCURO ART CONTEST - iscriviti online\" href=\"http:\/\/artcontest.biancoscuro.it\/site\/iscrizione-online-registration\/\">iscriviti on-line cliccando qui<\/a>.\u00a0<strong>Attenzione, hai tempo <span style=\"text-decoration: underline;\">SOLO<\/span>\u00a0fino al<\/strong><span style=\"text-decoration: underline;\"><strong>\u00a012\u00a0giugno 2016!<\/strong><\/span><\/span><br \/>\n<strong>Cosa aspetti?\u00a0<\/strong>il prossimo artista sulla copertina di BIANCOSCURO Rivista d&#8217;Arte<strong><span style=\"text-decoration: underline;\">\u00a0potresti essere proprio tu<\/span>!<\/strong><\/p>\n<h3>Non perdere l&#8217;occasione, <span style=\"text-decoration: underline;\">ISCRIVITI SUBITO<\/span>, quest&#8217;anno potresti essere tu il nuovo vincitore del BIANCOSCURO ART CONTEST 2016.<\/h3>\n<h3 style=\"font-weight: 500;\"><strong>Del BIANCOSCURO Art Contest<\/strong>, di tutti i suoi partecipanti e dei suoi vincitori verr\u00e0 dato ampio risalto\u00a0<strong>sulla Rivista d\u2019Arte BIANCOSCURO<\/strong>, sul sito internet dedicato\u00a0<a style=\"color: #428bca;\" href=\"http:\/\/artcontest.biancoscuro.it\/\" target=\"_blank\">artcontest.biancoscuro.it<\/a>\u00a0sul sito ufficiale\u00a0<a style=\"color: #428bca;\" href=\"http:\/\/www.biancoscuro.it\/\" target=\"_blank\">www.biancoscuro.it<\/a>, sulla nostra fan page facebook\u00a0<a style=\"color: #428bca;\" href=\"http:\/\/www.facebook.com\/biancoscuroArtMagazine\" target=\"_blank\">www.facebook.com\/biancoscuroArtMagazine<\/a>\u00a0e sul nostro gruppo\u00a0<a style=\"color: #428bca;\" href=\"http:\/\/www.facebook.com\/groups\/biancoscuro\" target=\"_blank\">www.facebook.com\/groups\/biancoscuro<\/a><\/h3>\n<p><a href=\"http:\/\/artcontest.biancoscuro.it\/site\/iscrizione-online-registration\/\"><img loading=\"lazy\" decoding=\"async\" class=\"alignnone wp-image-3744 size-full\" src=\"http:\/\/www.biancoscuro.it\/site\/wp-content\/uploads\/2014\/02\/gd.jpg\" alt=\"gd\" width=\"600\" height=\"466\" srcset=\"https:\/\/www.biancoscuro.it\/site\/wp-content\/uploads\/2014\/02\/gd.jpg 600w, https:\/\/www.biancoscuro.it\/site\/wp-content\/uploads\/2014\/02\/gd-300x233.jpg 300w\" sizes=\"auto, (max-width: 600px) 100vw, 600px\" \/><\/a><\/p>\n","protected":false},"excerpt":{"rendered":"<p><span class=\"span-reading-time rt-reading-time\" style=\"display: block;\"><span class=\"rt-label rt-prefix\">\u23f0 lettura <\/span> <span class=\"rt-time\"> 2<\/span> <span class=\"rt-label rt-postfix\">min. <\/p>\n<p><\/span><\/span>Ultimi giorni per vincere la COPERTINA, la mostra personale a Montreux o\u00a0la mostra personale a Marbella! BIANCOSCURO Art Contest 2016. La terza edizione con importanti premi BIANCOSCURO Art Contest, il\u00a0contest ideato da BIANCOSCURO\u00a0per pittori, scultori, fotografi e grafici, \u00e8\u00a0giunto alla terza edizione. Il concorso d\u00e0\u00a0la\u00a0possibilit\u00e0 di essere &#8220;in prima pagina&#8221; o mettere in mostra le&hellip;&nbsp;<a href=\"https:\/\/www.biancoscuro.it\/site\/biancoscuro-art-contest-2016-la-terza-edizione-importanti-premi\/\" rel=\"bookmark\">Leggi tutto &raquo;<span class=\"screen-reader-text\">BIANCOSCURO Art Contest 2016. La terza edizione<\/span><\/a><\/p>\n","protected":false},"author":1,"featured_media":1398,"comment_status":"closed","ping_status":"closed","sticky":false,"template":"","format":"standard","meta":{"neve_meta_sidebar":"","neve_meta_container":"","neve_meta_enable_content_width":"","neve_meta_content_width":0,"neve_meta_title_alignment":"","neve_meta_author_avatar":"","neve_post_elements_order":"","neve_meta_disable_header":"","neve_meta_disable_footer":"","neve_meta_disable_title":"","advanced_seo_description":"","jetpack_seo_html_title":"","jetpack_seo_noindex":false,"footnotes":""},"categories":[470,5,21,28,29,32,26,25,8,27,24,6,23,7],"tags":[514,40,449,644,641,187,185,645,455,457,458,636,643,75,646,640,43,639,638,637,148,642,405],"class_list":["post-3890","post","type-post","status-publish","format-standard","has-post-thumbnail","hentry","category-art-magazine","category-arte","category-catalogo-darte","category-concorso","category-contest","category-editoria","category-eventi","category-fiere","category-fotografia","category-manifestazione","category-mostre","category-pittura","category-pubblicazione-2","category-scultura","tag-art-contest","tag-art-magazine","tag-arte","tag-bac","tag-barcellona","tag-biancoscuro-art-contest","tag-biancoscuro-art-magazine","tag-bra","tag-catalogo-darte","tag-concorso","tag-contest","tag-copertina","tag-francia","tag-lugano","tag-magazine","tag-marbella","tag-monte-carlo","tag-montreux","tag-mostra-collettiva","tag-mostra-personale","tag-pavia","tag-spagna","tag-zurigo"],"jetpack_featured_media_url":"https:\/\/www.biancoscuro.it\/site\/wp-content\/uploads\/2014\/02\/BIANCOSCURO_ART_CONTEST-L.jpg","jetpack_sharing_enabled":true,"jetpack-related-posts":[{"id":3069,"url":"https:\/\/www.biancoscuro.it\/site\/biancoscuro-art-contest-2a-edizione-i-vincitori-delledizione-2015\/","url_meta":{"origin":3890,"position":0},"title":"Biancoscuro Art Contest 2\u00aa edizione: i vincitori dell&#8217;edizione 2015!","author":"Redazione BIANCOSCURO","date":"4 Settembre 2015","format":false,"excerpt":"Biancoscuro ha espresso il suo\u00a0verdetto. La giuria\u00a0BIANCOSCURO,\u00a0composta da:\u00a0Vincenzo Chetta,\u00a0Mariarosaria\u00a0Belgiovine, Danilo Giusino, Francesco Chetta, Elena Cicchetti, Ernesto Galizia, Gian Paolo Curti, Daniela Malabaila, Massimo Basile, Luca Caricato, Claudio Raccagni, Oxana Albot, ha decretato i vincitori! Ogni artista vincitore\u00a0ricever\u00e0 lettera del Presidente con comunicazione ufficiale di premio e relative indicazioni su come\u2026","rel":"","context":"In &quot;arte&quot;","block_context":{"text":"arte","link":"https:\/\/www.biancoscuro.it\/site\/category\/arte\/"},"img":{"alt_text":"","src":"https:\/\/i0.wp.com\/www.biancoscuro.it\/site\/wp-content\/uploads\/2015\/09\/DSC_9291-1000x662.jpg?resize=350%2C200&ssl=1","width":350,"height":200,"srcset":"https:\/\/i0.wp.com\/www.biancoscuro.it\/site\/wp-content\/uploads\/2015\/09\/DSC_9291-1000x662.jpg?resize=350%2C200&ssl=1 1x, https:\/\/i0.wp.com\/www.biancoscuro.it\/site\/wp-content\/uploads\/2015\/09\/DSC_9291-1000x662.jpg?resize=525%2C300&ssl=1 1.5x, https:\/\/i0.wp.com\/www.biancoscuro.it\/site\/wp-content\/uploads\/2015\/09\/DSC_9291-1000x662.jpg?resize=700%2C400&ssl=1 2x"},"classes":[]},{"id":9305,"url":"https:\/\/www.biancoscuro.it\/site\/biancoscuro-art-contest-6a-edizione\/","url_meta":{"origin":3890,"position":1},"title":"BIANCOSCURO Art Contest 6\u00aa edizione","author":"Redazione BIANCOSCURO","date":"25 Giugno 2019","format":false,"excerpt":"Ultimi giorni per vincere la COPERTINA o la mostra personale in Svizzera! In palio\u00a0la COPERTINA sul bimestrale, mostre\u00a0a Montreux (Svizzera),\u00a0Marbella (Spagna),\u00a0Varese\u00a0e Parma(Italia), premiazione\u00a0a Monte-Carlo\u00a0nel Principato di Monaco! - BIANCOSCURO Art Contest, il\u00a0contest ideato da BIANCOSCURO\u00a0per\u00a0pittori, scultori, fotografi e grafici, \u00e8\u00a0giunto con successo alla sesta edizione. Il concorso d\u00e0\u00a0la\u00a0possibilit\u00e0 di essere\u2026","rel":"","context":"In &quot;arte&quot;","block_context":{"text":"arte","link":"https:\/\/www.biancoscuro.it\/site\/category\/arte\/"},"img":{"alt_text":"","src":"https:\/\/i0.wp.com\/www.biancoscuro.it\/site\/wp-content\/uploads\/2019\/06\/Monte-CarloBAY-BACpromo2019-1000.jpg?resize=350%2C200&ssl=1","width":350,"height":200,"srcset":"https:\/\/i0.wp.com\/www.biancoscuro.it\/site\/wp-content\/uploads\/2019\/06\/Monte-CarloBAY-BACpromo2019-1000.jpg?resize=350%2C200&ssl=1 1x, https:\/\/i0.wp.com\/www.biancoscuro.it\/site\/wp-content\/uploads\/2019\/06\/Monte-CarloBAY-BACpromo2019-1000.jpg?resize=525%2C300&ssl=1 1.5x, https:\/\/i0.wp.com\/www.biancoscuro.it\/site\/wp-content\/uploads\/2019\/06\/Monte-CarloBAY-BACpromo2019-1000.jpg?resize=700%2C400&ssl=1 2x"},"classes":[]},{"id":7410,"url":"https:\/\/www.biancoscuro.it\/site\/biancoscuro-art-contest-2018-5edizione\/","url_meta":{"origin":3890,"position":2},"title":"BIANCOSCURO Art Contest 5\u00aa edizione","author":"Redazione BIANCOSCURO","date":"12 Giugno 2018","format":false,"excerpt":"Ultimi giorni per vincere la COPERTINA o la mostra personale in Svizzera! In palio\u00a0la COPERTINA sul bimestrale, mostre\u00a0a Montreux (Svizzera),\u00a0Marbella (Spagna),\u00a0Varese\u00a0e Brescia (Italia), premiazione\u00a0a Monte-Carlo\u00a0nel Principato di Monaco! BIANCOSCURO Art Contest, il\u00a0contest ideato da BIANCOSCURO\u00a0per\u00a0pittori, scultori, fotografi e grafici, \u00e8\u00a0giunto con successo alla quinta edizione. Il concorso d\u00e0\u00a0la\u00a0possibilit\u00e0 di essere\u2026","rel":"","context":"In &quot;arte&quot;","block_context":{"text":"arte","link":"https:\/\/www.biancoscuro.it\/site\/category\/arte\/"},"img":{"alt_text":"Biancoscuro art contest","src":"https:\/\/i0.wp.com\/www.biancoscuro.it\/site\/wp-content\/uploads\/2018\/06\/01_promoBAC-OK-quad2017.jpg?resize=350%2C200&ssl=1","width":350,"height":200,"srcset":"https:\/\/i0.wp.com\/www.biancoscuro.it\/site\/wp-content\/uploads\/2018\/06\/01_promoBAC-OK-quad2017.jpg?resize=350%2C200&ssl=1 1x, https:\/\/i0.wp.com\/www.biancoscuro.it\/site\/wp-content\/uploads\/2018\/06\/01_promoBAC-OK-quad2017.jpg?resize=525%2C300&ssl=1 1.5x, https:\/\/i0.wp.com\/www.biancoscuro.it\/site\/wp-content\/uploads\/2018\/06\/01_promoBAC-OK-quad2017.jpg?resize=700%2C400&ssl=1 2x"},"classes":[]},{"id":3275,"url":"https:\/\/www.biancoscuro.it\/site\/premio-biennale-oscar-per-le-arti-visive-e-premiazione-biancoscuro-art-contest\/","url_meta":{"origin":3890,"position":3},"title":"Premio Biennale Oscar per le Arti Visive e premiazione BIANCOSCURO Art Contest","author":"Redazione BIANCOSCURO","date":"19 Ottobre 2015","format":false,"excerpt":"L'appuntamento Biennale dell\u2019Arte, giunto ormai alla ottava edizione, Oscar per le Arti Visive\u00a0si svolger\u00e0 \u00a0Sabato 24 Ottobre 2015 Monte-Carlo Bay, Principato di Monaco. Il Premio conferito da ArtExp\u00f2 Gallery, \u00e8 il giusto riconoscimento per la professionalit\u00e0, ricerca e creativit\u00e0. La prima edizione della cerimonia risale al febbraio 2001 ed al\u2026","rel":"","context":"In &quot;arte&quot;","block_context":{"text":"arte","link":"https:\/\/www.biancoscuro.it\/site\/category\/arte\/"},"img":{"alt_text":"","src":"https:\/\/i0.wp.com\/www.biancoscuro.it\/site\/wp-content\/uploads\/2015\/09\/Monte-Carlo2.jpg?resize=350%2C200&ssl=1","width":350,"height":200,"srcset":"https:\/\/i0.wp.com\/www.biancoscuro.it\/site\/wp-content\/uploads\/2015\/09\/Monte-Carlo2.jpg?resize=350%2C200&ssl=1 1x, https:\/\/i0.wp.com\/www.biancoscuro.it\/site\/wp-content\/uploads\/2015\/09\/Monte-Carlo2.jpg?resize=525%2C300&ssl=1 1.5x, https:\/\/i0.wp.com\/www.biancoscuro.it\/site\/wp-content\/uploads\/2015\/09\/Monte-Carlo2.jpg?resize=700%2C400&ssl=1 2x"},"classes":[]},{"id":5412,"url":"https:\/\/www.biancoscuro.it\/site\/biancoscuro-art-contest-4a-edizione\/","url_meta":{"origin":3890,"position":4},"title":"BIANCOSCURO Art Contest 4\u00aa edizione","author":"Redazione BIANCOSCURO","date":"2 Maggio 2017","format":false,"excerpt":"Aperte le iscrizioni al BIANCOSCURO Art Contest 4\u00aa edizione.\u00a0In palio\u00a0la COPERTINA sul bimestrale, mostre personali e collettive\u00a0a Monte-Carlo (Principato di Monaco), a Montreux (Svizzera), a Marbella (Spagna), a\u00a0Varese\u00a0e Parma (Italia)! On-line il regolamento\u00a0del\u00a0BIANCOSCURO Art Contest 4\u00aa edizione BIANCOSCURO Art Contest, il\u00a0contest ideato da BIANCOSCURO\u00a0pittori, scultori, fotografi e grafici, \u00e8\u00a0giunto alla\u2026","rel":"","context":"In &quot;arte&quot;","block_context":{"text":"arte","link":"https:\/\/www.biancoscuro.it\/site\/category\/arte\/"},"img":{"alt_text":"","src":"https:\/\/i0.wp.com\/www.biancoscuro.it\/site\/wp-content\/uploads\/2014\/02\/BIANCOSCURO_ART_CONTEST-L1.jpg?resize=350%2C200&ssl=1","width":350,"height":200,"srcset":"https:\/\/i0.wp.com\/www.biancoscuro.it\/site\/wp-content\/uploads\/2014\/02\/BIANCOSCURO_ART_CONTEST-L1.jpg?resize=350%2C200&ssl=1 1x, https:\/\/i0.wp.com\/www.biancoscuro.it\/site\/wp-content\/uploads\/2014\/02\/BIANCOSCURO_ART_CONTEST-L1.jpg?resize=525%2C300&ssl=1 1.5x"},"classes":[]},{"id":10613,"url":"https:\/\/www.biancoscuro.it\/site\/biancoscuro-art-contest-7a-edizione\/","url_meta":{"origin":3890,"position":5},"title":"BIANCOSCURO Art Contest 7\u00aa edizione","author":"Redazione BIANCOSCURO","date":"20 Maggio 2020","format":false,"excerpt":"In palio\u00a0la COPERTINA sul bimestrale, mostre\u00a0a Montreux (Svizzera),\u00a0Marbella (Spagna),\u00a0Varese\u00a0e Parma (Italia), premiazione\u00a0a Monte-Carlo\u00a0nel Principato di Monaco! Novit\u00e0 2020 - Premio Speciale BAC: 3.000,00 \u20ac BIANCOSCURO Art Contest, il\u00a0contest ideato da BIANCOSCURO\u00a0per\u00a0pittori, scultori, fotografi e grafici, \u00e8\u00a0giunto con successo alla settima edizione. Il concorso d\u00e0\u00a0la\u00a0possibilit\u00e0 di essere \u201cin prima pagina\u201d o\u2026","rel":"","context":"In &quot;arte&quot;","block_context":{"text":"arte","link":"https:\/\/www.biancoscuro.it\/site\/category\/arte\/"},"img":{"alt_text":"BIANCOSCURO Art Contest 21 settembre 2019 Cerimonia di premiazione a Monte-Carlo (Monaco) Ph. Enrico Mangano","src":"https:\/\/i0.wp.com\/www.biancoscuro.it\/site\/wp-content\/uploads\/2019\/09\/Vincenzo-Chetta-Monte-Carlo2.jpg?resize=350%2C200&ssl=1","width":350,"height":200,"srcset":"https:\/\/i0.wp.com\/www.biancoscuro.it\/site\/wp-content\/uploads\/2019\/09\/Vincenzo-Chetta-Monte-Carlo2.jpg?resize=350%2C200&ssl=1 1x, https:\/\/i0.wp.com\/www.biancoscuro.it\/site\/wp-content\/uploads\/2019\/09\/Vincenzo-Chetta-Monte-Carlo2.jpg?resize=525%2C300&ssl=1 1.5x, https:\/\/i0.wp.com\/www.biancoscuro.it\/site\/wp-content\/uploads\/2019\/09\/Vincenzo-Chetta-Monte-Carlo2.jpg?resize=700%2C400&ssl=1 2x"},"classes":[]}],"_links":{"self":[{"href":"https:\/\/www.biancoscuro.it\/site\/wp-json\/wp\/v2\/posts\/3890","targetHints":{"allow":["GET"]}}],"collection":[{"href":"https:\/\/www.biancoscuro.it\/site\/wp-json\/wp\/v2\/posts"}],"about":[{"href":"https:\/\/www.biancoscuro.it\/site\/wp-json\/wp\/v2\/types\/post"}],"author":[{"embeddable":true,"href":"https:\/\/www.biancoscuro.it\/site\/wp-json\/wp\/v2\/users\/1"}],"replies":[{"embeddable":true,"href":"https:\/\/www.biancoscuro.it\/site\/wp-json\/wp\/v2\/comments?post=3890"}],"version-history":[{"count":0,"href":"https:\/\/www.biancoscuro.it\/site\/wp-json\/wp\/v2\/posts\/3890\/revisions"}],"wp:featuredmedia":[{"embeddable":true,"href":"https:\/\/www.biancoscuro.it\/site\/wp-json\/wp\/v2\/media\/1398"}],"wp:attachment":[{"href":"https:\/\/www.biancoscuro.it\/site\/wp-json\/wp\/v2\/media?parent=3890"}],"wp:term":[{"taxonomy":"category","embeddable":true,"href":"https:\/\/www.biancoscuro.it\/site\/wp-json\/wp\/v2\/categories?post=3890"},{"taxonomy":"post_tag","embeddable":true,"href":"https:\/\/www.biancoscuro.it\/site\/wp-json\/wp\/v2\/tags?post=3890"}],"curies":[{"name":"wp","href":"https:\/\/api.w.org\/{rel}","templated":true}]}}