{"id":3922,"date":"2016-05-18T13:16:50","date_gmt":"2016-05-18T13:16:50","guid":{"rendered":"http:\/\/www.biancoscuro.it\/site\/?p=3922"},"modified":"2016-05-18T18:22:06","modified_gmt":"2016-05-18T18:22:06","slug":"antonella-nardi-giuliana-silvestrini-vincitori-oltre-libri-larte-del-presente-incontra-libri-del-passato-biblioteca-angelica-roma","status":"publish","type":"post","link":"https:\/\/www.biancoscuro.it\/site\/antonella-nardi-giuliana-silvestrini-vincitori-oltre-libri-larte-del-presente-incontra-libri-del-passato-biblioteca-angelica-roma\/","title":{"rendered":"Antonella Nardi e Giuliana Silvestrini tra i vincitori di \u201cOltre i libri \u2013 l\u2019arte del presente incontra i libri del passato\u201d \u2013 Biblioteca Angelica Roma"},"content":{"rendered":"<span class=\"span-reading-time rt-reading-time\" style=\"display: block;\"><span class=\"rt-label rt-prefix\">\u23f0 lettura <\/span> <span class=\"rt-time\"> 3<\/span> <span class=\"rt-label rt-postfix\">min. <br><br><\/span><\/span><p style=\"text-align: center;\"><img loading=\"lazy\" decoding=\"async\" class=\"aligncenter size-full wp-image-3927\" src=\"http:\/\/www.biancoscuro.it\/site\/wp-content\/uploads\/2016\/05\/scritture-infinite-e-mappature-nascoste-particolare-web.jpg\" alt=\"scritture infinite e mappature nascoste particolare - web\" width=\"620\" height=\"404\" srcset=\"https:\/\/www.biancoscuro.it\/site\/wp-content\/uploads\/2016\/05\/scritture-infinite-e-mappature-nascoste-particolare-web.jpg 620w, https:\/\/www.biancoscuro.it\/site\/wp-content\/uploads\/2016\/05\/scritture-infinite-e-mappature-nascoste-particolare-web-300x195.jpg 300w, https:\/\/www.biancoscuro.it\/site\/wp-content\/uploads\/2016\/05\/scritture-infinite-e-mappature-nascoste-particolare-web-600x391.jpg 600w\" sizes=\"auto, (max-width: 620px) 100vw, 620px\" \/><\/p>\n<p style=\"text-align: center;\"><em>Antonella Nardi, Scritture infinite e mappature nascoste, particolare<\/em><\/p>\n<p>&nbsp;<\/p>\n<p><strong>Antonella Nardi e Giuliana Silvestrini tra i vincitori di \u201cOltre i libri \u2013 l\u2019arte del presente incontra i libri del passato\u201d \u2013 Biblioteca Angelica Roma<\/strong><\/p>\n<p><strong>Inaugurazione mostra: 26 maggio 2016 ore 18.30 | Biblioteca Angelica | Roma<\/strong><\/p>\n<p><strong>\u00a0<\/strong><\/p>\n<p><strong>Antonella Nardi<\/strong> e <strong>Giuliana Silvestrini<\/strong> sono tra i vincitori, rispettivamente per la <em>sezione pittura <\/em>con<em> <strong>Scritture infinite e mappature nascoste <\/strong><\/em>e per la <em>sezione video<\/em> con <strong><em>Amare dolcezze<\/em><\/strong>, della <strong>seconda edizione di \u201cOltre i libri \u2013 l\u2019arte del presente incontra i libri del passato\u201d<\/strong>, rassegna culturale promossa dalla <em>Biblioteca Angelica di Roma<\/em>.<\/p>\n<p>La giuria, composta da <em>Gianni Dess\u00ec<\/em> artista, <em>Isabella de Stefano<\/em> curatrice e ideatrice \u201cOltre i libri\u201d, <em>Jas Gawronski<\/em> giornalista, <em>Francesca Barbi Marinetti<\/em> direttrice e fondatrice D.d&#8217;Arte, <em>Federico Mollicone<\/em> coordinatore Comitato Carnevale Romano e Girandola di Castel Sant&#8217;Angelo, <em>Fiammetta Terlizzi<\/em> direttrice Biblioteca Angelica e <em>Shara Wasserman<\/em> direttrice Gallery of Temple University Rome, ha selezionato e reso noti i nomi dei ventotto artisti che il <strong>26 maggio 2016<\/strong> <strong>alle ore 18.30<\/strong> esporranno le loro opere all\u2019interno della <em>Galleria della Biblioteca Angelica<\/em> in una mostra personale. Seguir\u00e0 la cerimonia di premiazione alla presenza degli artisti e dei componenti della giuria.<\/p>\n<p>Il concorso \u201c<em>Oltre i libri<\/em>\u201d \u00e8 nato con \u201cla finalit\u00e0 di mettere in correlazione fra loro il medium libro con gli altri medium contemporanei, offrendo agli artisti la libert\u00e0 di esprimere, attraverso le loro opere, la continuit\u00e0 nel tempo fra i diversi elementi culturali. La volont\u00e0 della rassegna \u00e8 quella di fissare in uno scatto, in un dipinto o in video il legame indissolubile fra il concetto di libro e le sue derivazione artistiche in un unicum espressivo.\u201d (<em>Isabella di Stefano<\/em>)<\/p>\n<p>\u201c<strong><em>Scritture infinite e mappature nascoste<\/em>\u201d (tecnica mista su carta intelata &#8211; 180 x 90 cm) di Antonella Nardi<\/strong>: l&#8217;intento \u00e8 indagare le memorie naturali attraverso la materia e le sue metamorfosi e scorgere frammenti di comprensione dell&#8217;essere. Le carte, il carbone, gli inchiostri, i pigmenti, lo studio dei processi, la piegatura delle carte, i trattamenti chiaroscurali, le pigmentazioni fluide e poi il gesto. Un lavoro su carta rifoderato su tela, che, ripiegata, forma un semplificato schema reticolare nel quale si registrano quelle che potremmo definire \u201c<em>topografie interiori<\/em>\u201d. La mano si adopera a tracciare e a colmare di scritture infinite le mappature possibili di articolati percorsi.<\/p>\n<p style=\"text-align: center;\"><img loading=\"lazy\" decoding=\"async\" class=\"aligncenter size-full wp-image-3930\" src=\"http:\/\/www.biancoscuro.it\/site\/wp-content\/uploads\/2016\/05\/DivXSnap-sito.jpeg\" alt=\"DivXSnap sito\" width=\"620\" height=\"349\" srcset=\"https:\/\/www.biancoscuro.it\/site\/wp-content\/uploads\/2016\/05\/DivXSnap-sito.jpeg 620w, https:\/\/www.biancoscuro.it\/site\/wp-content\/uploads\/2016\/05\/DivXSnap-sito-300x169.jpeg 300w, https:\/\/www.biancoscuro.it\/site\/wp-content\/uploads\/2016\/05\/DivXSnap-sito-600x338.jpeg 600w\" sizes=\"auto, (max-width: 620px) 100vw, 620px\" \/><\/p>\n<p style=\"text-align: center;\"><em>Giuliana Silvestrini, frame da Amare dolcezze<\/em><\/p>\n<p>&nbsp;<\/p>\n<p><strong>\u201c<em>Amare dolcezze<\/em>\u201d (2014) di Giuliana Silvestrini<\/strong>: il tema \u00e8 lo sguardo attento a quei gesti consapevoli\/inconsapevoli che facciamo quando siamo in un contesto di tensione e\/o difficolt\u00e0 o comunque nell\u2019interazione con gli altri esseri umani. La stessa difficolt\u00e0 del bambino che sta imparando a leggere, che evoca in noi momenti di piacere e di dolore nel vedere affrontare i primi passi verso la conoscenza. L\u2019intensit\u00e0 dei gesti e dei movimenti \u00e8 accentuata da una visione ravvicinata della telecamera sui particolari del corpo, che focalizza l\u2019intenzione introspettiva dell\u2019artista e la sua ricerca sui temi dell\u2019identit\u00e0 e relazione con l\u2019altro.<\/p>\n<p><strong>Antonella Nardi <\/strong>\u00e8 nata nel 1973 a Roma. Ha studiato arti grafiche presso l\u2019IPSIA Castaldi e tecniche pittoriche presso la \u201cScuola di Arti Ornamentali\u201d di Roma. Specializzata in Pittura presso l&#8217;Accademia di Belle Arti di Roma, ha frequentato la Scuola di Gianfranco Notargiacomo. Ha partecipato a numerose mostre collettive e residenze d\u2019arte tra le quali: <em>Romance 2<\/em> Gallery of art Temple University Roma, collettiva a cura di Tiziana Musi; \u201c<em>Art for WWF\u201d, <\/em>Museo Fondazione Luciana Matalon Milano, asta a cura di Alessandro Paolo Mantovani; <em>Affordable Art Fair Roma, <\/em>Progetto AOP, MACRO \u201cLa Pelanda\u201d a cura di Guido D\u2019Angelo; \u201c<em>Artisti Emergenti per l\u2019ambiente<\/em>\u201d, Auditorium Parco della Musica Roma, collettiva a cura di IERAN.<\/p>\n<p><strong>Giuliana Silvestrini<\/strong>, laureata in Pittura presso l\u2019Accademia delle Belle Arti di Roma, si esprime in pittura in modo \u201cinformale\u201d; nelle sculture\/installazioni, in dialogo con la pittura, si ritrovano tracce del tempo, storie minime, memorie, identit\u00e0. Attenta al &#8220;recupero&#8221;, utilizza abiti usati, reti da pesca in disuso, pentole vecchie e frantumi di pane secco. Attualmente utilizza differenti media, dai video alle elaborazioni sonore, in un&#8217;arte neo-concettuale, che in una dimensione spazio\/temporale tende al principio fondante di &#8220;opera aperta&#8221;. Ha partecipato a mostre nazionali ed internazionali.<\/p>\n<pre><strong>Per visionare tutte le opere vincitrici: www.concorsoangelica.it <\/strong>\r\n<strong>INFO\r\n \u201cOltre i libri \u2013 l\u2019arte del presente incontra i libri del passato\u201d\r\n Vernissage: 26 maggio 2016 ore 18.30<\/strong>\r\n<strong>Biblioteca Angelica - Piazza S. Agostino 8 \u2013 Roma\r\n Dal 27 maggio al 17 giugno 2016\r\n Orari: luned\u00ec - sabato 10.00-13.00; marted\u00ec, mercoled\u00ec e gioved\u00ec 10.00-18.30. Chiuso domenica e festivi.<\/strong>\r\n\r\n<strong>Informazioni e contatti:\r\n Isabella de Stefano\r\n <\/strong><strong>isabella.destefano@beniculturali.it<\/strong>\r\n\r\n<strong>PRESS OFFICE\r\n <\/strong><strong>ComunicaDesidera<\/strong><strong>\r\n Roberta Melasecca\r\n <\/strong><strong>www.comunicadesidera.com<\/strong><strong>\r\n\r\n<\/strong><\/pre>\n","protected":false},"excerpt":{"rendered":"<p><span class=\"span-reading-time rt-reading-time\" style=\"display: block;\"><span class=\"rt-label rt-prefix\">\u23f0 lettura <\/span> <span class=\"rt-time\"> 3<\/span> <span class=\"rt-label rt-postfix\">min. <\/p>\n<p><\/span><\/span>Antonella Nardi, Scritture infinite e mappature nascoste, particolare &nbsp; Antonella Nardi e Giuliana Silvestrini tra i vincitori di \u201cOltre i libri \u2013 l\u2019arte del presente incontra i libri del passato\u201d \u2013 Biblioteca Angelica Roma Inaugurazione mostra: 26 maggio 2016 ore 18.30 | Biblioteca Angelica | Roma \u00a0 Antonella Nardi e Giuliana Silvestrini sono tra i&hellip;&nbsp;<a href=\"https:\/\/www.biancoscuro.it\/site\/antonella-nardi-giuliana-silvestrini-vincitori-oltre-libri-larte-del-presente-incontra-libri-del-passato-biblioteca-angelica-roma\/\" rel=\"bookmark\">Leggi tutto &raquo;<span class=\"screen-reader-text\">Antonella Nardi e Giuliana Silvestrini tra i vincitori di \u201cOltre i libri \u2013 l\u2019arte del presente incontra i libri del passato\u201d \u2013 Biblioteca Angelica Roma<\/span><\/a><\/p>\n","protected":false},"author":980,"featured_media":3927,"comment_status":"closed","ping_status":"closed","sticky":false,"template":"","format":"standard","meta":{"neve_meta_sidebar":"","neve_meta_container":"","neve_meta_enable_content_width":"","neve_meta_content_width":0,"neve_meta_title_alignment":"","neve_meta_author_avatar":"","neve_post_elements_order":"","neve_meta_disable_header":"","neve_meta_disable_footer":"","neve_meta_disable_title":"","advanced_seo_description":"","jetpack_seo_html_title":"","jetpack_seo_noindex":false,"footnotes":""},"categories":[5,24,6,9],"tags":[660,635],"class_list":["post-3922","post","type-post","status-publish","format-standard","has-post-thumbnail","hentry","category-arte","category-mostre","category-pittura","category-video","tag-biblioteca-angelica","tag-roma"],"jetpack_featured_media_url":"https:\/\/www.biancoscuro.it\/site\/wp-content\/uploads\/2016\/05\/scritture-infinite-e-mappature-nascoste-particolare-web.jpg","jetpack_sharing_enabled":true,"jetpack-related-posts":[{"id":8528,"url":"https:\/\/www.biancoscuro.it\/site\/latelier-di-giuliana-silvestrini\/","url_meta":{"origin":3922,"position":0},"title":"L\u2019Atelier di Giuliana Silvestrini","author":"Roberta Melasecca","date":"15 Gennaio 2019","format":false,"excerpt":"L\u2019Atelier di Giuliana Silvestrini Mostra personale Via Fabio Filzi 40 \u2013 presso La Piazza del Duomo Monterotondo (RM) Dal 19 al 20 gennaio 2019 Giuliana Silvestrini apre il suo Atelier nel centro storico di Monterotondo, in via Fabio Filzi 40, con una personale che rappresenta la sintesi del suo percorso\u2026","rel":"","context":"In &quot;arte&quot;","block_context":{"text":"arte","link":"https:\/\/www.biancoscuro.it\/site\/category\/arte\/"},"img":{"alt_text":"","src":"https:\/\/i0.wp.com\/www.biancoscuro.it\/site\/wp-content\/uploads\/2019\/01\/met-in-giallo-part.jpeg?resize=350%2C200&ssl=1","width":350,"height":200,"srcset":"https:\/\/i0.wp.com\/www.biancoscuro.it\/site\/wp-content\/uploads\/2019\/01\/met-in-giallo-part.jpeg?resize=350%2C200&ssl=1 1x, https:\/\/i0.wp.com\/www.biancoscuro.it\/site\/wp-content\/uploads\/2019\/01\/met-in-giallo-part.jpeg?resize=525%2C300&ssl=1 1.5x, https:\/\/i0.wp.com\/www.biancoscuro.it\/site\/wp-content\/uploads\/2019\/01\/met-in-giallo-part.jpeg?resize=700%2C400&ssl=1 2x, https:\/\/i0.wp.com\/www.biancoscuro.it\/site\/wp-content\/uploads\/2019\/01\/met-in-giallo-part.jpeg?resize=1050%2C600&ssl=1 3x"},"classes":[]},{"id":12077,"url":"https:\/\/www.biancoscuro.it\/site\/fluxus-giuliana-silvestrini-e-carlo-franchini\/","url_meta":{"origin":3922,"position":1},"title":"Fluxus &#8211; Giuliana Silvestrini e Carlo Franchini","author":"Roberta Melasecca","date":"6 Luglio 2021","format":false,"excerpt":"FluxusGiuliana Silvestrini e Carlo FranchiniA cura di Gloria Zarletti Inaugurazione 15 luglio 2021 ore 18.00Grafica Campioli Galleria d\u2019arte & culturaVia Vincenzo Bellini 46 - Monterotondo (RM) Fino al25 luglio 2021 Il giorno 15 luglio 2021 alle ore 18.00, Grafica Campioli Galleria d\u2019arte & cultura presenta la mostra bipersonale Fluxus di\u2026","rel":"","context":"In &quot;arte&quot;","block_context":{"text":"arte","link":"https:\/\/www.biancoscuro.it\/site\/category\/arte\/"},"img":{"alt_text":"","src":"https:\/\/i0.wp.com\/www.biancoscuro.it\/site\/wp-content\/uploads\/2021\/07\/INVITO-FLUXUS-Silvestrini-Franchini-.jpg?resize=350%2C200&ssl=1","width":350,"height":200,"srcset":"https:\/\/i0.wp.com\/www.biancoscuro.it\/site\/wp-content\/uploads\/2021\/07\/INVITO-FLUXUS-Silvestrini-Franchini-.jpg?resize=350%2C200&ssl=1 1x, https:\/\/i0.wp.com\/www.biancoscuro.it\/site\/wp-content\/uploads\/2021\/07\/INVITO-FLUXUS-Silvestrini-Franchini-.jpg?resize=525%2C300&ssl=1 1.5x, https:\/\/i0.wp.com\/www.biancoscuro.it\/site\/wp-content\/uploads\/2021\/07\/INVITO-FLUXUS-Silvestrini-Franchini-.jpg?resize=700%2C400&ssl=1 2x"},"classes":[]},{"id":5526,"url":"https:\/\/www.biancoscuro.it\/site\/maria-pacheco-cibils-fuoco-della-rigenerazione\/","url_meta":{"origin":3922,"position":2},"title":"Maria Pacheco Cibils. \u201cFuoco o della Rigenerazione\u201d","author":"Roberta Melasecca","date":"21 Maggio 2017","format":false,"excerpt":"Maria Pacheco Cibils. \u201cFuoco o della Rigenerazione\u201d Testo critico in catalogo di Barbara Martusciello 24 maggio 2017 ore 18.00 | Biblioteca Angelica \u2013 Galleria | Roma Mercoled\u00ec 24 maggio 2017 alle ore 18.00 si inaugura a Roma la mostra di pittura \u201cFuoco o della Rigenerazione\u201d dell\u2019artista argentino-portoghese Maria Pacheco Cibils,\u2026","rel":"","context":"In &quot;arte&quot;","block_context":{"text":"arte","link":"https:\/\/www.biancoscuro.it\/site\/category\/arte\/"},"img":{"alt_text":"","src":"https:\/\/i0.wp.com\/www.biancoscuro.it\/site\/wp-content\/uploads\/2017\/05\/Maria-Pacheco-Cibils-Fuoco-web-1.jpg?resize=350%2C200&ssl=1","width":350,"height":200,"srcset":"https:\/\/i0.wp.com\/www.biancoscuro.it\/site\/wp-content\/uploads\/2017\/05\/Maria-Pacheco-Cibils-Fuoco-web-1.jpg?resize=350%2C200&ssl=1 1x, https:\/\/i0.wp.com\/www.biancoscuro.it\/site\/wp-content\/uploads\/2017\/05\/Maria-Pacheco-Cibils-Fuoco-web-1.jpg?resize=525%2C300&ssl=1 1.5x"},"classes":[]},{"id":17567,"url":"https:\/\/www.biancoscuro.it\/site\/maria-pacheco-cibils-in-mostra-a-look-at-art\/","url_meta":{"origin":3922,"position":3},"title":"Maria Pacheco Cibils in mostra a LOOK AT ART","author":"Roberta Melasecca","date":"3 Settembre 2024","format":false,"excerpt":"La designer e artista visiva argentino-portoghese Maria Pacheco Cibils sar\u00e0 uno dei protagonisti di LOOK AT ART - Contemporary Art Exhibition, progetto promosso da Jelmoni Studio Gallery, a cura di Elena Jelmoni, che inaugura il giorno 27 settembre 2024 alle ore 18.00 presso il Centro Culturale di Milano.\u00a0 L'arte si\u2026","rel":"","context":"In &quot;arte&quot;","block_context":{"text":"arte","link":"https:\/\/www.biancoscuro.it\/site\/category\/arte\/"},"img":{"alt_text":"","src":"https:\/\/i0.wp.com\/www.biancoscuro.it\/site\/wp-content\/uploads\/2024\/09\/LOOK-AT-ART-INVITO-DIGITALE-e1726133376464.jpg?resize=350%2C200&ssl=1","width":350,"height":200},"classes":[]},{"id":17095,"url":"https:\/\/www.biancoscuro.it\/site\/de-aqua-30-artisti-doggi-riflettono-sullacqua\/","url_meta":{"origin":3922,"position":4},"title":"DE AQUA &#8211; 30 artisti d\u2019oggi riflettono sull\u2019acqua","author":"Roberta Melasecca","date":"23 Marzo 2024","format":false,"excerpt":"Mercoled\u00ec 3 aprile 2024 alle ore 17.00, inaugura, presso le sale della Galleria della Biblioteca Angelica, prestigioso spazio espositivo adibito alle mostre di arte contemporanea, il progetto De Aqua - 30 artisti riflettono sull\u2019acqua, a cura di Stefania Severi, promosso e organizzato dalla FUIS - Federazione Unitaria Italiana Scrittori e\u2026","rel":"","context":"In &quot;eventi&quot;","block_context":{"text":"eventi","link":"https:\/\/www.biancoscuro.it\/site\/category\/eventi\/"},"img":{"alt_text":"","src":"https:\/\/i0.wp.com\/www.biancoscuro.it\/site\/wp-content\/uploads\/2024\/03\/Invito-de-aqua-2-corretto-cop.jpg?resize=350%2C200&ssl=1","width":350,"height":200},"classes":[]},{"id":13074,"url":"https:\/\/www.biancoscuro.it\/site\/il-ritorno-al-centro\/","url_meta":{"origin":3922,"position":5},"title":"Il Ritorno al centro","author":"Claudia Migliore","date":"27 Marzo 2022","format":false,"excerpt":"Mostra personale di pittura di Angelica De Rosa Il Ritorno al centro di Angelica De Rosa \u00e8 in mostra a Milano, in una location che si presta ad accogliere i sei dipinti di medie e grandi dimensioni. Il Ritorno al centro \u00e8 fondamentalmente un viaggio nella sua pittura, nel suo\u2026","rel":"","context":"In &quot;arte&quot;","block_context":{"text":"arte","link":"https:\/\/www.biancoscuro.it\/site\/category\/arte\/"},"img":{"alt_text":"","src":"https:\/\/i0.wp.com\/www.biancoscuro.it\/site\/wp-content\/uploads\/2022\/03\/C56F7C54-2909-4968-BC0B-C2D62E8D7C07.jpg?resize=350%2C200&ssl=1","width":350,"height":200,"srcset":"https:\/\/i0.wp.com\/www.biancoscuro.it\/site\/wp-content\/uploads\/2022\/03\/C56F7C54-2909-4968-BC0B-C2D62E8D7C07.jpg?resize=350%2C200&ssl=1 1x, https:\/\/i0.wp.com\/www.biancoscuro.it\/site\/wp-content\/uploads\/2022\/03\/C56F7C54-2909-4968-BC0B-C2D62E8D7C07.jpg?resize=525%2C300&ssl=1 1.5x, https:\/\/i0.wp.com\/www.biancoscuro.it\/site\/wp-content\/uploads\/2022\/03\/C56F7C54-2909-4968-BC0B-C2D62E8D7C07.jpg?resize=700%2C400&ssl=1 2x, https:\/\/i0.wp.com\/www.biancoscuro.it\/site\/wp-content\/uploads\/2022\/03\/C56F7C54-2909-4968-BC0B-C2D62E8D7C07.jpg?resize=1050%2C600&ssl=1 3x, https:\/\/i0.wp.com\/www.biancoscuro.it\/site\/wp-content\/uploads\/2022\/03\/C56F7C54-2909-4968-BC0B-C2D62E8D7C07.jpg?resize=1400%2C800&ssl=1 4x"},"classes":[]}],"_links":{"self":[{"href":"https:\/\/www.biancoscuro.it\/site\/wp-json\/wp\/v2\/posts\/3922","targetHints":{"allow":["GET"]}}],"collection":[{"href":"https:\/\/www.biancoscuro.it\/site\/wp-json\/wp\/v2\/posts"}],"about":[{"href":"https:\/\/www.biancoscuro.it\/site\/wp-json\/wp\/v2\/types\/post"}],"author":[{"embeddable":true,"href":"https:\/\/www.biancoscuro.it\/site\/wp-json\/wp\/v2\/users\/980"}],"replies":[{"embeddable":true,"href":"https:\/\/www.biancoscuro.it\/site\/wp-json\/wp\/v2\/comments?post=3922"}],"version-history":[{"count":0,"href":"https:\/\/www.biancoscuro.it\/site\/wp-json\/wp\/v2\/posts\/3922\/revisions"}],"wp:featuredmedia":[{"embeddable":true,"href":"https:\/\/www.biancoscuro.it\/site\/wp-json\/wp\/v2\/media\/3927"}],"wp:attachment":[{"href":"https:\/\/www.biancoscuro.it\/site\/wp-json\/wp\/v2\/media?parent=3922"}],"wp:term":[{"taxonomy":"category","embeddable":true,"href":"https:\/\/www.biancoscuro.it\/site\/wp-json\/wp\/v2\/categories?post=3922"},{"taxonomy":"post_tag","embeddable":true,"href":"https:\/\/www.biancoscuro.it\/site\/wp-json\/wp\/v2\/tags?post=3922"}],"curies":[{"name":"wp","href":"https:\/\/api.w.org\/{rel}","templated":true}]}}