{"id":3961,"date":"2016-05-18T22:54:46","date_gmt":"2016-05-18T22:54:46","guid":{"rendered":"http:\/\/www.biancoscuro.it\/site\/?p=3961"},"modified":"2016-05-18T22:55:24","modified_gmt":"2016-05-18T22:55:24","slug":"vittorio-valente-mostra-personale-presso-globart-gallery","status":"publish","type":"post","link":"https:\/\/www.biancoscuro.it\/site\/vittorio-valente-mostra-personale-presso-globart-gallery\/","title":{"rendered":"Vittorio Valente Mostra personale presso Globart Gallery"},"content":{"rendered":"<span class=\"span-reading-time rt-reading-time\" style=\"display: block;\"><span class=\"rt-label rt-prefix\">\u23f0 lettura <\/span> <span class=\"rt-time\"> 2<\/span> <span class=\"rt-label rt-postfix\">min. <br><br><\/span><\/span><p>Inaugura sabato 11 giugno 2016, presso <b>GlobArt Gallery<\/b> di Acqui Terme, la mostra dedicata al genovese <b>Vittorio Valente<\/b>, artista di origini astigiane che utilizza silicone (colorato), per realizzare le sue opere.<\/p>\n<p>L\u2019arte di Vittorio Valente si potrebbe infatti definire come \u201c<b>Arte del non visibile a occhio nudo<\/b>\u201d.<\/p>\n<p><img loading=\"lazy\" decoding=\"async\" class=\"alignnone size-full wp-image-3964\" src=\"http:\/\/www.biancoscuro.it\/site\/wp-content\/uploads\/2016\/05\/2-3.jpg\" alt=\"Vittorio Valente\" width=\"1000\" height=\"378\" srcset=\"https:\/\/www.biancoscuro.it\/site\/wp-content\/uploads\/2016\/05\/2-3.jpg 1000w, https:\/\/www.biancoscuro.it\/site\/wp-content\/uploads\/2016\/05\/2-3-300x113.jpg 300w, https:\/\/www.biancoscuro.it\/site\/wp-content\/uploads\/2016\/05\/2-3-768x290.jpg 768w, https:\/\/www.biancoscuro.it\/site\/wp-content\/uploads\/2016\/05\/2-3-600x227.jpg 600w\" sizes=\"auto, (max-width: 1000px) 100vw, 1000px\" \/>Possiamo datare l\u2019inizio del suo percorso verso il 1985, con la realizzazione delle prime opere \u201c<i>Griglia<\/i>\u201d, vetrini di laboratorio che intrappolano catene di DNA e di RNA in silicone colorato.\u00a0\u00c8 proprio dal rapporto tra scienza, percezione del corpo e arte che nascono i suoi lavori. \u00a0Nei primi anni \u201890 l\u2019esperienza con il gruppo \u201c<b>Arte come evocazione<\/b>\u201d, guidato da <b>Claudio Costa<\/b>, per poi diventare lui stesso uno dei fondatori di <b>Cracking Art<\/b> nel 1993, un movimento che cerca di superare le contraddizioni tra artificiale e naturale. Insieme a lui <b>Omar Ronda, Renzo Nucara, Marco Veronese, Alex Angi, Carlo Rizzetti<\/b>.<\/p>\n<figure id=\"attachment_3963\" aria-describedby=\"caption-attachment-3963\" style=\"width: 1000px\" class=\"wp-caption alignnone\"><img loading=\"lazy\" decoding=\"async\" class=\"size-full wp-image-3963\" src=\"http:\/\/www.biancoscuro.it\/site\/wp-content\/uploads\/2016\/05\/1-3.jpg\" alt=\"Vittorio Valente ed Eugenio Carozzi\" width=\"1000\" height=\"665\" srcset=\"https:\/\/www.biancoscuro.it\/site\/wp-content\/uploads\/2016\/05\/1-3.jpg 1000w, https:\/\/www.biancoscuro.it\/site\/wp-content\/uploads\/2016\/05\/1-3-300x200.jpg 300w, https:\/\/www.biancoscuro.it\/site\/wp-content\/uploads\/2016\/05\/1-3-768x511.jpg 768w, https:\/\/www.biancoscuro.it\/site\/wp-content\/uploads\/2016\/05\/1-3-600x399.jpg 600w\" sizes=\"auto, (max-width: 1000px) 100vw, 1000px\" \/><figcaption id=\"caption-attachment-3963\" class=\"wp-caption-text\">Vittorio Valente ed Eugenio Carozzi &#8211; Globart Gallery &#8211; Acqui Terme<\/figcaption><\/figure>\n<p>La sua firma stilistica \u00e8 <b>il modulo a goccia<\/b>, <b>goccia come cellula<\/b>, unita l\u2019una alle altre in una griglia ordinata a creare una superficie: <b>superficie come Derma<\/b>, radice etimologica greca di \u201cpelle\u201d, diventata chiave della sua Arte.<\/p>\n<p><b>Il suo percorso artistico \u00e8 in continua evoluzione<\/b>, i suoi elementi vengono modificati, abbandonati o rielaborati, come nel caso della serie \u201c<i>Griglia<\/i>\u201d, nome gi\u00e0 conosciuto all\u2019inizio della sua carriera, a collegare momenti artistici che all\u2019apparenza sembrano cos\u00ec diversi, in realt\u00e0 uniti dal pensiero mai mutato dell\u2019Artista, che <b>mostra a tutti noi quello che lui poteva scoprire attraverso il microscopio, in una continua comunicazione all\u2019uomo, di ci\u00f2 che \u00e8 l\u2019uomo<\/b>.<\/p>\n<p>La mostra \u00e8 organizzata presso presso <b>GlobArt Gallery<\/b> di Acqui Terme ed \u00e8 curata da <b>Adolfo Carozzi<\/b>, architetto, ricercatore e studioso dell\u2019<b>Informale Italiano<\/b> (suoi i sette volumi \u00abLe Carte dell\u2019Informale\u00bb), affiancato dal figlio <b>Eugenio<\/b>, ingegnere e amante dell\u2019arte.<\/p>\n<figure id=\"attachment_3962\" aria-describedby=\"caption-attachment-3962\" style=\"width: 640px\" class=\"wp-caption alignnone\"><img loading=\"lazy\" decoding=\"async\" class=\"size-large wp-image-3962\" src=\"http:\/\/www.biancoscuro.it\/site\/wp-content\/uploads\/2016\/05\/3-3-777x1024.jpg\" alt=\"Adolfo Carozzi - Globart Gallery - Acqui Terme\" width=\"640\" height=\"843\" srcset=\"https:\/\/www.biancoscuro.it\/site\/wp-content\/uploads\/2016\/05\/3-3-777x1024.jpg 777w, https:\/\/www.biancoscuro.it\/site\/wp-content\/uploads\/2016\/05\/3-3-228x300.jpg 228w, https:\/\/www.biancoscuro.it\/site\/wp-content\/uploads\/2016\/05\/3-3-768x1012.jpg 768w, https:\/\/www.biancoscuro.it\/site\/wp-content\/uploads\/2016\/05\/3-3-600x791.jpg 600w, https:\/\/www.biancoscuro.it\/site\/wp-content\/uploads\/2016\/05\/3-3-300x395.jpg 300w, https:\/\/www.biancoscuro.it\/site\/wp-content\/uploads\/2016\/05\/3-3.jpg 1000w\" sizes=\"auto, (max-width: 640px) 100vw, 640px\" \/><figcaption id=\"caption-attachment-3962\" class=\"wp-caption-text\">Adolfo Carozzi &#8211; Globart Gallery &#8211; Acqui Terme<\/figcaption><\/figure>\n","protected":false},"excerpt":{"rendered":"<p><span class=\"span-reading-time rt-reading-time\" style=\"display: block;\"><span class=\"rt-label rt-prefix\">\u23f0 lettura <\/span> <span class=\"rt-time\"> 2<\/span> <span class=\"rt-label rt-postfix\">min. <\/p>\n<p><\/span><\/span>Inaugura sabato 11 giugno 2016, presso GlobArt Gallery di Acqui Terme, la mostra dedicata al genovese Vittorio Valente, artista di origini astigiane che utilizza silicone (colorato), per realizzare le sue opere. L\u2019arte di Vittorio Valente si potrebbe infatti definire come \u201cArte del non visibile a occhio nudo\u201d. Possiamo datare l\u2019inizio del suo percorso verso il&hellip;&nbsp;<a href=\"https:\/\/www.biancoscuro.it\/site\/vittorio-valente-mostra-personale-presso-globart-gallery\/\" rel=\"bookmark\">Leggi tutto &raquo;<span class=\"screen-reader-text\">Vittorio Valente Mostra personale presso Globart Gallery<\/span><\/a><\/p>\n","protected":false},"author":909,"featured_media":3964,"comment_status":"closed","ping_status":"closed","sticky":false,"template":"","format":"standard","meta":{"neve_meta_sidebar":"","neve_meta_container":"","neve_meta_enable_content_width":"","neve_meta_content_width":0,"neve_meta_title_alignment":"","neve_meta_author_avatar":"","neve_post_elements_order":"","neve_meta_disable_header":"","neve_meta_disable_footer":"","neve_meta_disable_title":"","advanced_seo_description":"","jetpack_seo_html_title":"","jetpack_seo_noindex":false,"footnotes":""},"categories":[5,26,24],"tags":[668,673,674,669,667,672,670,671,675],"class_list":["post-3961","post","type-post","status-publish","format-standard","has-post-thumbnail","hentry","category-arte","category-eventi","category-mostre","tag-adolfo-carozzi","tag-alex-angi","tag-carlo-rizzetti","tag-eugenio-carozzi","tag-globart-gallery","tag-marco-veronese","tag-omar-ronda","tag-renzo-nucara","tag-vittorio-valente"],"jetpack_featured_media_url":"https:\/\/www.biancoscuro.it\/site\/wp-content\/uploads\/2016\/05\/2-3.jpg","jetpack_sharing_enabled":true,"jetpack-related-posts":[{"id":7045,"url":"https:\/\/www.biancoscuro.it\/site\/vittorio-valente-griglie-bianche-globart-gallery\/","url_meta":{"origin":3961,"position":0},"title":"Vittorio Valente | Griglie Bianche | GlobArt Gallery","author":"Redazione BIANCOSCURO","date":"11 Aprile 2018","format":false,"excerpt":"Dopo quasi due anni torna, alla\u00a0GlobArt Gallery di Acqui Terme, una mostra \u00a0personale dedicata al genovese Vittorio Valente, artista di origini astigiane che utilizza silicone (colorato), per realizzare le sue opere. La mostra arriva due settimane dopo la presentazione, presso\u00a0l\u2019Universit\u00e0 degli studi di Pavia, della monografia a lui dedicata e\u2026","rel":"","context":"In &quot;arte&quot;","block_context":{"text":"arte","link":"https:\/\/www.biancoscuro.it\/site\/category\/arte\/"},"img":{"alt_text":"","src":"https:\/\/i0.wp.com\/www.biancoscuro.it\/site\/wp-content\/uploads\/2018\/04\/30226850_1855476591153806_5593064459357805344_n.jpg?resize=350%2C200&ssl=1","width":350,"height":200,"srcset":"https:\/\/i0.wp.com\/www.biancoscuro.it\/site\/wp-content\/uploads\/2018\/04\/30226850_1855476591153806_5593064459357805344_n.jpg?resize=350%2C200&ssl=1 1x, https:\/\/i0.wp.com\/www.biancoscuro.it\/site\/wp-content\/uploads\/2018\/04\/30226850_1855476591153806_5593064459357805344_n.jpg?resize=525%2C300&ssl=1 1.5x, https:\/\/i0.wp.com\/www.biancoscuro.it\/site\/wp-content\/uploads\/2018\/04\/30226850_1855476591153806_5593064459357805344_n.jpg?resize=700%2C400&ssl=1 2x"},"classes":[]},{"id":6950,"url":"https:\/\/www.biancoscuro.it\/site\/vittorio-valente-presentazione-monografia\/","url_meta":{"origin":3961,"position":1},"title":"Presentazione monografia Vittorio Valente","author":"Redazione BIANCOSCURO","date":"28 Marzo 2018","format":false,"excerpt":"Gioved\u00ec 29 marzo si terr\u00e0 a Pavia alle ore 18.00, presso l'aula Foscolo dell'Universit\u00e0 degli studi di Pavia, la presentazione della monografia dedicata a Vittorio Valente realizzata da GlobArt Gallery in occasione trent'anni di attivit\u00e0. Relatore della serata sar\u00e0 Adolfo Francesco Carozzi curatore del progetto, che ripercorre il cammino dell'artista\u2026","rel":"","context":"In &quot;arte&quot;","block_context":{"text":"arte","link":"https:\/\/www.biancoscuro.it\/site\/category\/arte\/"},"img":{"alt_text":"","src":"https:\/\/i0.wp.com\/www.biancoscuro.it\/site\/wp-content\/uploads\/2018\/03\/Valente400.jpg?resize=350%2C200&ssl=1","width":350,"height":200},"classes":[]},{"id":6209,"url":"https:\/\/www.biancoscuro.it\/site\/717-dieci-globart-gallery\/","url_meta":{"origin":3961,"position":2},"title":"717 dieci | GlobArt Gallery","author":"Redazione BIANCOSCURO","date":"27 Novembre 2017","format":false,"excerpt":"2007-2017 dieci anni di attivit\u00e0 della GlobArt Gallery di Acqui Terme (AL) Mostra evento alla galleria GlobArt di Acqui Terme per festeggiare i 10 anni di attivit\u00e0, l'appuntamento \u00e8 per sabato 2 dicembre 2017 alle ore 18\u00a0con un brindisi di benvenuto a cura di CUVAGE.\u00a0Allestita nei locali della GlobArt Gallery\u2026","rel":"","context":"In &quot;arte&quot;","block_context":{"text":"arte","link":"https:\/\/www.biancoscuro.it\/site\/category\/arte\/"},"img":{"alt_text":"","src":"https:\/\/i0.wp.com\/www.biancoscuro.it\/site\/wp-content\/uploads\/2017\/11\/Dieci-anni-NewsletterLOWW.jpg?resize=350%2C200&ssl=1","width":350,"height":200},"classes":[]},{"id":3977,"url":"https:\/\/www.biancoscuro.it\/site\/dermamutazioni\/","url_meta":{"origin":3961,"position":3},"title":"DERMAMUTAZIONI &#8211; copertura di forme con cellule dalle punte molli","author":"Redazione BIANCOSCURO","date":"27 Maggio 2016","format":false,"excerpt":"Vittorio Valente, indiscusso protagonista dell\u2019arte contemporanea, con al suo\u00a0attivo innumerevoli presenze in mostre e rassegne non solo nazionali, realizzer\u00e0 una performance\u00a0il 29 maggio presso la sede CUVAGE ad Acqui Terme in occasione della manifestazione Cantine Aperte. Valente eseguir\u00e0 in diretta uno dei suoi celebri \u201ccontenitori di corpi\u201d: una confezione magnum\u2026","rel":"","context":"In &quot;arte&quot;","block_context":{"text":"arte","link":"https:\/\/www.biancoscuro.it\/site\/category\/arte\/"},"img":{"alt_text":"","src":"https:\/\/i0.wp.com\/www.biancoscuro.it\/site\/wp-content\/uploads\/2016\/05\/valente1.jpg?resize=350%2C200&ssl=1","width":350,"height":200,"srcset":"https:\/\/i0.wp.com\/www.biancoscuro.it\/site\/wp-content\/uploads\/2016\/05\/valente1.jpg?resize=350%2C200&ssl=1 1x, https:\/\/i0.wp.com\/www.biancoscuro.it\/site\/wp-content\/uploads\/2016\/05\/valente1.jpg?resize=525%2C300&ssl=1 1.5x, https:\/\/i0.wp.com\/www.biancoscuro.it\/site\/wp-content\/uploads\/2016\/05\/valente1.jpg?resize=700%2C400&ssl=1 2x"},"classes":[]},{"id":3714,"url":"https:\/\/www.biancoscuro.it\/site\/arteinplastica\/","url_meta":{"origin":3961,"position":4},"title":"arteinplastica","author":"Redazione BIANCOSCURO","date":"12 Aprile 2016","format":false,"excerpt":"Una mostra all\u2019insegna della contemporaneit\u00e0,\u00a0dal\u00a016 aprile al\u00a007 maggio\u00a02016, presso GlobArt Gallery di Acqui Terme, con protagonista una materia, la plastica. La plastica invade anche il campo dell\u2019arte con proposte che sfruttano le peculiarit\u00e0 proprie della materia stessa: la leggerezza, la trasparenza, la duttilit\u00e0 permettono di realizzare con facilit\u00e0 opere con\u2026","rel":"","context":"In &quot;arte&quot;","block_context":{"text":"arte","link":"https:\/\/www.biancoscuro.it\/site\/category\/arte\/"},"img":{"alt_text":"Marilyn (2015) Lodola-Marco, Tecnica mista su poliuretano espanso, 112x64x7,5 cm.","src":"https:\/\/i0.wp.com\/www.biancoscuro.it\/site\/wp-content\/uploads\/2016\/04\/Marilyn2015Lodola-MarcoTecnica-mista-su-poliuretano-espanso-112x64x75.jpg?resize=350%2C200","width":350,"height":200},"classes":[]},{"id":9714,"url":"https:\/\/www.biancoscuro.it\/site\/mondo-invisibile-personale-di-vittorio-valente\/","url_meta":{"origin":3961,"position":5},"title":"MONDO INVISIBILE | Personale di Vittorio Valente","author":"Redazione BIANCOSCURO","date":"24 Settembre 2019","format":false,"excerpt":"Dal 28 settembre in mostra alla Showcases Gallery una selezione di opere dell\u2019artista genovese (di origini astigiane) che ha iniziato la sua carriera artistica negli anni \u201980, vantando ora numerose apparizioni in gallerie e musei. Valente, che ha sviluppato nel corso degli anni un percorso artistico e creativo estremamente personale\u2026","rel":"","context":"In &quot;arte&quot;","block_context":{"text":"arte","link":"https:\/\/www.biancoscuro.it\/site\/category\/arte\/"},"img":{"alt_text":"","src":"https:\/\/i0.wp.com\/www.biancoscuro.it\/site\/wp-content\/uploads\/2019\/09\/locandina-invitoPRE.jpg?resize=350%2C200&ssl=1","width":350,"height":200,"srcset":"https:\/\/i0.wp.com\/www.biancoscuro.it\/site\/wp-content\/uploads\/2019\/09\/locandina-invitoPRE.jpg?resize=350%2C200&ssl=1 1x, https:\/\/i0.wp.com\/www.biancoscuro.it\/site\/wp-content\/uploads\/2019\/09\/locandina-invitoPRE.jpg?resize=525%2C300&ssl=1 1.5x"},"classes":[]}],"_links":{"self":[{"href":"https:\/\/www.biancoscuro.it\/site\/wp-json\/wp\/v2\/posts\/3961","targetHints":{"allow":["GET"]}}],"collection":[{"href":"https:\/\/www.biancoscuro.it\/site\/wp-json\/wp\/v2\/posts"}],"about":[{"href":"https:\/\/www.biancoscuro.it\/site\/wp-json\/wp\/v2\/types\/post"}],"author":[{"embeddable":true,"href":"https:\/\/www.biancoscuro.it\/site\/wp-json\/wp\/v2\/users\/909"}],"replies":[{"embeddable":true,"href":"https:\/\/www.biancoscuro.it\/site\/wp-json\/wp\/v2\/comments?post=3961"}],"version-history":[{"count":0,"href":"https:\/\/www.biancoscuro.it\/site\/wp-json\/wp\/v2\/posts\/3961\/revisions"}],"wp:featuredmedia":[{"embeddable":true,"href":"https:\/\/www.biancoscuro.it\/site\/wp-json\/wp\/v2\/media\/3964"}],"wp:attachment":[{"href":"https:\/\/www.biancoscuro.it\/site\/wp-json\/wp\/v2\/media?parent=3961"}],"wp:term":[{"taxonomy":"category","embeddable":true,"href":"https:\/\/www.biancoscuro.it\/site\/wp-json\/wp\/v2\/categories?post=3961"},{"taxonomy":"post_tag","embeddable":true,"href":"https:\/\/www.biancoscuro.it\/site\/wp-json\/wp\/v2\/tags?post=3961"}],"curies":[{"name":"wp","href":"https:\/\/api.w.org\/{rel}","templated":true}]}}