{"id":4000,"date":"2016-06-01T07:46:21","date_gmt":"2016-06-01T07:46:21","guid":{"rendered":"http:\/\/www.biancoscuro.it\/site\/?p=4000"},"modified":"2016-06-04T20:56:34","modified_gmt":"2016-06-04T20:56:34","slug":"interno-14-camere-oscure-germano-serafini","status":"publish","type":"post","link":"https:\/\/www.biancoscuro.it\/site\/interno-14-camere-oscure-germano-serafini\/","title":{"rendered":"Interno 14: \u201cCamere Oscure\u201d di Germano Serafini"},"content":{"rendered":"<span class=\"span-reading-time rt-reading-time\" style=\"display: block;\"><span class=\"rt-label rt-prefix\">\u23f0 lettura <\/span> <span class=\"rt-time\"> 2<\/span> <span class=\"rt-label rt-postfix\">min. <br><br><\/span><\/span><p style=\"text-align: center;\"><img loading=\"lazy\" decoding=\"async\" class=\"aligncenter size-full wp-image-4001\" src=\"http:\/\/www.biancoscuro.it\/site\/wp-content\/uploads\/2016\/06\/camere_oscure_serafini-Copia.jpg\" alt=\"camere_oscure_serafini - Copia\" width=\"620\" height=\"620\" srcset=\"https:\/\/www.biancoscuro.it\/site\/wp-content\/uploads\/2016\/06\/camere_oscure_serafini-Copia.jpg 620w, https:\/\/www.biancoscuro.it\/site\/wp-content\/uploads\/2016\/06\/camere_oscure_serafini-Copia-150x150.jpg 150w, https:\/\/www.biancoscuro.it\/site\/wp-content\/uploads\/2016\/06\/camere_oscure_serafini-Copia-300x300.jpg 300w, https:\/\/www.biancoscuro.it\/site\/wp-content\/uploads\/2016\/06\/camere_oscure_serafini-Copia-600x600.jpg 600w\" sizes=\"auto, (max-width: 620px) 100vw, 620px\" \/><\/p>\n<p><strong>Interno 14: \u201cCamere Oscure\u201d di Germano Serafini<br \/>\na cura di Lorenzo Canova<\/strong><\/p>\n<p><strong>7 giugno 2016 ore 18:30 | Interno 14 | Via Carlo Alberto 63 Roma<\/strong><\/p>\n<p>&nbsp;<\/p>\n<p>Il giorno <strong>7 giugno 2016 alle ore 18.30<\/strong> <em>Interno 14_lo spazio dell\u2019AIAC<\/em> \u2013 Associazione Italiana di Architettura e Critica presenta <strong>\u201cCamere Oscure\u201d<\/strong>, un progetto di <strong>Germano Serafini <\/strong>a cura di<strong> Lorenzo Canova<\/strong>, in cui l\u2019artista attraverser\u00e0 una parte del suo lavoro sulla fotografia in bianco e nero con un\u2019installazione ideata appositamente per lo spazio espositivo.<\/p>\n<p>\u201cIl titolo <em>Camere Oscure<\/em> si riferisce infatti, in modo duplice, alle affascinanti sale di Interno 14 che saranno il teatro della mostra e alla vera e propria camera oscura che l\u2019artista allestir\u00e0 in una di esse per stampare le sue fotografie, che Serafini scatta ancora in pellicola, per comporre un viaggio attraverso la propria opera pensato come un vero e proprio evento performativo, un work in progress dove le immagini verranno alla luce come dati affioranti alla coscienza dal profondo.<\/p>\n<p>Il pubblico si trover\u00e0 difronte ai risultati ottenuti cos\u00ec come l\u2019artista li ha prodotti, in un allestimento spontaneo nato dalla necessit\u00e0 del momento e non calcolato come si farebbe in una normale mostra in galleria. La camera oscura rester\u00e0 allestita per offrire la possibilit\u00e0 agli osservatori di vedere l\u2019intimo ambiente di lavoro in cui, nella settimana precedente all\u2019inaugurazione, sono state realizzate le opere.<\/p>\n<p>Le camere di Serafini rappresentano dunque la metafora di una discesa nell\u2019inconscio e nelle sue tenebre per trovare gli archetipi iconici del suo personale dialogo tra memoria e percezione, dove lo sguardo e l\u2019azione dell\u2019artista si fanno strada nell\u2019oscurit\u00e0 per fornirci le coordinate di una possibile ricostruzione del mondo, di una sua forma rinnovata proprio grazie alla fotografia, filo d\u2019Arianna attraverso il labirinto della complessit\u00e0 in cui i paesaggi e gli oggetti del quotidiano vengono non solo fissati dallo scatto, ma in un certo senso trasformati e ricostruiti dalla rigorosa e metamorfica azione dell\u2019artista.<\/p>\n<p>Scrive Serafini: <em>Stampare da s\u00e8 le proprie fotografie conclude il ciclo della fotografia stessa. Tutto nasce dall\u2019osservazione di un esterno, si evolve nell\u2019emozione percepita e raccolta dallo scatto e termina con la stampa dell\u2019immagine nella camera oscura, che vuol dire, in un certo senso, fotografare all\u2019inverso e restituire alla realt\u00e0 quella stessa emozione iniziatica.<\/em>\u201d (<em>Lorenzo Canova<\/em>)<\/p>\n<p><strong>La mostra \u00e8 visitabile dall\u20198 al 26 giugno 2016 su appuntamento: T. +39 338 89 39 661<\/strong><\/p>\n<p><strong>Sponsor tecnico: LABitalia \u2013 ILFORD PHOTO<\/strong><\/p>\n<p>L&#8217;iniziativa non si prefigge finalit\u00e0 commerciali di alcun genere, ma fa parte delle attivit\u00e0 culturali dell&#8217;associazione. L&#8217;evento sar\u00e0 strettamente su invito e prenotazione: mandare una mail a uffstampaaiac@presstletter.com<\/p>\n<p><strong>Interno 14 \u00e8 a Roma in via Carlo Alberto 63.<\/strong><\/p>\n<p><strong>Associazione Italiana di Architettura e Critica<br \/>\n<\/strong><strong>www.architetturaecritica.it<\/strong><\/p>\n<p>&nbsp;<\/p>\n","protected":false},"excerpt":{"rendered":"<p><span class=\"span-reading-time rt-reading-time\" style=\"display: block;\"><span class=\"rt-label rt-prefix\">\u23f0 lettura <\/span> <span class=\"rt-time\"> 2<\/span> <span class=\"rt-label rt-postfix\">min. <\/p>\n<p><\/span><\/span>Interno 14: \u201cCamere Oscure\u201d di Germano Serafini a cura di Lorenzo Canova 7 giugno 2016 ore 18:30 | Interno 14 | Via Carlo Alberto 63 Roma &nbsp; Il giorno 7 giugno 2016 alle ore 18.30 Interno 14_lo spazio dell\u2019AIAC \u2013 Associazione Italiana di Architettura e Critica presenta \u201cCamere Oscure\u201d, un progetto di Germano Serafini a&hellip;&nbsp;<a href=\"https:\/\/www.biancoscuro.it\/site\/interno-14-camere-oscure-germano-serafini\/\" rel=\"bookmark\">Leggi tutto &raquo;<span class=\"screen-reader-text\">Interno 14: \u201cCamere Oscure\u201d di Germano Serafini<\/span><\/a><\/p>\n","protected":false},"author":980,"featured_media":4001,"comment_status":"closed","ping_status":"closed","sticky":false,"template":"","format":"standard","meta":{"neve_meta_sidebar":"","neve_meta_container":"","neve_meta_enable_content_width":"","neve_meta_content_width":0,"neve_meta_title_alignment":"","neve_meta_author_avatar":"","neve_post_elements_order":"","neve_meta_disable_header":"","neve_meta_disable_footer":"","neve_meta_disable_title":"","advanced_seo_description":"","jetpack_seo_html_title":"","jetpack_seo_noindex":false,"footnotes":""},"categories":[5,26,8,24],"tags":[677],"class_list":["post-4000","post","type-post","status-publish","format-standard","has-post-thumbnail","hentry","category-arte","category-eventi","category-fotografia","category-mostre","tag-interno-14-aiac"],"jetpack_featured_media_url":"https:\/\/www.biancoscuro.it\/site\/wp-content\/uploads\/2016\/06\/camere_oscure_serafini-Copia.jpg","jetpack_sharing_enabled":true,"jetpack-related-posts":[{"id":4553,"url":"https:\/\/www.biancoscuro.it\/site\/interno-14-ad-un-tratto-sempre-elio-castellana\/","url_meta":{"origin":4000,"position":0},"title":"Interno 14: \u201cAd un tratto e per sempre\u201d di Elio Castellana","author":"Roberta Melasecca","date":"10 Ottobre 2016","format":false,"excerpt":"Interno 14: \u201cAd un tratto e per sempre\u201d di Elio Castellana con un testo critico di Fabrizio Pizzuto 14 ottobre 2016 ore 18.30 | Interno 14 | Via Carlo Alberto 63 Roma Il giorno 14 ottobre 2016 alle ore 18.30 Interno 14_lo spazio dell\u2019AIAC \u2013 Associazione Italiana di Architettura e\u2026","rel":"","context":"In &quot;arte&quot;","block_context":{"text":"arte","link":"https:\/\/www.biancoscuro.it\/site\/category\/arte\/"},"img":{"alt_text":"","src":"https:\/\/i0.wp.com\/www.biancoscuro.it\/site\/wp-content\/uploads\/2016\/10\/ad-un-tratto-e-per-sempre-web-1.jpg?resize=350%2C200&ssl=1","width":350,"height":200,"srcset":"https:\/\/i0.wp.com\/www.biancoscuro.it\/site\/wp-content\/uploads\/2016\/10\/ad-un-tratto-e-per-sempre-web-1.jpg?resize=350%2C200&ssl=1 1x, https:\/\/i0.wp.com\/www.biancoscuro.it\/site\/wp-content\/uploads\/2016\/10\/ad-un-tratto-e-per-sempre-web-1.jpg?resize=525%2C300&ssl=1 1.5x"},"classes":[]},{"id":4720,"url":"https:\/\/www.biancoscuro.it\/site\/interno-14-stanze-del-tempo-massimo-livadiotti\/","url_meta":{"origin":4000,"position":1},"title":"Interno 14: \u201cStanze del tempo\u201d di Massimo Livadiotti","author":"Roberta Melasecca","date":"29 Novembre 2016","format":false,"excerpt":"Interno 14: \u201cStanze del tempo\u201d di Massimo Livadiotti A cura di Lori Adragna 6 dicembre 2016 ore 18.30 | Interno 14 | Via Carlo Alberto 63 Roma Il giorno 6 dicembre 2016 alle ore 18.30 Interno 14_lo spazio dell\u2019AIAC \u2013 Associazione Italiana di Architettura e Critica presenta \u201cStanze del tempo\u201d\u2026","rel":"","context":"In &quot;arte&quot;","block_context":{"text":"arte","link":"https:\/\/www.biancoscuro.it\/site\/category\/arte\/"},"img":{"alt_text":"img_6444-copia","src":"https:\/\/i0.wp.com\/www.biancoscuro.it\/site\/wp-content\/uploads\/2016\/11\/IMG_6444-Copia.jpeg?resize=350%2C200","width":350,"height":200,"srcset":"https:\/\/i0.wp.com\/www.biancoscuro.it\/site\/wp-content\/uploads\/2016\/11\/IMG_6444-Copia.jpeg?resize=350%2C200 1x, https:\/\/i0.wp.com\/www.biancoscuro.it\/site\/wp-content\/uploads\/2016\/11\/IMG_6444-Copia.jpeg?resize=525%2C300 1.5x"},"classes":[]},{"id":4401,"url":"https:\/\/www.biancoscuro.it\/site\/interno-14-traces-francesca-genna\/","url_meta":{"origin":4000,"position":2},"title":"Interno 14: \u201cTraces\u201d di Francesca Genna","author":"Roberta Melasecca","date":"12 Settembre 2016","format":false,"excerpt":"\u00a0 Interno 14: \u201cTraces\u201d di Francesca Genna a cura di Roberta Melasecca 15 settembre 2016 ore 18.30 | Interno 14 | Via Carlo Alberto 63 Roma Il giorno 15 settembre 2016 alle ore 18.30 Interno 14_lo spazio dell\u2019AIAC \u2013 Associazione Italiana di Architettura e Critica presenta \u201cTraces\u201d di Francesca Genna\u2026","rel":"","context":"In &quot;arte&quot;","block_context":{"text":"arte","link":"https:\/\/www.biancoscuro.it\/site\/category\/arte\/"},"img":{"alt_text":"","src":"https:\/\/i0.wp.com\/www.biancoscuro.it\/site\/wp-content\/uploads\/2016\/09\/traces-Copia.jpg?resize=350%2C200&ssl=1","width":350,"height":200,"srcset":"https:\/\/i0.wp.com\/www.biancoscuro.it\/site\/wp-content\/uploads\/2016\/09\/traces-Copia.jpg?resize=350%2C200&ssl=1 1x, https:\/\/i0.wp.com\/www.biancoscuro.it\/site\/wp-content\/uploads\/2016\/09\/traces-Copia.jpg?resize=525%2C300&ssl=1 1.5x"},"classes":[]},{"id":2689,"url":"https:\/\/www.biancoscuro.it\/site\/interferenze-4-il-pozzo-berardinelli_gatta\/","url_meta":{"origin":4000,"position":3},"title":"INTERFERENZE #4: IL POZZO | Berardinelli_Gatta","author":"Redazione BIANCOSCURO","date":"15 Maggio 2015","format":false,"excerpt":"Con il Patrocinio del Regione Umbria, Provincia di Perugia, Comune di Spoleto, Comune di Perugia INTERFERENZE #4: IL POZZO | Berardinelli_Gatta a cura di Alessia Vergari e Lorenzo Rossi Vernissage domenica 24 maggio ore 18:30 Arriva al suo ultimo appuntamento il progetto \"Interferenze\" con la mostra di Berardinelli_Gatta a cura\u2026","rel":"","context":"In &quot;arte&quot;","block_context":{"text":"arte","link":"https:\/\/www.biancoscuro.it\/site\/category\/arte\/"},"img":{"alt_text":"","src":"https:\/\/i0.wp.com\/www.biancoscuro.it\/site\/wp-content\/uploads\/2015\/05\/il-pozzo.jpg?resize=350%2C200&ssl=1","width":350,"height":200,"srcset":"https:\/\/i0.wp.com\/www.biancoscuro.it\/site\/wp-content\/uploads\/2015\/05\/il-pozzo.jpg?resize=350%2C200&ssl=1 1x, https:\/\/i0.wp.com\/www.biancoscuro.it\/site\/wp-content\/uploads\/2015\/05\/il-pozzo.jpg?resize=525%2C300&ssl=1 1.5x, https:\/\/i0.wp.com\/www.biancoscuro.it\/site\/wp-content\/uploads\/2015\/05\/il-pozzo.jpg?resize=700%2C400&ssl=1 2x, https:\/\/i0.wp.com\/www.biancoscuro.it\/site\/wp-content\/uploads\/2015\/05\/il-pozzo.jpg?resize=1050%2C600&ssl=1 3x, https:\/\/i0.wp.com\/www.biancoscuro.it\/site\/wp-content\/uploads\/2015\/05\/il-pozzo.jpg?resize=1400%2C800&ssl=1 4x"},"classes":[]},{"id":8138,"url":"https:\/\/www.biancoscuro.it\/site\/sergio-sechi-sono-andato-a-letto-presto\/","url_meta":{"origin":4000,"position":4},"title":"Sergio Sechi &#8211; Sono andato a letto presto","author":"Roberta Melasecca","date":"2 Novembre 2018","format":false,"excerpt":"a cura di Maria Arcidiaconocon la collaborazione di Oroincentri 16 novembre 2018 ore 18.00 | maGmaLabSpace | RomaFino al 30 novembre 2018 Il giorno 16 novembre 2018 alle ore 18.00 inaugura presso maGmaLabSpace, la mostra personale Sono andato a letto presto di Sergio Sechi, a cura di Maria Arcidiacono e\u2026","rel":"","context":"In &quot;arte&quot;","block_context":{"text":"arte","link":"https:\/\/www.biancoscuro.it\/site\/category\/arte\/"},"img":{"alt_text":"","src":"https:\/\/i0.wp.com\/www.biancoscuro.it\/site\/wp-content\/uploads\/2018\/11\/Sergio-Sechi-Sono-andato-a-letto-presto.jpg?resize=350%2C200&ssl=1","width":350,"height":200,"srcset":"https:\/\/i0.wp.com\/www.biancoscuro.it\/site\/wp-content\/uploads\/2018\/11\/Sergio-Sechi-Sono-andato-a-letto-presto.jpg?resize=350%2C200&ssl=1 1x, https:\/\/i0.wp.com\/www.biancoscuro.it\/site\/wp-content\/uploads\/2018\/11\/Sergio-Sechi-Sono-andato-a-letto-presto.jpg?resize=525%2C300&ssl=1 1.5x, https:\/\/i0.wp.com\/www.biancoscuro.it\/site\/wp-content\/uploads\/2018\/11\/Sergio-Sechi-Sono-andato-a-letto-presto.jpg?resize=700%2C400&ssl=1 2x, https:\/\/i0.wp.com\/www.biancoscuro.it\/site\/wp-content\/uploads\/2018\/11\/Sergio-Sechi-Sono-andato-a-letto-presto.jpg?resize=1050%2C600&ssl=1 3x"},"classes":[]},{"id":6532,"url":"https:\/\/www.biancoscuro.it\/site\/landscapes-serafino-amato-william-pettit\/","url_meta":{"origin":4000,"position":5},"title":"LANDSCAPES\u00a0di Serafino Amato e William Pettit","author":"Roberta Melasecca","date":"15 Febbraio 2018","format":false,"excerpt":"LANDSCAPES\u00a0di Serafino Amato e William Pettit a cura di Francesca Capriccioli Opening luned\u00ec 19 febbraio 2018 ore 18.30 | Loft Gallery Spazio Mater | Roma La galleria Spazio Mater inaugura luned\u00ec 19 febbraio alle ore 18.30 la mostra Landscapes con le opere di Serafino Amato e William Pettit, a cura\u2026","rel":"","context":"In &quot;arte&quot;","block_context":{"text":"arte","link":"https:\/\/www.biancoscuro.it\/site\/category\/arte\/"},"img":{"alt_text":"","src":"https:\/\/i0.wp.com\/www.biancoscuro.it\/site\/wp-content\/uploads\/2018\/02\/INVITO-LANDSCAPE-web-1-.jpg?resize=350%2C200&ssl=1","width":350,"height":200,"srcset":"https:\/\/i0.wp.com\/www.biancoscuro.it\/site\/wp-content\/uploads\/2018\/02\/INVITO-LANDSCAPE-web-1-.jpg?resize=350%2C200&ssl=1 1x, https:\/\/i0.wp.com\/www.biancoscuro.it\/site\/wp-content\/uploads\/2018\/02\/INVITO-LANDSCAPE-web-1-.jpg?resize=525%2C300&ssl=1 1.5x"},"classes":[]}],"_links":{"self":[{"href":"https:\/\/www.biancoscuro.it\/site\/wp-json\/wp\/v2\/posts\/4000","targetHints":{"allow":["GET"]}}],"collection":[{"href":"https:\/\/www.biancoscuro.it\/site\/wp-json\/wp\/v2\/posts"}],"about":[{"href":"https:\/\/www.biancoscuro.it\/site\/wp-json\/wp\/v2\/types\/post"}],"author":[{"embeddable":true,"href":"https:\/\/www.biancoscuro.it\/site\/wp-json\/wp\/v2\/users\/980"}],"replies":[{"embeddable":true,"href":"https:\/\/www.biancoscuro.it\/site\/wp-json\/wp\/v2\/comments?post=4000"}],"version-history":[{"count":0,"href":"https:\/\/www.biancoscuro.it\/site\/wp-json\/wp\/v2\/posts\/4000\/revisions"}],"wp:featuredmedia":[{"embeddable":true,"href":"https:\/\/www.biancoscuro.it\/site\/wp-json\/wp\/v2\/media\/4001"}],"wp:attachment":[{"href":"https:\/\/www.biancoscuro.it\/site\/wp-json\/wp\/v2\/media?parent=4000"}],"wp:term":[{"taxonomy":"category","embeddable":true,"href":"https:\/\/www.biancoscuro.it\/site\/wp-json\/wp\/v2\/categories?post=4000"},{"taxonomy":"post_tag","embeddable":true,"href":"https:\/\/www.biancoscuro.it\/site\/wp-json\/wp\/v2\/tags?post=4000"}],"curies":[{"name":"wp","href":"https:\/\/api.w.org\/{rel}","templated":true}]}}