{"id":4025,"date":"2016-06-07T20:28:06","date_gmt":"2016-06-07T20:28:06","guid":{"rendered":"http:\/\/www.biancoscuro.it\/site\/?p=4025"},"modified":"2016-06-07T20:28:22","modified_gmt":"2016-06-07T20:28:22","slug":"loop-fair-2016-posto-gli-amanti-video-arte","status":"publish","type":"post","link":"https:\/\/www.biancoscuro.it\/site\/loop-fair-2016-posto-gli-amanti-video-arte\/","title":{"rendered":"LOOP Fair 2016. Il posto per gli amanti di Video Arte"},"content":{"rendered":"<span class=\"span-reading-time rt-reading-time\" style=\"display: block;\"><span class=\"rt-label rt-prefix\">\u23f0 lettura <\/span> <span class=\"rt-time\"> 3<\/span> <span class=\"rt-label rt-postfix\">min. <br><br><\/span><\/span><h3><b>Il mercato si muove verso le immagini in movimento.<\/b><\/h3>\n<p>Si \u00e8 conclusa il 4 giugno la quattordicesima edizione del primo ed unico Festival Internazionale di VideoArte, uno spazio di incontro per l&#8217;industria cinematografica ed il mercato dell&#8217;Arte, il <strong>LOOP<\/strong>. La fiera si \u00e8 tenuta presso l&#8217;Hotel Catalonia Ramblas, una location particolare che propone una esposizione altrettanto curiosa: tutte le camere al piano terra dell&#8217;Hotel sono state impegnate dal 2 al 4 giugno per la presentazione dei 47 progetti selezionati dalla Giuria Internazionale <i>(Isabelle Lema\u00eetre, Jos\u00e9e e Marc Gensollen, Haro Cumbusyan e Renee Drake, presieduta da Jean-Conrad Lema\u00eetre)<\/i>.<\/p>\n<figure id=\"attachment_4028\" aria-describedby=\"caption-attachment-4028\" style=\"width: 600px\" class=\"wp-caption alignnone\"><img loading=\"lazy\" decoding=\"async\" class=\"size-full wp-image-4028\" src=\"http:\/\/www.biancoscuro.it\/site\/wp-content\/uploads\/2016\/06\/Loop2016_Shaun_Gladwell_ANALIX-FOREVER_photo-2-by-Carlos-Collado600.jpg\" alt=\"Loop2016 - Shaun Gladwell \/ ANALIX FOREVER (photo by Carlos Collado)\" width=\"600\" height=\"354\" srcset=\"https:\/\/www.biancoscuro.it\/site\/wp-content\/uploads\/2016\/06\/Loop2016_Shaun_Gladwell_ANALIX-FOREVER_photo-2-by-Carlos-Collado600.jpg 600w, https:\/\/www.biancoscuro.it\/site\/wp-content\/uploads\/2016\/06\/Loop2016_Shaun_Gladwell_ANALIX-FOREVER_photo-2-by-Carlos-Collado600-300x177.jpg 300w\" sizes=\"auto, (max-width: 600px) 100vw, 600px\" \/><figcaption id=\"caption-attachment-4028\" class=\"wp-caption-text\">Loop2016 &#8211; Shaun Gladwell \/ ANALIX FOREVER (photo by Carlos Collado)<\/figcaption><\/figure>\n<p>Sono stati proiettati pi\u00f9 di 15 ore di runtime da 47 film di VideoArte, mettendo in evidenza il crescente uso di questo mezzo da parte di molti Artisti e la sua crescente presenza nei musei, nelle biennali e nelle gallerie d&#8217;arte. La partecipazione di Gallerie provenienti da <strong>Messico<\/strong>, <strong>Porto Rico<\/strong>, <strong>Israele<\/strong>, <strong>Sud Africa<\/strong>, <strong>Cina<\/strong> e <strong>Taiwan<\/strong>, la proiezione di 33 anteprime (13 prime mondiali, 6 prime europee e 14 prime spagnole), e la variet\u00e0 delle nazionalit\u00e0 degli Artisti invitati, che provengono da 25 paesi diversi, hanno reso il <strong>LOOP Fair<\/strong> il luogo in cui si rivelano tutte le ultime novit\u00e0 e le innovazioni, gli ultimi sviluppi creativi, i dibattiti e le nozioni del settore.<\/p>\n<figure id=\"attachment_4027\" aria-describedby=\"caption-attachment-4027\" style=\"width: 600px\" class=\"wp-caption alignnone\"><img loading=\"lazy\" decoding=\"async\" class=\"size-full wp-image-4027\" src=\"http:\/\/www.biancoscuro.it\/site\/wp-content\/uploads\/2016\/06\/Loop2016_Dora-Garc\u00eda_Galer\u00eda-Juana-de-Aizpuru_photo-by-Carlos-Collado600.jpg\" alt=\"Loop2016 - Dora Garcia \/ GALERIA JUANA DE AIZPURU (photo by Carlos Collado)\" width=\"600\" height=\"400\" srcset=\"https:\/\/www.biancoscuro.it\/site\/wp-content\/uploads\/2016\/06\/Loop2016_Dora-Garc\u00eda_Galer\u00eda-Juana-de-Aizpuru_photo-by-Carlos-Collado600.jpg 600w, https:\/\/www.biancoscuro.it\/site\/wp-content\/uploads\/2016\/06\/Loop2016_Dora-Garc\u00eda_Galer\u00eda-Juana-de-Aizpuru_photo-by-Carlos-Collado600-300x200.jpg 300w\" sizes=\"auto, (max-width: 600px) 100vw, 600px\" \/><figcaption id=\"caption-attachment-4027\" class=\"wp-caption-text\">Loop2016 &#8211; Dora Garcia \/ GALERIA JUANA DE AIZPURU (photo by Carlos Collado)<\/figcaption><\/figure>\n<p>Accanto a personaggi come <i>Malcolm Le Grice<\/i> o <i>Tania Mouraud<\/i>, la fiera ha visto la partecipazione di rinomati artisti internazionali come <i>Dora Garc\u00eda, Sigalit Landau<\/i> o <i>Kader Attia<\/i>, oltre a giovani talenti come <i>Basim Magdy, Pilvi Takala, Michael Linares, Paulo Nazareth<\/i> o <i>Shezad Dawood<\/i>.\u00a0 I Giurati hanno sottolineato l&#8217;elevato standard di qualit\u00e0 e la variet\u00e0 delle proiezioni presentate quest&#8217;anno, e secondo il Presidente della commissione, Jean-Conrad Lema\u00eetre, la Fiera ha ormai raggiunto la maturit\u00e0, <strong>il LOOP \u00e8 il luogo per presentare e mostrare artisti e funziona anche per soddisfare la domanda da parte dei collezionisti privati e delle istituzioni<\/strong>. Come sempre, alla fiera hanno partecipato numerosi rappresentanti di istituzioni come il Centre Pompidou (Francia), la Tate (Regno Unito), l&#8217;IFFR International Film Festival Rotterdam (Paesi Bassi), il LUX Artists &#8216;Moving Image (Stati Unito), MUSAC, Museo de Arte Contempor\u00e1neo de Castilla y Le\u00f3n (Spagna), MACBA Museo d&#8217;Arte Contemporanea di Barcellona (Spagna), e tanti altri.<br \/>\nLa Giuria professionale con <strong>Dirk Snauwaert<\/strong> (direttore di WIELS, Bruxelles), <strong>Kathryn Weir<\/strong> (Centre Georges Pompidou) e <strong>Ferran Barenblit<\/strong> (direttore del MACBA), ha annunciato i vincitori del LOOP Fiera Award e dell&#8217;importante premio di acquisizione: \u00c2ngela Ferreira con <i>\u201cAdventures in Mozambique and the Portuguese Tendency To Forget\u201d<\/i>, video del 2016, presentato da <i>Marlborough Contemporary<\/i> di Londra, ha vinto il premio di acquisizione, l&#8217;opera sar\u00e0 dunque inclusa nella LOOP Collection e ceduta al MACBA. Il Premio LOOP 2016 Award \u00e8 stato vinto da Paulo Nazareth con <i>\u201cOl Ori Buruku\u201d<\/i>, video del 2015, presentato da <i>Mendes Wood DM<\/i>, di S\u00e3o Paulo. Il LOOP Festival Grundig Award ha assegnato diversi premi per il supporto per la creazione dei video, per la promozione, la diffusione e la ricerca nel campo della VideoArte. Molte le opere vendute, soprattutto a grandi collezionisti internazionali, ancora una volta, LOOP Fair\u00a0si afferma come un evento da non perdere per professionisti internazionali di video arte.<\/p>\n<figure id=\"attachment_4026\" aria-describedby=\"caption-attachment-4026\" style=\"width: 600px\" class=\"wp-caption alignnone\"><img loading=\"lazy\" decoding=\"async\" class=\"size-full wp-image-4026\" src=\"http:\/\/www.biancoscuro.it\/site\/wp-content\/uploads\/2016\/06\/Loop2016_\u00c2ngela-Ferreira_Malborough-Contemporary_photo-by-Carlos-Collado600.jpg\" alt=\"Loop2016 - \u00c2ngela Ferreira \/ Marlborough Contemporary (photo by Carlos Collado)\" width=\"600\" height=\"400\" srcset=\"https:\/\/www.biancoscuro.it\/site\/wp-content\/uploads\/2016\/06\/Loop2016_\u00c2ngela-Ferreira_Malborough-Contemporary_photo-by-Carlos-Collado600.jpg 600w, https:\/\/www.biancoscuro.it\/site\/wp-content\/uploads\/2016\/06\/Loop2016_\u00c2ngela-Ferreira_Malborough-Contemporary_photo-by-Carlos-Collado600-300x200.jpg 300w\" sizes=\"auto, (max-width: 600px) 100vw, 600px\" \/><figcaption id=\"caption-attachment-4026\" class=\"wp-caption-text\">Loop2016 &#8211; \u00c2ngela Ferreira \/ Marlborough Contemporary (photo by Carlos Collado)<\/figcaption><\/figure>\n<p>&nbsp;<\/p>\n","protected":false},"excerpt":{"rendered":"<p><span class=\"span-reading-time rt-reading-time\" style=\"display: block;\"><span class=\"rt-label rt-prefix\">\u23f0 lettura <\/span> <span class=\"rt-time\"> 3<\/span> <span class=\"rt-label rt-postfix\">min. <\/p>\n<p><\/span><\/span>Il mercato si muove verso le immagini in movimento. Si \u00e8 conclusa il 4 giugno la quattordicesima edizione del primo ed unico Festival Internazionale di VideoArte, uno spazio di incontro per l&#8217;industria cinematografica ed il mercato dell&#8217;Arte, il LOOP. La fiera si \u00e8 tenuta presso l&#8217;Hotel Catalonia Ramblas, una location particolare che propone una esposizione&hellip;&nbsp;<a href=\"https:\/\/www.biancoscuro.it\/site\/loop-fair-2016-posto-gli-amanti-video-arte\/\" rel=\"bookmark\">Leggi tutto &raquo;<span class=\"screen-reader-text\">LOOP Fair 2016. Il posto per gli amanti di Video Arte<\/span><\/a><\/p>\n","protected":false},"author":1,"featured_media":4029,"comment_status":"closed","ping_status":"closed","sticky":false,"template":"","format":"standard","meta":{"neve_meta_sidebar":"","neve_meta_container":"","neve_meta_enable_content_width":"","neve_meta_content_width":0,"neve_meta_title_alignment":"","neve_meta_author_avatar":"","neve_post_elements_order":"","neve_meta_disable_header":"","neve_meta_disable_footer":"","neve_meta_disable_title":"","advanced_seo_description":"","jetpack_seo_html_title":"","jetpack_seo_noindex":false,"footnotes":""},"categories":[5,26,25,27,676,9,680],"tags":[682,689,691,685,690,684,683,688,686,687,681],"class_list":["post-4025","post","type-post","status-publish","format-standard","has-post-thumbnail","hentry","category-arte","category-eventi","category-fiere","category-manifestazione","category-performance","category-video","category-videoarte","tag-centre-pompidou-francia","tag-dirk-snauwaert","tag-ferran-barenblit","tag-il-lux-artists-moving-image-stati-unito","tag-kathryn-weir","tag-liffr-international-film-festival-rotterdam-paesi-bassi","tag-la-tate-regno-unito","tag-macba-museo-darte-contemporanea-di-barcellona-spagna","tag-musac","tag-museo-de-arte-contemporaneo-de-castilla-y-leon-spagna","tag-videoarte"],"jetpack_featured_media_url":"https:\/\/www.biancoscuro.it\/site\/wp-content\/uploads\/2016\/06\/Loop2016_Shaun-Gladwell_ANALIX-FOREVER_photo-by-Carlos-ColladoSITO.jpg","jetpack_sharing_enabled":true,"jetpack-related-posts":[{"id":7488,"url":"https:\/\/www.biancoscuro.it\/site\/civita-cinema-2018-la-videoarte-di-sabbagh-e-terlizzi\/","url_meta":{"origin":4025,"position":0},"title":"Civita Cinema 2018: la videoarte di Sabbagh e Terlizzi","author":"Redazione Eventi","date":"21 Giugno 2018","format":false,"excerpt":"Civita Cinema, a Bagnoregio dal 19 al 24 giugno, trasforma per una settimana il borgo della Tuscia nel set di un festival innovativo - diretto da Vaniel Maestosi e Glauco Almonte - che presenta la capacit\u00e0 del cinema di unire insieme ogni tipo di arte: fotografia, video, immagine, regia, recitazione,\u2026","rel":"","context":"In &quot;arte&quot;","block_context":{"text":"arte","link":"https:\/\/www.biancoscuro.it\/site\/category\/arte\/"},"img":{"alt_text":"sabbagh_anthro-pop-gonia","src":"https:\/\/i0.wp.com\/www.biancoscuro.it\/site\/wp-content\/uploads\/2018\/06\/Civita-Cinema_Sabbagh_anthro-pop-gonia.jpg?resize=350%2C200&ssl=1","width":350,"height":200,"srcset":"https:\/\/i0.wp.com\/www.biancoscuro.it\/site\/wp-content\/uploads\/2018\/06\/Civita-Cinema_Sabbagh_anthro-pop-gonia.jpg?resize=350%2C200&ssl=1 1x, https:\/\/i0.wp.com\/www.biancoscuro.it\/site\/wp-content\/uploads\/2018\/06\/Civita-Cinema_Sabbagh_anthro-pop-gonia.jpg?resize=525%2C300&ssl=1 1.5x, https:\/\/i0.wp.com\/www.biancoscuro.it\/site\/wp-content\/uploads\/2018\/06\/Civita-Cinema_Sabbagh_anthro-pop-gonia.jpg?resize=700%2C400&ssl=1 2x"},"classes":[]},{"id":4032,"url":"https:\/\/www.biancoscuro.it\/site\/biancoscuro-leditoriale-giugno-luglio-2016\/","url_meta":{"origin":4025,"position":1},"title":"BIANCOSCURO, l\u2019editoriale di giugno-luglio 2016","author":"Vincenzo Chetta","date":"1 Giugno 2016","format":false,"excerpt":"Con l\u2019estate alle porte, cerchiamo di toglierci di dosso la paura terroristica che ormai dilaga, e cerchiamo di rifocalizzare la mente sui prossimi impegni artistici che ci vedranno nuovamente in giro per l\u2019Europa. Primo grande appuntamento della stagione estiva \u00e8 il Loop Fair di Barcellona, in Spagna, prima fiera in\u2026","rel":"","context":"In &quot;art magazine&quot;","block_context":{"text":"art magazine","link":"https:\/\/www.biancoscuro.it\/site\/category\/art-magazine\/"},"img":{"alt_text":"","src":"https:\/\/i0.wp.com\/www.biancoscuro.it\/site\/wp-content\/uploads\/2016\/06\/KEV_8221.jpg?resize=350%2C200&ssl=1","width":350,"height":200,"srcset":"https:\/\/i0.wp.com\/www.biancoscuro.it\/site\/wp-content\/uploads\/2016\/06\/KEV_8221.jpg?resize=350%2C200&ssl=1 1x, https:\/\/i0.wp.com\/www.biancoscuro.it\/site\/wp-content\/uploads\/2016\/06\/KEV_8221.jpg?resize=525%2C300&ssl=1 1.5x, https:\/\/i0.wp.com\/www.biancoscuro.it\/site\/wp-content\/uploads\/2016\/06\/KEV_8221.jpg?resize=700%2C400&ssl=1 2x"},"classes":[]},{"id":7105,"url":"https:\/\/www.biancoscuro.it\/site\/canova-prize-2018\/","url_meta":{"origin":4025,"position":2},"title":"CANOVA PRIZE 2018","author":"Roberta Melasecca","date":"16 Aprile 2018","format":false,"excerpt":"CANOVA PRIZE 2018 Premio internazionale dedicato all\u2019arte contemporanea L'edizione 2018 vola oltre oceano, esportando a New York un concept di matrice tutta italiana. L\u2019edizione\u00a02016, nata come Premio Arte Roma,\u00a0ha visto vincitore l\u2019artista albanese Alfred Milot Mirashi, premiato con il titolo di Eccellenza contemporanea tra i 60 artisti provenienti da tutto\u2026","rel":"","context":"In &quot;concorso&quot;","block_context":{"text":"concorso","link":"https:\/\/www.biancoscuro.it\/site\/category\/concorso\/"},"img":{"alt_text":"","src":"https:\/\/i0.wp.com\/www.biancoscuro.it\/site\/wp-content\/uploads\/2018\/04\/immagine_3-1.jpg?resize=350%2C200&ssl=1","width":350,"height":200,"srcset":"https:\/\/i0.wp.com\/www.biancoscuro.it\/site\/wp-content\/uploads\/2018\/04\/immagine_3-1.jpg?resize=350%2C200&ssl=1 1x, https:\/\/i0.wp.com\/www.biancoscuro.it\/site\/wp-content\/uploads\/2018\/04\/immagine_3-1.jpg?resize=525%2C300&ssl=1 1.5x, https:\/\/i0.wp.com\/www.biancoscuro.it\/site\/wp-content\/uploads\/2018\/04\/immagine_3-1.jpg?resize=700%2C400&ssl=1 2x, https:\/\/i0.wp.com\/www.biancoscuro.it\/site\/wp-content\/uploads\/2018\/04\/immagine_3-1.jpg?resize=1050%2C600&ssl=1 3x, https:\/\/i0.wp.com\/www.biancoscuro.it\/site\/wp-content\/uploads\/2018\/04\/immagine_3-1.jpg?resize=1400%2C800&ssl=1 4x"},"classes":[]},{"id":18656,"url":"https:\/\/www.biancoscuro.it\/site\/vulnerare-il-cortometraggio-di-sergio-mario-illuminato-vola-in-concorso-al-new-york-festival-of-cinema\/","url_meta":{"origin":4025,"position":3},"title":"Vulnerare &#8211; Sergio Mario Illuminato","author":"Roberta Melasecca","date":"7 Luglio 2025","format":false,"excerpt":"Da un carcere abbandonato a New York: la rinascita diventa cinemaVULNERARE approda al Festival of Cinema NYC - Il cortometraggio di Sergio Mario Illuminato trasforma due secoli di dolore in arte New York, 1-10 Agosto 2025Sei mesi dentro un carcere abbandonato. Celle vuote da trent'anni, muri scrostati, silenzio pesante. Un\u2026","rel":"","context":"In &quot;arte&quot;","block_context":{"text":"arte","link":"https:\/\/www.biancoscuro.it\/site\/category\/arte\/"},"img":{"alt_text":"","src":"https:\/\/i0.wp.com\/www.biancoscuro.it\/site\/wp-content\/uploads\/2025\/07\/3.-poster-960px-L-x-380px-H-e1755594809263.png?resize=350%2C200&ssl=1","width":350,"height":200,"srcset":"https:\/\/i0.wp.com\/www.biancoscuro.it\/site\/wp-content\/uploads\/2025\/07\/3.-poster-960px-L-x-380px-H-e1755594809263.png?resize=350%2C200&ssl=1 1x, https:\/\/i0.wp.com\/www.biancoscuro.it\/site\/wp-content\/uploads\/2025\/07\/3.-poster-960px-L-x-380px-H-e1755594809263.png?resize=525%2C300&ssl=1 1.5x"},"classes":[]},{"id":14826,"url":"https:\/\/www.biancoscuro.it\/site\/mostra-dei-finalisti-e-premiazione-artkeys-prize-2022\/","url_meta":{"origin":4025,"position":4},"title":"Mostra dei Finalisti e Premiazione Artkeys Prize 2022","author":"Roberta Melasecca","date":"10 Novembre 2022","format":false,"excerpt":"Il giorno 19 novembre 2022 alle ore 18.00 inaugura, presso gli spazi di Next - Nuova Esposizione Ex Tabacchificio di Capaccio Paestum, la Mostra dei 69 Finalisti della quarta edizione di Artkeys Prize-Festival di arte contemporanea, selezionati tra le diverse categorie di fotografia, pittura, scultura, videoarte e performance dalla Giuria\u2026","rel":"","context":"In &quot;fotografia&quot;","block_context":{"text":"fotografia","link":"https:\/\/www.biancoscuro.it\/site\/category\/fotografia\/"},"img":{"alt_text":"","src":"https:\/\/i0.wp.com\/www.biancoscuro.it\/site\/wp-content\/uploads\/2022\/11\/Invito-Artkeys-Prize-2022-copia-e1668172337391.jpeg?resize=350%2C200&ssl=1","width":350,"height":200},"classes":[]},{"id":3323,"url":"https:\/\/www.biancoscuro.it\/site\/mustafa-sabbagh-ferrara-due-musei-un-artista\/","url_meta":{"origin":4025,"position":5},"title":"Mustafa Sabbagh a Ferrara: due Musei, un Artista","author":"Redazione Eventi","date":"31 Ottobre 2015","format":false,"excerpt":"Ferrara \u00e8 sempre pi\u00f9 attiva nel creare un sistema museale e cittadino integrato attorno alle grandi mostre del Palazzo dei Diamanti. In occasione di \u201cDe Chirico a Ferrara. Metafisica e Avanguardie\u201d, prossima magistrale esposizione a Palazzo, l\u2019intero apparato culturale urbano si \u00e8 mobilitato per celebrare la Metafisica nella citt\u00e0 che\u2026","rel":"","context":"In &quot;arte&quot;","block_context":{"text":"arte","link":"https:\/\/www.biancoscuro.it\/site\/category\/arte\/"},"img":{"alt_text":"","src":"https:\/\/i0.wp.com\/www.biancoscuro.it\/site\/wp-content\/uploads\/2015\/10\/mustafa_sabbagh_ens_rationis_800px.jpg?resize=350%2C200&ssl=1","width":350,"height":200,"srcset":"https:\/\/i0.wp.com\/www.biancoscuro.it\/site\/wp-content\/uploads\/2015\/10\/mustafa_sabbagh_ens_rationis_800px.jpg?resize=350%2C200&ssl=1 1x, https:\/\/i0.wp.com\/www.biancoscuro.it\/site\/wp-content\/uploads\/2015\/10\/mustafa_sabbagh_ens_rationis_800px.jpg?resize=525%2C300&ssl=1 1.5x, https:\/\/i0.wp.com\/www.biancoscuro.it\/site\/wp-content\/uploads\/2015\/10\/mustafa_sabbagh_ens_rationis_800px.jpg?resize=700%2C400&ssl=1 2x"},"classes":[]}],"_links":{"self":[{"href":"https:\/\/www.biancoscuro.it\/site\/wp-json\/wp\/v2\/posts\/4025","targetHints":{"allow":["GET"]}}],"collection":[{"href":"https:\/\/www.biancoscuro.it\/site\/wp-json\/wp\/v2\/posts"}],"about":[{"href":"https:\/\/www.biancoscuro.it\/site\/wp-json\/wp\/v2\/types\/post"}],"author":[{"embeddable":true,"href":"https:\/\/www.biancoscuro.it\/site\/wp-json\/wp\/v2\/users\/1"}],"replies":[{"embeddable":true,"href":"https:\/\/www.biancoscuro.it\/site\/wp-json\/wp\/v2\/comments?post=4025"}],"version-history":[{"count":0,"href":"https:\/\/www.biancoscuro.it\/site\/wp-json\/wp\/v2\/posts\/4025\/revisions"}],"wp:featuredmedia":[{"embeddable":true,"href":"https:\/\/www.biancoscuro.it\/site\/wp-json\/wp\/v2\/media\/4029"}],"wp:attachment":[{"href":"https:\/\/www.biancoscuro.it\/site\/wp-json\/wp\/v2\/media?parent=4025"}],"wp:term":[{"taxonomy":"category","embeddable":true,"href":"https:\/\/www.biancoscuro.it\/site\/wp-json\/wp\/v2\/categories?post=4025"},{"taxonomy":"post_tag","embeddable":true,"href":"https:\/\/www.biancoscuro.it\/site\/wp-json\/wp\/v2\/tags?post=4025"}],"curies":[{"name":"wp","href":"https:\/\/api.w.org\/{rel}","templated":true}]}}